{"id":1047,"date":"2013-09-28T22:35:12","date_gmt":"2013-09-29T01:35:12","guid":{"rendered":"https:\/\/www.blogsoestado.com\/joaquimhaickel\/?p=1047"},"modified":"2013-09-28T22:35:12","modified_gmt":"2013-09-29T01:35:12","slug":"padre-nosso-pra-vigario","status":"publish","type":"post","link":"https:\/\/www.blogsoestado.com\/joaquimhaickel\/2013\/09\/28\/padre-nosso-pra-vigario\/","title":{"rendered":"Padre Nosso pra Vig\u00e1rio"},"content":{"rendered":"<p>Aproxima-se o prazo limite para a filia\u00e7\u00e3o partid\u00e1ria daqueles que desejarem ser candidatos a um cargo eletivo no pleito de 2014. A data \u00e9 5 de outubro, um ano antes da elei\u00e7\u00e3o.<\/p>\n<p>Os cidad\u00e3os brasileiros eleger\u00e3o ano que vem seus representantes \u00e0 Presid\u00eancia de Rep\u00fablica e aos governos de estados e distrito federal, al\u00e9m de deputados estaduais, federais e um senador em cada unidade da federa\u00e7\u00e3o.<\/p>\n<p>Uma grande rearruma\u00e7\u00e3o vem acontecendo nos bastidores partid\u00e1rios j\u00e1 faz algum tempo, fato que configura o primeiro passo para quem deseja se eleger, ou para quem pelo menos deseja competir tendo alguma chance de sucesso.<\/p>\n<p>A l\u00f3gica partid\u00e1ria para uma elei\u00e7\u00e3o majorit\u00e1ria \u00e9 diferente daquela que deve seguir quem almeja um posto proporcional. Explico: quem quiser ser candidato a presidente, governador ou senador, deve buscar um partido grande, forte, bem estruturado, com diret\u00f3rios no maior n\u00famero poss\u00edvel de munic\u00edpios, com bastante tempo de propaganda no r\u00e1dio e na televis\u00e3o, com uma boa cota do fundo partid\u00e1rio, fatores que ajudam na elei\u00e7\u00e3o.<\/p>\n<p>J\u00e1 quem concorre a um cargo proporcional, ou seja, para deputado federal ou estadual, deve procurar um partido que o acolha e lhe proporcione a possibilidade de concorrer com uma m\u00ednima chance de se eleger. Quem tiver a garantia de uma vota\u00e7\u00e3o expressiva deve escolher as legendas mais fortes, pois em qualquer hip\u00f3tese sua elei\u00e7\u00e3o \u00e9 mais vi\u00e1vel. Quem tiver uma razo\u00e1vel musculatura eleitoral pode optar tamb\u00e9m por entrar nos grandes partidos que ainda assim ter\u00e1 boas chances de se eleger ou ficar em uma supl\u00eancia que possibilite sua ascens\u00e3o. Os candidatos de pouco coturno eleitoral devem se agrupar nos pequenos partidos para que juntos possam fazer o maior n\u00famero de legendas, o que possibilitar\u00e1 eleger os mais votados de suas agremia\u00e7\u00f5es ou das poss\u00edveis coliga\u00e7\u00f5es que esses partidos possam vir a fazer. Candidatos de grande poder eleitoral buscam pequenos partidos no intuito de vencer fazendo menos for\u00e7a. Os pequenos s\u00e3o pequenos, mas n\u00e3o s\u00e3o burros. No m\u00e1ximo um ou dois fortes candidatos s\u00e3o aceit\u00e1veis nos pequenos partidos para que estes tenham o sucesso que pretendem.<\/p>\n<p>Dizer tudo isso \u00e9 chover no molhado para quem \u00e9 do ramo, mas o digo hoje para algumas pessoas que onde me encontram pedem que eu explique como funciona uma elei\u00e7\u00e3o, principalmente a proporcional que ainda causa muitas d\u00favidas n\u00e3o s\u00f3 nos eleitores, mas tamb\u00e9m em candidatos de pouca experi\u00eancia.<\/p>\n<p>No caso do Maranh\u00e3o as candidaturas majorit\u00e1rias postas s\u00e3o as de Luis Fernando e Flavio Dino, havendo a possibilidade de um terceiro nome concorrer ao governo do estado: Eliziane Gama.<\/p>\n<p>Aqui aparece a primeira grande quest\u00e3o do pleito do ano que vem: quem ser\u00e1 mais beneficiado com uma terceira candidatura ao governo do estado? Acredito que ser\u00e1 a pr\u00f3pria Eliziane, que certamente se far\u00e1 mais conhecida e estar\u00e1 se credenciando para concorrer \u00e0 prefeitura da capital, a uma vaga de senadora ou mesmo ao governo nas elei\u00e7\u00f5es subsequentes para estes cargos. Al\u00e9m dela quem mais se beneficiaria? O governo ou a oposi\u00e7\u00e3o?<\/p>\n<p>A exist\u00eancia de tr\u00eas candidatos efetivos ao governo certamente empurrar\u00e1 a elei\u00e7\u00e3o para o segundo turno. Quem se beneficiaria com isso? Responda quem souber ou quem puder. Confesso que n\u00e3o sei a resposta para essa quest\u00e3o.<\/p>\n<p>Quanto ao Senado, se a governadora Roseana for candidata, n\u00e3o haver\u00e1 concorr\u00eancia relevante. Se ela n\u00e3o for, a disputa entre o candidato da oposi\u00e7\u00e3o, Roberto Rocha, e o do governo, Gast\u00e3o Vieira, ser\u00e1 equilibrada, sem previs\u00e3o de vencedor.<\/p>\n<p>H\u00e1 aqui outra quest\u00e3o que deve ser analisada com muito cuidado. Roseana ajuda mais seu candidato ao governo disputando o Senado ao seu lado, correndo o estado pedindo votos ou no controle da administra\u00e7\u00e3o at\u00e9 o \u00faltimo dia de seu mandato? Eis aqui outra quest\u00e3o que n\u00e3o sei responder. Diga quem souber!<\/p>\n<p>Inclusive, h\u00e1 nesse caso desdobramentos perigosos. Em caso de Roseana ser candidata ao governo quem deve suced\u00ea-la? O vice-governador ou um governador eleito indiretamente na Assembleia? Em sendo a segunda op\u00e7\u00e3o, quem seria o escolhido? O pr\u00f3prio presidente do Poder Legislativo ou outra pessoa?<\/p>\n<p>S\u00e3o muitas perguntas dif\u00edceis a serem respondidas, por isso me obrigo a ficar comentando sobre a disputa eleitoral no que diz respeito \u00e0s coliga\u00e7\u00f5es proporcionais, onde me sinto mais confort\u00e1vel para opinar.<\/p>\n<p>Ressalto que mesmo fazendo meros progn\u00f3sticos, um ano antes do pleito, tenho muito mais seguran\u00e7a no resultado deles que na conjectura do que pode acontecer no pleito majorit\u00e1rio.<\/p>\n<p>Acredito que a futura composi\u00e7\u00e3o da Assembleia Legislativa contar\u00e1 com 11 deputados eleitos pelos partidos do grupo conhecido como Chap\u00e3o e outros 15 deputados eleitos pelos pequenos partidos ligados ao governo, acomodados em varias coliga\u00e7\u00f5es ou em voos solos. As outras 16 vagas dever\u00e3o ser preenchidas por deputados de partidos de oposi\u00e7\u00e3o agrupados em duas ou tr\u00eas coliga\u00e7\u00f5es. O resultado seria 26 x 16.<\/p>\n<p>No caso da C\u00e2mara Federal o desenho ser\u00e1 parecido com o do \u00faltimo pleito, sendo que a oposi\u00e7\u00e3o dever\u00e1 fazer um deputado a mais desta vez, ficando o placar em 11 x 7.<\/p>\n<p>Antecipar os acontecimentos pode n\u00e3o ajudar muito, mas enquanto se pratica esse passatempo somos obrigados a analisar com mais cuidado o que acontece hoje, o que nos faz entender as circunstancias e consequ\u00eancias dos fatos e algumas vezes nos permite corrigir rumos e repensar formas de atingirmos os nossos objetivos.<\/p>\n<p>&nbsp;<\/p>\n<p>PS: O texto acima n\u00e3o visa ensinar ningu\u00e9m o seu of\u00edcio, visa apenas registrar um ano antes do fato acontecer, uma previs\u00e3o bastante plaus\u00edvel sobre seus resultados, al\u00e9m de tamb\u00e9m registrar as d\u00favidas que nos perseguem e que caso n\u00e3o sejam dirimidas a contento podem acabar por nos prejudicar eleitoralmente.<\/p>\n<p>&nbsp;<\/p>\n<p>&nbsp;<\/p>\n","protected":false},"excerpt":{"rendered":"<p>Aproxima-se o prazo limite para a filia\u00e7\u00e3o partid\u00e1ria daqueles que desejarem ser candidatos a um cargo eletivo no pleito de [&hellip;]<\/p>\n","protected":false},"author":7,"featured_media":0,"comment_status":"open","ping_status":"open","sticky":false,"template":"","format":"standard","meta":{"site-sidebar-layout":"default","site-content-layout":"","ast-site-content-layout":"default","site-content-style":"default","site-sidebar-style":"default","ast-global-header-display":"","ast-banner-title-visibility":"","ast-main-header-display":"","ast-hfb-above-header-display":"","ast-hfb-below-header-display":"","ast-hfb-mobile-header-display":"","site-post-title":"","ast-breadcrumbs-content":"","ast-featured-img":"","footer-sml-layout":"","ast-disable-related-posts":"","theme-transparent-header-meta":"","adv-header-id-meta":"","stick-header-meta":"","header-above-stick-meta":"","header-main-stick-meta":"","header-below-stick-meta":"","astra-migrate-meta-layouts":"default","ast-page-background-enabled":"default","ast-page-background-meta":{"desktop":{"background-color":"var(--ast-global-color-5)","background-image":"","background-repeat":"repeat","background-position":"center center","background-size":"auto","background-attachment":"scroll","background-type":"","background-media":"","overlay-type":"","overlay-color":"","overlay-opacity":"","overlay-gradient":""},"tablet":{"background-color":"","background-image":"","background-repeat":"repeat","background-position":"center center","background-size":"auto","background-attachment":"scroll","background-type":"","background-media":"","overlay-type":"","overlay-color":"","overlay-opacity":"","overlay-gradient":""},"mobile":{"background-color":"","background-image":"","background-repeat":"repeat","background-position":"center center","background-size":"auto","background-attachment":"scroll","background-type":"","background-media":"","overlay-type":"","overlay-color":"","overlay-opacity":"","overlay-gradient":""}},"ast-content-background-meta":{"desktop":{"background-color":"var(--ast-global-color-4)","background-image":"","background-repeat":"repeat","background-position":"center center","background-size":"auto","background-attachment":"scroll","background-type":"","background-media":"","overlay-type":"","overlay-color":"","overlay-opacity":"","overlay-gradient":""},"tablet":{"background-color":"var(--ast-global-color-4)","background-image":"","background-repeat":"repeat","background-position":"center center","background-size":"auto","background-attachment":"scroll","background-type":"","background-media":"","overlay-type":"","overlay-color":"","overlay-opacity":"","overlay-gradient":""},"mobile":{"background-color":"var(--ast-global-color-4)","background-image":"","background-repeat":"repeat","background-position":"center center","background-size":"auto","background-attachment":"scroll","background-type":"","background-media":"","overlay-type":"","overlay-color":"","overlay-opacity":"","overlay-gradient":""}},"footnotes":""},"categories":[1],"tags":[],"class_list":["post-1047","post","type-post","status-publish","format-standard","hentry","category-sem-categoria"],"yoast_head":"<!-- This site is optimized with the Yoast SEO plugin v26.6 - https:\/\/yoast.com\/wordpress\/plugins\/seo\/ -->\n<title>Padre Nosso pra Vig\u00e1rio - Joaquim Haickel<\/title>\n<meta name=\"robots\" content=\"index, follow, max-snippet:-1, max-image-preview:large, max-video-preview:-1\" \/>\n<link rel=\"canonical\" href=\"https:\/\/www.blogsoestado.com\/joaquimhaickel\/2013\/09\/28\/padre-nosso-pra-vigario\/\" \/>\n<meta property=\"og:locale\" content=\"pt_BR\" \/>\n<meta property=\"og:type\" content=\"article\" \/>\n<meta property=\"og:title\" content=\"Padre Nosso pra Vig\u00e1rio - Joaquim Haickel\" \/>\n<meta property=\"og:description\" content=\"Aproxima-se o prazo limite para a filia\u00e7\u00e3o partid\u00e1ria daqueles que desejarem ser candidatos a um cargo eletivo no pleito de [&hellip;]\" \/>\n<meta property=\"og:url\" content=\"https:\/\/www.blogsoestado.com\/joaquimhaickel\/2013\/09\/28\/padre-nosso-pra-vigario\/\" \/>\n<meta property=\"og:site_name\" content=\"Joaquim Haickel\" \/>\n<meta property=\"article:published_time\" content=\"2013-09-29T01:35:12+00:00\" \/>\n<meta name=\"author\" content=\"Joaquim Haickel\" \/>\n<meta name=\"twitter:card\" content=\"summary_large_image\" \/>\n<meta name=\"twitter:label1\" content=\"Escrito por\" \/>\n\t<meta name=\"twitter:data1\" content=\"Joaquim Haickel\" \/>\n\t<meta name=\"twitter:label2\" content=\"Est. tempo de leitura\" \/>\n\t<meta name=\"twitter:data2\" content=\"5 minutos\" \/>\n<script type=\"application\/ld+json\" class=\"yoast-schema-graph\">{\"@context\":\"https:\/\/schema.org\",\"@graph\":[{\"@type\":\"WebPage\",\"@id\":\"https:\/\/www.blogsoestado.com\/joaquimhaickel\/2013\/09\/28\/padre-nosso-pra-vigario\/\",\"url\":\"https:\/\/www.blogsoestado.com\/joaquimhaickel\/2013\/09\/28\/padre-nosso-pra-vigario\/\",\"name\":\"Padre Nosso pra Vig\u00e1rio - Joaquim Haickel\",\"isPartOf\":{\"@id\":\"https:\/\/www.blogsoestado.com\/joaquimhaickel\/#website\"},\"datePublished\":\"2013-09-29T01:35:12+00:00\",\"author\":{\"@id\":\"https:\/\/www.blogsoestado.com\/joaquimhaickel\/#\/schema\/person\/4a711644aff28245c6c2c3452d66d325\"},\"breadcrumb\":{\"@id\":\"https:\/\/www.blogsoestado.com\/joaquimhaickel\/2013\/09\/28\/padre-nosso-pra-vigario\/#breadcrumb\"},\"inLanguage\":\"pt-BR\",\"potentialAction\":[{\"@type\":\"ReadAction\",\"target\":[\"https:\/\/www.blogsoestado.com\/joaquimhaickel\/2013\/09\/28\/padre-nosso-pra-vigario\/\"]}]},{\"@type\":\"BreadcrumbList\",\"@id\":\"https:\/\/www.blogsoestado.com\/joaquimhaickel\/2013\/09\/28\/padre-nosso-pra-vigario\/#breadcrumb\",\"itemListElement\":[{\"@type\":\"ListItem\",\"position\":1,\"name\":\"In\u00edcio\",\"item\":\"https:\/\/www.blogsoestado.com\/joaquimhaickel\/\"},{\"@type\":\"ListItem\",\"position\":2,\"name\":\"Padre Nosso pra Vig\u00e1rio\"}]},{\"@type\":\"WebSite\",\"@id\":\"https:\/\/www.blogsoestado.com\/joaquimhaickel\/#website\",\"url\":\"https:\/\/www.blogsoestado.com\/joaquimhaickel\/\",\"name\":\"Joaquim Haickel\",\"description\":\"\",\"potentialAction\":[{\"@type\":\"SearchAction\",\"target\":{\"@type\":\"EntryPoint\",\"urlTemplate\":\"https:\/\/www.blogsoestado.com\/joaquimhaickel\/?s={search_term_string}\"},\"query-input\":{\"@type\":\"PropertyValueSpecification\",\"valueRequired\":true,\"valueName\":\"search_term_string\"}}],\"inLanguage\":\"pt-BR\"},{\"@type\":\"Person\",\"@id\":\"https:\/\/www.blogsoestado.com\/joaquimhaickel\/#\/schema\/person\/4a711644aff28245c6c2c3452d66d325\",\"name\":\"Joaquim Haickel\",\"image\":{\"@type\":\"ImageObject\",\"inLanguage\":\"pt-BR\",\"@id\":\"https:\/\/www.blogsoestado.com\/joaquimhaickel\/#\/schema\/person\/image\/\",\"url\":\"https:\/\/secure.gravatar.com\/avatar\/473d89339b9f8ec089adb8d5778363eb5a2ba2319956bcf0298bfd8cca04684a?s=96&d=mm&r=g\",\"contentUrl\":\"https:\/\/secure.gravatar.com\/avatar\/473d89339b9f8ec089adb8d5778363eb5a2ba2319956bcf0298bfd8cca04684a?s=96&d=mm&r=g\",\"caption\":\"Joaquim Haickel\"},\"url\":\"https:\/\/www.blogsoestado.com\/joaquimhaickel\/author\/joaquimhaickel\/\"}]}<\/script>\n<!-- \/ Yoast SEO plugin. -->","yoast_head_json":{"title":"Padre Nosso pra Vig\u00e1rio - Joaquim Haickel","robots":{"index":"index","follow":"follow","max-snippet":"max-snippet:-1","max-image-preview":"max-image-preview:large","max-video-preview":"max-video-preview:-1"},"canonical":"https:\/\/www.blogsoestado.com\/joaquimhaickel\/2013\/09\/28\/padre-nosso-pra-vigario\/","og_locale":"pt_BR","og_type":"article","og_title":"Padre Nosso pra Vig\u00e1rio - Joaquim Haickel","og_description":"Aproxima-se o prazo limite para a filia\u00e7\u00e3o partid\u00e1ria daqueles que desejarem ser candidatos a um cargo eletivo no pleito de [&hellip;]","og_url":"https:\/\/www.blogsoestado.com\/joaquimhaickel\/2013\/09\/28\/padre-nosso-pra-vigario\/","og_site_name":"Joaquim Haickel","article_published_time":"2013-09-29T01:35:12+00:00","author":"Joaquim Haickel","twitter_card":"summary_large_image","twitter_misc":{"Escrito por":"Joaquim Haickel","Est. tempo de leitura":"5 minutos"},"schema":{"@context":"https:\/\/schema.org","@graph":[{"@type":"WebPage","@id":"https:\/\/www.blogsoestado.com\/joaquimhaickel\/2013\/09\/28\/padre-nosso-pra-vigario\/","url":"https:\/\/www.blogsoestado.com\/joaquimhaickel\/2013\/09\/28\/padre-nosso-pra-vigario\/","name":"Padre Nosso pra Vig\u00e1rio - Joaquim Haickel","isPartOf":{"@id":"https:\/\/www.blogsoestado.com\/joaquimhaickel\/#website"},"datePublished":"2013-09-29T01:35:12+00:00","author":{"@id":"https:\/\/www.blogsoestado.com\/joaquimhaickel\/#\/schema\/person\/4a711644aff28245c6c2c3452d66d325"},"breadcrumb":{"@id":"https:\/\/www.blogsoestado.com\/joaquimhaickel\/2013\/09\/28\/padre-nosso-pra-vigario\/#breadcrumb"},"inLanguage":"pt-BR","potentialAction":[{"@type":"ReadAction","target":["https:\/\/www.blogsoestado.com\/joaquimhaickel\/2013\/09\/28\/padre-nosso-pra-vigario\/"]}]},{"@type":"BreadcrumbList","@id":"https:\/\/www.blogsoestado.com\/joaquimhaickel\/2013\/09\/28\/padre-nosso-pra-vigario\/#breadcrumb","itemListElement":[{"@type":"ListItem","position":1,"name":"In\u00edcio","item":"https:\/\/www.blogsoestado.com\/joaquimhaickel\/"},{"@type":"ListItem","position":2,"name":"Padre Nosso pra Vig\u00e1rio"}]},{"@type":"WebSite","@id":"https:\/\/www.blogsoestado.com\/joaquimhaickel\/#website","url":"https:\/\/www.blogsoestado.com\/joaquimhaickel\/","name":"Joaquim Haickel","description":"","potentialAction":[{"@type":"SearchAction","target":{"@type":"EntryPoint","urlTemplate":"https:\/\/www.blogsoestado.com\/joaquimhaickel\/?s={search_term_string}"},"query-input":{"@type":"PropertyValueSpecification","valueRequired":true,"valueName":"search_term_string"}}],"inLanguage":"pt-BR"},{"@type":"Person","@id":"https:\/\/www.blogsoestado.com\/joaquimhaickel\/#\/schema\/person\/4a711644aff28245c6c2c3452d66d325","name":"Joaquim Haickel","image":{"@type":"ImageObject","inLanguage":"pt-BR","@id":"https:\/\/www.blogsoestado.com\/joaquimhaickel\/#\/schema\/person\/image\/","url":"https:\/\/secure.gravatar.com\/avatar\/473d89339b9f8ec089adb8d5778363eb5a2ba2319956bcf0298bfd8cca04684a?s=96&d=mm&r=g","contentUrl":"https:\/\/secure.gravatar.com\/avatar\/473d89339b9f8ec089adb8d5778363eb5a2ba2319956bcf0298bfd8cca04684a?s=96&d=mm&r=g","caption":"Joaquim Haickel"},"url":"https:\/\/www.blogsoestado.com\/joaquimhaickel\/author\/joaquimhaickel\/"}]}},"jetpack_featured_media_url":"","_links":{"self":[{"href":"https:\/\/www.blogsoestado.com\/joaquimhaickel\/wp-json\/wp\/v2\/posts\/1047","targetHints":{"allow":["GET"]}}],"collection":[{"href":"https:\/\/www.blogsoestado.com\/joaquimhaickel\/wp-json\/wp\/v2\/posts"}],"about":[{"href":"https:\/\/www.blogsoestado.com\/joaquimhaickel\/wp-json\/wp\/v2\/types\/post"}],"author":[{"embeddable":true,"href":"https:\/\/www.blogsoestado.com\/joaquimhaickel\/wp-json\/wp\/v2\/users\/7"}],"replies":[{"embeddable":true,"href":"https:\/\/www.blogsoestado.com\/joaquimhaickel\/wp-json\/wp\/v2\/comments?post=1047"}],"version-history":[{"count":0,"href":"https:\/\/www.blogsoestado.com\/joaquimhaickel\/wp-json\/wp\/v2\/posts\/1047\/revisions"}],"wp:attachment":[{"href":"https:\/\/www.blogsoestado.com\/joaquimhaickel\/wp-json\/wp\/v2\/media?parent=1047"}],"wp:term":[{"taxonomy":"category","embeddable":true,"href":"https:\/\/www.blogsoestado.com\/joaquimhaickel\/wp-json\/wp\/v2\/categories?post=1047"},{"taxonomy":"post_tag","embeddable":true,"href":"https:\/\/www.blogsoestado.com\/joaquimhaickel\/wp-json\/wp\/v2\/tags?post=1047"}],"curies":[{"name":"wp","href":"https:\/\/api.w.org\/{rel}","templated":true}]}}