{"id":1058,"date":"2013-11-24T01:53:15","date_gmt":"2013-11-24T04:53:15","guid":{"rendered":"https:\/\/www.blogsoestado.com\/joaquimhaickel\/?p=1058"},"modified":"2013-11-24T01:53:15","modified_gmt":"2013-11-24T04:53:15","slug":"uma-visao-sobre-a-verdade-na-politica","status":"publish","type":"post","link":"https:\/\/www.blogsoestado.com\/joaquimhaickel\/2013\/11\/24\/uma-visao-sobre-a-verdade-na-politica\/","title":{"rendered":"Uma vis\u00e3o sobre a verdade na pol\u00edtica"},"content":{"rendered":"<p>O primeiro t\u00edtulo que me veio \u00e0 mente para esse texto era muito mais pretensioso e arrogante que o que consta acima. Pensei em cham\u00e1-lo de \u201cA verdade sobre a pol\u00edtica\u201d. Imediatamente ao ouvir o som de tamanha pretens\u00e3o escrita por mim mesmo procurei tirar dele qualquer caracter\u00edstica perniciosa ao bom debate democr\u00e1tico, coisas que possam descaracterizar a boa e saud\u00e1vel discuss\u00e3o a qual eu me proponho sempre que tento abordar esse tema, que como todos sabem, \u00e9 de meu extremo interesse.<\/p>\n<p>A pol\u00edtica, ao contr\u00e1rio do que muita gente acredita, n\u00e3o \u00e9 algo mau e a sua boa pr\u00e1tica \u00e9 indispens\u00e1vel para a vida da sociedade. O que \u00e9 nocivo \u00e9 o uso inadequado dela. \u00c9 bem verdade que h\u00e1 muito maior incid\u00eancia de seu uso inadequado e nocivo que do sadio, mas isso se deve aos agentes da pol\u00edtica e n\u00e3o a ela em si.<\/p>\n<p>Paremos um pouco para analisar os motivos pelos quais estamos em meio a essa imensa crise de credibilidade e de confian\u00e7a em nossos representantes, sejam eles do Legislativo, do Executivo ou mesmo do Judici\u00e1rio! Executivo permissivo, Legislativo conivente e Judici\u00e1rio prepotente.<\/p>\n<p>Caso queiramos fazer um exerc\u00edcio de an\u00e1lise, simples e pr\u00e1tica, iremos descobrir que isso se deve ao fato de que, em que pese hoje as nossas institui\u00e7\u00f5es estarem mais s\u00f3lidas e democr\u00e1ticas, seus agentes ainda s\u00e3o fr\u00e1geis e carecem de melhor forma\u00e7\u00e3o. At\u00e9 alguns que n\u00e3o s\u00e3o t\u00e3o fr\u00e1geis se contaminam com o conv\u00edvio dos outros, se diluem, nivelam-se aos demais, pois estes existem em maior n\u00famero.<\/p>\n<p>H\u00e1 quem, sendo simplista, diga que o excesso de liberdade, sem uma contrapartida de limites claros e r\u00edgidos causa distor\u00e7\u00e3o no comportamento das pessoas.<\/p>\n<p>H\u00e1 quem diga que em coisas m\u00ednimas, como por exemplo, termos que por determina\u00e7\u00e3o legal, chamar a mulher que ocupa a presid\u00eancia da rep\u00fablica de Presidenta, quando um simples \u201cA\u201d (artigo indefinido feminino&#8230;) antes do nome Presidente resolveria esse problema, causam essa inseguran\u00e7a. E c\u00e1 pra n\u00f3s isso realmente \u00e9 um absurdo!<\/p>\n<p>H\u00e1 quem diga que pagar-se um sal\u00e1rio, uma pens\u00e3o, para a fam\u00edlia de um latrocida enquanto a fam\u00edlia de sua v\u00edtima fica desamparada \u00e9 outro imenso absurdo. E \u00e9 mesmo!<\/p>\n<p>Falando assim at\u00e9 parece pouca coisa, mas n\u00e3o \u00e9. \u00c0s vezes nos fixamos em coisas pequenas e acabamos por nos esquecer ou por n\u00e3o dar a devida aten\u00e7\u00e3o \u00e0s coisas realmente significativas. Exemplo disso \u00e9 algu\u00e9m querer fazer uma reforma pol\u00edtica atrav\u00e9s de um plebiscito. Um verdadeiro absurdo que n\u00e3o poderia ter sido nem imaginado, cogitado e muito menos sugerido por algu\u00e9m que nos lidera e tem obriga\u00e7\u00e3o de saber qual o melhor caminho pelo qual deve nos conduzir.<\/p>\n<p>Veja bem! Isso n\u00e3o \u00e9 uma mera quest\u00e3o de opini\u00e3o, isso \u00e9 elementar. Imagine se passa na cabe\u00e7a de algu\u00e9m que se possa fazer uma reforma t\u00e3o importante como a reforma pol\u00edtica e eleitoral de forma populista e irrespons\u00e1vel, deixando que a massa, incauta e inculta que j\u00e1 n\u00e3o tem condi\u00e7\u00e3o de indicar seus bastantes procuradores, os parlamentares, possa plebiscitariamente decidir coisas as quais n\u00e3o conhece nem entende.<\/p>\n<p>Pior \u00e9 o Congresso poder fazer mudan\u00e7as importantes e acabar fazendo uma minirreforma que na pr\u00e1tica muda pouqu\u00edssimas coisas.<\/p>\n<p>Quando falo de verdade sobre a pol\u00edtica n\u00e3o falo de verdade ideol\u00f3gica, falo de verdade pragm\u00e1tica, de colher aquilo que as ideologias t\u00eam em comum, de fazer uma continha simples de somar, escolhendo as melhores propostas de rumo para dentro da legalidade e do poss\u00edvel, realizar o anseio primordial das pessoas: A felicidade.<\/p>\n<p>Imaginemos que tudo fosse perfeito. Que o tr\u00e2nsito n\u00e3o fosse ca\u00f3tico e infernal, que n\u00e3o faltasse saneamento b\u00e1sico, que n\u00e3o houvesse viol\u00eancia, que quando se ficasse doente f\u00f4ssemos atendidos em hospitais que nos dessem conforto e possibilidade de cura, que quando par\u00e1ssemos de trabalhar tiv\u00e9ssemos uma boa aposentadoria, que n\u00e3o houvesse preconceito de qualquer natureza, que n\u00e3o houvesse corrup\u00e7\u00e3o, que a justi\u00e7a fosse operada com agilidade e corre\u00e7\u00e3o&#8230; Se tudo isso fosse verdade, a disputa pol\u00edtica seria meramente ideol\u00f3gica. Uma quest\u00e3o dogm\u00e1tica, de opini\u00e3o, de preferir o azul ao inv\u00e9s do amarelo. Ela n\u00e3o \u00e9 assim e n\u00e3o ser\u00e1 jamais, porque o ingrediente humano, pessoal, faz com que ela se torne uma quest\u00e3o de vaidade, de ego, de disputa de poder. Uma coisa muito mais antropol\u00f3gica que sociol\u00f3gica. A necessidade de predom\u00ednio de um grupo em detrimento de outros. A \u00fanica coisa que podemos fazer quanto a isso \u00e9 amenizar seus efeitos colaterais, procurando entender os mecanismos e descobrir como us\u00e1-los de forma sadia.<\/p>\n<p>Em minha modesta opini\u00e3o deveria haver uma prescri\u00e7\u00e3o na lei que obrigasse a altern\u00e2ncia do poder entre os grupos minimamente respaldados pela popula\u00e7\u00e3o, pois da mesma forma que \u00e9 dif\u00edcil para quem est\u00e1 no controle do poder resolver as quest\u00f5es que se apresentam, para quem est\u00e1 fora dele, sem o poder, a solu\u00e7\u00e3o desses mesmos problemas n\u00e3o seria de forma alguma mais f\u00e1cil. Pensar diferente seria subestimar seu oponente, ou ser extremamente arrogante e prepotente, sentimentos que expulsei desde o t\u00edtulo deste texto.<\/p>\n<p>Comecei a escrever e fui fazendo isso, sem sentir, desobedecendo meu m\u00e9todo laboral e criativo. Despejei de uma vez s\u00f3 o que estava sentindo intuitivamente, sem rever o que escrevia. Descarreguei no papel um monte de sentimentos entalados em minha garganta&#8230; Se isso vai servir de alguma coisa para voc\u00ea que me l\u00ea agora, n\u00e3o sei, mas para mim serviu para desabafar, para expulsar de mim, talvez de forma desordenada um sentimento de impot\u00eancia e de inseguran\u00e7a em rela\u00e7\u00e3o a algo que me \u00e9 muito caro e que tem sido negligenciado e n\u00e3o levado a serio: A boa pr\u00e1tica da pol\u00edtica, como caminho para a boa conviv\u00eancia social e a busca da felicidade.<\/p>\n<p>&nbsp;<\/p>\n<p>PS: Ao finalizar esse texto, senti como se algu\u00e9m falasse ao meu ouvido: \u201cSabes o porqu\u00ea da mentira ser t\u00e3o comum na pol\u00edtica? Porque os pol\u00edticos querem agradar o povo e este n\u00e3o quer necessariamente a verdade. O povo simplesmente quer o que quer, quer aquilo que precisa e normalmente atrav\u00e9s da verdade \u00e9 bem mais dif\u00edcil que os pol\u00edticos possam dar ao povo o que ele deseja, por isso os pol\u00edticos mentem para o povo\u201d.<\/p>\n<p>&nbsp;<\/p>\n","protected":false},"excerpt":{"rendered":"<p>O primeiro t\u00edtulo que me veio \u00e0 mente para esse texto era muito mais pretensioso e arrogante que o que [&hellip;]<\/p>\n","protected":false},"author":7,"featured_media":0,"comment_status":"open","ping_status":"open","sticky":false,"template":"","format":"standard","meta":{"site-sidebar-layout":"default","site-content-layout":"","ast-site-content-layout":"default","site-content-style":"default","site-sidebar-style":"default","ast-global-header-display":"","ast-banner-title-visibility":"","ast-main-header-display":"","ast-hfb-above-header-display":"","ast-hfb-below-header-display":"","ast-hfb-mobile-header-display":"","site-post-title":"","ast-breadcrumbs-content":"","ast-featured-img":"","footer-sml-layout":"","ast-disable-related-posts":"","theme-transparent-header-meta":"","adv-header-id-meta":"","stick-header-meta":"","header-above-stick-meta":"","header-main-stick-meta":"","header-below-stick-meta":"","astra-migrate-meta-layouts":"default","ast-page-background-enabled":"default","ast-page-background-meta":{"desktop":{"background-color":"var(--ast-global-color-5)","background-image":"","background-repeat":"repeat","background-position":"center center","background-size":"auto","background-attachment":"scroll","background-type":"","background-media":"","overlay-type":"","overlay-color":"","overlay-opacity":"","overlay-gradient":""},"tablet":{"background-color":"","background-image":"","background-repeat":"repeat","background-position":"center center","background-size":"auto","background-attachment":"scroll","background-type":"","background-media":"","overlay-type":"","overlay-color":"","overlay-opacity":"","overlay-gradient":""},"mobile":{"background-color":"","background-image":"","background-repeat":"repeat","background-position":"center center","background-size":"auto","background-attachment":"scroll","background-type":"","background-media":"","overlay-type":"","overlay-color":"","overlay-opacity":"","overlay-gradient":""}},"ast-content-background-meta":{"desktop":{"background-color":"var(--ast-global-color-4)","background-image":"","background-repeat":"repeat","background-position":"center center","background-size":"auto","background-attachment":"scroll","background-type":"","background-media":"","overlay-type":"","overlay-color":"","overlay-opacity":"","overlay-gradient":""},"tablet":{"background-color":"var(--ast-global-color-4)","background-image":"","background-repeat":"repeat","background-position":"center center","background-size":"auto","background-attachment":"scroll","background-type":"","background-media":"","overlay-type":"","overlay-color":"","overlay-opacity":"","overlay-gradient":""},"mobile":{"background-color":"var(--ast-global-color-4)","background-image":"","background-repeat":"repeat","background-position":"center center","background-size":"auto","background-attachment":"scroll","background-type":"","background-media":"","overlay-type":"","overlay-color":"","overlay-opacity":"","overlay-gradient":""}},"footnotes":""},"categories":[1],"tags":[],"class_list":["post-1058","post","type-post","status-publish","format-standard","hentry","category-sem-categoria"],"yoast_head":"<!-- This site is optimized with the Yoast SEO plugin v26.6 - https:\/\/yoast.com\/wordpress\/plugins\/seo\/ -->\n<title>Uma vis\u00e3o sobre a verdade na pol\u00edtica - Joaquim Haickel<\/title>\n<meta name=\"robots\" content=\"index, follow, max-snippet:-1, max-image-preview:large, max-video-preview:-1\" \/>\n<link rel=\"canonical\" href=\"https:\/\/www.blogsoestado.com\/joaquimhaickel\/2013\/11\/24\/uma-visao-sobre-a-verdade-na-politica\/\" \/>\n<meta property=\"og:locale\" content=\"pt_BR\" \/>\n<meta property=\"og:type\" content=\"article\" \/>\n<meta property=\"og:title\" content=\"Uma vis\u00e3o sobre a verdade na pol\u00edtica - Joaquim Haickel\" \/>\n<meta property=\"og:description\" content=\"O primeiro t\u00edtulo que me veio \u00e0 mente para esse texto era muito mais pretensioso e arrogante que o que [&hellip;]\" \/>\n<meta property=\"og:url\" content=\"https:\/\/www.blogsoestado.com\/joaquimhaickel\/2013\/11\/24\/uma-visao-sobre-a-verdade-na-politica\/\" \/>\n<meta property=\"og:site_name\" content=\"Joaquim Haickel\" \/>\n<meta property=\"article:published_time\" content=\"2013-11-24T04:53:15+00:00\" \/>\n<meta name=\"author\" content=\"Joaquim Haickel\" \/>\n<meta name=\"twitter:card\" content=\"summary_large_image\" \/>\n<meta name=\"twitter:label1\" content=\"Escrito por\" \/>\n\t<meta name=\"twitter:data1\" content=\"Joaquim Haickel\" \/>\n\t<meta name=\"twitter:label2\" content=\"Est. tempo de leitura\" \/>\n\t<meta name=\"twitter:data2\" content=\"6 minutos\" \/>\n<script type=\"application\/ld+json\" class=\"yoast-schema-graph\">{\"@context\":\"https:\/\/schema.org\",\"@graph\":[{\"@type\":\"WebPage\",\"@id\":\"https:\/\/www.blogsoestado.com\/joaquimhaickel\/2013\/11\/24\/uma-visao-sobre-a-verdade-na-politica\/\",\"url\":\"https:\/\/www.blogsoestado.com\/joaquimhaickel\/2013\/11\/24\/uma-visao-sobre-a-verdade-na-politica\/\",\"name\":\"Uma vis\u00e3o sobre a verdade na pol\u00edtica - Joaquim Haickel\",\"isPartOf\":{\"@id\":\"https:\/\/www.blogsoestado.com\/joaquimhaickel\/#website\"},\"datePublished\":\"2013-11-24T04:53:15+00:00\",\"author\":{\"@id\":\"https:\/\/www.blogsoestado.com\/joaquimhaickel\/#\/schema\/person\/4a711644aff28245c6c2c3452d66d325\"},\"breadcrumb\":{\"@id\":\"https:\/\/www.blogsoestado.com\/joaquimhaickel\/2013\/11\/24\/uma-visao-sobre-a-verdade-na-politica\/#breadcrumb\"},\"inLanguage\":\"pt-BR\",\"potentialAction\":[{\"@type\":\"ReadAction\",\"target\":[\"https:\/\/www.blogsoestado.com\/joaquimhaickel\/2013\/11\/24\/uma-visao-sobre-a-verdade-na-politica\/\"]}]},{\"@type\":\"BreadcrumbList\",\"@id\":\"https:\/\/www.blogsoestado.com\/joaquimhaickel\/2013\/11\/24\/uma-visao-sobre-a-verdade-na-politica\/#breadcrumb\",\"itemListElement\":[{\"@type\":\"ListItem\",\"position\":1,\"name\":\"In\u00edcio\",\"item\":\"https:\/\/www.blogsoestado.com\/joaquimhaickel\/\"},{\"@type\":\"ListItem\",\"position\":2,\"name\":\"Uma vis\u00e3o sobre a verdade na pol\u00edtica\"}]},{\"@type\":\"WebSite\",\"@id\":\"https:\/\/www.blogsoestado.com\/joaquimhaickel\/#website\",\"url\":\"https:\/\/www.blogsoestado.com\/joaquimhaickel\/\",\"name\":\"Joaquim Haickel\",\"description\":\"\",\"potentialAction\":[{\"@type\":\"SearchAction\",\"target\":{\"@type\":\"EntryPoint\",\"urlTemplate\":\"https:\/\/www.blogsoestado.com\/joaquimhaickel\/?s={search_term_string}\"},\"query-input\":{\"@type\":\"PropertyValueSpecification\",\"valueRequired\":true,\"valueName\":\"search_term_string\"}}],\"inLanguage\":\"pt-BR\"},{\"@type\":\"Person\",\"@id\":\"https:\/\/www.blogsoestado.com\/joaquimhaickel\/#\/schema\/person\/4a711644aff28245c6c2c3452d66d325\",\"name\":\"Joaquim Haickel\",\"image\":{\"@type\":\"ImageObject\",\"inLanguage\":\"pt-BR\",\"@id\":\"https:\/\/www.blogsoestado.com\/joaquimhaickel\/#\/schema\/person\/image\/\",\"url\":\"https:\/\/secure.gravatar.com\/avatar\/473d89339b9f8ec089adb8d5778363eb5a2ba2319956bcf0298bfd8cca04684a?s=96&d=mm&r=g\",\"contentUrl\":\"https:\/\/secure.gravatar.com\/avatar\/473d89339b9f8ec089adb8d5778363eb5a2ba2319956bcf0298bfd8cca04684a?s=96&d=mm&r=g\",\"caption\":\"Joaquim Haickel\"},\"url\":\"https:\/\/www.blogsoestado.com\/joaquimhaickel\/author\/joaquimhaickel\/\"}]}<\/script>\n<!-- \/ Yoast SEO plugin. -->","yoast_head_json":{"title":"Uma vis\u00e3o sobre a verdade na pol\u00edtica - Joaquim Haickel","robots":{"index":"index","follow":"follow","max-snippet":"max-snippet:-1","max-image-preview":"max-image-preview:large","max-video-preview":"max-video-preview:-1"},"canonical":"https:\/\/www.blogsoestado.com\/joaquimhaickel\/2013\/11\/24\/uma-visao-sobre-a-verdade-na-politica\/","og_locale":"pt_BR","og_type":"article","og_title":"Uma vis\u00e3o sobre a verdade na pol\u00edtica - Joaquim Haickel","og_description":"O primeiro t\u00edtulo que me veio \u00e0 mente para esse texto era muito mais pretensioso e arrogante que o que [&hellip;]","og_url":"https:\/\/www.blogsoestado.com\/joaquimhaickel\/2013\/11\/24\/uma-visao-sobre-a-verdade-na-politica\/","og_site_name":"Joaquim Haickel","article_published_time":"2013-11-24T04:53:15+00:00","author":"Joaquim Haickel","twitter_card":"summary_large_image","twitter_misc":{"Escrito por":"Joaquim Haickel","Est. tempo de leitura":"6 minutos"},"schema":{"@context":"https:\/\/schema.org","@graph":[{"@type":"WebPage","@id":"https:\/\/www.blogsoestado.com\/joaquimhaickel\/2013\/11\/24\/uma-visao-sobre-a-verdade-na-politica\/","url":"https:\/\/www.blogsoestado.com\/joaquimhaickel\/2013\/11\/24\/uma-visao-sobre-a-verdade-na-politica\/","name":"Uma vis\u00e3o sobre a verdade na pol\u00edtica - Joaquim Haickel","isPartOf":{"@id":"https:\/\/www.blogsoestado.com\/joaquimhaickel\/#website"},"datePublished":"2013-11-24T04:53:15+00:00","author":{"@id":"https:\/\/www.blogsoestado.com\/joaquimhaickel\/#\/schema\/person\/4a711644aff28245c6c2c3452d66d325"},"breadcrumb":{"@id":"https:\/\/www.blogsoestado.com\/joaquimhaickel\/2013\/11\/24\/uma-visao-sobre-a-verdade-na-politica\/#breadcrumb"},"inLanguage":"pt-BR","potentialAction":[{"@type":"ReadAction","target":["https:\/\/www.blogsoestado.com\/joaquimhaickel\/2013\/11\/24\/uma-visao-sobre-a-verdade-na-politica\/"]}]},{"@type":"BreadcrumbList","@id":"https:\/\/www.blogsoestado.com\/joaquimhaickel\/2013\/11\/24\/uma-visao-sobre-a-verdade-na-politica\/#breadcrumb","itemListElement":[{"@type":"ListItem","position":1,"name":"In\u00edcio","item":"https:\/\/www.blogsoestado.com\/joaquimhaickel\/"},{"@type":"ListItem","position":2,"name":"Uma vis\u00e3o sobre a verdade na pol\u00edtica"}]},{"@type":"WebSite","@id":"https:\/\/www.blogsoestado.com\/joaquimhaickel\/#website","url":"https:\/\/www.blogsoestado.com\/joaquimhaickel\/","name":"Joaquim Haickel","description":"","potentialAction":[{"@type":"SearchAction","target":{"@type":"EntryPoint","urlTemplate":"https:\/\/www.blogsoestado.com\/joaquimhaickel\/?s={search_term_string}"},"query-input":{"@type":"PropertyValueSpecification","valueRequired":true,"valueName":"search_term_string"}}],"inLanguage":"pt-BR"},{"@type":"Person","@id":"https:\/\/www.blogsoestado.com\/joaquimhaickel\/#\/schema\/person\/4a711644aff28245c6c2c3452d66d325","name":"Joaquim Haickel","image":{"@type":"ImageObject","inLanguage":"pt-BR","@id":"https:\/\/www.blogsoestado.com\/joaquimhaickel\/#\/schema\/person\/image\/","url":"https:\/\/secure.gravatar.com\/avatar\/473d89339b9f8ec089adb8d5778363eb5a2ba2319956bcf0298bfd8cca04684a?s=96&d=mm&r=g","contentUrl":"https:\/\/secure.gravatar.com\/avatar\/473d89339b9f8ec089adb8d5778363eb5a2ba2319956bcf0298bfd8cca04684a?s=96&d=mm&r=g","caption":"Joaquim Haickel"},"url":"https:\/\/www.blogsoestado.com\/joaquimhaickel\/author\/joaquimhaickel\/"}]}},"jetpack_featured_media_url":"","_links":{"self":[{"href":"https:\/\/www.blogsoestado.com\/joaquimhaickel\/wp-json\/wp\/v2\/posts\/1058","targetHints":{"allow":["GET"]}}],"collection":[{"href":"https:\/\/www.blogsoestado.com\/joaquimhaickel\/wp-json\/wp\/v2\/posts"}],"about":[{"href":"https:\/\/www.blogsoestado.com\/joaquimhaickel\/wp-json\/wp\/v2\/types\/post"}],"author":[{"embeddable":true,"href":"https:\/\/www.blogsoestado.com\/joaquimhaickel\/wp-json\/wp\/v2\/users\/7"}],"replies":[{"embeddable":true,"href":"https:\/\/www.blogsoestado.com\/joaquimhaickel\/wp-json\/wp\/v2\/comments?post=1058"}],"version-history":[{"count":0,"href":"https:\/\/www.blogsoestado.com\/joaquimhaickel\/wp-json\/wp\/v2\/posts\/1058\/revisions"}],"wp:attachment":[{"href":"https:\/\/www.blogsoestado.com\/joaquimhaickel\/wp-json\/wp\/v2\/media?parent=1058"}],"wp:term":[{"taxonomy":"category","embeddable":true,"href":"https:\/\/www.blogsoestado.com\/joaquimhaickel\/wp-json\/wp\/v2\/categories?post=1058"},{"taxonomy":"post_tag","embeddable":true,"href":"https:\/\/www.blogsoestado.com\/joaquimhaickel\/wp-json\/wp\/v2\/tags?post=1058"}],"curies":[{"name":"wp","href":"https:\/\/api.w.org\/{rel}","templated":true}]}}