{"id":1080,"date":"2014-03-02T00:49:15","date_gmt":"2014-03-02T03:49:15","guid":{"rendered":"https:\/\/www.blogsoestado.com\/joaquimhaickel\/?p=1080"},"modified":"2014-03-02T00:49:15","modified_gmt":"2014-03-02T03:49:15","slug":"tudo-pode-acontecer-quem-viver-vera","status":"publish","type":"post","link":"https:\/\/www.blogsoestado.com\/joaquimhaickel\/2014\/03\/02\/tudo-pode-acontecer-quem-viver-vera\/","title":{"rendered":"Tudo pode acontecer. Quem viver ver\u00e1."},"content":{"rendered":"<p><span style=\"font-size: 13px\">Outro dia me ligou um grande amigo meu para perguntar o que estava havendo comigo. Por que eu n\u00e3o estava publicando minhas cr\u00f4nicas aos domingos no JEM nem postando em meu Blog. Ligou dizendo que estava com saudades de minhas an\u00e1lises pol\u00edticas, que queria muito saber a minha opini\u00e3o sobre o momento pelo qual passamos&#8230;<\/span><\/p>\n<p>Expliquei a ele o mesmo que passo a explicar a voc\u00ea que me l\u00ea agora: Tenho feito um esfor\u00e7o herc\u00faleo para me abster de publicar os textos que tenho produzido. E olha que eles s\u00e3o muitos e atual\u00edssimos. Sou daqueles que adora dizer o que pensa, pois acredito que a melhor maneira de se aprender e de se crescer \u00e9 conversando, e meus textos, para mim, servem para isso. Tenho pensado e escrito compulsivamente, mas os tenho \u201cencofado\u201d, alguns at\u00e9 deletei, pois seus conte\u00fados eram explosivos demais. A verdade \u00e9 muito explosiva.<\/p>\n<p>Minhas opini\u00f5es s\u00e3o quase sempre pol\u00eamicas e controversas, podem, em um momento pol\u00edtico delicado como esse, parecer manobra, jogo. Algum desavisado ou maldoso mesmo, pode imaginar que eu seja um desses bonecos de ventr\u00edloquo, coisa que n\u00e3o sou de forma alguma, quem me conhece sabe disso. Se isso acontecesse iria ficar muito chateado, por isso prometi a mim mesmo que n\u00e3o falaria nada a esse respeito.<\/p>\n<p>Decidi que s\u00f3 falaria alguma coisa quando e se me perguntassem, e ainda assim dependendo de quem perguntasse, at\u00e9 porque eu iria apenas repetir o que j\u00e1 disse diversas vezes antes, pois tudo isso que est\u00e1 acontecendo no cen\u00e1rio pol\u00edtico de nosso Estado j\u00e1 foi comentado por mim em pelo menos meia d\u00fazia de artigos publicados aqui mesmo. T\u00e1 tudo l\u00e1, tim- tim por tim-tim!<\/p>\n<p>Voc\u00ea n\u00e3o pode imaginar a vontade que me d\u00e1 de n\u00e3o cumprir a promessa que fiz a mim mesmo e come\u00e7ar a desfolhar o ros\u00e1rio de nossa Senhora das Boas Causas, ou a novena de Santo Expedito, o santo das causas dif\u00edceis. Meu catolicismo pode ser pouco, mas meu instinto e minha parca experi\u00eancia me dizem que em boca fechada n\u00e3o entra mosquito, que as pessoas que est\u00e3o a\u00ed, envolvidas nos acontecimentos, s\u00e3o todas mais experientes e s\u00e1bias que eu, todas elas s\u00e3o bem mais poderosas, suas decis\u00f5es ou indecis\u00f5es s\u00e3o capazes de sacramentar o presente e estabelecer o futuro, como j\u00e1 fizeram com o passado.<\/p>\n<p>Um dia, depois que tudo isso acabar, quem sabe eu tenha disposi\u00e7\u00e3o de colocar os pingos nos \u201cis\u201d. Bom, mas depois que tudo tiver acontecido, de tudo acabado v\u00e3o dizer que eu sou profeta de passado, que falar \u00e9 f\u00e1cil. Deixa pra l\u00e1&#8230;<\/p>\n<p>Cada dia que se passa em minha vida, minha compreens\u00e3o sobre a pol\u00edtica, o entendimento que eu tenho dela, com uma observa\u00e7\u00e3o mais imparcial, fica cristalina. Vejo coisas que o fato de ter estado totalmente imerso dentro da pol\u00edtica por tanto tempo, talvez fosse complicado de reconhecer e de entender. N\u00e3o que eu esteja totalmente fora dela, ningu\u00e9m nunca est\u00e1, mas hoje me coloco em uma posi\u00e7\u00e3o muito mais confort\u00e1vel, em uma situa\u00e7\u00e3o privilegiada pela independ\u00eancia que sempre cultivei e que agora me deixa livre at\u00e9 para n\u00e3o ter que opinar, mesmo estando morrendo de vontade. Antes n\u00e3o me controlaria.<\/p>\n<p>Sendo assim prefiro falar sobre o jogo da final do primeiro turno do campeonato maranhense de futebol. Duelo de gigantes travado entre Sampaio e Moto em tarde inspirada. O melhor jogo de futebol que vi nos \u00faltimos anos. Uma verdadeira pintura, um espet\u00e1culo maravilhoso de se ver. Senti orgulho de ser maranhense, de n\u00f3s termos aquele belo futebol.<\/p>\n<p>Fico feliz por sentir que de alguma forma, mesmo que pequena, nesse tempo em que eu e minha equipe estamos frente \u00e0 SEDEL, tenhamos ajudado a soerguer o futebol maranhense, bem como trabalhado para melhorar o setor esportivo de nosso Estado.<\/p>\n<p>Se quiserem perguntar quem vai ser campe\u00e3o maranhense de futebol, eu at\u00e9 digo e acho que acerto. O Sampaio. Sendo o Moto vice e indo consequentemente para a s\u00e9rie D do Campeonato Brasileiro. Melhor pra n\u00f3s, n\u00e9?!<\/p>\n<p>Prefiro falar sobre o Oscar, sobre os filmes que disputam esse ano a estatueta dourada. \u201cO Lobo de Wall Street\u201d, \u201cTrapa\u00e7a\u201d, \u201cGravidade\u201d, \u201cDoze anos de escravid\u00e3o\u201d, \u201cCapit\u00e3o Phillips\u201d, \u201cClube de compras Dallas\u201d, \u201cNebraska\u201d, \u201cEla\u201d e \u201cPhilomena\u201d.<\/p>\n<p>Esse ano os concorrentes est\u00e3o extremamente competitivos. Qualquer um que ganhe n\u00e3o ser\u00e1 injusti\u00e7a, falo isso n\u00e3o apenas em rela\u00e7\u00e3o a melhor filme, mas em rela\u00e7\u00e3o \u00e0s outras categorias tamb\u00e9m. \u00c9 bem verdade que existem algumas quase certezas, como Cate Blanchett,\u00a0de \u201c<em>Blue Jasmine&#8221;, Jennifer Lawrence<\/em>\u00a0de \u201cTrapa\u00e7a\u201d,\u00a0e uma antipatia gratuita de minha parte com \u201cGravidade\u201d e com seu diretor, Alfonso Cuar\u00f3n. Mas no frigir dos ovos, tudo pode acontecer.<\/p>\n<p>Repito: Tudo pode acontecer.<\/p>\n<p>Para finalizar, cito Lister Caldas: \u201cQuem viver ver\u00e1\u201d.<\/p>\n<p>&nbsp;<\/p>\n<p>PS: Quem quiser saber de \u201coutros assuntos\u201d procurem textos antigos publicados\u00a0por este autor,\u00a0nesta p\u00e1gina.<\/p>\n<p>&nbsp;<\/p>\n","protected":false},"excerpt":{"rendered":"<p>Outro dia me ligou um grande amigo meu para perguntar o que estava havendo comigo. Por que eu n\u00e3o estava [&hellip;]<\/p>\n","protected":false},"author":7,"featured_media":0,"comment_status":"open","ping_status":"open","sticky":false,"template":"","format":"standard","meta":{"site-sidebar-layout":"default","site-content-layout":"","ast-site-content-layout":"default","site-content-style":"default","site-sidebar-style":"default","ast-global-header-display":"","ast-banner-title-visibility":"","ast-main-header-display":"","ast-hfb-above-header-display":"","ast-hfb-below-header-display":"","ast-hfb-mobile-header-display":"","site-post-title":"","ast-breadcrumbs-content":"","ast-featured-img":"","footer-sml-layout":"","ast-disable-related-posts":"","theme-transparent-header-meta":"","adv-header-id-meta":"","stick-header-meta":"","header-above-stick-meta":"","header-main-stick-meta":"","header-below-stick-meta":"","astra-migrate-meta-layouts":"default","ast-page-background-enabled":"default","ast-page-background-meta":{"desktop":{"background-color":"var(--ast-global-color-5)","background-image":"","background-repeat":"repeat","background-position":"center center","background-size":"auto","background-attachment":"scroll","background-type":"","background-media":"","overlay-type":"","overlay-color":"","overlay-opacity":"","overlay-gradient":""},"tablet":{"background-color":"","background-image":"","background-repeat":"repeat","background-position":"center center","background-size":"auto","background-attachment":"scroll","background-type":"","background-media":"","overlay-type":"","overlay-color":"","overlay-opacity":"","overlay-gradient":""},"mobile":{"background-color":"","background-image":"","background-repeat":"repeat","background-position":"center center","background-size":"auto","background-attachment":"scroll","background-type":"","background-media":"","overlay-type":"","overlay-color":"","overlay-opacity":"","overlay-gradient":""}},"ast-content-background-meta":{"desktop":{"background-color":"var(--ast-global-color-4)","background-image":"","background-repeat":"repeat","background-position":"center center","background-size":"auto","background-attachment":"scroll","background-type":"","background-media":"","overlay-type":"","overlay-color":"","overlay-opacity":"","overlay-gradient":""},"tablet":{"background-color":"var(--ast-global-color-4)","background-image":"","background-repeat":"repeat","background-position":"center center","background-size":"auto","background-attachment":"scroll","background-type":"","background-media":"","overlay-type":"","overlay-color":"","overlay-opacity":"","overlay-gradient":""},"mobile":{"background-color":"var(--ast-global-color-4)","background-image":"","background-repeat":"repeat","background-position":"center center","background-size":"auto","background-attachment":"scroll","background-type":"","background-media":"","overlay-type":"","overlay-color":"","overlay-opacity":"","overlay-gradient":""}},"footnotes":""},"categories":[1],"tags":[],"class_list":["post-1080","post","type-post","status-publish","format-standard","hentry","category-sem-categoria"],"yoast_head":"<!-- This site is optimized with the Yoast SEO plugin v26.6 - https:\/\/yoast.com\/wordpress\/plugins\/seo\/ -->\n<title>Tudo pode acontecer. Quem viver ver\u00e1. - Joaquim Haickel<\/title>\n<meta name=\"robots\" content=\"index, follow, max-snippet:-1, max-image-preview:large, max-video-preview:-1\" \/>\n<link rel=\"canonical\" href=\"https:\/\/www.blogsoestado.com\/joaquimhaickel\/2014\/03\/02\/tudo-pode-acontecer-quem-viver-vera\/\" \/>\n<meta property=\"og:locale\" content=\"pt_BR\" \/>\n<meta property=\"og:type\" content=\"article\" \/>\n<meta property=\"og:title\" content=\"Tudo pode acontecer. Quem viver ver\u00e1. - Joaquim Haickel\" \/>\n<meta property=\"og:description\" content=\"Outro dia me ligou um grande amigo meu para perguntar o que estava havendo comigo. Por que eu n\u00e3o estava [&hellip;]\" \/>\n<meta property=\"og:url\" content=\"https:\/\/www.blogsoestado.com\/joaquimhaickel\/2014\/03\/02\/tudo-pode-acontecer-quem-viver-vera\/\" \/>\n<meta property=\"og:site_name\" content=\"Joaquim Haickel\" \/>\n<meta property=\"article:published_time\" content=\"2014-03-02T03:49:15+00:00\" \/>\n<meta name=\"author\" content=\"Joaquim Haickel\" \/>\n<meta name=\"twitter:card\" content=\"summary_large_image\" \/>\n<meta name=\"twitter:label1\" content=\"Escrito por\" \/>\n\t<meta name=\"twitter:data1\" content=\"Joaquim Haickel\" \/>\n\t<meta name=\"twitter:label2\" content=\"Est. tempo de leitura\" \/>\n\t<meta name=\"twitter:data2\" content=\"4 minutos\" \/>\n<script type=\"application\/ld+json\" class=\"yoast-schema-graph\">{\"@context\":\"https:\/\/schema.org\",\"@graph\":[{\"@type\":\"WebPage\",\"@id\":\"https:\/\/www.blogsoestado.com\/joaquimhaickel\/2014\/03\/02\/tudo-pode-acontecer-quem-viver-vera\/\",\"url\":\"https:\/\/www.blogsoestado.com\/joaquimhaickel\/2014\/03\/02\/tudo-pode-acontecer-quem-viver-vera\/\",\"name\":\"Tudo pode acontecer. Quem viver ver\u00e1. - Joaquim Haickel\",\"isPartOf\":{\"@id\":\"https:\/\/www.blogsoestado.com\/joaquimhaickel\/#website\"},\"datePublished\":\"2014-03-02T03:49:15+00:00\",\"author\":{\"@id\":\"https:\/\/www.blogsoestado.com\/joaquimhaickel\/#\/schema\/person\/4a711644aff28245c6c2c3452d66d325\"},\"breadcrumb\":{\"@id\":\"https:\/\/www.blogsoestado.com\/joaquimhaickel\/2014\/03\/02\/tudo-pode-acontecer-quem-viver-vera\/#breadcrumb\"},\"inLanguage\":\"pt-BR\",\"potentialAction\":[{\"@type\":\"ReadAction\",\"target\":[\"https:\/\/www.blogsoestado.com\/joaquimhaickel\/2014\/03\/02\/tudo-pode-acontecer-quem-viver-vera\/\"]}]},{\"@type\":\"BreadcrumbList\",\"@id\":\"https:\/\/www.blogsoestado.com\/joaquimhaickel\/2014\/03\/02\/tudo-pode-acontecer-quem-viver-vera\/#breadcrumb\",\"itemListElement\":[{\"@type\":\"ListItem\",\"position\":1,\"name\":\"In\u00edcio\",\"item\":\"https:\/\/www.blogsoestado.com\/joaquimhaickel\/\"},{\"@type\":\"ListItem\",\"position\":2,\"name\":\"Tudo pode acontecer. Quem viver ver\u00e1.\"}]},{\"@type\":\"WebSite\",\"@id\":\"https:\/\/www.blogsoestado.com\/joaquimhaickel\/#website\",\"url\":\"https:\/\/www.blogsoestado.com\/joaquimhaickel\/\",\"name\":\"Joaquim Haickel\",\"description\":\"\",\"potentialAction\":[{\"@type\":\"SearchAction\",\"target\":{\"@type\":\"EntryPoint\",\"urlTemplate\":\"https:\/\/www.blogsoestado.com\/joaquimhaickel\/?s={search_term_string}\"},\"query-input\":{\"@type\":\"PropertyValueSpecification\",\"valueRequired\":true,\"valueName\":\"search_term_string\"}}],\"inLanguage\":\"pt-BR\"},{\"@type\":\"Person\",\"@id\":\"https:\/\/www.blogsoestado.com\/joaquimhaickel\/#\/schema\/person\/4a711644aff28245c6c2c3452d66d325\",\"name\":\"Joaquim Haickel\",\"image\":{\"@type\":\"ImageObject\",\"inLanguage\":\"pt-BR\",\"@id\":\"https:\/\/www.blogsoestado.com\/joaquimhaickel\/#\/schema\/person\/image\/\",\"url\":\"https:\/\/secure.gravatar.com\/avatar\/473d89339b9f8ec089adb8d5778363eb5a2ba2319956bcf0298bfd8cca04684a?s=96&d=mm&r=g\",\"contentUrl\":\"https:\/\/secure.gravatar.com\/avatar\/473d89339b9f8ec089adb8d5778363eb5a2ba2319956bcf0298bfd8cca04684a?s=96&d=mm&r=g\",\"caption\":\"Joaquim Haickel\"},\"url\":\"https:\/\/www.blogsoestado.com\/joaquimhaickel\/author\/joaquimhaickel\/\"}]}<\/script>\n<!-- \/ Yoast SEO plugin. -->","yoast_head_json":{"title":"Tudo pode acontecer. Quem viver ver\u00e1. - Joaquim Haickel","robots":{"index":"index","follow":"follow","max-snippet":"max-snippet:-1","max-image-preview":"max-image-preview:large","max-video-preview":"max-video-preview:-1"},"canonical":"https:\/\/www.blogsoestado.com\/joaquimhaickel\/2014\/03\/02\/tudo-pode-acontecer-quem-viver-vera\/","og_locale":"pt_BR","og_type":"article","og_title":"Tudo pode acontecer. Quem viver ver\u00e1. - Joaquim Haickel","og_description":"Outro dia me ligou um grande amigo meu para perguntar o que estava havendo comigo. Por que eu n\u00e3o estava [&hellip;]","og_url":"https:\/\/www.blogsoestado.com\/joaquimhaickel\/2014\/03\/02\/tudo-pode-acontecer-quem-viver-vera\/","og_site_name":"Joaquim Haickel","article_published_time":"2014-03-02T03:49:15+00:00","author":"Joaquim Haickel","twitter_card":"summary_large_image","twitter_misc":{"Escrito por":"Joaquim Haickel","Est. tempo de leitura":"4 minutos"},"schema":{"@context":"https:\/\/schema.org","@graph":[{"@type":"WebPage","@id":"https:\/\/www.blogsoestado.com\/joaquimhaickel\/2014\/03\/02\/tudo-pode-acontecer-quem-viver-vera\/","url":"https:\/\/www.blogsoestado.com\/joaquimhaickel\/2014\/03\/02\/tudo-pode-acontecer-quem-viver-vera\/","name":"Tudo pode acontecer. Quem viver ver\u00e1. - Joaquim Haickel","isPartOf":{"@id":"https:\/\/www.blogsoestado.com\/joaquimhaickel\/#website"},"datePublished":"2014-03-02T03:49:15+00:00","author":{"@id":"https:\/\/www.blogsoestado.com\/joaquimhaickel\/#\/schema\/person\/4a711644aff28245c6c2c3452d66d325"},"breadcrumb":{"@id":"https:\/\/www.blogsoestado.com\/joaquimhaickel\/2014\/03\/02\/tudo-pode-acontecer-quem-viver-vera\/#breadcrumb"},"inLanguage":"pt-BR","potentialAction":[{"@type":"ReadAction","target":["https:\/\/www.blogsoestado.com\/joaquimhaickel\/2014\/03\/02\/tudo-pode-acontecer-quem-viver-vera\/"]}]},{"@type":"BreadcrumbList","@id":"https:\/\/www.blogsoestado.com\/joaquimhaickel\/2014\/03\/02\/tudo-pode-acontecer-quem-viver-vera\/#breadcrumb","itemListElement":[{"@type":"ListItem","position":1,"name":"In\u00edcio","item":"https:\/\/www.blogsoestado.com\/joaquimhaickel\/"},{"@type":"ListItem","position":2,"name":"Tudo pode acontecer. Quem viver ver\u00e1."}]},{"@type":"WebSite","@id":"https:\/\/www.blogsoestado.com\/joaquimhaickel\/#website","url":"https:\/\/www.blogsoestado.com\/joaquimhaickel\/","name":"Joaquim Haickel","description":"","potentialAction":[{"@type":"SearchAction","target":{"@type":"EntryPoint","urlTemplate":"https:\/\/www.blogsoestado.com\/joaquimhaickel\/?s={search_term_string}"},"query-input":{"@type":"PropertyValueSpecification","valueRequired":true,"valueName":"search_term_string"}}],"inLanguage":"pt-BR"},{"@type":"Person","@id":"https:\/\/www.blogsoestado.com\/joaquimhaickel\/#\/schema\/person\/4a711644aff28245c6c2c3452d66d325","name":"Joaquim Haickel","image":{"@type":"ImageObject","inLanguage":"pt-BR","@id":"https:\/\/www.blogsoestado.com\/joaquimhaickel\/#\/schema\/person\/image\/","url":"https:\/\/secure.gravatar.com\/avatar\/473d89339b9f8ec089adb8d5778363eb5a2ba2319956bcf0298bfd8cca04684a?s=96&d=mm&r=g","contentUrl":"https:\/\/secure.gravatar.com\/avatar\/473d89339b9f8ec089adb8d5778363eb5a2ba2319956bcf0298bfd8cca04684a?s=96&d=mm&r=g","caption":"Joaquim Haickel"},"url":"https:\/\/www.blogsoestado.com\/joaquimhaickel\/author\/joaquimhaickel\/"}]}},"jetpack_featured_media_url":"","_links":{"self":[{"href":"https:\/\/www.blogsoestado.com\/joaquimhaickel\/wp-json\/wp\/v2\/posts\/1080","targetHints":{"allow":["GET"]}}],"collection":[{"href":"https:\/\/www.blogsoestado.com\/joaquimhaickel\/wp-json\/wp\/v2\/posts"}],"about":[{"href":"https:\/\/www.blogsoestado.com\/joaquimhaickel\/wp-json\/wp\/v2\/types\/post"}],"author":[{"embeddable":true,"href":"https:\/\/www.blogsoestado.com\/joaquimhaickel\/wp-json\/wp\/v2\/users\/7"}],"replies":[{"embeddable":true,"href":"https:\/\/www.blogsoestado.com\/joaquimhaickel\/wp-json\/wp\/v2\/comments?post=1080"}],"version-history":[{"count":0,"href":"https:\/\/www.blogsoestado.com\/joaquimhaickel\/wp-json\/wp\/v2\/posts\/1080\/revisions"}],"wp:attachment":[{"href":"https:\/\/www.blogsoestado.com\/joaquimhaickel\/wp-json\/wp\/v2\/media?parent=1080"}],"wp:term":[{"taxonomy":"category","embeddable":true,"href":"https:\/\/www.blogsoestado.com\/joaquimhaickel\/wp-json\/wp\/v2\/categories?post=1080"},{"taxonomy":"post_tag","embeddable":true,"href":"https:\/\/www.blogsoestado.com\/joaquimhaickel\/wp-json\/wp\/v2\/tags?post=1080"}],"curies":[{"name":"wp","href":"https:\/\/api.w.org\/{rel}","templated":true}]}}