{"id":1086,"date":"2014-03-13T02:46:27","date_gmt":"2014-03-13T05:46:27","guid":{"rendered":"https:\/\/www.blogsoestado.com\/joaquimhaickel\/?p=1086"},"modified":"2014-03-13T02:46:27","modified_gmt":"2014-03-13T05:46:27","slug":"ai-ai-iaiai-ta-chegando-a-hora-de-vaca-desconhecer-bezerro","status":"publish","type":"post","link":"https:\/\/www.blogsoestado.com\/joaquimhaickel\/2014\/03\/13\/ai-ai-iaiai-ta-chegando-a-hora-de-vaca-desconhecer-bezerro\/","title":{"rendered":"Ai, ai, iaiai!&#8230; T\u00e1 chegando a hora&#8230;  De vaca desconhecer bezerro."},"content":{"rendered":"<p><span style=\"line-height: 1.5em\">Meses atr\u00e1s fui convidado para uma conversa com um grupo de pessoas que gostaria de debater sobre a atual conjuntura pol\u00edtica e eleitoral de nosso estado e falar sobre suas atuais circunstancias e sobre as poss\u00edveis consequ\u00eancias decorrentes delas.<\/span><\/p>\n<p>Depois de v\u00e1rios encontros resolvemos que dever\u00edamos suspender as reuni\u00f5es, pois mesmo que a conversa em nosso \u00e2mbitofosse muito produtiva, na pratica n\u00e3o levava a nada, j\u00e1 que est\u00e1vamos completamente fora no n\u00facleo das decis\u00f5es. Eu, no entanto, acredito que o simples fato de um grupo de pessoas influentes, cada um em seu segmento, como eram aquelas, sempre acabam ganhando ao se reunirem para conversar sobre os rumos pelos quais o nosso estado pode e deve seguir.<\/p>\n<p>Desde nossa \u00faltima reuni\u00e3o n\u00e3o mantive mais nenhum contato em conjunto com aqueles amigos, apenas falei individualmente com um ou com outro, mas sei que todos continuam preocupados com o rumo que a coisa tomou.<\/p>\n<p>Constatamos que o grupo do qual fazemos parte, que mais tem se mantido o poder no Maranh\u00e3o nesses \u00faltimos 48 anos (34 anos contra 14, fazendo uma diferen\u00e7a de 20anos), v\u00eamao longo do tempo cometendo erros graves.<\/p>\n<p>Em nome de uma renova\u00e7\u00e3o, necess\u00e1ria e indispens\u00e1vel, jogou-se fora o manual da boa e antiga pol\u00edtica. Antiga, jamais velha. Antiga, porem s\u00e1bia e experiente. A boa pr\u00e1tica dos dois dedos de prosa na porta da casa do cabo eleitoral, do chefe pol\u00edtico, a visita pura e simples, sem ser preciso alarde, comitiva, entrega de obras&#8230;<\/p>\n<p>Nos \u00faltimos anos faltou-nos a vontade de conversar com os pol\u00edticos, at\u00e9 porque os pol\u00edticos tamb\u00e9m mudaram, passaram a n\u00e3o querer apenas conversar ou simples promessas, ou compromissos n\u00e3o cumpridos. Passaram a exigir participa\u00e7\u00e3o no governo, nas decis\u00f5es, emendas parlamentares&#8230;<\/p>\n<p>Mas deixemos os entretantos e entremos logo nos finalmentes.<\/p>\n<p>Do jeito que as coisas est\u00e3o, elas n\u00e3o podem ficar. Chegamos a um impasse que nos coloca em uma situa\u00e7\u00e3o bastante delicada, mas acredito que ainda haja uma sa\u00edda. Uma \u00fanica.<\/p>\n<p>Bem, como tive que me afastar por alguns dias para acompanhar minha m\u00e3e em S\u00e3o Paulo, que teve que se submeter a uma importante cirurgia card\u00edaca de emerg\u00eancia, vou quebrar a promessa que fiz a mim mesmo, quando disse que n\u00e3o me meteria nesse parangol\u00e9 se n\u00e3o fosse chamado. L\u00e1 vai.<\/p>\n<p>Aprendi muito cedo que em politica, existe uma coisa indispens\u00e1vel, de tempos em tempos. O fato novo, com o qual se muda as circunst\u00e2ncias para fazer com que as consequ\u00eancias desejadas sejam alcan\u00e7adas. Sem fato novo tudo fica mais dif\u00edcil.<\/p>\n<p>Primeiro, n\u00e3o vou dizer nada que todos os envolvidos n\u00e3o estejam carecas de saber.<\/p>\n<p>O melhor caminho para elegermos o nosso candidato ao governo \u00e9 coloc\u00e1-lo desde j\u00e1 \u00e0 frente da administra\u00e7\u00e3o deste mesmo governo. Para sua elei\u00e7\u00e3o ficar mais leve ele deve ter um candidato a senador que o ajude nesse intento.<\/p>\n<p>Logo, para que Lu\u00eds Fernando seja o governador eleito pela Assembleia e para que Roseana, o melhor nome para disputar o senado ao seu lado possa realmente faz\u00ea-lo, precisa-se que o presidente da ALM entenda e aceite que, se ele n\u00e3o abrir m\u00e3o de sua candidatura de governador para um mandato de nove meses, isso n\u00e3o ir\u00e1 acontecer e ai&#8230; Nem mel nem caba\u00e7a. Talvez um pouco ao contr\u00e1rio. Um pouco de m\u00e1 vontade por parte de quem se sentir prejudicado.<\/p>\n<p>Bom, mas o que Arnaldo Melo e seus fieis escudeiros deputados estaduais, que na verdade s\u00e3o os detentores do poder de decis\u00e3o sobre a elei\u00e7\u00e3o governamental e senatorial de outubro pr\u00f3ximo, ganham com tudo isso? Conversa eles n\u00e3o aceitam mais. Quando aceitariam n\u00e3o tiveram. Agora s\u00f3 h\u00e1 uma sa\u00edda e n\u00e3o h\u00e1 como enganar nem ser enganado nesse jogo, o que \u00e9 uma grande vantagem.<\/p>\n<p>Precisa-se de um acordo de cavalheiros. Entre pessoas honradas. Com fiadores de cr\u00e9dito reconhecido na pra\u00e7a e no mundo pol\u00edtico,capazes de garantir com seguran\u00e7a que Roseana possa deixar o governo para se candidatar ao senado; que Lu\u00eds Fernando seja eleito governador na ALM; Que o vice seja indicado por Arnaldo e por seus deputados mais chegados; Que no novo governo, se abra espa\u00e7o para que o presidente da ALM e esses deputados indiquem alguns importantes secret\u00e1rios de estado; Que no ano que vem, depois do governador eleito, da Assembleia refeita, fique desde logo acertado a recondu\u00e7\u00e3o de Arnaldo Melo para a presid\u00eancia do legislativo maranhense.<\/p>\n<p>Em minha modesta opini\u00e3o n\u00e3o h\u00e1 outro acordo que possa ser feito ou aceito por nenhum dos lados desse imenso e hoje paquid\u00e9rmico grupo pol\u00edtico.<\/p>\n<p>N\u00e3o vejo hoje nenhuma outra sa\u00edda. Nenhuma que nos possibilite mais chance de vencermos as elei\u00e7\u00f5es de outubro pr\u00f3ximo.<\/p>\n<p>Algu\u00e9m poderia perguntar se \u00e9 poss\u00edvel confiar nas partes envolvidas nesse acordo. Tenho certeza absoluta que sim, pois ambas conseguiram uma coisa in\u00e9dita na vida politica maranhense. N\u00e3o tersa\u00edda. Se correrem o bicho pega, se ficarem o bicho come.<\/p>\n<p>Se Arnaldo e os deputados que o querem ver nos Le\u00f5es, n\u00e3o abrirem m\u00e3o de suas posi\u00e7\u00f5es, Roseana permanecer\u00e1 no cargo e tentar\u00e1 eleger Lu\u00eds Fernando. \u00c9 claro que esse n\u00e3o \u00e9 o melhor cen\u00e1rio, mas \u00e9 menos pior que os outros que se apresentam. Se Lu\u00eds Fernando n\u00e3o cumprir os acordos estar\u00e1 dando motivo para os demais descumpriram sua parte nele, se bandeando para o lado advers\u00e1rio, fato que muito possivelmente decidiria a elei\u00e7\u00e3o.<\/p>\n<p>Est\u00e3o no mesmo barco. Numa dan\u00e7a cigana de len\u00e7o e faca.<\/p>\n","protected":false},"excerpt":{"rendered":"<p>Meses atr\u00e1s fui convidado para uma conversa com um grupo de pessoas que gostaria de debater sobre a atual conjuntura [&hellip;]<\/p>\n","protected":false},"author":7,"featured_media":0,"comment_status":"open","ping_status":"open","sticky":false,"template":"","format":"standard","meta":{"site-sidebar-layout":"default","site-content-layout":"","ast-site-content-layout":"default","site-content-style":"default","site-sidebar-style":"default","ast-global-header-display":"","ast-banner-title-visibility":"","ast-main-header-display":"","ast-hfb-above-header-display":"","ast-hfb-below-header-display":"","ast-hfb-mobile-header-display":"","site-post-title":"","ast-breadcrumbs-content":"","ast-featured-img":"","footer-sml-layout":"","ast-disable-related-posts":"","theme-transparent-header-meta":"","adv-header-id-meta":"","stick-header-meta":"","header-above-stick-meta":"","header-main-stick-meta":"","header-below-stick-meta":"","astra-migrate-meta-layouts":"default","ast-page-background-enabled":"default","ast-page-background-meta":{"desktop":{"background-color":"var(--ast-global-color-5)","background-image":"","background-repeat":"repeat","background-position":"center center","background-size":"auto","background-attachment":"scroll","background-type":"","background-media":"","overlay-type":"","overlay-color":"","overlay-opacity":"","overlay-gradient":""},"tablet":{"background-color":"","background-image":"","background-repeat":"repeat","background-position":"center center","background-size":"auto","background-attachment":"scroll","background-type":"","background-media":"","overlay-type":"","overlay-color":"","overlay-opacity":"","overlay-gradient":""},"mobile":{"background-color":"","background-image":"","background-repeat":"repeat","background-position":"center center","background-size":"auto","background-attachment":"scroll","background-type":"","background-media":"","overlay-type":"","overlay-color":"","overlay-opacity":"","overlay-gradient":""}},"ast-content-background-meta":{"desktop":{"background-color":"var(--ast-global-color-4)","background-image":"","background-repeat":"repeat","background-position":"center center","background-size":"auto","background-attachment":"scroll","background-type":"","background-media":"","overlay-type":"","overlay-color":"","overlay-opacity":"","overlay-gradient":""},"tablet":{"background-color":"var(--ast-global-color-4)","background-image":"","background-repeat":"repeat","background-position":"center center","background-size":"auto","background-attachment":"scroll","background-type":"","background-media":"","overlay-type":"","overlay-color":"","overlay-opacity":"","overlay-gradient":""},"mobile":{"background-color":"var(--ast-global-color-4)","background-image":"","background-repeat":"repeat","background-position":"center center","background-size":"auto","background-attachment":"scroll","background-type":"","background-media":"","overlay-type":"","overlay-color":"","overlay-opacity":"","overlay-gradient":""}},"footnotes":""},"categories":[1],"tags":[],"class_list":["post-1086","post","type-post","status-publish","format-standard","hentry","category-sem-categoria"],"yoast_head":"<!-- This site is optimized with the Yoast SEO plugin v26.6 - https:\/\/yoast.com\/wordpress\/plugins\/seo\/ -->\n<title>Ai, ai, iaiai!... T\u00e1 chegando a hora... De vaca desconhecer bezerro. - Joaquim Haickel<\/title>\n<meta name=\"robots\" content=\"index, follow, max-snippet:-1, max-image-preview:large, max-video-preview:-1\" \/>\n<link rel=\"canonical\" href=\"https:\/\/www.blogsoestado.com\/joaquimhaickel\/2014\/03\/13\/ai-ai-iaiai-ta-chegando-a-hora-de-vaca-desconhecer-bezerro\/\" \/>\n<meta property=\"og:locale\" content=\"pt_BR\" \/>\n<meta property=\"og:type\" content=\"article\" \/>\n<meta property=\"og:title\" content=\"Ai, ai, iaiai!... T\u00e1 chegando a hora... De vaca desconhecer bezerro. - Joaquim Haickel\" \/>\n<meta property=\"og:description\" content=\"Meses atr\u00e1s fui convidado para uma conversa com um grupo de pessoas que gostaria de debater sobre a atual conjuntura [&hellip;]\" \/>\n<meta property=\"og:url\" content=\"https:\/\/www.blogsoestado.com\/joaquimhaickel\/2014\/03\/13\/ai-ai-iaiai-ta-chegando-a-hora-de-vaca-desconhecer-bezerro\/\" \/>\n<meta property=\"og:site_name\" content=\"Joaquim Haickel\" \/>\n<meta property=\"article:published_time\" content=\"2014-03-13T05:46:27+00:00\" \/>\n<meta name=\"author\" content=\"Joaquim Haickel\" \/>\n<meta name=\"twitter:card\" content=\"summary_large_image\" \/>\n<meta name=\"twitter:label1\" content=\"Escrito por\" \/>\n\t<meta name=\"twitter:data1\" content=\"Joaquim Haickel\" \/>\n\t<meta name=\"twitter:label2\" content=\"Est. tempo de leitura\" \/>\n\t<meta name=\"twitter:data2\" content=\"5 minutos\" \/>\n<script type=\"application\/ld+json\" class=\"yoast-schema-graph\">{\"@context\":\"https:\/\/schema.org\",\"@graph\":[{\"@type\":\"WebPage\",\"@id\":\"https:\/\/www.blogsoestado.com\/joaquimhaickel\/2014\/03\/13\/ai-ai-iaiai-ta-chegando-a-hora-de-vaca-desconhecer-bezerro\/\",\"url\":\"https:\/\/www.blogsoestado.com\/joaquimhaickel\/2014\/03\/13\/ai-ai-iaiai-ta-chegando-a-hora-de-vaca-desconhecer-bezerro\/\",\"name\":\"Ai, ai, iaiai!... T\u00e1 chegando a hora... De vaca desconhecer bezerro. - Joaquim Haickel\",\"isPartOf\":{\"@id\":\"https:\/\/www.blogsoestado.com\/joaquimhaickel\/#website\"},\"datePublished\":\"2014-03-13T05:46:27+00:00\",\"author\":{\"@id\":\"https:\/\/www.blogsoestado.com\/joaquimhaickel\/#\/schema\/person\/4a711644aff28245c6c2c3452d66d325\"},\"breadcrumb\":{\"@id\":\"https:\/\/www.blogsoestado.com\/joaquimhaickel\/2014\/03\/13\/ai-ai-iaiai-ta-chegando-a-hora-de-vaca-desconhecer-bezerro\/#breadcrumb\"},\"inLanguage\":\"pt-BR\",\"potentialAction\":[{\"@type\":\"ReadAction\",\"target\":[\"https:\/\/www.blogsoestado.com\/joaquimhaickel\/2014\/03\/13\/ai-ai-iaiai-ta-chegando-a-hora-de-vaca-desconhecer-bezerro\/\"]}]},{\"@type\":\"BreadcrumbList\",\"@id\":\"https:\/\/www.blogsoestado.com\/joaquimhaickel\/2014\/03\/13\/ai-ai-iaiai-ta-chegando-a-hora-de-vaca-desconhecer-bezerro\/#breadcrumb\",\"itemListElement\":[{\"@type\":\"ListItem\",\"position\":1,\"name\":\"In\u00edcio\",\"item\":\"https:\/\/www.blogsoestado.com\/joaquimhaickel\/\"},{\"@type\":\"ListItem\",\"position\":2,\"name\":\"Ai, ai, iaiai!&#8230; T\u00e1 chegando a hora&#8230; De vaca desconhecer bezerro.\"}]},{\"@type\":\"WebSite\",\"@id\":\"https:\/\/www.blogsoestado.com\/joaquimhaickel\/#website\",\"url\":\"https:\/\/www.blogsoestado.com\/joaquimhaickel\/\",\"name\":\"Joaquim Haickel\",\"description\":\"\",\"potentialAction\":[{\"@type\":\"SearchAction\",\"target\":{\"@type\":\"EntryPoint\",\"urlTemplate\":\"https:\/\/www.blogsoestado.com\/joaquimhaickel\/?s={search_term_string}\"},\"query-input\":{\"@type\":\"PropertyValueSpecification\",\"valueRequired\":true,\"valueName\":\"search_term_string\"}}],\"inLanguage\":\"pt-BR\"},{\"@type\":\"Person\",\"@id\":\"https:\/\/www.blogsoestado.com\/joaquimhaickel\/#\/schema\/person\/4a711644aff28245c6c2c3452d66d325\",\"name\":\"Joaquim Haickel\",\"image\":{\"@type\":\"ImageObject\",\"inLanguage\":\"pt-BR\",\"@id\":\"https:\/\/www.blogsoestado.com\/joaquimhaickel\/#\/schema\/person\/image\/\",\"url\":\"https:\/\/secure.gravatar.com\/avatar\/473d89339b9f8ec089adb8d5778363eb5a2ba2319956bcf0298bfd8cca04684a?s=96&d=mm&r=g\",\"contentUrl\":\"https:\/\/secure.gravatar.com\/avatar\/473d89339b9f8ec089adb8d5778363eb5a2ba2319956bcf0298bfd8cca04684a?s=96&d=mm&r=g\",\"caption\":\"Joaquim Haickel\"},\"url\":\"https:\/\/www.blogsoestado.com\/joaquimhaickel\/author\/joaquimhaickel\/\"}]}<\/script>\n<!-- \/ Yoast SEO plugin. -->","yoast_head_json":{"title":"Ai, ai, iaiai!... T\u00e1 chegando a hora... De vaca desconhecer bezerro. - Joaquim Haickel","robots":{"index":"index","follow":"follow","max-snippet":"max-snippet:-1","max-image-preview":"max-image-preview:large","max-video-preview":"max-video-preview:-1"},"canonical":"https:\/\/www.blogsoestado.com\/joaquimhaickel\/2014\/03\/13\/ai-ai-iaiai-ta-chegando-a-hora-de-vaca-desconhecer-bezerro\/","og_locale":"pt_BR","og_type":"article","og_title":"Ai, ai, iaiai!... T\u00e1 chegando a hora... De vaca desconhecer bezerro. - Joaquim Haickel","og_description":"Meses atr\u00e1s fui convidado para uma conversa com um grupo de pessoas que gostaria de debater sobre a atual conjuntura [&hellip;]","og_url":"https:\/\/www.blogsoestado.com\/joaquimhaickel\/2014\/03\/13\/ai-ai-iaiai-ta-chegando-a-hora-de-vaca-desconhecer-bezerro\/","og_site_name":"Joaquim Haickel","article_published_time":"2014-03-13T05:46:27+00:00","author":"Joaquim Haickel","twitter_card":"summary_large_image","twitter_misc":{"Escrito por":"Joaquim Haickel","Est. tempo de leitura":"5 minutos"},"schema":{"@context":"https:\/\/schema.org","@graph":[{"@type":"WebPage","@id":"https:\/\/www.blogsoestado.com\/joaquimhaickel\/2014\/03\/13\/ai-ai-iaiai-ta-chegando-a-hora-de-vaca-desconhecer-bezerro\/","url":"https:\/\/www.blogsoestado.com\/joaquimhaickel\/2014\/03\/13\/ai-ai-iaiai-ta-chegando-a-hora-de-vaca-desconhecer-bezerro\/","name":"Ai, ai, iaiai!... T\u00e1 chegando a hora... De vaca desconhecer bezerro. - Joaquim Haickel","isPartOf":{"@id":"https:\/\/www.blogsoestado.com\/joaquimhaickel\/#website"},"datePublished":"2014-03-13T05:46:27+00:00","author":{"@id":"https:\/\/www.blogsoestado.com\/joaquimhaickel\/#\/schema\/person\/4a711644aff28245c6c2c3452d66d325"},"breadcrumb":{"@id":"https:\/\/www.blogsoestado.com\/joaquimhaickel\/2014\/03\/13\/ai-ai-iaiai-ta-chegando-a-hora-de-vaca-desconhecer-bezerro\/#breadcrumb"},"inLanguage":"pt-BR","potentialAction":[{"@type":"ReadAction","target":["https:\/\/www.blogsoestado.com\/joaquimhaickel\/2014\/03\/13\/ai-ai-iaiai-ta-chegando-a-hora-de-vaca-desconhecer-bezerro\/"]}]},{"@type":"BreadcrumbList","@id":"https:\/\/www.blogsoestado.com\/joaquimhaickel\/2014\/03\/13\/ai-ai-iaiai-ta-chegando-a-hora-de-vaca-desconhecer-bezerro\/#breadcrumb","itemListElement":[{"@type":"ListItem","position":1,"name":"In\u00edcio","item":"https:\/\/www.blogsoestado.com\/joaquimhaickel\/"},{"@type":"ListItem","position":2,"name":"Ai, ai, iaiai!&#8230; T\u00e1 chegando a hora&#8230; De vaca desconhecer bezerro."}]},{"@type":"WebSite","@id":"https:\/\/www.blogsoestado.com\/joaquimhaickel\/#website","url":"https:\/\/www.blogsoestado.com\/joaquimhaickel\/","name":"Joaquim Haickel","description":"","potentialAction":[{"@type":"SearchAction","target":{"@type":"EntryPoint","urlTemplate":"https:\/\/www.blogsoestado.com\/joaquimhaickel\/?s={search_term_string}"},"query-input":{"@type":"PropertyValueSpecification","valueRequired":true,"valueName":"search_term_string"}}],"inLanguage":"pt-BR"},{"@type":"Person","@id":"https:\/\/www.blogsoestado.com\/joaquimhaickel\/#\/schema\/person\/4a711644aff28245c6c2c3452d66d325","name":"Joaquim Haickel","image":{"@type":"ImageObject","inLanguage":"pt-BR","@id":"https:\/\/www.blogsoestado.com\/joaquimhaickel\/#\/schema\/person\/image\/","url":"https:\/\/secure.gravatar.com\/avatar\/473d89339b9f8ec089adb8d5778363eb5a2ba2319956bcf0298bfd8cca04684a?s=96&d=mm&r=g","contentUrl":"https:\/\/secure.gravatar.com\/avatar\/473d89339b9f8ec089adb8d5778363eb5a2ba2319956bcf0298bfd8cca04684a?s=96&d=mm&r=g","caption":"Joaquim Haickel"},"url":"https:\/\/www.blogsoestado.com\/joaquimhaickel\/author\/joaquimhaickel\/"}]}},"jetpack_featured_media_url":"","_links":{"self":[{"href":"https:\/\/www.blogsoestado.com\/joaquimhaickel\/wp-json\/wp\/v2\/posts\/1086","targetHints":{"allow":["GET"]}}],"collection":[{"href":"https:\/\/www.blogsoestado.com\/joaquimhaickel\/wp-json\/wp\/v2\/posts"}],"about":[{"href":"https:\/\/www.blogsoestado.com\/joaquimhaickel\/wp-json\/wp\/v2\/types\/post"}],"author":[{"embeddable":true,"href":"https:\/\/www.blogsoestado.com\/joaquimhaickel\/wp-json\/wp\/v2\/users\/7"}],"replies":[{"embeddable":true,"href":"https:\/\/www.blogsoestado.com\/joaquimhaickel\/wp-json\/wp\/v2\/comments?post=1086"}],"version-history":[{"count":0,"href":"https:\/\/www.blogsoestado.com\/joaquimhaickel\/wp-json\/wp\/v2\/posts\/1086\/revisions"}],"wp:attachment":[{"href":"https:\/\/www.blogsoestado.com\/joaquimhaickel\/wp-json\/wp\/v2\/media?parent=1086"}],"wp:term":[{"taxonomy":"category","embeddable":true,"href":"https:\/\/www.blogsoestado.com\/joaquimhaickel\/wp-json\/wp\/v2\/categories?post=1086"},{"taxonomy":"post_tag","embeddable":true,"href":"https:\/\/www.blogsoestado.com\/joaquimhaickel\/wp-json\/wp\/v2\/tags?post=1086"}],"curies":[{"name":"wp","href":"https:\/\/api.w.org\/{rel}","templated":true}]}}