{"id":1093,"date":"2014-03-17T08:22:37","date_gmt":"2014-03-17T11:22:37","guid":{"rendered":"https:\/\/www.blogsoestado.com\/joaquimhaickel\/?p=1093"},"modified":"2014-03-17T08:22:37","modified_gmt":"2014-03-17T11:22:37","slug":"sedel-homenageara-dimas-e-alemao-icones-do-esporte-no-ma","status":"publish","type":"post","link":"https:\/\/www.blogsoestado.com\/joaquimhaickel\/2014\/03\/17\/sedel-homenageara-dimas-e-alemao-icones-do-esporte-no-ma\/","title":{"rendered":"Sedel homenagear\u00e1 Dimas e Alem\u00e3o, \u00edcones do esporte no MA"},"content":{"rendered":"<p align=\"left\"><strong>Raramente uso esse espa\u00e7o para falar de nosso trabalho frente \u00e0 SEDEL, mas como acredito que este seja um bom motivo, dou repercuss\u00e3o aqui da mat\u00e9ria abaixo, em homenagem, carinho e respeito ao professor Dimas e ao Alem\u00e3o.<\/strong><\/p>\n<p><img fetchpriority=\"high\" decoding=\"async\" style=\"line-height: 1.5em\" alt=\"homenagens16314peq\" src=\"http:\/\/www.esporteelazer.ma.gov.br\/files\/2014\/03\/homenagens16314peq.jpg\" width=\"300\" height=\"225\" \/><\/p>\n<p><span style=\"line-height: 1.5em\">Secret\u00e1rio<b>\u00a0<\/b>Joaquim Haickel entre Alem\u00e3o e o professor Dimas<\/span><\/p>\n<p><span style=\"line-height: 1.5em\">S\u00e3o Lu\u00eds ter\u00e1 mais uma pra\u00e7a esportiva em pouco tempo. Tudo porque a Secretaria de Estado do Esporte e Lazer (Sedel) ir\u00e1 construir o Gin\u00e1sio Poliesportivo Ant\u00f4nio Maria Zacarias Bezerra de Ara\u00fajo (Professor Dimas), em homenagem a um dos \u00edcones dos esportes do nosso Estado. O local escolhido para receber as futuras instala\u00e7\u00f5es do gin\u00e1sio foi o Complexo Esportivo e de Lazer do Outeiro da Cruz.<\/span><\/p>\n<div>\n<p>A obra da nova pra\u00e7a esportiva ser\u00e1 gerenciada pela Caixa Econ\u00f4mica Federal, uma vez que os recursos para a constru\u00e7\u00e3o do gin\u00e1sio foram obtidos pelo deputado federal Chiquinho Esc\u00f3rcio (PMDB\/MA).<\/p>\n<p>De acordo com o secret\u00e1rio de Esporte e Lazer, Joaquim Haickel, o Gin\u00e1sio Dimas ser\u00e1 um local para a realiza\u00e7\u00e3o de treinos e competi\u00e7\u00f5es de diversas modalidades. \u201cEste gin\u00e1sio ser\u00e1 utilizado por in\u00fameras Federa\u00e7\u00f5es. O nosso objetivo \u00e9 proporcionar aos nossos atletas mais um local para que eles possam treinar e competir. Dar a esta pra\u00e7a o nome do Professor Dimas, \u00e9 uma justa homenagem \u00e0quele educador esportivo que foi respons\u00e1vel pela inicia\u00e7\u00e3o de muitos dos nossos grandes atletas\u201d, comentou.<\/p>\n<p>Gin\u00e1sio Alem\u00e3o<\/p>\n<p>A Secretaria de Estado do Esporte Lazer (Sedel) tamb\u00e9m ir\u00e1 reconstruir o gin\u00e1sio do bairro da Liberdade, em S\u00e3o Lu\u00eds. Para isso, a Sedel firmou uma parceria com a Secretaria Municipal de Esporte e Lazer (Semdel) por interm\u00e9dio da Lei de Incentivo ao Esporte.<\/p>\n<p>Haickel j\u00e1 sugeriu ao secret\u00e1rio Raimundo Penha (Semdel) que o novo gin\u00e1sio do bairro da Liberdade receba o nome de Gin\u00e1sio Claudio Vaz dos Santos (Alem\u00e3o), em homenagem a um dos idealizadores dos Jogos Escolares Maranhenses (JEMs), mais importante competi\u00e7\u00e3o esportiva de nosso Estado. Penha j\u00e1 concordou e pedir\u00e1 ao vereador Ivaldo Rodrigues que apresente uma lei nesse sentido.<\/p>\n<p>\u201c\u00c9 importante homenagear aqueles que muito fizeram pelo esporte maranhense. Tanto o Professor Dimas, quanto o Alem\u00e3o, t\u00eam uma import\u00e2ncia muito grande para o esporte do Maranh\u00e3o\u201d, comentou o secret\u00e1rio.<\/p>\n<p>Vale destacar que estas n\u00e3o s\u00e3o as primeiras homenagens feitas pela Sedel para os professores Dimas e Claudio Vaz. Em 2012, a dupla foi homenageada nos Jogos Escolares Maranhenses (JEMs). Na \u00e9poca, o secret\u00e1rio de Esporte e Lazer, Joaquim Haickel, deu aos trof\u00e9us das escolas campe\u00e3s nos JEMs nas categorias Infantil e Infanto os nomes destes \u00edcones do esporte maranhense.<\/p>\n<p>&nbsp;<\/p>\n<p>http:\/\/www.esporteelazer.ma.gov.br\/2014\/03\/16\/sedel-homenageara-dimas-e-alemao-icones-do-esporte-maranhense\/<\/p>\n<p><b style=\"line-height: 1.5em\">Texto<\/b><span style=\"line-height: 1.5em\">:\u00a0Paulo de Tarso Jr.<\/span><\/p>\n<p><b><b>\u00a0Foto<\/b>:\u00a0\u00a0<\/b>Biaman Prado<\/p>\n<\/div>\n","protected":false},"excerpt":{"rendered":"<p>Raramente uso esse espa\u00e7o para falar de nosso trabalho frente \u00e0 SEDEL, mas como acredito que este seja um bom [&hellip;]<\/p>\n","protected":false},"author":7,"featured_media":0,"comment_status":"open","ping_status":"open","sticky":false,"template":"","format":"standard","meta":{"site-sidebar-layout":"default","site-content-layout":"","ast-site-content-layout":"default","site-content-style":"default","site-sidebar-style":"default","ast-global-header-display":"","ast-banner-title-visibility":"","ast-main-header-display":"","ast-hfb-above-header-display":"","ast-hfb-below-header-display":"","ast-hfb-mobile-header-display":"","site-post-title":"","ast-breadcrumbs-content":"","ast-featured-img":"","footer-sml-layout":"","ast-disable-related-posts":"","theme-transparent-header-meta":"","adv-header-id-meta":"","stick-header-meta":"","header-above-stick-meta":"","header-main-stick-meta":"","header-below-stick-meta":"","astra-migrate-meta-layouts":"default","ast-page-background-enabled":"default","ast-page-background-meta":{"desktop":{"background-color":"var(--ast-global-color-5)","background-image":"","background-repeat":"repeat","background-position":"center center","background-size":"auto","background-attachment":"scroll","background-type":"","background-media":"","overlay-type":"","overlay-color":"","overlay-opacity":"","overlay-gradient":""},"tablet":{"background-color":"","background-image":"","background-repeat":"repeat","background-position":"center center","background-size":"auto","background-attachment":"scroll","background-type":"","background-media":"","overlay-type":"","overlay-color":"","overlay-opacity":"","overlay-gradient":""},"mobile":{"background-color":"","background-image":"","background-repeat":"repeat","background-position":"center center","background-size":"auto","background-attachment":"scroll","background-type":"","background-media":"","overlay-type":"","overlay-color":"","overlay-opacity":"","overlay-gradient":""}},"ast-content-background-meta":{"desktop":{"background-color":"var(--ast-global-color-4)","background-image":"","background-repeat":"repeat","background-position":"center center","background-size":"auto","background-attachment":"scroll","background-type":"","background-media":"","overlay-type":"","overlay-color":"","overlay-opacity":"","overlay-gradient":""},"tablet":{"background-color":"var(--ast-global-color-4)","background-image":"","background-repeat":"repeat","background-position":"center center","background-size":"auto","background-attachment":"scroll","background-type":"","background-media":"","overlay-type":"","overlay-color":"","overlay-opacity":"","overlay-gradient":""},"mobile":{"background-color":"var(--ast-global-color-4)","background-image":"","background-repeat":"repeat","background-position":"center center","background-size":"auto","background-attachment":"scroll","background-type":"","background-media":"","overlay-type":"","overlay-color":"","overlay-opacity":"","overlay-gradient":""}},"footnotes":""},"categories":[1],"tags":[],"class_list":["post-1093","post","type-post","status-publish","format-standard","hentry","category-sem-categoria"],"yoast_head":"<!-- This site is optimized with the Yoast SEO plugin v26.6 - https:\/\/yoast.com\/wordpress\/plugins\/seo\/ -->\n<title>Sedel homenagear\u00e1 Dimas e Alem\u00e3o, \u00edcones do esporte no MA - Joaquim Haickel<\/title>\n<meta name=\"robots\" content=\"index, follow, max-snippet:-1, max-image-preview:large, max-video-preview:-1\" \/>\n<link rel=\"canonical\" href=\"https:\/\/www.blogsoestado.com\/joaquimhaickel\/2014\/03\/17\/sedel-homenageara-dimas-e-alemao-icones-do-esporte-no-ma\/\" \/>\n<meta property=\"og:locale\" content=\"pt_BR\" \/>\n<meta property=\"og:type\" content=\"article\" \/>\n<meta property=\"og:title\" content=\"Sedel homenagear\u00e1 Dimas e Alem\u00e3o, \u00edcones do esporte no MA - Joaquim Haickel\" \/>\n<meta property=\"og:description\" content=\"Raramente uso esse espa\u00e7o para falar de nosso trabalho frente \u00e0 SEDEL, mas como acredito que este seja um bom [&hellip;]\" \/>\n<meta property=\"og:url\" content=\"https:\/\/www.blogsoestado.com\/joaquimhaickel\/2014\/03\/17\/sedel-homenageara-dimas-e-alemao-icones-do-esporte-no-ma\/\" \/>\n<meta property=\"og:site_name\" content=\"Joaquim Haickel\" \/>\n<meta property=\"article:published_time\" content=\"2014-03-17T11:22:37+00:00\" \/>\n<meta property=\"og:image\" content=\"http:\/\/www.esporteelazer.ma.gov.br\/files\/2014\/03\/homenagens16314peq.jpg\" \/>\n<meta name=\"author\" content=\"Joaquim Haickel\" \/>\n<meta name=\"twitter:card\" content=\"summary_large_image\" \/>\n<meta name=\"twitter:label1\" content=\"Escrito por\" \/>\n\t<meta name=\"twitter:data1\" content=\"Joaquim Haickel\" \/>\n\t<meta name=\"twitter:label2\" content=\"Est. tempo de leitura\" \/>\n\t<meta name=\"twitter:data2\" content=\"2 minutos\" \/>\n<script type=\"application\/ld+json\" class=\"yoast-schema-graph\">{\"@context\":\"https:\/\/schema.org\",\"@graph\":[{\"@type\":\"WebPage\",\"@id\":\"https:\/\/www.blogsoestado.com\/joaquimhaickel\/2014\/03\/17\/sedel-homenageara-dimas-e-alemao-icones-do-esporte-no-ma\/\",\"url\":\"https:\/\/www.blogsoestado.com\/joaquimhaickel\/2014\/03\/17\/sedel-homenageara-dimas-e-alemao-icones-do-esporte-no-ma\/\",\"name\":\"Sedel homenagear\u00e1 Dimas e Alem\u00e3o, \u00edcones do esporte no MA - Joaquim Haickel\",\"isPartOf\":{\"@id\":\"https:\/\/www.blogsoestado.com\/joaquimhaickel\/#website\"},\"primaryImageOfPage\":{\"@id\":\"https:\/\/www.blogsoestado.com\/joaquimhaickel\/2014\/03\/17\/sedel-homenageara-dimas-e-alemao-icones-do-esporte-no-ma\/#primaryimage\"},\"image\":{\"@id\":\"https:\/\/www.blogsoestado.com\/joaquimhaickel\/2014\/03\/17\/sedel-homenageara-dimas-e-alemao-icones-do-esporte-no-ma\/#primaryimage\"},\"thumbnailUrl\":\"http:\/\/www.esporteelazer.ma.gov.br\/files\/2014\/03\/homenagens16314peq.jpg\",\"datePublished\":\"2014-03-17T11:22:37+00:00\",\"author\":{\"@id\":\"https:\/\/www.blogsoestado.com\/joaquimhaickel\/#\/schema\/person\/4a711644aff28245c6c2c3452d66d325\"},\"breadcrumb\":{\"@id\":\"https:\/\/www.blogsoestado.com\/joaquimhaickel\/2014\/03\/17\/sedel-homenageara-dimas-e-alemao-icones-do-esporte-no-ma\/#breadcrumb\"},\"inLanguage\":\"pt-BR\",\"potentialAction\":[{\"@type\":\"ReadAction\",\"target\":[\"https:\/\/www.blogsoestado.com\/joaquimhaickel\/2014\/03\/17\/sedel-homenageara-dimas-e-alemao-icones-do-esporte-no-ma\/\"]}]},{\"@type\":\"ImageObject\",\"inLanguage\":\"pt-BR\",\"@id\":\"https:\/\/www.blogsoestado.com\/joaquimhaickel\/2014\/03\/17\/sedel-homenageara-dimas-e-alemao-icones-do-esporte-no-ma\/#primaryimage\",\"url\":\"http:\/\/www.esporteelazer.ma.gov.br\/files\/2014\/03\/homenagens16314peq.jpg\",\"contentUrl\":\"http:\/\/www.esporteelazer.ma.gov.br\/files\/2014\/03\/homenagens16314peq.jpg\"},{\"@type\":\"BreadcrumbList\",\"@id\":\"https:\/\/www.blogsoestado.com\/joaquimhaickel\/2014\/03\/17\/sedel-homenageara-dimas-e-alemao-icones-do-esporte-no-ma\/#breadcrumb\",\"itemListElement\":[{\"@type\":\"ListItem\",\"position\":1,\"name\":\"In\u00edcio\",\"item\":\"https:\/\/www.blogsoestado.com\/joaquimhaickel\/\"},{\"@type\":\"ListItem\",\"position\":2,\"name\":\"Sedel homenagear\u00e1 Dimas e Alem\u00e3o, \u00edcones do esporte no MA\"}]},{\"@type\":\"WebSite\",\"@id\":\"https:\/\/www.blogsoestado.com\/joaquimhaickel\/#website\",\"url\":\"https:\/\/www.blogsoestado.com\/joaquimhaickel\/\",\"name\":\"Joaquim Haickel\",\"description\":\"\",\"potentialAction\":[{\"@type\":\"SearchAction\",\"target\":{\"@type\":\"EntryPoint\",\"urlTemplate\":\"https:\/\/www.blogsoestado.com\/joaquimhaickel\/?s={search_term_string}\"},\"query-input\":{\"@type\":\"PropertyValueSpecification\",\"valueRequired\":true,\"valueName\":\"search_term_string\"}}],\"inLanguage\":\"pt-BR\"},{\"@type\":\"Person\",\"@id\":\"https:\/\/www.blogsoestado.com\/joaquimhaickel\/#\/schema\/person\/4a711644aff28245c6c2c3452d66d325\",\"name\":\"Joaquim Haickel\",\"image\":{\"@type\":\"ImageObject\",\"inLanguage\":\"pt-BR\",\"@id\":\"https:\/\/www.blogsoestado.com\/joaquimhaickel\/#\/schema\/person\/image\/\",\"url\":\"https:\/\/secure.gravatar.com\/avatar\/473d89339b9f8ec089adb8d5778363eb5a2ba2319956bcf0298bfd8cca04684a?s=96&d=mm&r=g\",\"contentUrl\":\"https:\/\/secure.gravatar.com\/avatar\/473d89339b9f8ec089adb8d5778363eb5a2ba2319956bcf0298bfd8cca04684a?s=96&d=mm&r=g\",\"caption\":\"Joaquim Haickel\"},\"url\":\"https:\/\/www.blogsoestado.com\/joaquimhaickel\/author\/joaquimhaickel\/\"}]}<\/script>\n<!-- \/ Yoast SEO plugin. -->","yoast_head_json":{"title":"Sedel homenagear\u00e1 Dimas e Alem\u00e3o, \u00edcones do esporte no MA - Joaquim Haickel","robots":{"index":"index","follow":"follow","max-snippet":"max-snippet:-1","max-image-preview":"max-image-preview:large","max-video-preview":"max-video-preview:-1"},"canonical":"https:\/\/www.blogsoestado.com\/joaquimhaickel\/2014\/03\/17\/sedel-homenageara-dimas-e-alemao-icones-do-esporte-no-ma\/","og_locale":"pt_BR","og_type":"article","og_title":"Sedel homenagear\u00e1 Dimas e Alem\u00e3o, \u00edcones do esporte no MA - Joaquim Haickel","og_description":"Raramente uso esse espa\u00e7o para falar de nosso trabalho frente \u00e0 SEDEL, mas como acredito que este seja um bom [&hellip;]","og_url":"https:\/\/www.blogsoestado.com\/joaquimhaickel\/2014\/03\/17\/sedel-homenageara-dimas-e-alemao-icones-do-esporte-no-ma\/","og_site_name":"Joaquim Haickel","article_published_time":"2014-03-17T11:22:37+00:00","og_image":[{"url":"http:\/\/www.esporteelazer.ma.gov.br\/files\/2014\/03\/homenagens16314peq.jpg","type":"","width":"","height":""}],"author":"Joaquim Haickel","twitter_card":"summary_large_image","twitter_misc":{"Escrito por":"Joaquim Haickel","Est. tempo de leitura":"2 minutos"},"schema":{"@context":"https:\/\/schema.org","@graph":[{"@type":"WebPage","@id":"https:\/\/www.blogsoestado.com\/joaquimhaickel\/2014\/03\/17\/sedel-homenageara-dimas-e-alemao-icones-do-esporte-no-ma\/","url":"https:\/\/www.blogsoestado.com\/joaquimhaickel\/2014\/03\/17\/sedel-homenageara-dimas-e-alemao-icones-do-esporte-no-ma\/","name":"Sedel homenagear\u00e1 Dimas e Alem\u00e3o, \u00edcones do esporte no MA - Joaquim Haickel","isPartOf":{"@id":"https:\/\/www.blogsoestado.com\/joaquimhaickel\/#website"},"primaryImageOfPage":{"@id":"https:\/\/www.blogsoestado.com\/joaquimhaickel\/2014\/03\/17\/sedel-homenageara-dimas-e-alemao-icones-do-esporte-no-ma\/#primaryimage"},"image":{"@id":"https:\/\/www.blogsoestado.com\/joaquimhaickel\/2014\/03\/17\/sedel-homenageara-dimas-e-alemao-icones-do-esporte-no-ma\/#primaryimage"},"thumbnailUrl":"http:\/\/www.esporteelazer.ma.gov.br\/files\/2014\/03\/homenagens16314peq.jpg","datePublished":"2014-03-17T11:22:37+00:00","author":{"@id":"https:\/\/www.blogsoestado.com\/joaquimhaickel\/#\/schema\/person\/4a711644aff28245c6c2c3452d66d325"},"breadcrumb":{"@id":"https:\/\/www.blogsoestado.com\/joaquimhaickel\/2014\/03\/17\/sedel-homenageara-dimas-e-alemao-icones-do-esporte-no-ma\/#breadcrumb"},"inLanguage":"pt-BR","potentialAction":[{"@type":"ReadAction","target":["https:\/\/www.blogsoestado.com\/joaquimhaickel\/2014\/03\/17\/sedel-homenageara-dimas-e-alemao-icones-do-esporte-no-ma\/"]}]},{"@type":"ImageObject","inLanguage":"pt-BR","@id":"https:\/\/www.blogsoestado.com\/joaquimhaickel\/2014\/03\/17\/sedel-homenageara-dimas-e-alemao-icones-do-esporte-no-ma\/#primaryimage","url":"http:\/\/www.esporteelazer.ma.gov.br\/files\/2014\/03\/homenagens16314peq.jpg","contentUrl":"http:\/\/www.esporteelazer.ma.gov.br\/files\/2014\/03\/homenagens16314peq.jpg"},{"@type":"BreadcrumbList","@id":"https:\/\/www.blogsoestado.com\/joaquimhaickel\/2014\/03\/17\/sedel-homenageara-dimas-e-alemao-icones-do-esporte-no-ma\/#breadcrumb","itemListElement":[{"@type":"ListItem","position":1,"name":"In\u00edcio","item":"https:\/\/www.blogsoestado.com\/joaquimhaickel\/"},{"@type":"ListItem","position":2,"name":"Sedel homenagear\u00e1 Dimas e Alem\u00e3o, \u00edcones do esporte no MA"}]},{"@type":"WebSite","@id":"https:\/\/www.blogsoestado.com\/joaquimhaickel\/#website","url":"https:\/\/www.blogsoestado.com\/joaquimhaickel\/","name":"Joaquim Haickel","description":"","potentialAction":[{"@type":"SearchAction","target":{"@type":"EntryPoint","urlTemplate":"https:\/\/www.blogsoestado.com\/joaquimhaickel\/?s={search_term_string}"},"query-input":{"@type":"PropertyValueSpecification","valueRequired":true,"valueName":"search_term_string"}}],"inLanguage":"pt-BR"},{"@type":"Person","@id":"https:\/\/www.blogsoestado.com\/joaquimhaickel\/#\/schema\/person\/4a711644aff28245c6c2c3452d66d325","name":"Joaquim Haickel","image":{"@type":"ImageObject","inLanguage":"pt-BR","@id":"https:\/\/www.blogsoestado.com\/joaquimhaickel\/#\/schema\/person\/image\/","url":"https:\/\/secure.gravatar.com\/avatar\/473d89339b9f8ec089adb8d5778363eb5a2ba2319956bcf0298bfd8cca04684a?s=96&d=mm&r=g","contentUrl":"https:\/\/secure.gravatar.com\/avatar\/473d89339b9f8ec089adb8d5778363eb5a2ba2319956bcf0298bfd8cca04684a?s=96&d=mm&r=g","caption":"Joaquim Haickel"},"url":"https:\/\/www.blogsoestado.com\/joaquimhaickel\/author\/joaquimhaickel\/"}]}},"jetpack_featured_media_url":"","_links":{"self":[{"href":"https:\/\/www.blogsoestado.com\/joaquimhaickel\/wp-json\/wp\/v2\/posts\/1093","targetHints":{"allow":["GET"]}}],"collection":[{"href":"https:\/\/www.blogsoestado.com\/joaquimhaickel\/wp-json\/wp\/v2\/posts"}],"about":[{"href":"https:\/\/www.blogsoestado.com\/joaquimhaickel\/wp-json\/wp\/v2\/types\/post"}],"author":[{"embeddable":true,"href":"https:\/\/www.blogsoestado.com\/joaquimhaickel\/wp-json\/wp\/v2\/users\/7"}],"replies":[{"embeddable":true,"href":"https:\/\/www.blogsoestado.com\/joaquimhaickel\/wp-json\/wp\/v2\/comments?post=1093"}],"version-history":[{"count":0,"href":"https:\/\/www.blogsoestado.com\/joaquimhaickel\/wp-json\/wp\/v2\/posts\/1093\/revisions"}],"wp:attachment":[{"href":"https:\/\/www.blogsoestado.com\/joaquimhaickel\/wp-json\/wp\/v2\/media?parent=1093"}],"wp:term":[{"taxonomy":"category","embeddable":true,"href":"https:\/\/www.blogsoestado.com\/joaquimhaickel\/wp-json\/wp\/v2\/categories?post=1093"},{"taxonomy":"post_tag","embeddable":true,"href":"https:\/\/www.blogsoestado.com\/joaquimhaickel\/wp-json\/wp\/v2\/tags?post=1093"}],"curies":[{"name":"wp","href":"https:\/\/api.w.org\/{rel}","templated":true}]}}