{"id":1114,"date":"2014-04-20T02:26:45","date_gmt":"2014-04-20T05:26:45","guid":{"rendered":"https:\/\/www.blogsoestado.com\/joaquimhaickel\/?p=1114"},"modified":"2014-04-20T02:26:45","modified_gmt":"2014-04-20T05:26:45","slug":"trabalhando-na-pascoa","status":"publish","type":"post","link":"https:\/\/www.blogsoestado.com\/joaquimhaickel\/2014\/04\/20\/trabalhando-na-pascoa\/","title":{"rendered":"Trabalhando na P\u00e1scoa"},"content":{"rendered":"<p style=\"text-align: left;\" align=\"center\">Muitas coisas importantes ainda est\u00e3o por acontecer nestes cinco meses que antecedem a elei\u00e7\u00e3o de outubro pr\u00f3ximo. Gostaria de comentar hoje sobre tr\u00eas delas. Coisas como uma importante e necess\u00e1ria reforma pol\u00edtica que deve ser implementada logo. \u00c9 l\u00f3gico que isso deve acontecer em comum acordo com a governadora, com o candidato a governador e principalmente com os pol\u00edticos.<\/p>\n<p>Nesse ponto \u00e9 necess\u00e1rio dizer que n\u00e3o adianta falarmos agora dos erros cometidos at\u00e9 aqui, eles s\u00e3o importantes principalmente para que nos lembremos que n\u00e3o podemos repeti-los e que devemos remedi\u00e1-los de forma eficiente, eficaz e efetiva.<\/p>\n<p>\u00c9 in-dis-pen-s\u00e1-vel que a governadora Roseana deseje fazer isso. Que ela se disponha a realizar a\u00e7\u00f5es que possam aproximar o governo dos partidos e estes da popula\u00e7\u00e3o. \u00c9 indispens\u00e1vel que os pol\u00edticos entendam que eles s\u00e3o importantes, mas que eles n\u00e3o podem acarretar dificuldades neste momento, devem ser a solu\u00e7\u00e3o, na melhor concep\u00e7\u00e3o da palavra.<\/p>\n<p>Nesse intuito, partidos que n\u00e3o tiverem guarida na chapa de Dino podem ser guinados ao governo.<\/p>\n<p>Imagine a decep\u00e7\u00e3o do PDT se n\u00e3o indicar o vice? Ou do PSDB? Como fica a Eliziane se n\u00e3o figurar na composi\u00e7\u00e3o? At\u00e9 mesmo partidos da nossa base precisam se sentir mais motivados.<\/p>\n<p>Motiva\u00e7\u00e3o \u00e9 o que parece ter mudado nesse quadro atual. H\u00e1 um clima de entusiasmo que pode e deve contagiar a todos que pretendem fazer uma renova\u00e7\u00e3o verdadeira em nosso grupo e em nosso Estado.<\/p>\n<p>\u00c9 nessa hora que o governo pode ampliar a base de apoio ao seus candidatos majorit\u00e1rios.<\/p>\n<p>A\u00e7\u00f5es como estas podem ser realizadas desde logo nas seguintes secretarias, principalmente por algumas delas estarem sendo ocupadas interinamente: Educa\u00e7\u00e3o, Cidades, Infraestrutura, Seguran\u00e7a, Assuntos Pol\u00edticos, Gest\u00e3o e Previd\u00eancia, Trabalho, Assuntos Estrat\u00e9gicos, Programas Especiais, Representa\u00e7\u00e3o Institucional, Juventude, e Pol\u00edticas P\u00fablicas.<\/p>\n<p>Outra importante a\u00e7\u00e3o que dever\u00e1 ser realizada \u00e9 a forma\u00e7\u00e3o da chapa majorit\u00e1ria. Existem pelo menos tr\u00eas cen\u00e1rios que devem ser analisados e considerados.<\/p>\n<p>Cen\u00e1rio 1. Governador: do PMDB (Lob\u00e3o Filho); vice: do PT (Z\u00e9 Carlos, Helena, Monteiro ou ?); senador: do PMDB (Lu\u00eds Fernando, Gast\u00e3o ou Arnaldo); primeiro suplente: do PMDB (Jo\u00e3o Abreu); segundo suplente: do PMDB ou do PTB (?).<\/p>\n<p>Esse \u00e9 o cen\u00e1rio que est\u00e1 previsto inicialmente, mas que pode ser mudado, principalmente porque o PT vislumbra a possibilidade de trocar o cargo de vice pelo de primeiro suplente de senador, como veremos no exemplo abaixo.<\/p>\n<p>Cen\u00e1rio 2. Governador: do PMDB (Lob\u00e3o Filho); vice: do PMDB (Jo\u00e3o Abreu); senador: do PMDB (Lu\u00eds Fernando, Gast\u00e3o ou Arnaldo Melo); primeiro suplente: do PT (Z\u00e9 Carlos, Helena, Monteiro ou ?); segundo suplente: do PMDB ou do PTB (?).<\/p>\n<p>Nessa op\u00e7\u00e3o o PT, caso efetive-se a troca da vice pela primeira supl\u00eancia de senador, poder\u00e1 acabar tendo um senador a mais no Congresso. Se o candidato ao Senado for algu\u00e9m que possa ser guinado a uma secretaria de estado ou a um minist\u00e9rio, o caminho fica livre para a realiza\u00e7\u00e3o desse intento.<\/p>\n<p>Cen\u00e1rio 3. Governador: do PMDB (Lob\u00e3o Filho); vice: do PDT, do PPS ou do PSDB (?); senador: do PMDB (Lu\u00eds Fernando, Gast\u00e3o ou Arnaldo); primeiro suplente: do PT (Z\u00e9 Carlos, Helena, Monteiro ou ?); segundo suplente: do PDT ou do PPS, ou do PSDB (?).<\/p>\n<p>Nessa hip\u00f3tese se sacrificaria mais uma vez o excelente quadro Jo\u00e3o Abreu, em nome de uma melhor possibilidade de vit\u00f3ria. Infelizmente, mas \u00e9 do jogo!<\/p>\n<p>No caso de um acordo com o PPS de Eliziane, pode ser feito um acordo que envolva tamb\u00e9m a elei\u00e7\u00e3o de prefeito de S\u00e3o Lu\u00eds em 2016, j\u00e1 que ela precisa de apoio e n\u00f3s precisamos de um bom candidato.<\/p>\n<p>Aquilo que parece pequeno ou pouco importante acaba se notabilizando como as melhores solu\u00e7\u00f5es. S\u00f3 precisa ser cogitado e conversado. A conversa \u00e9 a base de toda boa decis\u00e3o, seja na pol\u00edtica ou em qualquer outro setor da vida.<\/p>\n<p>Boas coliga\u00e7\u00f5es podem viabilizar as candidaturas de deputados federais e estaduais, fazendo com que estes se sintam mais \u00e0 vontade de coligar-se a um grupo onde suas chances de elei\u00e7\u00e3o sejam maiores, logo este \u00e9 um outro bom atrativo.<\/p>\n<p>Vejamos algumas das poss\u00edveis coliga\u00e7\u00f5es para deputado federal:<\/p>\n<p>Governo 1: PMDB \/ PV \/ PRB \/ PTB \/ PRP \/ PEN \/ PSD\/ ???\u00a0(6);<\/p>\n<p>Governo 2: PT \/ PSL \/ PR \/ PSC \/ PDT ou PPS ou PSDB \/ ??? (5);<\/p>\n<p>Governo 3: PT do B \/ PTN \/ PRTB \/ PMN \/ PHS \/ DEM \/ PSDC \/ ??? (2);<\/p>\n<p>Oposi\u00e7\u00e3o 1: PC do B \/ PSB \/ PP \/ SD \/ PTC \/ PROS \/ ??? (5);<\/p>\n<p>Oposi\u00e7\u00e3o 2: PSOL \/ PCB \/ PSTU \/ ??? (0);<\/p>\n<p>N\u00e3o vou fazer nenhuma an\u00e1lise sobre as poss\u00edveis coliga\u00e7\u00f5es para deputado estadual, pois elas carecem de estudos muito pontuais e minuciosos que podem ser decisivos nestas op\u00e7\u00f5es.<\/p>\n<p>J\u00e1 disse v\u00e1rias vezes que os ensinamentos do grande fil\u00f3sofo do futebol Nen\u00e9m Prancha s\u00e3o maravilhosamente bem aproveit\u00e1veis na pol\u00edtica: quem pede, recebe, quem se desloca tem prefer\u00eancia. Significa dizer que quem n\u00e3o pede n\u00e3o recebe, quem n\u00e3o conversa n\u00e3o amplia seus apoios. Quem n\u00e3o se movimenta, n\u00e3o \u00e9 visto e quem n\u00e3o \u00e9 visto n\u00e3o \u00e9 lembrado.<\/p>\n<p>&nbsp;<\/p>\n<p>&nbsp;<\/p>\n<p>&nbsp;<\/p>\n<p>&nbsp;<\/p>\n<p>&nbsp;<\/p>\n<p>&nbsp;<\/p>\n<p align=\"center\">\n","protected":false},"excerpt":{"rendered":"<p>Muitas coisas importantes ainda est\u00e3o por acontecer nestes cinco meses que antecedem a elei\u00e7\u00e3o de outubro pr\u00f3ximo. Gostaria de comentar [&hellip;]<\/p>\n","protected":false},"author":7,"featured_media":0,"comment_status":"open","ping_status":"open","sticky":false,"template":"","format":"standard","meta":{"site-sidebar-layout":"default","site-content-layout":"","ast-site-content-layout":"default","site-content-style":"default","site-sidebar-style":"default","ast-global-header-display":"","ast-banner-title-visibility":"","ast-main-header-display":"","ast-hfb-above-header-display":"","ast-hfb-below-header-display":"","ast-hfb-mobile-header-display":"","site-post-title":"","ast-breadcrumbs-content":"","ast-featured-img":"","footer-sml-layout":"","ast-disable-related-posts":"","theme-transparent-header-meta":"","adv-header-id-meta":"","stick-header-meta":"","header-above-stick-meta":"","header-main-stick-meta":"","header-below-stick-meta":"","astra-migrate-meta-layouts":"default","ast-page-background-enabled":"default","ast-page-background-meta":{"desktop":{"background-color":"var(--ast-global-color-5)","background-image":"","background-repeat":"repeat","background-position":"center center","background-size":"auto","background-attachment":"scroll","background-type":"","background-media":"","overlay-type":"","overlay-color":"","overlay-opacity":"","overlay-gradient":""},"tablet":{"background-color":"","background-image":"","background-repeat":"repeat","background-position":"center center","background-size":"auto","background-attachment":"scroll","background-type":"","background-media":"","overlay-type":"","overlay-color":"","overlay-opacity":"","overlay-gradient":""},"mobile":{"background-color":"","background-image":"","background-repeat":"repeat","background-position":"center center","background-size":"auto","background-attachment":"scroll","background-type":"","background-media":"","overlay-type":"","overlay-color":"","overlay-opacity":"","overlay-gradient":""}},"ast-content-background-meta":{"desktop":{"background-color":"var(--ast-global-color-4)","background-image":"","background-repeat":"repeat","background-position":"center center","background-size":"auto","background-attachment":"scroll","background-type":"","background-media":"","overlay-type":"","overlay-color":"","overlay-opacity":"","overlay-gradient":""},"tablet":{"background-color":"var(--ast-global-color-4)","background-image":"","background-repeat":"repeat","background-position":"center center","background-size":"auto","background-attachment":"scroll","background-type":"","background-media":"","overlay-type":"","overlay-color":"","overlay-opacity":"","overlay-gradient":""},"mobile":{"background-color":"var(--ast-global-color-4)","background-image":"","background-repeat":"repeat","background-position":"center center","background-size":"auto","background-attachment":"scroll","background-type":"","background-media":"","overlay-type":"","overlay-color":"","overlay-opacity":"","overlay-gradient":""}},"footnotes":""},"categories":[1],"tags":[],"class_list":["post-1114","post","type-post","status-publish","format-standard","hentry","category-sem-categoria"],"yoast_head":"<!-- This site is optimized with the Yoast SEO plugin v26.6 - https:\/\/yoast.com\/wordpress\/plugins\/seo\/ -->\n<title>Trabalhando na P\u00e1scoa - Joaquim Haickel<\/title>\n<meta name=\"robots\" content=\"index, follow, max-snippet:-1, max-image-preview:large, max-video-preview:-1\" \/>\n<link rel=\"canonical\" href=\"https:\/\/www.blogsoestado.com\/joaquimhaickel\/2014\/04\/20\/trabalhando-na-pascoa\/\" \/>\n<meta property=\"og:locale\" content=\"pt_BR\" \/>\n<meta property=\"og:type\" content=\"article\" \/>\n<meta property=\"og:title\" content=\"Trabalhando na P\u00e1scoa - Joaquim Haickel\" \/>\n<meta property=\"og:description\" content=\"Muitas coisas importantes ainda est\u00e3o por acontecer nestes cinco meses que antecedem a elei\u00e7\u00e3o de outubro pr\u00f3ximo. Gostaria de comentar [&hellip;]\" \/>\n<meta property=\"og:url\" content=\"https:\/\/www.blogsoestado.com\/joaquimhaickel\/2014\/04\/20\/trabalhando-na-pascoa\/\" \/>\n<meta property=\"og:site_name\" content=\"Joaquim Haickel\" \/>\n<meta property=\"article:published_time\" content=\"2014-04-20T05:26:45+00:00\" \/>\n<meta name=\"author\" content=\"Joaquim Haickel\" \/>\n<meta name=\"twitter:card\" content=\"summary_large_image\" \/>\n<meta name=\"twitter:label1\" content=\"Escrito por\" \/>\n\t<meta name=\"twitter:data1\" content=\"Joaquim Haickel\" \/>\n\t<meta name=\"twitter:label2\" content=\"Est. tempo de leitura\" \/>\n\t<meta name=\"twitter:data2\" content=\"4 minutos\" \/>\n<script type=\"application\/ld+json\" class=\"yoast-schema-graph\">{\"@context\":\"https:\/\/schema.org\",\"@graph\":[{\"@type\":\"WebPage\",\"@id\":\"https:\/\/www.blogsoestado.com\/joaquimhaickel\/2014\/04\/20\/trabalhando-na-pascoa\/\",\"url\":\"https:\/\/www.blogsoestado.com\/joaquimhaickel\/2014\/04\/20\/trabalhando-na-pascoa\/\",\"name\":\"Trabalhando na P\u00e1scoa - Joaquim Haickel\",\"isPartOf\":{\"@id\":\"https:\/\/www.blogsoestado.com\/joaquimhaickel\/#website\"},\"datePublished\":\"2014-04-20T05:26:45+00:00\",\"author\":{\"@id\":\"https:\/\/www.blogsoestado.com\/joaquimhaickel\/#\/schema\/person\/4a711644aff28245c6c2c3452d66d325\"},\"breadcrumb\":{\"@id\":\"https:\/\/www.blogsoestado.com\/joaquimhaickel\/2014\/04\/20\/trabalhando-na-pascoa\/#breadcrumb\"},\"inLanguage\":\"pt-BR\",\"potentialAction\":[{\"@type\":\"ReadAction\",\"target\":[\"https:\/\/www.blogsoestado.com\/joaquimhaickel\/2014\/04\/20\/trabalhando-na-pascoa\/\"]}]},{\"@type\":\"BreadcrumbList\",\"@id\":\"https:\/\/www.blogsoestado.com\/joaquimhaickel\/2014\/04\/20\/trabalhando-na-pascoa\/#breadcrumb\",\"itemListElement\":[{\"@type\":\"ListItem\",\"position\":1,\"name\":\"In\u00edcio\",\"item\":\"https:\/\/www.blogsoestado.com\/joaquimhaickel\/\"},{\"@type\":\"ListItem\",\"position\":2,\"name\":\"Trabalhando na P\u00e1scoa\"}]},{\"@type\":\"WebSite\",\"@id\":\"https:\/\/www.blogsoestado.com\/joaquimhaickel\/#website\",\"url\":\"https:\/\/www.blogsoestado.com\/joaquimhaickel\/\",\"name\":\"Joaquim Haickel\",\"description\":\"\",\"potentialAction\":[{\"@type\":\"SearchAction\",\"target\":{\"@type\":\"EntryPoint\",\"urlTemplate\":\"https:\/\/www.blogsoestado.com\/joaquimhaickel\/?s={search_term_string}\"},\"query-input\":{\"@type\":\"PropertyValueSpecification\",\"valueRequired\":true,\"valueName\":\"search_term_string\"}}],\"inLanguage\":\"pt-BR\"},{\"@type\":\"Person\",\"@id\":\"https:\/\/www.blogsoestado.com\/joaquimhaickel\/#\/schema\/person\/4a711644aff28245c6c2c3452d66d325\",\"name\":\"Joaquim Haickel\",\"image\":{\"@type\":\"ImageObject\",\"inLanguage\":\"pt-BR\",\"@id\":\"https:\/\/www.blogsoestado.com\/joaquimhaickel\/#\/schema\/person\/image\/\",\"url\":\"https:\/\/secure.gravatar.com\/avatar\/473d89339b9f8ec089adb8d5778363eb5a2ba2319956bcf0298bfd8cca04684a?s=96&d=mm&r=g\",\"contentUrl\":\"https:\/\/secure.gravatar.com\/avatar\/473d89339b9f8ec089adb8d5778363eb5a2ba2319956bcf0298bfd8cca04684a?s=96&d=mm&r=g\",\"caption\":\"Joaquim Haickel\"},\"url\":\"https:\/\/www.blogsoestado.com\/joaquimhaickel\/author\/joaquimhaickel\/\"}]}<\/script>\n<!-- \/ Yoast SEO plugin. -->","yoast_head_json":{"title":"Trabalhando na P\u00e1scoa - Joaquim Haickel","robots":{"index":"index","follow":"follow","max-snippet":"max-snippet:-1","max-image-preview":"max-image-preview:large","max-video-preview":"max-video-preview:-1"},"canonical":"https:\/\/www.blogsoestado.com\/joaquimhaickel\/2014\/04\/20\/trabalhando-na-pascoa\/","og_locale":"pt_BR","og_type":"article","og_title":"Trabalhando na P\u00e1scoa - Joaquim Haickel","og_description":"Muitas coisas importantes ainda est\u00e3o por acontecer nestes cinco meses que antecedem a elei\u00e7\u00e3o de outubro pr\u00f3ximo. Gostaria de comentar [&hellip;]","og_url":"https:\/\/www.blogsoestado.com\/joaquimhaickel\/2014\/04\/20\/trabalhando-na-pascoa\/","og_site_name":"Joaquim Haickel","article_published_time":"2014-04-20T05:26:45+00:00","author":"Joaquim Haickel","twitter_card":"summary_large_image","twitter_misc":{"Escrito por":"Joaquim Haickel","Est. tempo de leitura":"4 minutos"},"schema":{"@context":"https:\/\/schema.org","@graph":[{"@type":"WebPage","@id":"https:\/\/www.blogsoestado.com\/joaquimhaickel\/2014\/04\/20\/trabalhando-na-pascoa\/","url":"https:\/\/www.blogsoestado.com\/joaquimhaickel\/2014\/04\/20\/trabalhando-na-pascoa\/","name":"Trabalhando na P\u00e1scoa - Joaquim Haickel","isPartOf":{"@id":"https:\/\/www.blogsoestado.com\/joaquimhaickel\/#website"},"datePublished":"2014-04-20T05:26:45+00:00","author":{"@id":"https:\/\/www.blogsoestado.com\/joaquimhaickel\/#\/schema\/person\/4a711644aff28245c6c2c3452d66d325"},"breadcrumb":{"@id":"https:\/\/www.blogsoestado.com\/joaquimhaickel\/2014\/04\/20\/trabalhando-na-pascoa\/#breadcrumb"},"inLanguage":"pt-BR","potentialAction":[{"@type":"ReadAction","target":["https:\/\/www.blogsoestado.com\/joaquimhaickel\/2014\/04\/20\/trabalhando-na-pascoa\/"]}]},{"@type":"BreadcrumbList","@id":"https:\/\/www.blogsoestado.com\/joaquimhaickel\/2014\/04\/20\/trabalhando-na-pascoa\/#breadcrumb","itemListElement":[{"@type":"ListItem","position":1,"name":"In\u00edcio","item":"https:\/\/www.blogsoestado.com\/joaquimhaickel\/"},{"@type":"ListItem","position":2,"name":"Trabalhando na P\u00e1scoa"}]},{"@type":"WebSite","@id":"https:\/\/www.blogsoestado.com\/joaquimhaickel\/#website","url":"https:\/\/www.blogsoestado.com\/joaquimhaickel\/","name":"Joaquim Haickel","description":"","potentialAction":[{"@type":"SearchAction","target":{"@type":"EntryPoint","urlTemplate":"https:\/\/www.blogsoestado.com\/joaquimhaickel\/?s={search_term_string}"},"query-input":{"@type":"PropertyValueSpecification","valueRequired":true,"valueName":"search_term_string"}}],"inLanguage":"pt-BR"},{"@type":"Person","@id":"https:\/\/www.blogsoestado.com\/joaquimhaickel\/#\/schema\/person\/4a711644aff28245c6c2c3452d66d325","name":"Joaquim Haickel","image":{"@type":"ImageObject","inLanguage":"pt-BR","@id":"https:\/\/www.blogsoestado.com\/joaquimhaickel\/#\/schema\/person\/image\/","url":"https:\/\/secure.gravatar.com\/avatar\/473d89339b9f8ec089adb8d5778363eb5a2ba2319956bcf0298bfd8cca04684a?s=96&d=mm&r=g","contentUrl":"https:\/\/secure.gravatar.com\/avatar\/473d89339b9f8ec089adb8d5778363eb5a2ba2319956bcf0298bfd8cca04684a?s=96&d=mm&r=g","caption":"Joaquim Haickel"},"url":"https:\/\/www.blogsoestado.com\/joaquimhaickel\/author\/joaquimhaickel\/"}]}},"jetpack_featured_media_url":"","_links":{"self":[{"href":"https:\/\/www.blogsoestado.com\/joaquimhaickel\/wp-json\/wp\/v2\/posts\/1114","targetHints":{"allow":["GET"]}}],"collection":[{"href":"https:\/\/www.blogsoestado.com\/joaquimhaickel\/wp-json\/wp\/v2\/posts"}],"about":[{"href":"https:\/\/www.blogsoestado.com\/joaquimhaickel\/wp-json\/wp\/v2\/types\/post"}],"author":[{"embeddable":true,"href":"https:\/\/www.blogsoestado.com\/joaquimhaickel\/wp-json\/wp\/v2\/users\/7"}],"replies":[{"embeddable":true,"href":"https:\/\/www.blogsoestado.com\/joaquimhaickel\/wp-json\/wp\/v2\/comments?post=1114"}],"version-history":[{"count":0,"href":"https:\/\/www.blogsoestado.com\/joaquimhaickel\/wp-json\/wp\/v2\/posts\/1114\/revisions"}],"wp:attachment":[{"href":"https:\/\/www.blogsoestado.com\/joaquimhaickel\/wp-json\/wp\/v2\/media?parent=1114"}],"wp:term":[{"taxonomy":"category","embeddable":true,"href":"https:\/\/www.blogsoestado.com\/joaquimhaickel\/wp-json\/wp\/v2\/categories?post=1114"},{"taxonomy":"post_tag","embeddable":true,"href":"https:\/\/www.blogsoestado.com\/joaquimhaickel\/wp-json\/wp\/v2\/tags?post=1114"}],"curies":[{"name":"wp","href":"https:\/\/api.w.org\/{rel}","templated":true}]}}