{"id":1238,"date":"2014-09-07T02:08:47","date_gmt":"2014-09-07T05:08:47","guid":{"rendered":"https:\/\/www.blogsoestado.com\/joaquimhaickel\/?p=1238"},"modified":"2014-09-07T02:08:47","modified_gmt":"2014-09-07T05:08:47","slug":"ora-veja","status":"publish","type":"post","link":"https:\/\/www.blogsoestado.com\/joaquimhaickel\/2014\/09\/07\/ora-veja\/","title":{"rendered":"\u201cOra Veja!\u201d"},"content":{"rendered":"<p><strong>\u201cOra Veja!\u201d <\/strong><\/p>\n<p>Esta \u00e9 a express\u00e3o usada por Tet\u00e9, minha m\u00e3e de cria\u00e7\u00e3o, toda vez que ela deseja chamar aten\u00e7\u00e3o para um determinado fato. Eu a uso agora para chamar a minha pr\u00f3pria aten\u00e7\u00e3o para o fato de eu ter ativado um twitter para mim.<\/p>\n<p>Havia me proposto a ficar \u00e0 margem das redes sociais. Nada de twitter, facebook, whatsapp, instagram ou assemelhados. Para cada um tinha e tenho bons motivos para me deixar de fora.<\/p>\n<p>N\u00e3o sou o que se pode chamar de ser tecnol\u00f3gico. N\u00e3o chego a ser um neanderthal, mas me adapto muito lentamente \u00e0s novidades, principalmente \u00e0quelas que mudam meu ritmo, minha rotina.<\/p>\n<p>Adoro fotografia e a mem\u00f3ria que ela traz consigo, mas da\u00ed a ficar postando fotos no instagram, a dist\u00e2ncia \u00e9 grande. Gosto de expor minhas ideias, n\u00e3o minha figura. O \u201czapzap\u201d \u00e9 uma invas\u00e3o direta a sua individualidade. Uma esp\u00e9cie de cartaz digital, como se sua vida fosse um filme e ele um cartaz anunciando. O facebook \u00e9 a vers\u00e3o moderna dos di\u00e1rios das donzelas do s\u00e9culo XIX, onde elas escreviam o que queriam que ningu\u00e9m lesse. SQN (em linguagem das redes sociais sqn significa \u201cs\u00f3 que n\u00e3o\u201d). Hoje em dia as donzelas querem compartilhar seus di\u00e1rios e curtir os segredos contidos nos de outras pessoas.<\/p>\n<p>O twitter era o \u00fanico desses dispositivos que eu poderia cogitar em usar. \u00c9 uma evolu\u00e7\u00e3o do bilhete, da notinha, do recado. Mesmo assim eu me mantinha \u00e0 margem, pois continuo achando que isso \u00e9 uma deforma\u00e7\u00e3o, ou como queiram alguns, adapta\u00e7\u00e3o do Homo Sapiens aos novos tempos, semelhante \u00e0 dissemina\u00e7\u00e3o do uso do papel e do l\u00e1pis s\u00e9culos atr\u00e1s. Ok! Mas quem n\u00e3o deseja participar disso!? Pode, n\u00e3o pode!? Pode sim! Ou melhor, quanto a mim, podia, pois fui levado pelo imponder\u00e1vel a aderir ao twitter.<\/p>\n<p>Existem umas coisas nessas redes sociais que me incomodam muito. O fato de seguirmos as pessoas como se fiz\u00e9ssemos parte de uma seita religiosa. Seguidores de fulano ou de sicrano. Pior ainda, mais responsabilidade \u00e9 ter seguidores, ser respons\u00e1vel por pessoas que o seguem e acreditam ou at\u00e9 n\u00e3o acreditam em voc\u00ea. Incomodo-me muito mais com a segunda op\u00e7\u00e3o.<\/p>\n<p>Soube que um cidad\u00e3o, Milton Campelo, havia postado em seu twitter mensagens nas quais criticava um texto meu. At\u00e9 ai tudo bem. Escrevo um texto e o publico, logo devo estar preparado para que as pessoas que o leiam gostem ou n\u00e3o, concordem ou discordem dele.<\/p>\n<p>Acontece que existem pessoas sem no\u00e7\u00e3o, incapazes de manter um debate de forma correta. Gosto tanto de conversar com as pessoas que concordam com minhas ideias como com aquelas que discordam delas. \u00c0s vezes chego a pensar que gosto mais de ouvir pessoas que discordam daquilo que eu penso, pois com elas sou capaz de aprender mais. Pena que existam pessoas que n\u00e3o gostam de ser confrontadas em suas ideias. Essas s\u00e3o criaturas obtusas, opacas, incapazes de refletir luz.<\/p>\n<p>As quatro frases a seguir foram postadas pelo Milton:\u00a0<strong><em>Sabendo que &#8220;seu navio t\u00e1 fazendo \u00e1gua&#8221; Joaquim Haickel, faz carta de seguro em sua coluna do EMA, neste domingo.\/ Lembrando ao &#8220;imortal&#8221; Joaquim Haickel que o Porto do Itaqui \u00e9 &#8220;tratado&#8221; desde Duque de Caxias e tem perdido espa\u00e7o pro CE e PA.\/ A inefici\u00eancia global do Porto do Itaqui decorre da miopia dos governantes do Maranh\u00e3o dos \u00faltimos 50 anos. O Par\u00e1 em pouco tempo, avan\u00e7ou. \/&#8221;Voltado \u00e0s letras&#8221;, Joaquim Haickel desaprendeu as li\u00e7\u00f5es de fazer conta. Diz que seus governos somam apenas 26 anos. Ora, s\u00f3 Roseana teve 20.<\/em><\/strong><\/p>\n<p>O Milton \u00e9 o respons\u00e1vel por me fazer habilitar um twitter. Fiz para respond\u00ea-lo, n\u00e3o porque responder a ele fosse importante. O fiz s\u00f3 para ensin\u00e1-lo a contar, nada que ele dissesse para mim importaria, desde o dia em que ele quis apostar comigo como uma determinada candidata a deputada federal iria ganhar a elei\u00e7\u00e3o e eu me recusei, pois conhecer os fatos da pol\u00edtica n\u00e3o me d\u00e1 o direito de tomar balinha da m\u00e3o de um menino tolo. Se tivesse apostado com ele, eu teria ganhado, mas n\u00e3o era isso que eu queria.<\/p>\n<p>Mas voltemos ao fato em tela. Em uma cr\u00f4nica publicada aqui no JEMA comentei a bandeira e o discurso de certo grupo pol\u00edtico, disse da import\u00e2ncia do Porto de Itaqui para o nosso Estado e, entre outras coisas, provei matematicamente que dos 50 anos de dom\u00ednio da \u201coligarquia\u201d, apenas 26 poderiam ser realmente contabilizados a ela.<\/p>\n<p>O incauto deixou de lado o que disse e j\u00e1 foi afirmando que eu tirava uma carta de seguro, por meu navio estar fazendo \u00e1gua. Coment\u00e1rio de quem n\u00e3o tem argumento. A seguir, na tentativa de ofender ou ridicularizar, ele aspeia a palavra imortal e diz que nosso porto j\u00e1 era cogitado desde a Balaiada e propositalmente se esquece de dizer que apesar disso s\u00f3 saiu do papel com Z\u00e9 Sarney. Talvez vendo a bobagem que disse, comenta a inefici\u00eancia do Porto dizendo que o Cear\u00e1 e o Par\u00e1 em pouco tempo avan\u00e7aram. Mais uma vez fala bobagem, deixa de falar algo relevante. N\u00e3o diz que gra\u00e7as ao Porto de Itaqui, feito por Z\u00e9 Sarney, a bauxita do Par\u00e1 vem para o Maranh\u00e3o se transformar em alum\u00ednio. \u00c9 para esse porto que o ferro do Par\u00e1 vem para ganhar o mundo. Porque n\u00e3o fizeram isso por Bel\u00e9m? Dedinho de Sarney, ora veja!<\/p>\n<p>Mas o principal motivo de eu ter entrado no twitter foi para tentar ensinar a esse cidad\u00e3o a somar. Ele contesta o n\u00famero de anos em que cada grupo pol\u00edtico est\u00e1 \u00e0 frente do governo do Estado. Ele diz que Roseana teve 20 anos de mandato de governadora. \u00c9 burro ou maldoso.<\/p>\n<p>O certo \u00e9 que ele \u00e9 o respons\u00e1vel pelo meu primeiro twitter: \u201cRoseana teve 3 mandatos de governadora e metade de outro. Total = 14 anos e n\u00e3o 20 como voc\u00ea diz&#8230; Depois sou eu que n\u00e3o sabe contar!\u201d<\/p>\n<p>Ter um twitter n\u00e3o significa que o usarei para tudo. Quando for necess\u00e1rio colocarei meu passarinho na janela pra cantar.<\/p>\n<p>&nbsp;<\/p>\n<p>PS: Hoje faz 21 anos que n\u00e3o falo com meu pai. Se pudesse falar com ele hoje lhe diria apenas obrigado. Obrigado meu pai, por ter me dado minha m\u00e3e e com ela feito o meu irm\u00e3o. Obrigado meu pai por al\u00e9m de ter me dado vida me ensinou que o que mais vale nela n\u00e3o \u00e9 a partida ou a chegada, mas sim a caminhada. Obrigado meu pai.<\/p>\n<p>&nbsp;<\/p>\n<p>&nbsp;<\/p>\n<p>&nbsp;<\/p>\n","protected":false},"excerpt":{"rendered":"<p>\u201cOra Veja!\u201d Esta \u00e9 a express\u00e3o usada por Tet\u00e9, minha m\u00e3e de cria\u00e7\u00e3o, toda vez que ela deseja chamar aten\u00e7\u00e3o [&hellip;]<\/p>\n","protected":false},"author":7,"featured_media":0,"comment_status":"open","ping_status":"open","sticky":false,"template":"","format":"standard","meta":{"site-sidebar-layout":"default","site-content-layout":"","ast-site-content-layout":"default","site-content-style":"default","site-sidebar-style":"default","ast-global-header-display":"","ast-banner-title-visibility":"","ast-main-header-display":"","ast-hfb-above-header-display":"","ast-hfb-below-header-display":"","ast-hfb-mobile-header-display":"","site-post-title":"","ast-breadcrumbs-content":"","ast-featured-img":"","footer-sml-layout":"","ast-disable-related-posts":"","theme-transparent-header-meta":"","adv-header-id-meta":"","stick-header-meta":"","header-above-stick-meta":"","header-main-stick-meta":"","header-below-stick-meta":"","astra-migrate-meta-layouts":"default","ast-page-background-enabled":"default","ast-page-background-meta":{"desktop":{"background-color":"var(--ast-global-color-5)","background-image":"","background-repeat":"repeat","background-position":"center center","background-size":"auto","background-attachment":"scroll","background-type":"","background-media":"","overlay-type":"","overlay-color":"","overlay-opacity":"","overlay-gradient":""},"tablet":{"background-color":"","background-image":"","background-repeat":"repeat","background-position":"center center","background-size":"auto","background-attachment":"scroll","background-type":"","background-media":"","overlay-type":"","overlay-color":"","overlay-opacity":"","overlay-gradient":""},"mobile":{"background-color":"","background-image":"","background-repeat":"repeat","background-position":"center center","background-size":"auto","background-attachment":"scroll","background-type":"","background-media":"","overlay-type":"","overlay-color":"","overlay-opacity":"","overlay-gradient":""}},"ast-content-background-meta":{"desktop":{"background-color":"var(--ast-global-color-4)","background-image":"","background-repeat":"repeat","background-position":"center center","background-size":"auto","background-attachment":"scroll","background-type":"","background-media":"","overlay-type":"","overlay-color":"","overlay-opacity":"","overlay-gradient":""},"tablet":{"background-color":"var(--ast-global-color-4)","background-image":"","background-repeat":"repeat","background-position":"center center","background-size":"auto","background-attachment":"scroll","background-type":"","background-media":"","overlay-type":"","overlay-color":"","overlay-opacity":"","overlay-gradient":""},"mobile":{"background-color":"var(--ast-global-color-4)","background-image":"","background-repeat":"repeat","background-position":"center center","background-size":"auto","background-attachment":"scroll","background-type":"","background-media":"","overlay-type":"","overlay-color":"","overlay-opacity":"","overlay-gradient":""}},"footnotes":""},"categories":[1],"tags":[],"class_list":["post-1238","post","type-post","status-publish","format-standard","hentry","category-sem-categoria"],"yoast_head":"<!-- This site is optimized with the Yoast SEO plugin v26.6 - https:\/\/yoast.com\/wordpress\/plugins\/seo\/ -->\n<title>\u201cOra Veja!\u201d - Joaquim Haickel<\/title>\n<meta name=\"robots\" content=\"index, follow, max-snippet:-1, max-image-preview:large, max-video-preview:-1\" \/>\n<link rel=\"canonical\" href=\"https:\/\/www.blogsoestado.com\/joaquimhaickel\/2014\/09\/07\/ora-veja\/\" \/>\n<meta property=\"og:locale\" content=\"pt_BR\" \/>\n<meta property=\"og:type\" content=\"article\" \/>\n<meta property=\"og:title\" content=\"\u201cOra Veja!\u201d - Joaquim Haickel\" \/>\n<meta property=\"og:description\" content=\"\u201cOra Veja!\u201d Esta \u00e9 a express\u00e3o usada por Tet\u00e9, minha m\u00e3e de cria\u00e7\u00e3o, toda vez que ela deseja chamar aten\u00e7\u00e3o [&hellip;]\" \/>\n<meta property=\"og:url\" content=\"https:\/\/www.blogsoestado.com\/joaquimhaickel\/2014\/09\/07\/ora-veja\/\" \/>\n<meta property=\"og:site_name\" content=\"Joaquim Haickel\" \/>\n<meta property=\"article:published_time\" content=\"2014-09-07T05:08:47+00:00\" \/>\n<meta name=\"author\" content=\"Joaquim Haickel\" \/>\n<meta name=\"twitter:card\" content=\"summary_large_image\" \/>\n<meta name=\"twitter:label1\" content=\"Escrito por\" \/>\n\t<meta name=\"twitter:data1\" content=\"Joaquim Haickel\" \/>\n\t<meta name=\"twitter:label2\" content=\"Est. tempo de leitura\" \/>\n\t<meta name=\"twitter:data2\" content=\"6 minutos\" \/>\n<script type=\"application\/ld+json\" class=\"yoast-schema-graph\">{\"@context\":\"https:\/\/schema.org\",\"@graph\":[{\"@type\":\"WebPage\",\"@id\":\"https:\/\/www.blogsoestado.com\/joaquimhaickel\/2014\/09\/07\/ora-veja\/\",\"url\":\"https:\/\/www.blogsoestado.com\/joaquimhaickel\/2014\/09\/07\/ora-veja\/\",\"name\":\"\u201cOra Veja!\u201d - Joaquim Haickel\",\"isPartOf\":{\"@id\":\"https:\/\/www.blogsoestado.com\/joaquimhaickel\/#website\"},\"datePublished\":\"2014-09-07T05:08:47+00:00\",\"author\":{\"@id\":\"https:\/\/www.blogsoestado.com\/joaquimhaickel\/#\/schema\/person\/4a711644aff28245c6c2c3452d66d325\"},\"breadcrumb\":{\"@id\":\"https:\/\/www.blogsoestado.com\/joaquimhaickel\/2014\/09\/07\/ora-veja\/#breadcrumb\"},\"inLanguage\":\"pt-BR\",\"potentialAction\":[{\"@type\":\"ReadAction\",\"target\":[\"https:\/\/www.blogsoestado.com\/joaquimhaickel\/2014\/09\/07\/ora-veja\/\"]}]},{\"@type\":\"BreadcrumbList\",\"@id\":\"https:\/\/www.blogsoestado.com\/joaquimhaickel\/2014\/09\/07\/ora-veja\/#breadcrumb\",\"itemListElement\":[{\"@type\":\"ListItem\",\"position\":1,\"name\":\"In\u00edcio\",\"item\":\"https:\/\/www.blogsoestado.com\/joaquimhaickel\/\"},{\"@type\":\"ListItem\",\"position\":2,\"name\":\"\u201cOra Veja!\u201d\"}]},{\"@type\":\"WebSite\",\"@id\":\"https:\/\/www.blogsoestado.com\/joaquimhaickel\/#website\",\"url\":\"https:\/\/www.blogsoestado.com\/joaquimhaickel\/\",\"name\":\"Joaquim Haickel\",\"description\":\"\",\"potentialAction\":[{\"@type\":\"SearchAction\",\"target\":{\"@type\":\"EntryPoint\",\"urlTemplate\":\"https:\/\/www.blogsoestado.com\/joaquimhaickel\/?s={search_term_string}\"},\"query-input\":{\"@type\":\"PropertyValueSpecification\",\"valueRequired\":true,\"valueName\":\"search_term_string\"}}],\"inLanguage\":\"pt-BR\"},{\"@type\":\"Person\",\"@id\":\"https:\/\/www.blogsoestado.com\/joaquimhaickel\/#\/schema\/person\/4a711644aff28245c6c2c3452d66d325\",\"name\":\"Joaquim Haickel\",\"image\":{\"@type\":\"ImageObject\",\"inLanguage\":\"pt-BR\",\"@id\":\"https:\/\/www.blogsoestado.com\/joaquimhaickel\/#\/schema\/person\/image\/\",\"url\":\"https:\/\/secure.gravatar.com\/avatar\/473d89339b9f8ec089adb8d5778363eb5a2ba2319956bcf0298bfd8cca04684a?s=96&d=mm&r=g\",\"contentUrl\":\"https:\/\/secure.gravatar.com\/avatar\/473d89339b9f8ec089adb8d5778363eb5a2ba2319956bcf0298bfd8cca04684a?s=96&d=mm&r=g\",\"caption\":\"Joaquim Haickel\"},\"url\":\"https:\/\/www.blogsoestado.com\/joaquimhaickel\/author\/joaquimhaickel\/\"}]}<\/script>\n<!-- \/ Yoast SEO plugin. -->","yoast_head_json":{"title":"\u201cOra Veja!\u201d - Joaquim Haickel","robots":{"index":"index","follow":"follow","max-snippet":"max-snippet:-1","max-image-preview":"max-image-preview:large","max-video-preview":"max-video-preview:-1"},"canonical":"https:\/\/www.blogsoestado.com\/joaquimhaickel\/2014\/09\/07\/ora-veja\/","og_locale":"pt_BR","og_type":"article","og_title":"\u201cOra Veja!\u201d - Joaquim Haickel","og_description":"\u201cOra Veja!\u201d Esta \u00e9 a express\u00e3o usada por Tet\u00e9, minha m\u00e3e de cria\u00e7\u00e3o, toda vez que ela deseja chamar aten\u00e7\u00e3o [&hellip;]","og_url":"https:\/\/www.blogsoestado.com\/joaquimhaickel\/2014\/09\/07\/ora-veja\/","og_site_name":"Joaquim Haickel","article_published_time":"2014-09-07T05:08:47+00:00","author":"Joaquim Haickel","twitter_card":"summary_large_image","twitter_misc":{"Escrito por":"Joaquim Haickel","Est. tempo de leitura":"6 minutos"},"schema":{"@context":"https:\/\/schema.org","@graph":[{"@type":"WebPage","@id":"https:\/\/www.blogsoestado.com\/joaquimhaickel\/2014\/09\/07\/ora-veja\/","url":"https:\/\/www.blogsoestado.com\/joaquimhaickel\/2014\/09\/07\/ora-veja\/","name":"\u201cOra Veja!\u201d - Joaquim Haickel","isPartOf":{"@id":"https:\/\/www.blogsoestado.com\/joaquimhaickel\/#website"},"datePublished":"2014-09-07T05:08:47+00:00","author":{"@id":"https:\/\/www.blogsoestado.com\/joaquimhaickel\/#\/schema\/person\/4a711644aff28245c6c2c3452d66d325"},"breadcrumb":{"@id":"https:\/\/www.blogsoestado.com\/joaquimhaickel\/2014\/09\/07\/ora-veja\/#breadcrumb"},"inLanguage":"pt-BR","potentialAction":[{"@type":"ReadAction","target":["https:\/\/www.blogsoestado.com\/joaquimhaickel\/2014\/09\/07\/ora-veja\/"]}]},{"@type":"BreadcrumbList","@id":"https:\/\/www.blogsoestado.com\/joaquimhaickel\/2014\/09\/07\/ora-veja\/#breadcrumb","itemListElement":[{"@type":"ListItem","position":1,"name":"In\u00edcio","item":"https:\/\/www.blogsoestado.com\/joaquimhaickel\/"},{"@type":"ListItem","position":2,"name":"\u201cOra Veja!\u201d"}]},{"@type":"WebSite","@id":"https:\/\/www.blogsoestado.com\/joaquimhaickel\/#website","url":"https:\/\/www.blogsoestado.com\/joaquimhaickel\/","name":"Joaquim Haickel","description":"","potentialAction":[{"@type":"SearchAction","target":{"@type":"EntryPoint","urlTemplate":"https:\/\/www.blogsoestado.com\/joaquimhaickel\/?s={search_term_string}"},"query-input":{"@type":"PropertyValueSpecification","valueRequired":true,"valueName":"search_term_string"}}],"inLanguage":"pt-BR"},{"@type":"Person","@id":"https:\/\/www.blogsoestado.com\/joaquimhaickel\/#\/schema\/person\/4a711644aff28245c6c2c3452d66d325","name":"Joaquim Haickel","image":{"@type":"ImageObject","inLanguage":"pt-BR","@id":"https:\/\/www.blogsoestado.com\/joaquimhaickel\/#\/schema\/person\/image\/","url":"https:\/\/secure.gravatar.com\/avatar\/473d89339b9f8ec089adb8d5778363eb5a2ba2319956bcf0298bfd8cca04684a?s=96&d=mm&r=g","contentUrl":"https:\/\/secure.gravatar.com\/avatar\/473d89339b9f8ec089adb8d5778363eb5a2ba2319956bcf0298bfd8cca04684a?s=96&d=mm&r=g","caption":"Joaquim Haickel"},"url":"https:\/\/www.blogsoestado.com\/joaquimhaickel\/author\/joaquimhaickel\/"}]}},"jetpack_featured_media_url":"","_links":{"self":[{"href":"https:\/\/www.blogsoestado.com\/joaquimhaickel\/wp-json\/wp\/v2\/posts\/1238","targetHints":{"allow":["GET"]}}],"collection":[{"href":"https:\/\/www.blogsoestado.com\/joaquimhaickel\/wp-json\/wp\/v2\/posts"}],"about":[{"href":"https:\/\/www.blogsoestado.com\/joaquimhaickel\/wp-json\/wp\/v2\/types\/post"}],"author":[{"embeddable":true,"href":"https:\/\/www.blogsoestado.com\/joaquimhaickel\/wp-json\/wp\/v2\/users\/7"}],"replies":[{"embeddable":true,"href":"https:\/\/www.blogsoestado.com\/joaquimhaickel\/wp-json\/wp\/v2\/comments?post=1238"}],"version-history":[{"count":0,"href":"https:\/\/www.blogsoestado.com\/joaquimhaickel\/wp-json\/wp\/v2\/posts\/1238\/revisions"}],"wp:attachment":[{"href":"https:\/\/www.blogsoestado.com\/joaquimhaickel\/wp-json\/wp\/v2\/media?parent=1238"}],"wp:term":[{"taxonomy":"category","embeddable":true,"href":"https:\/\/www.blogsoestado.com\/joaquimhaickel\/wp-json\/wp\/v2\/categories?post=1238"},{"taxonomy":"post_tag","embeddable":true,"href":"https:\/\/www.blogsoestado.com\/joaquimhaickel\/wp-json\/wp\/v2\/tags?post=1238"}],"curies":[{"name":"wp","href":"https:\/\/api.w.org\/{rel}","templated":true}]}}