{"id":1390,"date":"2014-11-02T05:52:21","date_gmt":"2014-11-02T08:52:21","guid":{"rendered":"https:\/\/www.blogsoestado.com\/joaquimhaickel\/?p=1390"},"modified":"2014-11-02T05:52:21","modified_gmt":"2014-11-02T08:52:21","slug":"domingo-26-de-outubro-de-2014-jh-no-twitter","status":"publish","type":"post","link":"https:\/\/www.blogsoestado.com\/joaquimhaickel\/2014\/11\/02\/domingo-26-de-outubro-de-2014-jh-no-twitter\/","title":{"rendered":"Domingo, 26 de outubro de 2014: JH no Twitter"},"content":{"rendered":"<p>1 &#8211; Bom dia! (06h15min)<\/p>\n<p>2 &#8211; O Brasil depois de hoje\u00a0<a href=\"http:\/\/t.co\/jHOKbAf8FK\">http:\/\/tinyurl.com\/kgoerto\u00a0<\/a><\/p>\n<p>3 &#8211; O clima de disputa eleitoral e as pesquisas dizem claramente que alguma coisa bastante importante e significativa tem que ser feita por quem vencer!<\/p>\n<p>4 &#8211; Se \u00e9 verdade que Fl\u00e1vio Dino s\u00f3 hoje declarou apoio a Dilma Rousseff, ele ter\u00e1 cometido um erro imenso, para quem quer representar mudan\u00e7as.<\/p>\n<p>5 &#8211; Pelo visto Fl\u00e1vio n\u00e3o conseguiu suportar a press\u00e3o e no dia da elei\u00e7\u00e3o resolveu dizer que apoiava Dilma. Vai parecer oportunismo!<\/p>\n<p>6 &#8211; Melhor teria sido permanecer na posi\u00e7\u00e3o que se encontrava, numa neutralidade estrat\u00e9gica, at\u00e9 porque apoiou A\u00e9cio no 1\u00b0 turno!<\/p>\n<p>7 &#8211; Se n\u00e3o fez, meno male&#8230; Espero que ele n\u00e3o tenha feito isso mesmo&#8230; Se fez ter\u00e1 se equivocado enormemente, coisa que ainda n\u00e3o havia feito&#8230;<\/p>\n<p>8 &#8211; Coer\u00eancia \u00e9 a coisa mais dif\u00edcil de um politico conseguir. Quando parece que a conseguiu, fraqueja. N\u00e3o \u00e9 o primeiro e n\u00e3o ser\u00e1 o \u00faltimo!<\/p>\n<p>9 &#8211; O boato da morte do doleiro \u00e9 um absurdo, parecido com o bandido que envolveu Fl\u00e1vio Dino em assalto a carro forte&#8230; Igualzinho&#8230;<\/p>\n<p>10 &#8211; Antes de sabermos o resultado desta campanha tensa, fica a sensa\u00e7\u00e3o de que a democracia sobreviveu!<\/p>\n<p>11 &#8211; O Brasil virou um grande munic\u00edpio!<\/p>\n<p>12 &#8211; O poder torna os fracos em rudes&#8230;<\/p>\n<p>13 &#8211; A busca pelo poder torna os fracos em rudes e os rudes s\u00e3o tolos&#8230;<\/p>\n<p>14 &#8211; \u201cHay que endurecer, pero sin perder la ternura jam\u00e1s!\u201d<\/p>\n<p>15 &#8211; \u00c9 muito bom conversar coisa s\u00e9ria com gente boa!<\/p>\n<p>16 &#8211; Aten\u00e7\u00e3o pessoal! Todos calmos! Desejo a voc\u00eas um bom Brasil novo, com quem quer que ganhe e conosco que vamos continuar por aqui!<\/p>\n<p>17 &#8211; Eu disse ontem: o resultado do 2\u00b0 turno da elei\u00e7\u00e3o para presidente ser\u00e1 52 x 48&#8230; Agora n\u00e3o me perguntem pra quem, t\u00e1 dif\u00edcil de saber&#8230;<\/p>\n<p>18 &#8211; Mas isso tamb\u00e9m n\u00e3o era nenhuma grande vantagem!!!!&#8230;<\/p>\n<p>19 &#8211; Os discursos do vencedor e do perdedor s\u00e3o igualmente importantes, tendo o vencedor a responsabilidade da constru\u00e7\u00e3o das pontes para o futuro!<\/p>\n<p>20 &#8211; Ao perdedor cabe aceitar o resultado das urnas com eleg\u00e2ncia e honra!<\/p>\n<p>21 &#8211; O resultado dessa elei\u00e7\u00e3o lembra-me muito de Claudio Coutinho! Campe\u00e3o Moral!<\/p>\n<p>22 &#8211; Ao final deste tenso pleito eleitoral fica uma certeza, Dilma precisar\u00e1 ter muito tato e sabedoria para pilotar essa nau quase desgovernada.<\/p>\n<p>23 &#8211; O bom trabalho do Congresso Nacional na pr\u00f3xima legislatura ser\u00e1 de suma import\u00e2ncia para o sucesso das a\u00e7\u00f5es que precisam ser feitas.<\/p>\n<p>24 &#8211; O Congresso sofrer\u00e1 com a falta de nomes importantes numa hora que tanto precisar\u00edamos deles!<\/p>\n<p>25 &#8211; Tenho um \u00fanico pedido a fazer para a presidenta reeleita&#8230; Por favor presidenta, deixe-nos chama-la de &#8220;A Presidente da Republica&#8221;!<\/p>\n<p>26 &#8211; As outras coisas que eu gostaria que a senhora fizesse, \u00e9 sua obriga\u00e7\u00e3o faz\u00ea-las&#8230; Boa sorte e conte comigo para fazer a minha parte!<\/p>\n<p>27 &#8211; Em cen\u00e1rios como o que vivemos hoje duas coisas podem acontecer: Um caos incontrol\u00e1vel ou a reden\u00e7\u00e3o pela sabedoria e a humildade. Tenho f\u00e9!<\/p>\n<p>28 &#8211; A diferen\u00e7a entre os que acham que sua vida melhorou e os que acham que ela piorou \u00e9 muito pequena! Precisa que se tenha tato!<\/p>\n<p>29 &#8211; O Brasil t\u00e1 em uma situa\u00e7\u00e3o delicada, somos hoje um pa\u00eds aparentemente dividido! PT x PSDB, Norte x Sul, ricos x pobres&#8230; Meu consolo: ainda poderia ser pior!<\/p>\n<p>30 &#8211; Caso fique pior, seremos obrigados a fazer o que deve ser feito. Tenho f\u00e9 em que depois do resultado dessa elei\u00e7\u00e3o o PT acorde!<\/p>\n<p>31 &#8211; Uma elei\u00e7\u00e3o ganha com menos quatro milh\u00f5es de votos a mais significa que a vantagem \u00e9 de apenas uns dois milh\u00f5es de votos. Margem incomoda!<\/p>\n<p>32 &#8211; Vejo fotos de pessoas chorando pela derrota de seu candidato. N\u00e3o chorem! Quem deveria estar chorando \u00e9 a Dilma, que est\u00e1 com um pepino e o Mantega na m\u00e3o!<\/p>\n<p>33 &#8211; Governar \u00e9 muito mais dif\u00edcil que as pessoas pensam. Governar corretamente \u00e9 imposs\u00edvel e quem governa normalmente n\u00e3o sabe disso!<\/p>\n<p>34 &#8211; Dilma: Mais que nunca \u00e9 hora de acreditarmos no Brasil, refor\u00e7ar nossa f\u00e9 nessa na\u00e7\u00e3o incr\u00edvel. Eu: Senhora Presidente, fa\u00e7a-nos acreditar no Brasil!<\/p>\n<p>35 &#8211; Ser oposi\u00e7\u00e3o de fora \u00e9 f\u00e1cil. Quero ver fazer criticas pelo lado de dentro!<\/p>\n<p>36 &#8211; A vantagem de votos que Dilma teve sobre A\u00e9cio no Maranh\u00e3o (1.800.000) \u00e9 a quantidade de votos que A\u00e9cio precisaria para ganhar de Dilma no Brasil!<\/p>\n<p>37 &#8211; Pela primeira vez, desde 1991, portanto h\u00e1 23 anos, tive vontade de voltar a ser membro do Congresso Nacional! L\u00e1 acontecer\u00e1 o Brasil!<\/p>\n<p>38 &#8211;\u00a0Para o bem de seu governo e de todo o Brasil, tomara que o tom conciliador do discurso da vit\u00f3ria de Dilma se estenda a todo seu segundo mandato.<\/p>\n<p>39 &#8211; Uma vit\u00f3ria apertada como essa serve para fazer o vencedor querer ser melhor e para o perdedor saber que deve continuar lutando. (22h15min)<\/p>\n<p>40 &#8211; Isso foi apenas mais uma elei\u00e7\u00e3o minha gente! Daqui a quatro anos teremos outra! (Agora)<\/p>\n<p>&nbsp;<\/p>\n<p>PS: As abrevia\u00e7\u00f5es comuns no twitter foram aqui modificadas.<\/p>\n<p>&nbsp;<\/p>\n","protected":false},"excerpt":{"rendered":"<p>1 &#8211; Bom dia! (06h15min) 2 &#8211; O Brasil depois de hoje\u00a0http:\/\/tinyurl.com\/kgoerto\u00a0 3 &#8211; O clima de disputa eleitoral e [&hellip;]<\/p>\n","protected":false},"author":7,"featured_media":0,"comment_status":"open","ping_status":"open","sticky":false,"template":"","format":"standard","meta":{"site-sidebar-layout":"default","site-content-layout":"","ast-site-content-layout":"default","site-content-style":"default","site-sidebar-style":"default","ast-global-header-display":"","ast-banner-title-visibility":"","ast-main-header-display":"","ast-hfb-above-header-display":"","ast-hfb-below-header-display":"","ast-hfb-mobile-header-display":"","site-post-title":"","ast-breadcrumbs-content":"","ast-featured-img":"","footer-sml-layout":"","ast-disable-related-posts":"","theme-transparent-header-meta":"","adv-header-id-meta":"","stick-header-meta":"","header-above-stick-meta":"","header-main-stick-meta":"","header-below-stick-meta":"","astra-migrate-meta-layouts":"default","ast-page-background-enabled":"default","ast-page-background-meta":{"desktop":{"background-color":"var(--ast-global-color-5)","background-image":"","background-repeat":"repeat","background-position":"center center","background-size":"auto","background-attachment":"scroll","background-type":"","background-media":"","overlay-type":"","overlay-color":"","overlay-opacity":"","overlay-gradient":""},"tablet":{"background-color":"","background-image":"","background-repeat":"repeat","background-position":"center center","background-size":"auto","background-attachment":"scroll","background-type":"","background-media":"","overlay-type":"","overlay-color":"","overlay-opacity":"","overlay-gradient":""},"mobile":{"background-color":"","background-image":"","background-repeat":"repeat","background-position":"center center","background-size":"auto","background-attachment":"scroll","background-type":"","background-media":"","overlay-type":"","overlay-color":"","overlay-opacity":"","overlay-gradient":""}},"ast-content-background-meta":{"desktop":{"background-color":"var(--ast-global-color-4)","background-image":"","background-repeat":"repeat","background-position":"center center","background-size":"auto","background-attachment":"scroll","background-type":"","background-media":"","overlay-type":"","overlay-color":"","overlay-opacity":"","overlay-gradient":""},"tablet":{"background-color":"var(--ast-global-color-4)","background-image":"","background-repeat":"repeat","background-position":"center center","background-size":"auto","background-attachment":"scroll","background-type":"","background-media":"","overlay-type":"","overlay-color":"","overlay-opacity":"","overlay-gradient":""},"mobile":{"background-color":"var(--ast-global-color-4)","background-image":"","background-repeat":"repeat","background-position":"center center","background-size":"auto","background-attachment":"scroll","background-type":"","background-media":"","overlay-type":"","overlay-color":"","overlay-opacity":"","overlay-gradient":""}},"footnotes":""},"categories":[1],"tags":[],"class_list":["post-1390","post","type-post","status-publish","format-standard","hentry","category-sem-categoria"],"yoast_head":"<!-- This site is optimized with the Yoast SEO plugin v26.6 - https:\/\/yoast.com\/wordpress\/plugins\/seo\/ -->\n<title>Domingo, 26 de outubro de 2014: JH no Twitter - Joaquim Haickel<\/title>\n<meta name=\"robots\" content=\"index, follow, max-snippet:-1, max-image-preview:large, max-video-preview:-1\" \/>\n<link rel=\"canonical\" href=\"https:\/\/www.blogsoestado.com\/joaquimhaickel\/2014\/11\/02\/domingo-26-de-outubro-de-2014-jh-no-twitter\/\" \/>\n<meta property=\"og:locale\" content=\"pt_BR\" \/>\n<meta property=\"og:type\" content=\"article\" \/>\n<meta property=\"og:title\" content=\"Domingo, 26 de outubro de 2014: JH no Twitter - Joaquim Haickel\" \/>\n<meta property=\"og:description\" content=\"1 &#8211; Bom dia! (06h15min) 2 &#8211; O Brasil depois de hoje\u00a0http:\/\/tinyurl.com\/kgoerto\u00a0 3 &#8211; O clima de disputa eleitoral e [&hellip;]\" \/>\n<meta property=\"og:url\" content=\"https:\/\/www.blogsoestado.com\/joaquimhaickel\/2014\/11\/02\/domingo-26-de-outubro-de-2014-jh-no-twitter\/\" \/>\n<meta property=\"og:site_name\" content=\"Joaquim Haickel\" \/>\n<meta property=\"article:published_time\" content=\"2014-11-02T08:52:21+00:00\" \/>\n<meta name=\"author\" content=\"Joaquim Haickel\" \/>\n<meta name=\"twitter:card\" content=\"summary_large_image\" \/>\n<meta name=\"twitter:label1\" content=\"Escrito por\" \/>\n\t<meta name=\"twitter:data1\" content=\"Joaquim Haickel\" \/>\n\t<meta name=\"twitter:label2\" content=\"Est. tempo de leitura\" \/>\n\t<meta name=\"twitter:data2\" content=\"4 minutos\" \/>\n<script type=\"application\/ld+json\" class=\"yoast-schema-graph\">{\"@context\":\"https:\/\/schema.org\",\"@graph\":[{\"@type\":\"WebPage\",\"@id\":\"https:\/\/www.blogsoestado.com\/joaquimhaickel\/2014\/11\/02\/domingo-26-de-outubro-de-2014-jh-no-twitter\/\",\"url\":\"https:\/\/www.blogsoestado.com\/joaquimhaickel\/2014\/11\/02\/domingo-26-de-outubro-de-2014-jh-no-twitter\/\",\"name\":\"Domingo, 26 de outubro de 2014: JH no Twitter - Joaquim Haickel\",\"isPartOf\":{\"@id\":\"https:\/\/www.blogsoestado.com\/joaquimhaickel\/#website\"},\"datePublished\":\"2014-11-02T08:52:21+00:00\",\"author\":{\"@id\":\"https:\/\/www.blogsoestado.com\/joaquimhaickel\/#\/schema\/person\/4a711644aff28245c6c2c3452d66d325\"},\"breadcrumb\":{\"@id\":\"https:\/\/www.blogsoestado.com\/joaquimhaickel\/2014\/11\/02\/domingo-26-de-outubro-de-2014-jh-no-twitter\/#breadcrumb\"},\"inLanguage\":\"pt-BR\",\"potentialAction\":[{\"@type\":\"ReadAction\",\"target\":[\"https:\/\/www.blogsoestado.com\/joaquimhaickel\/2014\/11\/02\/domingo-26-de-outubro-de-2014-jh-no-twitter\/\"]}]},{\"@type\":\"BreadcrumbList\",\"@id\":\"https:\/\/www.blogsoestado.com\/joaquimhaickel\/2014\/11\/02\/domingo-26-de-outubro-de-2014-jh-no-twitter\/#breadcrumb\",\"itemListElement\":[{\"@type\":\"ListItem\",\"position\":1,\"name\":\"In\u00edcio\",\"item\":\"https:\/\/www.blogsoestado.com\/joaquimhaickel\/\"},{\"@type\":\"ListItem\",\"position\":2,\"name\":\"Domingo, 26 de outubro de 2014: JH no Twitter\"}]},{\"@type\":\"WebSite\",\"@id\":\"https:\/\/www.blogsoestado.com\/joaquimhaickel\/#website\",\"url\":\"https:\/\/www.blogsoestado.com\/joaquimhaickel\/\",\"name\":\"Joaquim Haickel\",\"description\":\"\",\"potentialAction\":[{\"@type\":\"SearchAction\",\"target\":{\"@type\":\"EntryPoint\",\"urlTemplate\":\"https:\/\/www.blogsoestado.com\/joaquimhaickel\/?s={search_term_string}\"},\"query-input\":{\"@type\":\"PropertyValueSpecification\",\"valueRequired\":true,\"valueName\":\"search_term_string\"}}],\"inLanguage\":\"pt-BR\"},{\"@type\":\"Person\",\"@id\":\"https:\/\/www.blogsoestado.com\/joaquimhaickel\/#\/schema\/person\/4a711644aff28245c6c2c3452d66d325\",\"name\":\"Joaquim Haickel\",\"image\":{\"@type\":\"ImageObject\",\"inLanguage\":\"pt-BR\",\"@id\":\"https:\/\/www.blogsoestado.com\/joaquimhaickel\/#\/schema\/person\/image\/\",\"url\":\"https:\/\/secure.gravatar.com\/avatar\/473d89339b9f8ec089adb8d5778363eb5a2ba2319956bcf0298bfd8cca04684a?s=96&d=mm&r=g\",\"contentUrl\":\"https:\/\/secure.gravatar.com\/avatar\/473d89339b9f8ec089adb8d5778363eb5a2ba2319956bcf0298bfd8cca04684a?s=96&d=mm&r=g\",\"caption\":\"Joaquim Haickel\"},\"url\":\"https:\/\/www.blogsoestado.com\/joaquimhaickel\/author\/joaquimhaickel\/\"}]}<\/script>\n<!-- \/ Yoast SEO plugin. -->","yoast_head_json":{"title":"Domingo, 26 de outubro de 2014: JH no Twitter - Joaquim Haickel","robots":{"index":"index","follow":"follow","max-snippet":"max-snippet:-1","max-image-preview":"max-image-preview:large","max-video-preview":"max-video-preview:-1"},"canonical":"https:\/\/www.blogsoestado.com\/joaquimhaickel\/2014\/11\/02\/domingo-26-de-outubro-de-2014-jh-no-twitter\/","og_locale":"pt_BR","og_type":"article","og_title":"Domingo, 26 de outubro de 2014: JH no Twitter - Joaquim Haickel","og_description":"1 &#8211; Bom dia! (06h15min) 2 &#8211; O Brasil depois de hoje\u00a0http:\/\/tinyurl.com\/kgoerto\u00a0 3 &#8211; O clima de disputa eleitoral e [&hellip;]","og_url":"https:\/\/www.blogsoestado.com\/joaquimhaickel\/2014\/11\/02\/domingo-26-de-outubro-de-2014-jh-no-twitter\/","og_site_name":"Joaquim Haickel","article_published_time":"2014-11-02T08:52:21+00:00","author":"Joaquim Haickel","twitter_card":"summary_large_image","twitter_misc":{"Escrito por":"Joaquim Haickel","Est. tempo de leitura":"4 minutos"},"schema":{"@context":"https:\/\/schema.org","@graph":[{"@type":"WebPage","@id":"https:\/\/www.blogsoestado.com\/joaquimhaickel\/2014\/11\/02\/domingo-26-de-outubro-de-2014-jh-no-twitter\/","url":"https:\/\/www.blogsoestado.com\/joaquimhaickel\/2014\/11\/02\/domingo-26-de-outubro-de-2014-jh-no-twitter\/","name":"Domingo, 26 de outubro de 2014: JH no Twitter - Joaquim Haickel","isPartOf":{"@id":"https:\/\/www.blogsoestado.com\/joaquimhaickel\/#website"},"datePublished":"2014-11-02T08:52:21+00:00","author":{"@id":"https:\/\/www.blogsoestado.com\/joaquimhaickel\/#\/schema\/person\/4a711644aff28245c6c2c3452d66d325"},"breadcrumb":{"@id":"https:\/\/www.blogsoestado.com\/joaquimhaickel\/2014\/11\/02\/domingo-26-de-outubro-de-2014-jh-no-twitter\/#breadcrumb"},"inLanguage":"pt-BR","potentialAction":[{"@type":"ReadAction","target":["https:\/\/www.blogsoestado.com\/joaquimhaickel\/2014\/11\/02\/domingo-26-de-outubro-de-2014-jh-no-twitter\/"]}]},{"@type":"BreadcrumbList","@id":"https:\/\/www.blogsoestado.com\/joaquimhaickel\/2014\/11\/02\/domingo-26-de-outubro-de-2014-jh-no-twitter\/#breadcrumb","itemListElement":[{"@type":"ListItem","position":1,"name":"In\u00edcio","item":"https:\/\/www.blogsoestado.com\/joaquimhaickel\/"},{"@type":"ListItem","position":2,"name":"Domingo, 26 de outubro de 2014: JH no Twitter"}]},{"@type":"WebSite","@id":"https:\/\/www.blogsoestado.com\/joaquimhaickel\/#website","url":"https:\/\/www.blogsoestado.com\/joaquimhaickel\/","name":"Joaquim Haickel","description":"","potentialAction":[{"@type":"SearchAction","target":{"@type":"EntryPoint","urlTemplate":"https:\/\/www.blogsoestado.com\/joaquimhaickel\/?s={search_term_string}"},"query-input":{"@type":"PropertyValueSpecification","valueRequired":true,"valueName":"search_term_string"}}],"inLanguage":"pt-BR"},{"@type":"Person","@id":"https:\/\/www.blogsoestado.com\/joaquimhaickel\/#\/schema\/person\/4a711644aff28245c6c2c3452d66d325","name":"Joaquim Haickel","image":{"@type":"ImageObject","inLanguage":"pt-BR","@id":"https:\/\/www.blogsoestado.com\/joaquimhaickel\/#\/schema\/person\/image\/","url":"https:\/\/secure.gravatar.com\/avatar\/473d89339b9f8ec089adb8d5778363eb5a2ba2319956bcf0298bfd8cca04684a?s=96&d=mm&r=g","contentUrl":"https:\/\/secure.gravatar.com\/avatar\/473d89339b9f8ec089adb8d5778363eb5a2ba2319956bcf0298bfd8cca04684a?s=96&d=mm&r=g","caption":"Joaquim Haickel"},"url":"https:\/\/www.blogsoestado.com\/joaquimhaickel\/author\/joaquimhaickel\/"}]}},"jetpack_featured_media_url":"","_links":{"self":[{"href":"https:\/\/www.blogsoestado.com\/joaquimhaickel\/wp-json\/wp\/v2\/posts\/1390","targetHints":{"allow":["GET"]}}],"collection":[{"href":"https:\/\/www.blogsoestado.com\/joaquimhaickel\/wp-json\/wp\/v2\/posts"}],"about":[{"href":"https:\/\/www.blogsoestado.com\/joaquimhaickel\/wp-json\/wp\/v2\/types\/post"}],"author":[{"embeddable":true,"href":"https:\/\/www.blogsoestado.com\/joaquimhaickel\/wp-json\/wp\/v2\/users\/7"}],"replies":[{"embeddable":true,"href":"https:\/\/www.blogsoestado.com\/joaquimhaickel\/wp-json\/wp\/v2\/comments?post=1390"}],"version-history":[{"count":0,"href":"https:\/\/www.blogsoestado.com\/joaquimhaickel\/wp-json\/wp\/v2\/posts\/1390\/revisions"}],"wp:attachment":[{"href":"https:\/\/www.blogsoestado.com\/joaquimhaickel\/wp-json\/wp\/v2\/media?parent=1390"}],"wp:term":[{"taxonomy":"category","embeddable":true,"href":"https:\/\/www.blogsoestado.com\/joaquimhaickel\/wp-json\/wp\/v2\/categories?post=1390"},{"taxonomy":"post_tag","embeddable":true,"href":"https:\/\/www.blogsoestado.com\/joaquimhaickel\/wp-json\/wp\/v2\/tags?post=1390"}],"curies":[{"name":"wp","href":"https:\/\/api.w.org\/{rel}","templated":true}]}}