{"id":1447,"date":"2015-01-12T00:57:25","date_gmt":"2015-01-12T03:57:25","guid":{"rendered":"https:\/\/www.blogsoestado.com\/joaquimhaickel\/?p=1447"},"modified":"2015-01-12T00:57:25","modified_gmt":"2015-01-12T03:57:25","slug":"se-eu-fosse-deputado-estadual","status":"publish","type":"post","link":"https:\/\/www.blogsoestado.com\/joaquimhaickel\/2015\/01\/12\/se-eu-fosse-deputado-estadual\/","title":{"rendered":"Se eu fosse Deputado Estadual"},"content":{"rendered":"<p>Mais uma vez minha querida amiga, deputada Andrea Murad demonstra muita personalidade ao expressar o que pensa atrav\u00e9s daquilo que escreve (veja: www.gilbertoleda.com.br\/2015\/01\/11\/) mais uma vez preciso comentar sobre suas posi\u00e7\u00f5es.<\/p>\n<p>De seu ponto de vista ela est\u00e1 coberta de raz\u00e3o e cheia de fortes argumentos. Na situa\u00e7\u00e3o em que Andrea se coloca, fazendo uma oposi\u00e7\u00e3o intransigente, ela realmente faz o que deve fazer, o que est\u00e1 fazendo. Foi assim que sempre agiram oposicionistas famosos como Aderson Lago e Domingos Dutra.<\/p>\n<p>Acontece que mais uma vez os argumentos da jovem deputada n\u00e3o s\u00e3o suficientes para superar a compara\u00e7\u00e3o e tamb\u00e9m para se efetivarem como verdadeiros e vi\u00e1veis.<\/p>\n<p>Em primeiro lugar, a ilus\u00e3o de que os poderes da rep\u00fablica devam ser, entre si, harm\u00f4nicos e independentes, deve ser interpretada \u00e0 luz da realidade. O que diz essa norma constitucional deveria ser regra, mas todos n\u00f3s sabemos que a politica n\u00e3o permite que isso aconte\u00e7a assim t\u00e3o simples e comumente. O que acontece na verdade \u00e9 a eterna busca dessa harmonia e dessa independ\u00eancia que havendo, possibilita o equil\u00edbrio dos poderes do Estado.<\/p>\n<p>Andrea tinha apenas 14 anos quando Roseana Sarney se elegeu governadora pela primeira vez e talvez n\u00e3o lembre que a governadora impingiu ao poder legislativo maranhense o dom\u00ednio de um presidente de sua confian\u00e7a, o ent\u00e3o deputado Manoel Ribeiro, o que durou mais de dez anos. Ora, \u00e9 isso a primeira coisa que todos os prefeitos, governadores e presidentes fazem em rela\u00e7\u00e3o aos seus legislativos: Tentam control\u00e1-los. Foi isso que a pr\u00f3pria Roseana tentou em 2011 quando quis eleger Ricardo Murad a presidente da ALM e n\u00e3o conseguiu. Ent\u00e3o o que mudou de l\u00e1 para c\u00e1? Nada! Ou melhor, o governador \u00e9 outro, os deputados s\u00e3o outros, o tempo \u00e9 outro.<\/p>\n<p>O executivo e o legislativo v\u00e3o continuar tentando se harmonizar e tornarem-se independentes um do outro, e \u00e9 a essa tentativa, realizada de forma republicana e democr\u00e1tica que a CF faz men\u00e7\u00e3o, at\u00e9 porque essa norma apesar de basilar e fundamental, n\u00e3o \u00e9 t\u00e3o facilmente tang\u00edvel.<\/p>\n<p>Se o deputado Humberto Coutinho tiver a experi\u00eancia que acredito que ele tenha, far\u00e1 de tudo para deixar o governador Fl\u00e1vio Dino bem distante de suas articula\u00e7\u00f5es no sentido de se tornar presidente da ALM. Se o governador Fl\u00e1vio Dino e os seus articuladores mais pr\u00f3ximos e mais poderosos forem s\u00e1bios, n\u00e3o interferir\u00e3o nas negocia\u00e7\u00f5es para elei\u00e7\u00e3o da mesa diretora do legislativo maranhense. N\u00e3o far\u00e3o isso porque se o fizerem ir\u00e3o destruir qualquer possibilidade de algu\u00e9m chamar esse governo de um governo de mudan\u00e7as e esse tempo de um novo tempo para o nosso estado.<\/p>\n<p>O que os deputados dessa legislatura precisam \u00e9 se juntarem em blocos parlamentares para que, juntos, em n\u00famero suficiente, no caso oito em cada um, possam garantir sua representatividade na mesa diretora da casa e nas comiss\u00f5es tem\u00e1ticas, obrigando constitucional e regimentalmente que quem quer que seja venha presidir o nosso legislativo, os respeitem e os levem em considera\u00e7\u00e3o.<\/p>\n<p>Outro dia fui criticado por um blogueiro por ter dito o que faria se estivesse no lugar do atual governador. Hoje serei criticado por ele e por outros por dizer o que faria caso fosse um dos 42 deputados estaduais maranhenses: Reunir-me-ia com alguns de meus pares, buscaria as melhores possibilidades de forma\u00e7\u00e3o de blocos parlamentares e deixaria que os candidatos a presidente se apresentassem.<\/p>\n<p>Se eu tivesse que escolher entre um nome, confesso que daria preferencia ao nome do deputado Humberto Coutinho. Sim, porque realmente nesse cen\u00e1rio h\u00e1 muito pouca op\u00e7\u00e3o vi\u00e1vel de vit\u00f3ria fora dele. Mas eu jamais iria conversar individualmente com qualquer candidato a presidente, nem mesmo com Humberto, a quem demonstro simpatia. Quem fizer isso estar\u00e1 se entregando e n\u00e3o se valorizando, e como um \u201centregue\u201d n\u00e3o ter\u00e1 valor nenhum, nem para o grupo governista, nem para o grupo moderado, nem para o grupo oposicionista e muito menos para o povo do Maranh\u00e3o.<\/p>\n","protected":false},"excerpt":{"rendered":"<p>Mais uma vez minha querida amiga, deputada Andrea Murad demonstra muita personalidade ao expressar o que pensa atrav\u00e9s daquilo que [&hellip;]<\/p>\n","protected":false},"author":7,"featured_media":0,"comment_status":"open","ping_status":"open","sticky":false,"template":"","format":"standard","meta":{"site-sidebar-layout":"default","site-content-layout":"","ast-site-content-layout":"default","site-content-style":"default","site-sidebar-style":"default","ast-global-header-display":"","ast-banner-title-visibility":"","ast-main-header-display":"","ast-hfb-above-header-display":"","ast-hfb-below-header-display":"","ast-hfb-mobile-header-display":"","site-post-title":"","ast-breadcrumbs-content":"","ast-featured-img":"","footer-sml-layout":"","ast-disable-related-posts":"","theme-transparent-header-meta":"","adv-header-id-meta":"","stick-header-meta":"","header-above-stick-meta":"","header-main-stick-meta":"","header-below-stick-meta":"","astra-migrate-meta-layouts":"default","ast-page-background-enabled":"default","ast-page-background-meta":{"desktop":{"background-color":"var(--ast-global-color-5)","background-image":"","background-repeat":"repeat","background-position":"center center","background-size":"auto","background-attachment":"scroll","background-type":"","background-media":"","overlay-type":"","overlay-color":"","overlay-opacity":"","overlay-gradient":""},"tablet":{"background-color":"","background-image":"","background-repeat":"repeat","background-position":"center center","background-size":"auto","background-attachment":"scroll","background-type":"","background-media":"","overlay-type":"","overlay-color":"","overlay-opacity":"","overlay-gradient":""},"mobile":{"background-color":"","background-image":"","background-repeat":"repeat","background-position":"center center","background-size":"auto","background-attachment":"scroll","background-type":"","background-media":"","overlay-type":"","overlay-color":"","overlay-opacity":"","overlay-gradient":""}},"ast-content-background-meta":{"desktop":{"background-color":"var(--ast-global-color-4)","background-image":"","background-repeat":"repeat","background-position":"center center","background-size":"auto","background-attachment":"scroll","background-type":"","background-media":"","overlay-type":"","overlay-color":"","overlay-opacity":"","overlay-gradient":""},"tablet":{"background-color":"var(--ast-global-color-4)","background-image":"","background-repeat":"repeat","background-position":"center center","background-size":"auto","background-attachment":"scroll","background-type":"","background-media":"","overlay-type":"","overlay-color":"","overlay-opacity":"","overlay-gradient":""},"mobile":{"background-color":"var(--ast-global-color-4)","background-image":"","background-repeat":"repeat","background-position":"center center","background-size":"auto","background-attachment":"scroll","background-type":"","background-media":"","overlay-type":"","overlay-color":"","overlay-opacity":"","overlay-gradient":""}},"footnotes":""},"categories":[1],"tags":[],"class_list":["post-1447","post","type-post","status-publish","format-standard","hentry","category-sem-categoria"],"yoast_head":"<!-- This site is optimized with the Yoast SEO plugin v26.6 - https:\/\/yoast.com\/wordpress\/plugins\/seo\/ -->\n<title>Se eu fosse Deputado Estadual - Joaquim Haickel<\/title>\n<meta name=\"robots\" content=\"index, follow, max-snippet:-1, max-image-preview:large, max-video-preview:-1\" \/>\n<link rel=\"canonical\" href=\"https:\/\/www.blogsoestado.com\/joaquimhaickel\/2015\/01\/12\/se-eu-fosse-deputado-estadual\/\" \/>\n<meta property=\"og:locale\" content=\"pt_BR\" \/>\n<meta property=\"og:type\" content=\"article\" \/>\n<meta property=\"og:title\" content=\"Se eu fosse Deputado Estadual - Joaquim Haickel\" \/>\n<meta property=\"og:description\" content=\"Mais uma vez minha querida amiga, deputada Andrea Murad demonstra muita personalidade ao expressar o que pensa atrav\u00e9s daquilo que [&hellip;]\" \/>\n<meta property=\"og:url\" content=\"https:\/\/www.blogsoestado.com\/joaquimhaickel\/2015\/01\/12\/se-eu-fosse-deputado-estadual\/\" \/>\n<meta property=\"og:site_name\" content=\"Joaquim Haickel\" \/>\n<meta property=\"article:published_time\" content=\"2015-01-12T03:57:25+00:00\" \/>\n<meta name=\"author\" content=\"Joaquim Haickel\" \/>\n<meta name=\"twitter:card\" content=\"summary_large_image\" \/>\n<meta name=\"twitter:label1\" content=\"Escrito por\" \/>\n\t<meta name=\"twitter:data1\" content=\"Joaquim Haickel\" \/>\n\t<meta name=\"twitter:label2\" content=\"Est. tempo de leitura\" \/>\n\t<meta name=\"twitter:data2\" content=\"4 minutos\" \/>\n<script type=\"application\/ld+json\" class=\"yoast-schema-graph\">{\"@context\":\"https:\/\/schema.org\",\"@graph\":[{\"@type\":\"WebPage\",\"@id\":\"https:\/\/www.blogsoestado.com\/joaquimhaickel\/2015\/01\/12\/se-eu-fosse-deputado-estadual\/\",\"url\":\"https:\/\/www.blogsoestado.com\/joaquimhaickel\/2015\/01\/12\/se-eu-fosse-deputado-estadual\/\",\"name\":\"Se eu fosse Deputado Estadual - Joaquim Haickel\",\"isPartOf\":{\"@id\":\"https:\/\/www.blogsoestado.com\/joaquimhaickel\/#website\"},\"datePublished\":\"2015-01-12T03:57:25+00:00\",\"author\":{\"@id\":\"https:\/\/www.blogsoestado.com\/joaquimhaickel\/#\/schema\/person\/4a711644aff28245c6c2c3452d66d325\"},\"breadcrumb\":{\"@id\":\"https:\/\/www.blogsoestado.com\/joaquimhaickel\/2015\/01\/12\/se-eu-fosse-deputado-estadual\/#breadcrumb\"},\"inLanguage\":\"pt-BR\",\"potentialAction\":[{\"@type\":\"ReadAction\",\"target\":[\"https:\/\/www.blogsoestado.com\/joaquimhaickel\/2015\/01\/12\/se-eu-fosse-deputado-estadual\/\"]}]},{\"@type\":\"BreadcrumbList\",\"@id\":\"https:\/\/www.blogsoestado.com\/joaquimhaickel\/2015\/01\/12\/se-eu-fosse-deputado-estadual\/#breadcrumb\",\"itemListElement\":[{\"@type\":\"ListItem\",\"position\":1,\"name\":\"In\u00edcio\",\"item\":\"https:\/\/www.blogsoestado.com\/joaquimhaickel\/\"},{\"@type\":\"ListItem\",\"position\":2,\"name\":\"Se eu fosse Deputado Estadual\"}]},{\"@type\":\"WebSite\",\"@id\":\"https:\/\/www.blogsoestado.com\/joaquimhaickel\/#website\",\"url\":\"https:\/\/www.blogsoestado.com\/joaquimhaickel\/\",\"name\":\"Joaquim Haickel\",\"description\":\"\",\"potentialAction\":[{\"@type\":\"SearchAction\",\"target\":{\"@type\":\"EntryPoint\",\"urlTemplate\":\"https:\/\/www.blogsoestado.com\/joaquimhaickel\/?s={search_term_string}\"},\"query-input\":{\"@type\":\"PropertyValueSpecification\",\"valueRequired\":true,\"valueName\":\"search_term_string\"}}],\"inLanguage\":\"pt-BR\"},{\"@type\":\"Person\",\"@id\":\"https:\/\/www.blogsoestado.com\/joaquimhaickel\/#\/schema\/person\/4a711644aff28245c6c2c3452d66d325\",\"name\":\"Joaquim Haickel\",\"image\":{\"@type\":\"ImageObject\",\"inLanguage\":\"pt-BR\",\"@id\":\"https:\/\/www.blogsoestado.com\/joaquimhaickel\/#\/schema\/person\/image\/\",\"url\":\"https:\/\/secure.gravatar.com\/avatar\/473d89339b9f8ec089adb8d5778363eb5a2ba2319956bcf0298bfd8cca04684a?s=96&d=mm&r=g\",\"contentUrl\":\"https:\/\/secure.gravatar.com\/avatar\/473d89339b9f8ec089adb8d5778363eb5a2ba2319956bcf0298bfd8cca04684a?s=96&d=mm&r=g\",\"caption\":\"Joaquim Haickel\"},\"url\":\"https:\/\/www.blogsoestado.com\/joaquimhaickel\/author\/joaquimhaickel\/\"}]}<\/script>\n<!-- \/ Yoast SEO plugin. -->","yoast_head_json":{"title":"Se eu fosse Deputado Estadual - Joaquim Haickel","robots":{"index":"index","follow":"follow","max-snippet":"max-snippet:-1","max-image-preview":"max-image-preview:large","max-video-preview":"max-video-preview:-1"},"canonical":"https:\/\/www.blogsoestado.com\/joaquimhaickel\/2015\/01\/12\/se-eu-fosse-deputado-estadual\/","og_locale":"pt_BR","og_type":"article","og_title":"Se eu fosse Deputado Estadual - Joaquim Haickel","og_description":"Mais uma vez minha querida amiga, deputada Andrea Murad demonstra muita personalidade ao expressar o que pensa atrav\u00e9s daquilo que [&hellip;]","og_url":"https:\/\/www.blogsoestado.com\/joaquimhaickel\/2015\/01\/12\/se-eu-fosse-deputado-estadual\/","og_site_name":"Joaquim Haickel","article_published_time":"2015-01-12T03:57:25+00:00","author":"Joaquim Haickel","twitter_card":"summary_large_image","twitter_misc":{"Escrito por":"Joaquim Haickel","Est. tempo de leitura":"4 minutos"},"schema":{"@context":"https:\/\/schema.org","@graph":[{"@type":"WebPage","@id":"https:\/\/www.blogsoestado.com\/joaquimhaickel\/2015\/01\/12\/se-eu-fosse-deputado-estadual\/","url":"https:\/\/www.blogsoestado.com\/joaquimhaickel\/2015\/01\/12\/se-eu-fosse-deputado-estadual\/","name":"Se eu fosse Deputado Estadual - Joaquim Haickel","isPartOf":{"@id":"https:\/\/www.blogsoestado.com\/joaquimhaickel\/#website"},"datePublished":"2015-01-12T03:57:25+00:00","author":{"@id":"https:\/\/www.blogsoestado.com\/joaquimhaickel\/#\/schema\/person\/4a711644aff28245c6c2c3452d66d325"},"breadcrumb":{"@id":"https:\/\/www.blogsoestado.com\/joaquimhaickel\/2015\/01\/12\/se-eu-fosse-deputado-estadual\/#breadcrumb"},"inLanguage":"pt-BR","potentialAction":[{"@type":"ReadAction","target":["https:\/\/www.blogsoestado.com\/joaquimhaickel\/2015\/01\/12\/se-eu-fosse-deputado-estadual\/"]}]},{"@type":"BreadcrumbList","@id":"https:\/\/www.blogsoestado.com\/joaquimhaickel\/2015\/01\/12\/se-eu-fosse-deputado-estadual\/#breadcrumb","itemListElement":[{"@type":"ListItem","position":1,"name":"In\u00edcio","item":"https:\/\/www.blogsoestado.com\/joaquimhaickel\/"},{"@type":"ListItem","position":2,"name":"Se eu fosse Deputado Estadual"}]},{"@type":"WebSite","@id":"https:\/\/www.blogsoestado.com\/joaquimhaickel\/#website","url":"https:\/\/www.blogsoestado.com\/joaquimhaickel\/","name":"Joaquim Haickel","description":"","potentialAction":[{"@type":"SearchAction","target":{"@type":"EntryPoint","urlTemplate":"https:\/\/www.blogsoestado.com\/joaquimhaickel\/?s={search_term_string}"},"query-input":{"@type":"PropertyValueSpecification","valueRequired":true,"valueName":"search_term_string"}}],"inLanguage":"pt-BR"},{"@type":"Person","@id":"https:\/\/www.blogsoestado.com\/joaquimhaickel\/#\/schema\/person\/4a711644aff28245c6c2c3452d66d325","name":"Joaquim Haickel","image":{"@type":"ImageObject","inLanguage":"pt-BR","@id":"https:\/\/www.blogsoestado.com\/joaquimhaickel\/#\/schema\/person\/image\/","url":"https:\/\/secure.gravatar.com\/avatar\/473d89339b9f8ec089adb8d5778363eb5a2ba2319956bcf0298bfd8cca04684a?s=96&d=mm&r=g","contentUrl":"https:\/\/secure.gravatar.com\/avatar\/473d89339b9f8ec089adb8d5778363eb5a2ba2319956bcf0298bfd8cca04684a?s=96&d=mm&r=g","caption":"Joaquim Haickel"},"url":"https:\/\/www.blogsoestado.com\/joaquimhaickel\/author\/joaquimhaickel\/"}]}},"jetpack_featured_media_url":"","_links":{"self":[{"href":"https:\/\/www.blogsoestado.com\/joaquimhaickel\/wp-json\/wp\/v2\/posts\/1447","targetHints":{"allow":["GET"]}}],"collection":[{"href":"https:\/\/www.blogsoestado.com\/joaquimhaickel\/wp-json\/wp\/v2\/posts"}],"about":[{"href":"https:\/\/www.blogsoestado.com\/joaquimhaickel\/wp-json\/wp\/v2\/types\/post"}],"author":[{"embeddable":true,"href":"https:\/\/www.blogsoestado.com\/joaquimhaickel\/wp-json\/wp\/v2\/users\/7"}],"replies":[{"embeddable":true,"href":"https:\/\/www.blogsoestado.com\/joaquimhaickel\/wp-json\/wp\/v2\/comments?post=1447"}],"version-history":[{"count":0,"href":"https:\/\/www.blogsoestado.com\/joaquimhaickel\/wp-json\/wp\/v2\/posts\/1447\/revisions"}],"wp:attachment":[{"href":"https:\/\/www.blogsoestado.com\/joaquimhaickel\/wp-json\/wp\/v2\/media?parent=1447"}],"wp:term":[{"taxonomy":"category","embeddable":true,"href":"https:\/\/www.blogsoestado.com\/joaquimhaickel\/wp-json\/wp\/v2\/categories?post=1447"},{"taxonomy":"post_tag","embeddable":true,"href":"https:\/\/www.blogsoestado.com\/joaquimhaickel\/wp-json\/wp\/v2\/tags?post=1447"}],"curies":[{"name":"wp","href":"https:\/\/api.w.org\/{rel}","templated":true}]}}