{"id":1497,"date":"2015-04-17T09:55:32","date_gmt":"2015-04-17T12:55:32","guid":{"rendered":"https:\/\/www.blogsoestado.com\/joaquimhaickel\/?p=1497"},"modified":"2015-04-17T09:55:32","modified_gmt":"2015-04-17T12:55:32","slug":"filme-maranhense-faz-sucesso-em-portugal","status":"publish","type":"post","link":"https:\/\/www.blogsoestado.com\/joaquimhaickel\/2015\/04\/17\/filme-maranhense-faz-sucesso-em-portugal\/","title":{"rendered":"Filme maranhense faz sucesso em Portugal"},"content":{"rendered":"<p><img fetchpriority=\"high\" decoding=\"async\" class=\"aligncenter size-full wp-image-1498\" src=\"https:\/\/www.blogsoestado.com\/joaquimhaickel\/wp-content\/uploads\/sites\/6\/2015\/04\/fotoblogjoaquim-1.png\" alt=\"fotoblogjoaquim\" width=\"679\" height=\"371\" srcset=\"https:\/\/www.blogsoestado.com\/joaquimhaickel\/wp-content\/uploads\/sites\/6\/2015\/04\/fotoblogjoaquim-1.png 679w, https:\/\/www.blogsoestado.com\/joaquimhaickel\/wp-content\/uploads\/sites\/6\/2015\/04\/fotoblogjoaquim-1-300x164.png 300w\" sizes=\"(max-width: 679px) 100vw, 679px\" \/><\/p>\n<p>Padre Ant\u00f3nio Vieira &#8211; O Poder da Palavra<\/p>\n<p>\u2018Padre Ant\u00f3nio Vieira &#8211; O Poder da Palavra\u2019 \u00e9 o t\u00edtulo do encontro, organizado no \u00e2mbito das atividades do PDEC\/UA-UM em colabora\u00e7\u00e3o com o Professor Ant\u00f3nio de Abreu Freire, que ter\u00e1 lugar na Sala de Atos da Reitoria da UA no dia 20, pelas 16 horas.<\/p>\n<p>O evento ter\u00e1 in\u00edcio com\u00a0a proje\u00e7\u00e3o do document\u00e1rio &#8216;A Pedra e a Palavra&#8217; sobre a vida e a obra deste vulto da Cultura Portuguesa, em parte filmado na Universidade de Aveiro, a que se seguir\u00e1 a \u00a0apresenta\u00e7\u00e3o da &#8216;Obra Completa\u00a0do Padre Ant\u00f3nio Vieira&#8217;, No final da sess\u00e3o promover-se-\u00e1 um debate com todos os presentes.<\/p>\n<p><strong>Document\u00e1rio Premiado<\/strong><\/p>\n<p>A Pedra e a Palavra, do realizador Joaquim Haickel, retrata a vida e a obra do Padre Ant\u00f3nio Vieira atrav\u00e9s de entrevistas com especialistas em v\u00e1rios pa\u00edses onde o jesu\u00edta atuou no decorrer da sua longa vida como mission\u00e1rio, pol\u00edtico, pioneiro e profeta do Quinto Imp\u00e9rio.<\/p>\n<p>O document\u00e1rio foi premiado na Competi\u00e7\u00e3o Avanca, recebendo o pr\u00e9mio Estreia Mundial nos Encontros Internacionais de Cinema, Televis\u00e3o, V\u00eddeo e Multim\u00e9dia \u2013 AVANCA 2014 e fez parte da Selec\u00e3o Oficial de Document\u00e1rios do CINETROFA \u2013 Festival de Internacional de Cinema e Literatura da Trofa, 2014.<\/p>\n<p><strong>\u00a0Obra Completa<\/strong><\/p>\n<p>&#8216;A Obra Completa do Padre Ant\u00f3nio Vieira&#8217; foi lan\u00e7ada em dezembro de 2014 pelo C\u00edrculo de Leitores, com a dire\u00e7\u00e3o de Jos\u00e9 Eduardo Franco e Pedro Calafate e teve como mecenas principal a Santa Casa de Miseric\u00f3rdia de Lisboa.<\/p>\n<p>Em 30 volumes e 15 mil p\u00e1ginas, a cole\u00e7\u00e3o traz a recolha, an\u00e1lise, interpreta\u00e7\u00e3o e autentica\u00e7\u00e3o de milhares de documentos provenientes de arquivos e bibliotecas portuguesas e estrangeiras, realizada por uma equipa multidisciplinar de pale\u00f3grafos, latinistas, linguistas, fil\u00f3sofos, historiadores, te\u00f3logos, juristas, cientistas liter\u00e1rios, entre outros especialistas.<\/p>\n<p>&#8212;&#8212;&#8212;&#8212;&#8212;&#8212;&#8212;&#8212;-<br \/>\nEnglish<\/p>\n<p>&#8216;Ant\u00f3nio Vieira &#8211; The Power of the Word&#8217; is the title of the meeting to be held at the Acts Room of the Rectory of AU, the 20th April at \u00a04 p.m., within the activities of the DPCS \/ UA-UM and in collaboration with Professor Ant\u00f3nio de Abreu Freire.<\/p>\n<p>The event will begin with the projection of the documentary &#8220;The Stone and the Word &#8216;about the life and work of this figure of Portuguese Culture in part filmed at the University of Aveiro, to be followed by the presentation of &#8216;Complete Works of Father Ant\u00f3nio Vieira&#8217;.\u00a0 The session will be concluded with an open discussion.<\/p>\n<p><strong>\u00a0Documentary Awarded<\/strong><\/p>\n<p>In \u2018The Stone and the Word\u2019, the director Joaquim Haickel, portrays the life and work of Father Ant\u00f3nio Vieira through interviews with experts in several countries where the Jesuit acted in the course of his long life as a missionary, political, Fifth Empire pioneer and prophet .<\/p>\n<p>The documentary was awarded in Avanca Competition, receiving the World Premiere Film award at the International Meetings, Television, Video and Multimedia &#8211; AVANCA 2014 and was part of the Official Selection of Documentaries at CINETROFA \u00a0&#8211; International Festival of Cinema and Literature of Trofa, 2014.<\/p>\n<p><strong>Complete Works<\/strong><\/p>\n<p>&#8216;The Complete Works of Father Ant\u00f3nio Vieira&#8217; was launched in December 2014 by C\u00edrculo dos Leitores Editions, under the direction of Jos\u00e9 Eduardo Franco and Pedro Calafate with funding from Santa Casa de Misericordia de Lisboa.<\/p>\n<p>In 30 volumes and 15,000 pages, the edition includes the collection, analysis, interpretation and authentication of thousands of documents from Portuguese and foreign libraries archives, carried out by a multidisciplinary team of paleographers, Latin scholars, linguists, philosophers, historians, theologians, lawyers, literary scientists, and other experts.<a href=\"https:\/\/www.blogsoestado.com\/joaquimhaickel\/wp-content\/uploads\/sites\/6\/2015\/04\/fotoblogjoaquim-1.png\"><br \/>\n<\/a><\/p>\n","protected":false},"excerpt":{"rendered":"<p>Padre Ant\u00f3nio Vieira &#8211; O Poder da Palavra \u2018Padre Ant\u00f3nio Vieira &#8211; O Poder da Palavra\u2019 \u00e9 o t\u00edtulo do [&hellip;]<\/p>\n","protected":false},"author":7,"featured_media":0,"comment_status":"open","ping_status":"open","sticky":false,"template":"","format":"standard","meta":{"site-sidebar-layout":"default","site-content-layout":"","ast-site-content-layout":"default","site-content-style":"default","site-sidebar-style":"default","ast-global-header-display":"","ast-banner-title-visibility":"","ast-main-header-display":"","ast-hfb-above-header-display":"","ast-hfb-below-header-display":"","ast-hfb-mobile-header-display":"","site-post-title":"","ast-breadcrumbs-content":"","ast-featured-img":"","footer-sml-layout":"","ast-disable-related-posts":"","theme-transparent-header-meta":"","adv-header-id-meta":"","stick-header-meta":"","header-above-stick-meta":"","header-main-stick-meta":"","header-below-stick-meta":"","astra-migrate-meta-layouts":"default","ast-page-background-enabled":"default","ast-page-background-meta":{"desktop":{"background-color":"var(--ast-global-color-5)","background-image":"","background-repeat":"repeat","background-position":"center center","background-size":"auto","background-attachment":"scroll","background-type":"","background-media":"","overlay-type":"","overlay-color":"","overlay-opacity":"","overlay-gradient":""},"tablet":{"background-color":"","background-image":"","background-repeat":"repeat","background-position":"center center","background-size":"auto","background-attachment":"scroll","background-type":"","background-media":"","overlay-type":"","overlay-color":"","overlay-opacity":"","overlay-gradient":""},"mobile":{"background-color":"","background-image":"","background-repeat":"repeat","background-position":"center center","background-size":"auto","background-attachment":"scroll","background-type":"","background-media":"","overlay-type":"","overlay-color":"","overlay-opacity":"","overlay-gradient":""}},"ast-content-background-meta":{"desktop":{"background-color":"var(--ast-global-color-4)","background-image":"","background-repeat":"repeat","background-position":"center center","background-size":"auto","background-attachment":"scroll","background-type":"","background-media":"","overlay-type":"","overlay-color":"","overlay-opacity":"","overlay-gradient":""},"tablet":{"background-color":"var(--ast-global-color-4)","background-image":"","background-repeat":"repeat","background-position":"center center","background-size":"auto","background-attachment":"scroll","background-type":"","background-media":"","overlay-type":"","overlay-color":"","overlay-opacity":"","overlay-gradient":""},"mobile":{"background-color":"var(--ast-global-color-4)","background-image":"","background-repeat":"repeat","background-position":"center center","background-size":"auto","background-attachment":"scroll","background-type":"","background-media":"","overlay-type":"","overlay-color":"","overlay-opacity":"","overlay-gradient":""}},"footnotes":""},"categories":[1],"tags":[],"class_list":["post-1497","post","type-post","status-publish","format-standard","hentry","category-sem-categoria"],"yoast_head":"<!-- This site is optimized with the Yoast SEO plugin v26.6 - https:\/\/yoast.com\/wordpress\/plugins\/seo\/ -->\n<title>Filme maranhense faz sucesso em Portugal - Joaquim Haickel<\/title>\n<meta name=\"robots\" content=\"index, follow, max-snippet:-1, max-image-preview:large, max-video-preview:-1\" \/>\n<link rel=\"canonical\" href=\"https:\/\/www.blogsoestado.com\/joaquimhaickel\/2015\/04\/17\/filme-maranhense-faz-sucesso-em-portugal\/\" \/>\n<meta property=\"og:locale\" content=\"pt_BR\" \/>\n<meta property=\"og:type\" content=\"article\" \/>\n<meta property=\"og:title\" content=\"Filme maranhense faz sucesso em Portugal - Joaquim Haickel\" \/>\n<meta property=\"og:description\" content=\"Padre Ant\u00f3nio Vieira &#8211; O Poder da Palavra \u2018Padre Ant\u00f3nio Vieira &#8211; O Poder da Palavra\u2019 \u00e9 o t\u00edtulo do [&hellip;]\" \/>\n<meta property=\"og:url\" content=\"https:\/\/www.blogsoestado.com\/joaquimhaickel\/2015\/04\/17\/filme-maranhense-faz-sucesso-em-portugal\/\" \/>\n<meta property=\"og:site_name\" content=\"Joaquim Haickel\" \/>\n<meta property=\"article:published_time\" content=\"2015-04-17T12:55:32+00:00\" \/>\n<meta property=\"og:image\" content=\"https:\/\/www.blogsoestado.com\/joaquimhaickel\/wp-content\/uploads\/sites\/6\/2015\/04\/fotoblogjoaquim-1.png\" \/>\n<meta name=\"author\" content=\"Joaquim Haickel\" \/>\n<meta name=\"twitter:card\" content=\"summary_large_image\" \/>\n<meta name=\"twitter:label1\" content=\"Escrito por\" \/>\n\t<meta name=\"twitter:data1\" content=\"Joaquim Haickel\" \/>\n\t<meta name=\"twitter:label2\" content=\"Est. tempo de leitura\" \/>\n\t<meta name=\"twitter:data2\" content=\"3 minutos\" \/>\n<script type=\"application\/ld+json\" class=\"yoast-schema-graph\">{\"@context\":\"https:\/\/schema.org\",\"@graph\":[{\"@type\":\"WebPage\",\"@id\":\"https:\/\/www.blogsoestado.com\/joaquimhaickel\/2015\/04\/17\/filme-maranhense-faz-sucesso-em-portugal\/\",\"url\":\"https:\/\/www.blogsoestado.com\/joaquimhaickel\/2015\/04\/17\/filme-maranhense-faz-sucesso-em-portugal\/\",\"name\":\"Filme maranhense faz sucesso em Portugal - Joaquim Haickel\",\"isPartOf\":{\"@id\":\"https:\/\/www.blogsoestado.com\/joaquimhaickel\/#website\"},\"primaryImageOfPage\":{\"@id\":\"https:\/\/www.blogsoestado.com\/joaquimhaickel\/2015\/04\/17\/filme-maranhense-faz-sucesso-em-portugal\/#primaryimage\"},\"image\":{\"@id\":\"https:\/\/www.blogsoestado.com\/joaquimhaickel\/2015\/04\/17\/filme-maranhense-faz-sucesso-em-portugal\/#primaryimage\"},\"thumbnailUrl\":\"https:\/\/www.blogsoestado.com\/joaquimhaickel\/wp-content\/uploads\/sites\/6\/2015\/04\/fotoblogjoaquim-1.png\",\"datePublished\":\"2015-04-17T12:55:32+00:00\",\"author\":{\"@id\":\"https:\/\/www.blogsoestado.com\/joaquimhaickel\/#\/schema\/person\/4a711644aff28245c6c2c3452d66d325\"},\"breadcrumb\":{\"@id\":\"https:\/\/www.blogsoestado.com\/joaquimhaickel\/2015\/04\/17\/filme-maranhense-faz-sucesso-em-portugal\/#breadcrumb\"},\"inLanguage\":\"pt-BR\",\"potentialAction\":[{\"@type\":\"ReadAction\",\"target\":[\"https:\/\/www.blogsoestado.com\/joaquimhaickel\/2015\/04\/17\/filme-maranhense-faz-sucesso-em-portugal\/\"]}]},{\"@type\":\"ImageObject\",\"inLanguage\":\"pt-BR\",\"@id\":\"https:\/\/www.blogsoestado.com\/joaquimhaickel\/2015\/04\/17\/filme-maranhense-faz-sucesso-em-portugal\/#primaryimage\",\"url\":\"https:\/\/www.blogsoestado.com\/joaquimhaickel\/wp-content\/uploads\/sites\/6\/2015\/04\/fotoblogjoaquim-1.png\",\"contentUrl\":\"https:\/\/www.blogsoestado.com\/joaquimhaickel\/wp-content\/uploads\/sites\/6\/2015\/04\/fotoblogjoaquim-1.png\",\"width\":679,\"height\":371},{\"@type\":\"BreadcrumbList\",\"@id\":\"https:\/\/www.blogsoestado.com\/joaquimhaickel\/2015\/04\/17\/filme-maranhense-faz-sucesso-em-portugal\/#breadcrumb\",\"itemListElement\":[{\"@type\":\"ListItem\",\"position\":1,\"name\":\"In\u00edcio\",\"item\":\"https:\/\/www.blogsoestado.com\/joaquimhaickel\/\"},{\"@type\":\"ListItem\",\"position\":2,\"name\":\"Filme maranhense faz sucesso em Portugal\"}]},{\"@type\":\"WebSite\",\"@id\":\"https:\/\/www.blogsoestado.com\/joaquimhaickel\/#website\",\"url\":\"https:\/\/www.blogsoestado.com\/joaquimhaickel\/\",\"name\":\"Joaquim Haickel\",\"description\":\"\",\"potentialAction\":[{\"@type\":\"SearchAction\",\"target\":{\"@type\":\"EntryPoint\",\"urlTemplate\":\"https:\/\/www.blogsoestado.com\/joaquimhaickel\/?s={search_term_string}\"},\"query-input\":{\"@type\":\"PropertyValueSpecification\",\"valueRequired\":true,\"valueName\":\"search_term_string\"}}],\"inLanguage\":\"pt-BR\"},{\"@type\":\"Person\",\"@id\":\"https:\/\/www.blogsoestado.com\/joaquimhaickel\/#\/schema\/person\/4a711644aff28245c6c2c3452d66d325\",\"name\":\"Joaquim Haickel\",\"image\":{\"@type\":\"ImageObject\",\"inLanguage\":\"pt-BR\",\"@id\":\"https:\/\/www.blogsoestado.com\/joaquimhaickel\/#\/schema\/person\/image\/\",\"url\":\"https:\/\/secure.gravatar.com\/avatar\/473d89339b9f8ec089adb8d5778363eb5a2ba2319956bcf0298bfd8cca04684a?s=96&d=mm&r=g\",\"contentUrl\":\"https:\/\/secure.gravatar.com\/avatar\/473d89339b9f8ec089adb8d5778363eb5a2ba2319956bcf0298bfd8cca04684a?s=96&d=mm&r=g\",\"caption\":\"Joaquim Haickel\"},\"url\":\"https:\/\/www.blogsoestado.com\/joaquimhaickel\/author\/joaquimhaickel\/\"}]}<\/script>\n<!-- \/ Yoast SEO plugin. -->","yoast_head_json":{"title":"Filme maranhense faz sucesso em Portugal - Joaquim Haickel","robots":{"index":"index","follow":"follow","max-snippet":"max-snippet:-1","max-image-preview":"max-image-preview:large","max-video-preview":"max-video-preview:-1"},"canonical":"https:\/\/www.blogsoestado.com\/joaquimhaickel\/2015\/04\/17\/filme-maranhense-faz-sucesso-em-portugal\/","og_locale":"pt_BR","og_type":"article","og_title":"Filme maranhense faz sucesso em Portugal - Joaquim Haickel","og_description":"Padre Ant\u00f3nio Vieira &#8211; O Poder da Palavra \u2018Padre Ant\u00f3nio Vieira &#8211; O Poder da Palavra\u2019 \u00e9 o t\u00edtulo do [&hellip;]","og_url":"https:\/\/www.blogsoestado.com\/joaquimhaickel\/2015\/04\/17\/filme-maranhense-faz-sucesso-em-portugal\/","og_site_name":"Joaquim Haickel","article_published_time":"2015-04-17T12:55:32+00:00","og_image":[{"url":"https:\/\/www.blogsoestado.com\/joaquimhaickel\/wp-content\/uploads\/sites\/6\/2015\/04\/fotoblogjoaquim-1.png","type":"","width":"","height":""}],"author":"Joaquim Haickel","twitter_card":"summary_large_image","twitter_misc":{"Escrito por":"Joaquim Haickel","Est. tempo de leitura":"3 minutos"},"schema":{"@context":"https:\/\/schema.org","@graph":[{"@type":"WebPage","@id":"https:\/\/www.blogsoestado.com\/joaquimhaickel\/2015\/04\/17\/filme-maranhense-faz-sucesso-em-portugal\/","url":"https:\/\/www.blogsoestado.com\/joaquimhaickel\/2015\/04\/17\/filme-maranhense-faz-sucesso-em-portugal\/","name":"Filme maranhense faz sucesso em Portugal - Joaquim Haickel","isPartOf":{"@id":"https:\/\/www.blogsoestado.com\/joaquimhaickel\/#website"},"primaryImageOfPage":{"@id":"https:\/\/www.blogsoestado.com\/joaquimhaickel\/2015\/04\/17\/filme-maranhense-faz-sucesso-em-portugal\/#primaryimage"},"image":{"@id":"https:\/\/www.blogsoestado.com\/joaquimhaickel\/2015\/04\/17\/filme-maranhense-faz-sucesso-em-portugal\/#primaryimage"},"thumbnailUrl":"https:\/\/www.blogsoestado.com\/joaquimhaickel\/wp-content\/uploads\/sites\/6\/2015\/04\/fotoblogjoaquim-1.png","datePublished":"2015-04-17T12:55:32+00:00","author":{"@id":"https:\/\/www.blogsoestado.com\/joaquimhaickel\/#\/schema\/person\/4a711644aff28245c6c2c3452d66d325"},"breadcrumb":{"@id":"https:\/\/www.blogsoestado.com\/joaquimhaickel\/2015\/04\/17\/filme-maranhense-faz-sucesso-em-portugal\/#breadcrumb"},"inLanguage":"pt-BR","potentialAction":[{"@type":"ReadAction","target":["https:\/\/www.blogsoestado.com\/joaquimhaickel\/2015\/04\/17\/filme-maranhense-faz-sucesso-em-portugal\/"]}]},{"@type":"ImageObject","inLanguage":"pt-BR","@id":"https:\/\/www.blogsoestado.com\/joaquimhaickel\/2015\/04\/17\/filme-maranhense-faz-sucesso-em-portugal\/#primaryimage","url":"https:\/\/www.blogsoestado.com\/joaquimhaickel\/wp-content\/uploads\/sites\/6\/2015\/04\/fotoblogjoaquim-1.png","contentUrl":"https:\/\/www.blogsoestado.com\/joaquimhaickel\/wp-content\/uploads\/sites\/6\/2015\/04\/fotoblogjoaquim-1.png","width":679,"height":371},{"@type":"BreadcrumbList","@id":"https:\/\/www.blogsoestado.com\/joaquimhaickel\/2015\/04\/17\/filme-maranhense-faz-sucesso-em-portugal\/#breadcrumb","itemListElement":[{"@type":"ListItem","position":1,"name":"In\u00edcio","item":"https:\/\/www.blogsoestado.com\/joaquimhaickel\/"},{"@type":"ListItem","position":2,"name":"Filme maranhense faz sucesso em Portugal"}]},{"@type":"WebSite","@id":"https:\/\/www.blogsoestado.com\/joaquimhaickel\/#website","url":"https:\/\/www.blogsoestado.com\/joaquimhaickel\/","name":"Joaquim Haickel","description":"","potentialAction":[{"@type":"SearchAction","target":{"@type":"EntryPoint","urlTemplate":"https:\/\/www.blogsoestado.com\/joaquimhaickel\/?s={search_term_string}"},"query-input":{"@type":"PropertyValueSpecification","valueRequired":true,"valueName":"search_term_string"}}],"inLanguage":"pt-BR"},{"@type":"Person","@id":"https:\/\/www.blogsoestado.com\/joaquimhaickel\/#\/schema\/person\/4a711644aff28245c6c2c3452d66d325","name":"Joaquim Haickel","image":{"@type":"ImageObject","inLanguage":"pt-BR","@id":"https:\/\/www.blogsoestado.com\/joaquimhaickel\/#\/schema\/person\/image\/","url":"https:\/\/secure.gravatar.com\/avatar\/473d89339b9f8ec089adb8d5778363eb5a2ba2319956bcf0298bfd8cca04684a?s=96&d=mm&r=g","contentUrl":"https:\/\/secure.gravatar.com\/avatar\/473d89339b9f8ec089adb8d5778363eb5a2ba2319956bcf0298bfd8cca04684a?s=96&d=mm&r=g","caption":"Joaquim Haickel"},"url":"https:\/\/www.blogsoestado.com\/joaquimhaickel\/author\/joaquimhaickel\/"}]}},"jetpack_featured_media_url":"","_links":{"self":[{"href":"https:\/\/www.blogsoestado.com\/joaquimhaickel\/wp-json\/wp\/v2\/posts\/1497","targetHints":{"allow":["GET"]}}],"collection":[{"href":"https:\/\/www.blogsoestado.com\/joaquimhaickel\/wp-json\/wp\/v2\/posts"}],"about":[{"href":"https:\/\/www.blogsoestado.com\/joaquimhaickel\/wp-json\/wp\/v2\/types\/post"}],"author":[{"embeddable":true,"href":"https:\/\/www.blogsoestado.com\/joaquimhaickel\/wp-json\/wp\/v2\/users\/7"}],"replies":[{"embeddable":true,"href":"https:\/\/www.blogsoestado.com\/joaquimhaickel\/wp-json\/wp\/v2\/comments?post=1497"}],"version-history":[{"count":0,"href":"https:\/\/www.blogsoestado.com\/joaquimhaickel\/wp-json\/wp\/v2\/posts\/1497\/revisions"}],"wp:attachment":[{"href":"https:\/\/www.blogsoestado.com\/joaquimhaickel\/wp-json\/wp\/v2\/media?parent=1497"}],"wp:term":[{"taxonomy":"category","embeddable":true,"href":"https:\/\/www.blogsoestado.com\/joaquimhaickel\/wp-json\/wp\/v2\/categories?post=1497"},{"taxonomy":"post_tag","embeddable":true,"href":"https:\/\/www.blogsoestado.com\/joaquimhaickel\/wp-json\/wp\/v2\/tags?post=1497"}],"curies":[{"name":"wp","href":"https:\/\/api.w.org\/{rel}","templated":true}]}}