{"id":1501,"date":"2015-04-21T11:24:51","date_gmt":"2015-04-21T14:24:51","guid":{"rendered":"https:\/\/www.blogsoestado.com\/joaquimhaickel\/?p=1501"},"modified":"2015-04-21T11:24:51","modified_gmt":"2015-04-21T14:24:51","slug":"padre-antonio-vieira","status":"publish","type":"post","link":"https:\/\/www.blogsoestado.com\/joaquimhaickel\/2015\/04\/21\/padre-antonio-vieira\/","title":{"rendered":"Padre Ant\u00f3nio Vieira"},"content":{"rendered":"<div>\n<div>\n<div>\n<p><em>O Poder da Palavra<\/em><\/p>\n<\/div>\n<\/div>\n<div>\n<div>\n<p>\u2018Padre Ant\u00f3nio Vieira &#8211; O Poder da Palavra\u2019 \u00e9 o t\u00edtulo do encontro, organizado no \u00e2mbito das atividades do PDEC\/UA-UM em colabora\u00e7\u00e3o com o Professor Ant\u00f3nio de Abreu Freire, que ter\u00e1 lugar na Sala de Atos da Reitoria da UA no dia 20, pelas 16 horas.<\/p>\n<p>O evento ter\u00e1 in\u00edcio com\u00a0a proje\u00e7\u00e3o do document\u00e1rio &#8216;A Pedra e a Palavra&#8217; sobre a vida e a obra deste vulto da Cultura Portuguesa, em parte filmado na Universidade de Aveiro, a que se seguir\u00e1 a \u00a0apresenta\u00e7\u00e3o da &#8216;Obra Completa\u00a0do Padre Ant\u00f3nio Vieira&#8217;, No final da sess\u00e3o promover-se-\u00e1 um debate com todos os presentes.<\/p>\n<\/div>\n<\/div>\n<p><img fetchpriority=\"high\" decoding=\"async\" class=\"CToWUd a6T alignleft\" tabindex=\"0\" src=\"https:\/\/ci3.googleusercontent.com\/proxy\/cg5JP2x45FoOcdyRbJklFSMO3AYUlnSj0cLb3o_7hmnUxeQwRdsD5hf56KnbFxnUJZz0AtZHzXKCsxrYvGFhtAzJHflSBBauiUTNua887GmA7SeHrK_unDZUIfRc16kzlNEBhdppsd0fLDKOliQxEHeiTA=s0-d-e1-ft#http:\/\/35.kmitd6.com\/recursos\/d1924eb7c9b40d5abe939e6b30876cf7\/Image\/e55312bea6d7ba702406.png\" alt=\"image\" width=\"334\" height=\"472\" border=\"0\" \/><\/p>\n<div>\n<h4>Document\u00e1rio Premiado<\/h4>\n<\/div>\n<div>\n<div>\n<p>A Pedra e a Palavra, do realizador Joaquim Haickel, retrata a vida e a obra do Padre Ant\u00f3nio Vieira atrav\u00e9s de entrevistas com especialistas em v\u00e1rios pa\u00edses onde o jesu\u00edta atuou no decorrer da sua longa vida como mission\u00e1rio, pol\u00edtico, pioneiro e profeta do Quinto Imp\u00e9rio.<\/p>\n<p>O document\u00e1rio foi premiado na Competi\u00e7\u00e3o Avanca, recebendo o pr\u00e9mio Estreia Mundial nos Encontros Internacionais de Cinema, Televis\u00e3o, V\u00eddeo e Multim\u00e9dia \u2013 AVANCA 2014 e fez parte da Selec\u00e3o Oficial de Document\u00e1rios do CINETROFA \u2013 Festival de Internacional de Cinema e Literatura da Trofa, 2014.<\/p>\n<\/div>\n<\/div>\n<\/div>\n<div><\/div>\n<div><\/div>\n<div><\/div>\n<div><\/div>\n<div><\/div>\n<div><\/div>\n<div><\/div>\n<div><\/div>\n<div><\/div>\n<div><\/div>\n<div><\/div>\n<div><\/div>\n<div><\/div>\n<div><\/div>\n<div><img decoding=\"async\" class=\"CToWUd a6T alignleft\" tabindex=\"0\" src=\"https:\/\/ci6.googleusercontent.com\/proxy\/6kuYM5yJ8QAqHEz2lpkBxoUuZuQbkN1HtOoOTFbnE7Xtp8SO8sgDvpTY0WEoptj6nHXEdNP-ipmMevrUySgrOZ2pOgGlWUUFZi6AvWNmaQb5rQ2-WdME4rdZsj5htDHc5y4XFYKfbOfFzuXXIHsiDlpHVg=s0-d-e1-ft#http:\/\/35.kmitd6.com\/recursos\/d1924eb7c9b40d5abe939e6b30876cf7\/Image\/e55312b0d721c4699425.jpg\" alt=\"image\" width=\"380\" height=\"434\" border=\"0\" \/><\/div>\n<div><\/div>\n<div><\/div>\n<div><\/div>\n<div><\/div>\n<div>\n<div>\n<h4>Obra Completa<\/h4>\n<\/div>\n<div>\n<div>\n<p>&#8216;A Obra Completa do Padre Ant\u00f3nio Vieira&#8217; foi lan\u00e7ada em dezembro de 2014 pelo C\u00edrculo de Leitores, com a dire\u00e7\u00e3o de Jos\u00e9 Eduardo Franco e Pedro Calafate e teve como mecenas principal a Santa Casa de Miseric\u00f3rdia de Lisboa.<\/p>\n<p>Em 30 volumes e 15 mil p\u00e1ginas, a cole\u00e7\u00e3o traz a recolha, an\u00e1lise, interpreta\u00e7\u00e3o e autentica\u00e7\u00e3o de milhares de documentos provenientes de arquivos e bibliotecas portuguesas e estrangeiras, realizada por uma equipa multidisciplinar de pale\u00f3grafos, latinistas, linguistas, fil\u00f3sofos, historiadores, te\u00f3logos, juristas, cientistas liter\u00e1rios, entre outros especialistas.<\/p>\n<\/div>\n<\/div>\n<\/div>\n","protected":false},"excerpt":{"rendered":"<p>O Poder da Palavra \u2018Padre Ant\u00f3nio Vieira &#8211; O Poder da Palavra\u2019 \u00e9 o t\u00edtulo do encontro, organizado no \u00e2mbito [&hellip;]<\/p>\n","protected":false},"author":7,"featured_media":0,"comment_status":"open","ping_status":"open","sticky":false,"template":"","format":"standard","meta":{"site-sidebar-layout":"default","site-content-layout":"","ast-site-content-layout":"default","site-content-style":"default","site-sidebar-style":"default","ast-global-header-display":"","ast-banner-title-visibility":"","ast-main-header-display":"","ast-hfb-above-header-display":"","ast-hfb-below-header-display":"","ast-hfb-mobile-header-display":"","site-post-title":"","ast-breadcrumbs-content":"","ast-featured-img":"","footer-sml-layout":"","ast-disable-related-posts":"","theme-transparent-header-meta":"","adv-header-id-meta":"","stick-header-meta":"","header-above-stick-meta":"","header-main-stick-meta":"","header-below-stick-meta":"","astra-migrate-meta-layouts":"default","ast-page-background-enabled":"default","ast-page-background-meta":{"desktop":{"background-color":"var(--ast-global-color-5)","background-image":"","background-repeat":"repeat","background-position":"center center","background-size":"auto","background-attachment":"scroll","background-type":"","background-media":"","overlay-type":"","overlay-color":"","overlay-opacity":"","overlay-gradient":""},"tablet":{"background-color":"","background-image":"","background-repeat":"repeat","background-position":"center center","background-size":"auto","background-attachment":"scroll","background-type":"","background-media":"","overlay-type":"","overlay-color":"","overlay-opacity":"","overlay-gradient":""},"mobile":{"background-color":"","background-image":"","background-repeat":"repeat","background-position":"center center","background-size":"auto","background-attachment":"scroll","background-type":"","background-media":"","overlay-type":"","overlay-color":"","overlay-opacity":"","overlay-gradient":""}},"ast-content-background-meta":{"desktop":{"background-color":"var(--ast-global-color-4)","background-image":"","background-repeat":"repeat","background-position":"center center","background-size":"auto","background-attachment":"scroll","background-type":"","background-media":"","overlay-type":"","overlay-color":"","overlay-opacity":"","overlay-gradient":""},"tablet":{"background-color":"var(--ast-global-color-4)","background-image":"","background-repeat":"repeat","background-position":"center center","background-size":"auto","background-attachment":"scroll","background-type":"","background-media":"","overlay-type":"","overlay-color":"","overlay-opacity":"","overlay-gradient":""},"mobile":{"background-color":"var(--ast-global-color-4)","background-image":"","background-repeat":"repeat","background-position":"center center","background-size":"auto","background-attachment":"scroll","background-type":"","background-media":"","overlay-type":"","overlay-color":"","overlay-opacity":"","overlay-gradient":""}},"footnotes":""},"categories":[1],"tags":[],"class_list":["post-1501","post","type-post","status-publish","format-standard","hentry","category-sem-categoria"],"yoast_head":"<!-- This site is optimized with the Yoast SEO plugin v26.6 - https:\/\/yoast.com\/wordpress\/plugins\/seo\/ -->\n<title>Padre Ant\u00f3nio Vieira - Joaquim Haickel<\/title>\n<meta name=\"robots\" content=\"index, follow, max-snippet:-1, max-image-preview:large, max-video-preview:-1\" \/>\n<link rel=\"canonical\" href=\"https:\/\/www.blogsoestado.com\/joaquimhaickel\/2015\/04\/21\/padre-antonio-vieira\/\" \/>\n<meta property=\"og:locale\" content=\"pt_BR\" \/>\n<meta property=\"og:type\" content=\"article\" \/>\n<meta property=\"og:title\" content=\"Padre Ant\u00f3nio Vieira - Joaquim Haickel\" \/>\n<meta property=\"og:description\" content=\"O Poder da Palavra \u2018Padre Ant\u00f3nio Vieira &#8211; O Poder da Palavra\u2019 \u00e9 o t\u00edtulo do encontro, organizado no \u00e2mbito [&hellip;]\" \/>\n<meta property=\"og:url\" content=\"https:\/\/www.blogsoestado.com\/joaquimhaickel\/2015\/04\/21\/padre-antonio-vieira\/\" \/>\n<meta property=\"og:site_name\" content=\"Joaquim Haickel\" \/>\n<meta property=\"article:published_time\" content=\"2015-04-21T14:24:51+00:00\" \/>\n<meta property=\"og:image\" content=\"https:\/\/ci3.googleusercontent.com\/proxy\/cg5JP2x45FoOcdyRbJklFSMO3AYUlnSj0cLb3o_7hmnUxeQwRdsD5hf56KnbFxnUJZz0AtZHzXKCsxrYvGFhtAzJHflSBBauiUTNua887GmA7SeHrK_unDZUIfRc16kzlNEBhdppsd0fLDKOliQxEHeiTA=s0-d-e1-ft#http:\/\/35.kmitd6.com\/recursos\/d1924eb7c9b40d5abe939e6b30876cf7\/Image\/e55312bea6d7ba702406.png\" \/>\n<meta name=\"author\" content=\"Joaquim Haickel\" \/>\n<meta name=\"twitter:card\" content=\"summary_large_image\" \/>\n<meta name=\"twitter:label1\" content=\"Escrito por\" \/>\n\t<meta name=\"twitter:data1\" content=\"Joaquim Haickel\" \/>\n\t<meta name=\"twitter:label2\" content=\"Est. tempo de leitura\" \/>\n\t<meta name=\"twitter:data2\" content=\"2 minutos\" \/>\n<script type=\"application\/ld+json\" class=\"yoast-schema-graph\">{\"@context\":\"https:\/\/schema.org\",\"@graph\":[{\"@type\":\"WebPage\",\"@id\":\"https:\/\/www.blogsoestado.com\/joaquimhaickel\/2015\/04\/21\/padre-antonio-vieira\/\",\"url\":\"https:\/\/www.blogsoestado.com\/joaquimhaickel\/2015\/04\/21\/padre-antonio-vieira\/\",\"name\":\"Padre Ant\u00f3nio Vieira - Joaquim Haickel\",\"isPartOf\":{\"@id\":\"https:\/\/www.blogsoestado.com\/joaquimhaickel\/#website\"},\"primaryImageOfPage\":{\"@id\":\"https:\/\/www.blogsoestado.com\/joaquimhaickel\/2015\/04\/21\/padre-antonio-vieira\/#primaryimage\"},\"image\":{\"@id\":\"https:\/\/www.blogsoestado.com\/joaquimhaickel\/2015\/04\/21\/padre-antonio-vieira\/#primaryimage\"},\"thumbnailUrl\":\"https:\/\/ci3.googleusercontent.com\/proxy\/cg5JP2x45FoOcdyRbJklFSMO3AYUlnSj0cLb3o_7hmnUxeQwRdsD5hf56KnbFxnUJZz0AtZHzXKCsxrYvGFhtAzJHflSBBauiUTNua887GmA7SeHrK_unDZUIfRc16kzlNEBhdppsd0fLDKOliQxEHeiTA=s0-d-e1-ft#http:\/\/35.kmitd6.com\/recursos\/d1924eb7c9b40d5abe939e6b30876cf7\/Image\/e55312bea6d7ba702406.png\",\"datePublished\":\"2015-04-21T14:24:51+00:00\",\"author\":{\"@id\":\"https:\/\/www.blogsoestado.com\/joaquimhaickel\/#\/schema\/person\/4a711644aff28245c6c2c3452d66d325\"},\"breadcrumb\":{\"@id\":\"https:\/\/www.blogsoestado.com\/joaquimhaickel\/2015\/04\/21\/padre-antonio-vieira\/#breadcrumb\"},\"inLanguage\":\"pt-BR\",\"potentialAction\":[{\"@type\":\"ReadAction\",\"target\":[\"https:\/\/www.blogsoestado.com\/joaquimhaickel\/2015\/04\/21\/padre-antonio-vieira\/\"]}]},{\"@type\":\"ImageObject\",\"inLanguage\":\"pt-BR\",\"@id\":\"https:\/\/www.blogsoestado.com\/joaquimhaickel\/2015\/04\/21\/padre-antonio-vieira\/#primaryimage\",\"url\":\"https:\/\/ci3.googleusercontent.com\/proxy\/cg5JP2x45FoOcdyRbJklFSMO3AYUlnSj0cLb3o_7hmnUxeQwRdsD5hf56KnbFxnUJZz0AtZHzXKCsxrYvGFhtAzJHflSBBauiUTNua887GmA7SeHrK_unDZUIfRc16kzlNEBhdppsd0fLDKOliQxEHeiTA=s0-d-e1-ft#http:\/\/35.kmitd6.com\/recursos\/d1924eb7c9b40d5abe939e6b30876cf7\/Image\/e55312bea6d7ba702406.png\",\"contentUrl\":\"https:\/\/ci3.googleusercontent.com\/proxy\/cg5JP2x45FoOcdyRbJklFSMO3AYUlnSj0cLb3o_7hmnUxeQwRdsD5hf56KnbFxnUJZz0AtZHzXKCsxrYvGFhtAzJHflSBBauiUTNua887GmA7SeHrK_unDZUIfRc16kzlNEBhdppsd0fLDKOliQxEHeiTA=s0-d-e1-ft#http:\/\/35.kmitd6.com\/recursos\/d1924eb7c9b40d5abe939e6b30876cf7\/Image\/e55312bea6d7ba702406.png\"},{\"@type\":\"BreadcrumbList\",\"@id\":\"https:\/\/www.blogsoestado.com\/joaquimhaickel\/2015\/04\/21\/padre-antonio-vieira\/#breadcrumb\",\"itemListElement\":[{\"@type\":\"ListItem\",\"position\":1,\"name\":\"In\u00edcio\",\"item\":\"https:\/\/www.blogsoestado.com\/joaquimhaickel\/\"},{\"@type\":\"ListItem\",\"position\":2,\"name\":\"Padre Ant\u00f3nio Vieira\"}]},{\"@type\":\"WebSite\",\"@id\":\"https:\/\/www.blogsoestado.com\/joaquimhaickel\/#website\",\"url\":\"https:\/\/www.blogsoestado.com\/joaquimhaickel\/\",\"name\":\"Joaquim Haickel\",\"description\":\"\",\"potentialAction\":[{\"@type\":\"SearchAction\",\"target\":{\"@type\":\"EntryPoint\",\"urlTemplate\":\"https:\/\/www.blogsoestado.com\/joaquimhaickel\/?s={search_term_string}\"},\"query-input\":{\"@type\":\"PropertyValueSpecification\",\"valueRequired\":true,\"valueName\":\"search_term_string\"}}],\"inLanguage\":\"pt-BR\"},{\"@type\":\"Person\",\"@id\":\"https:\/\/www.blogsoestado.com\/joaquimhaickel\/#\/schema\/person\/4a711644aff28245c6c2c3452d66d325\",\"name\":\"Joaquim Haickel\",\"image\":{\"@type\":\"ImageObject\",\"inLanguage\":\"pt-BR\",\"@id\":\"https:\/\/www.blogsoestado.com\/joaquimhaickel\/#\/schema\/person\/image\/\",\"url\":\"https:\/\/secure.gravatar.com\/avatar\/473d89339b9f8ec089adb8d5778363eb5a2ba2319956bcf0298bfd8cca04684a?s=96&d=mm&r=g\",\"contentUrl\":\"https:\/\/secure.gravatar.com\/avatar\/473d89339b9f8ec089adb8d5778363eb5a2ba2319956bcf0298bfd8cca04684a?s=96&d=mm&r=g\",\"caption\":\"Joaquim Haickel\"},\"url\":\"https:\/\/www.blogsoestado.com\/joaquimhaickel\/author\/joaquimhaickel\/\"}]}<\/script>\n<!-- \/ Yoast SEO plugin. -->","yoast_head_json":{"title":"Padre Ant\u00f3nio Vieira - Joaquim Haickel","robots":{"index":"index","follow":"follow","max-snippet":"max-snippet:-1","max-image-preview":"max-image-preview:large","max-video-preview":"max-video-preview:-1"},"canonical":"https:\/\/www.blogsoestado.com\/joaquimhaickel\/2015\/04\/21\/padre-antonio-vieira\/","og_locale":"pt_BR","og_type":"article","og_title":"Padre Ant\u00f3nio Vieira - Joaquim Haickel","og_description":"O Poder da Palavra \u2018Padre Ant\u00f3nio Vieira &#8211; O Poder da Palavra\u2019 \u00e9 o t\u00edtulo do encontro, organizado no \u00e2mbito [&hellip;]","og_url":"https:\/\/www.blogsoestado.com\/joaquimhaickel\/2015\/04\/21\/padre-antonio-vieira\/","og_site_name":"Joaquim Haickel","article_published_time":"2015-04-21T14:24:51+00:00","og_image":[{"url":"https:\/\/ci3.googleusercontent.com\/proxy\/cg5JP2x45FoOcdyRbJklFSMO3AYUlnSj0cLb3o_7hmnUxeQwRdsD5hf56KnbFxnUJZz0AtZHzXKCsxrYvGFhtAzJHflSBBauiUTNua887GmA7SeHrK_unDZUIfRc16kzlNEBhdppsd0fLDKOliQxEHeiTA=s0-d-e1-ft#http:\/\/35.kmitd6.com\/recursos\/d1924eb7c9b40d5abe939e6b30876cf7\/Image\/e55312bea6d7ba702406.png","type":"","width":"","height":""}],"author":"Joaquim Haickel","twitter_card":"summary_large_image","twitter_misc":{"Escrito por":"Joaquim Haickel","Est. tempo de leitura":"2 minutos"},"schema":{"@context":"https:\/\/schema.org","@graph":[{"@type":"WebPage","@id":"https:\/\/www.blogsoestado.com\/joaquimhaickel\/2015\/04\/21\/padre-antonio-vieira\/","url":"https:\/\/www.blogsoestado.com\/joaquimhaickel\/2015\/04\/21\/padre-antonio-vieira\/","name":"Padre Ant\u00f3nio Vieira - Joaquim Haickel","isPartOf":{"@id":"https:\/\/www.blogsoestado.com\/joaquimhaickel\/#website"},"primaryImageOfPage":{"@id":"https:\/\/www.blogsoestado.com\/joaquimhaickel\/2015\/04\/21\/padre-antonio-vieira\/#primaryimage"},"image":{"@id":"https:\/\/www.blogsoestado.com\/joaquimhaickel\/2015\/04\/21\/padre-antonio-vieira\/#primaryimage"},"thumbnailUrl":"https:\/\/ci3.googleusercontent.com\/proxy\/cg5JP2x45FoOcdyRbJklFSMO3AYUlnSj0cLb3o_7hmnUxeQwRdsD5hf56KnbFxnUJZz0AtZHzXKCsxrYvGFhtAzJHflSBBauiUTNua887GmA7SeHrK_unDZUIfRc16kzlNEBhdppsd0fLDKOliQxEHeiTA=s0-d-e1-ft#http:\/\/35.kmitd6.com\/recursos\/d1924eb7c9b40d5abe939e6b30876cf7\/Image\/e55312bea6d7ba702406.png","datePublished":"2015-04-21T14:24:51+00:00","author":{"@id":"https:\/\/www.blogsoestado.com\/joaquimhaickel\/#\/schema\/person\/4a711644aff28245c6c2c3452d66d325"},"breadcrumb":{"@id":"https:\/\/www.blogsoestado.com\/joaquimhaickel\/2015\/04\/21\/padre-antonio-vieira\/#breadcrumb"},"inLanguage":"pt-BR","potentialAction":[{"@type":"ReadAction","target":["https:\/\/www.blogsoestado.com\/joaquimhaickel\/2015\/04\/21\/padre-antonio-vieira\/"]}]},{"@type":"ImageObject","inLanguage":"pt-BR","@id":"https:\/\/www.blogsoestado.com\/joaquimhaickel\/2015\/04\/21\/padre-antonio-vieira\/#primaryimage","url":"https:\/\/ci3.googleusercontent.com\/proxy\/cg5JP2x45FoOcdyRbJklFSMO3AYUlnSj0cLb3o_7hmnUxeQwRdsD5hf56KnbFxnUJZz0AtZHzXKCsxrYvGFhtAzJHflSBBauiUTNua887GmA7SeHrK_unDZUIfRc16kzlNEBhdppsd0fLDKOliQxEHeiTA=s0-d-e1-ft#http:\/\/35.kmitd6.com\/recursos\/d1924eb7c9b40d5abe939e6b30876cf7\/Image\/e55312bea6d7ba702406.png","contentUrl":"https:\/\/ci3.googleusercontent.com\/proxy\/cg5JP2x45FoOcdyRbJklFSMO3AYUlnSj0cLb3o_7hmnUxeQwRdsD5hf56KnbFxnUJZz0AtZHzXKCsxrYvGFhtAzJHflSBBauiUTNua887GmA7SeHrK_unDZUIfRc16kzlNEBhdppsd0fLDKOliQxEHeiTA=s0-d-e1-ft#http:\/\/35.kmitd6.com\/recursos\/d1924eb7c9b40d5abe939e6b30876cf7\/Image\/e55312bea6d7ba702406.png"},{"@type":"BreadcrumbList","@id":"https:\/\/www.blogsoestado.com\/joaquimhaickel\/2015\/04\/21\/padre-antonio-vieira\/#breadcrumb","itemListElement":[{"@type":"ListItem","position":1,"name":"In\u00edcio","item":"https:\/\/www.blogsoestado.com\/joaquimhaickel\/"},{"@type":"ListItem","position":2,"name":"Padre Ant\u00f3nio Vieira"}]},{"@type":"WebSite","@id":"https:\/\/www.blogsoestado.com\/joaquimhaickel\/#website","url":"https:\/\/www.blogsoestado.com\/joaquimhaickel\/","name":"Joaquim Haickel","description":"","potentialAction":[{"@type":"SearchAction","target":{"@type":"EntryPoint","urlTemplate":"https:\/\/www.blogsoestado.com\/joaquimhaickel\/?s={search_term_string}"},"query-input":{"@type":"PropertyValueSpecification","valueRequired":true,"valueName":"search_term_string"}}],"inLanguage":"pt-BR"},{"@type":"Person","@id":"https:\/\/www.blogsoestado.com\/joaquimhaickel\/#\/schema\/person\/4a711644aff28245c6c2c3452d66d325","name":"Joaquim Haickel","image":{"@type":"ImageObject","inLanguage":"pt-BR","@id":"https:\/\/www.blogsoestado.com\/joaquimhaickel\/#\/schema\/person\/image\/","url":"https:\/\/secure.gravatar.com\/avatar\/473d89339b9f8ec089adb8d5778363eb5a2ba2319956bcf0298bfd8cca04684a?s=96&d=mm&r=g","contentUrl":"https:\/\/secure.gravatar.com\/avatar\/473d89339b9f8ec089adb8d5778363eb5a2ba2319956bcf0298bfd8cca04684a?s=96&d=mm&r=g","caption":"Joaquim Haickel"},"url":"https:\/\/www.blogsoestado.com\/joaquimhaickel\/author\/joaquimhaickel\/"}]}},"jetpack_featured_media_url":"","_links":{"self":[{"href":"https:\/\/www.blogsoestado.com\/joaquimhaickel\/wp-json\/wp\/v2\/posts\/1501","targetHints":{"allow":["GET"]}}],"collection":[{"href":"https:\/\/www.blogsoestado.com\/joaquimhaickel\/wp-json\/wp\/v2\/posts"}],"about":[{"href":"https:\/\/www.blogsoestado.com\/joaquimhaickel\/wp-json\/wp\/v2\/types\/post"}],"author":[{"embeddable":true,"href":"https:\/\/www.blogsoestado.com\/joaquimhaickel\/wp-json\/wp\/v2\/users\/7"}],"replies":[{"embeddable":true,"href":"https:\/\/www.blogsoestado.com\/joaquimhaickel\/wp-json\/wp\/v2\/comments?post=1501"}],"version-history":[{"count":0,"href":"https:\/\/www.blogsoestado.com\/joaquimhaickel\/wp-json\/wp\/v2\/posts\/1501\/revisions"}],"wp:attachment":[{"href":"https:\/\/www.blogsoestado.com\/joaquimhaickel\/wp-json\/wp\/v2\/media?parent=1501"}],"wp:term":[{"taxonomy":"category","embeddable":true,"href":"https:\/\/www.blogsoestado.com\/joaquimhaickel\/wp-json\/wp\/v2\/categories?post=1501"},{"taxonomy":"post_tag","embeddable":true,"href":"https:\/\/www.blogsoestado.com\/joaquimhaickel\/wp-json\/wp\/v2\/tags?post=1501"}],"curies":[{"name":"wp","href":"https:\/\/api.w.org\/{rel}","templated":true}]}}