{"id":1517,"date":"2015-05-17T08:34:04","date_gmt":"2015-05-17T11:34:04","guid":{"rendered":"https:\/\/www.blogsoestado.com\/joaquimhaickel\/?p=1517"},"modified":"2015-05-17T08:34:04","modified_gmt":"2015-05-17T11:34:04","slug":"a-contabilidade-da-vida","status":"publish","type":"post","link":"https:\/\/www.blogsoestado.com\/joaquimhaickel\/2015\/05\/17\/a-contabilidade-da-vida\/","title":{"rendered":"A contabilidade da Vida"},"content":{"rendered":"<p>J\u00e1 falei desse assunto aqui, mas acredito que nunca seja demais comentar, principalmente usando uma abordagem nova, tendo como base uma mat\u00e9ria que realmente n\u00e3o controlo e que me deixa um tanto inseguro. Trata-se de contabilidade, mas n\u00e3o aplicada aos neg\u00f3cios ou \u00e0s empresas. Falo da contabilidade necess\u00e1ria para aferirmos se somos felizes ou n\u00e3o, ou melhor dizendo, se somos mais ou menos felizes, nesse ou naquele t\u00f3pico da vida.<\/p>\n<p>Vou fazer a minha contabilidade para que voc\u00ea use-a como base para fazer a sua e possa ter uma no\u00e7\u00e3o do que se passa com sua vida.<\/p>\n<p>Comecemos pela contabilidade da sa\u00fade: eu tenho um pouco mais de cr\u00e9dito do que d\u00e9bito nesse setor. Imagino que por enquanto o balan\u00e7o aqui seja de 55 x 45. Fico pouco enfermo, uma ou outra dorzinha de cabe\u00e7a, raramente fico resfriado, mas tenho um relevante sobrepeso, minha taxa de toler\u00e2ncia a insulina come\u00e7a a se elevar, aos 55 anos fiquei hipertenso e preciso repor minha B12&#8230; O quadro parece dif\u00edcil, mas tudo isso \u00e9 control\u00e1vel, desde que eu obede\u00e7a aos m\u00e9dicos, tome os rem\u00e9dios, fa\u00e7a dieta e exerc\u00edcios f\u00edsicos&#8230; O que me leva diretamente a uma segunda an\u00e1lise. Sou mais desobediente que obediente.<\/p>\n<p>Outro quesito a ser analisado \u00e9 o da fam\u00edlia. A minha \u00e9 uma fam\u00edlia equilibrada, bem estruturada, nela as pessoas se amam e os problemas que enfrentamos s\u00e3o apenas os problemas inerentes ao dia a dia. Nesse campo poderia dizer que o jogo cont\u00e1bil seria de 85 x 15.<\/p>\n<p>Amigos: nesse \u00e2mbito posso dizer que sou um artilheiro. Tenho infinitamente mais pessoas que posso chamar de amigos que aquelas que seriam o oposto disso, coisa que imagino n\u00e3o ter nenhum. Ter um Inimigo \u00e9 como ter um c\u00e2ncer. Quem tivesse v\u00e1rios inimigos teria v\u00e1rios c\u00e2nceres. Eu gosto de imaginar que tenha advers\u00e1rios em algumas quest\u00f5es. Gosto at\u00e9 de cultiv\u00e1-los para que na lida com eles possa aparecer o melhor de mim. Preocupo-me muito em n\u00e3o permitir que nenhum advers\u00e1rio se torne um inimigo. Se aparecer algum ter\u00e1 sido por escolha dele, jamais minha.<\/p>\n<p>\u00c9 bem verdade que existem algumas pessoas que n\u00e3o gostam de gente. Alguns t\u00eam at\u00e9 certa raz\u00e3o para isso. N\u00e3o os culpo, mas o problema \u00e9 muito mais deles do que meu. Algu\u00e9m magoado ou inconformado com algo que eu tenha feito, com uma posi\u00e7\u00e3o minha&#8230; O certo \u00e9 que nesse balan\u00e7o cont\u00e1bil da amizade tenho um super\u00e1vit de 90% contra apenas 10% de d\u00e9ficit, al\u00e9m do que, eu costumo dizer que pra gostar de mim s\u00f3 precisa esquecer os preconceitos e me conhecer melhor!<\/p>\n<p>Nos neg\u00f3cios, o balan\u00e7o, apesar de ser tamb\u00e9m superavit\u00e1rio, \u00e9 mais complexo. Existem fatores extremamente delicados e vol\u00e1teis a serem analisados. Nossos neg\u00f3cios nunca dependem s\u00f3 de n\u00f3s. Uma s\u00e9rie de fatores influenciam a an\u00e1lise desse t\u00f3pico, mas vamos tentar.<\/p>\n<p>Mesmo sofrendo as influ\u00eancias do mercado, das regulamenta\u00e7\u00f5es do poder p\u00fablico que a maioria das vezes \u00e9 caolho e tacanha, mesmo sendo atingidos por concorrentes nem sempre bem intencionados, temos sobrevivido satisfatoriamente. N\u00e3o somos t\u00e3o poderosos quanto algumas pessoas imaginam, mas tamb\u00e9m n\u00e3o somos t\u00e3o fracos quanto outros sup\u00f5em. Imagino que esse balan\u00e7o esteja na casa do 60 para 40.<\/p>\n<p>Exerci cargos p\u00fablicos entre 1979 e 2014 e durante todo esse tempo, por onde passei, de oficial de gabinete do governador, a deputado estadual, sendo deputado federal constituinte e secret\u00e1rio de estado, acredito que realizei mais coisas boas que coisas n\u00e3o t\u00e3o boas. Sempre busquei o acerto, sempre lutei pelo equil\u00edbrio, sempre persegui a coer\u00eancia, todas essas coisas muito dif\u00edceis de serem alcan\u00e7adas no mundo da pol\u00edtica.<\/p>\n<p>Nesses 36 anos, posso n\u00e3o ter conseguido s\u00f3 vit\u00f3rias, mas jamais perdi uma elei\u00e7\u00e3o e sempre mantive a postura inerente aos bons pol\u00edticos.<\/p>\n<p>O contabilista que h\u00e1 em mim diz que meu super\u00e1vit nesse quesito \u00e9 de 75 contra 25 de d\u00e9ficit natural da fun\u00e7\u00e3o. Caso algu\u00e9m conteste esses n\u00fameros posso facilmente provar que eles est\u00e3o corretos, para isso basta que chamemos para depor correligion\u00e1rios e advers\u00e1rios meus do munic\u00edpio de S\u00e3o Domingos do Maranh\u00e3o, por exemplo, e quem n\u00e3o acreditar em minha contabilidade descobrir\u00e1 que sou amado por uns e respeitado pelos outros. Se isso n\u00e3o for suficiente apresentarei as leis de incentivo \u00e0 cultura e ao esporte, de minha autoria, motores desses setores em nosso Estado. Se isso n\u00e3o bastar, que levante minha ficha na justi\u00e7a veja quantos processos existem contra mim!<\/p>\n<p>O balan\u00e7o agora \u00e9 o cultural. Neste eu come\u00e7o em d\u00e9bito. Nasci em uma fam\u00edlia de classe m\u00e9dia, meus pais n\u00e3o tinham largos horizontes culturais e mesmo assim eu abri o meu caminho com uma incr\u00edvel dificuldade de leitura e uma desenfreada inquieta\u00e7\u00e3o. Hoje, essas duas coisas s\u00e3o tidas como doen\u00e7as: Dislexia e Transtorno do D\u00e9ficit de Aten\u00e7\u00e3o e Hiperatividade.<\/p>\n<p>Come\u00e7ando da\u00ed tinha tudo para n\u00e3o ir a lugar algum. Minha m\u00e3e e minha professora Terezinha, intuitivamente, inventaram um m\u00e9todo de me fazer aprender com mais clareza e agilidade: pelo ouvido e pelos olhos. O audiovisual salvou minha vida intelectual.<\/p>\n<p>Depois disso subi degrau por degrau at\u00e9 chegar aqui onde estou, na base da pir\u00e2mide cultural de minha terra, e de onde acredito n\u00e3o vou sair. O topo n\u00e3o \u00e9 para mim. Sempre preferi os coadjuvantes. Como digo em um poema, \u201cN\u00e3o se esque\u00e7a dos coadjuvantes eles s\u00e3o mais importantes e necess\u00e1rios que voc\u00ea imagina\u201d.<\/p>\n<p>Com um placar 65 x 35, penso ainda em melhor\u00e1-lo, mas tenho consci\u00eancia de que se o fizer vai ser mais pelo trabalho que eu e meus formid\u00e1veis parceiros temos realizado no resgate e na preserva\u00e7\u00e3o da mem\u00f3ria audiovisual do Maranh\u00e3o que em meu m\u00e9rito pessoal.<\/p>\n<p>J\u00e1 contabilizei minha sa\u00fade, minha fam\u00edlia, meus amigos, meus neg\u00f3cios, a pol\u00edtica e a cultura, resta apenas dizer que no que diz respeito ao amor eu sou um felizardo. A maioria das vezes que amei, meus amores foram correspondidos em quantidade, qualidade e intensidade, quando n\u00e3o o foram eu os usei como combust\u00edvel para meus poemas, contos e cr\u00f4nicas. Nesse ponto penso que o balan\u00e7o \u00e9 de 95 x 5, e o super\u00e1vit aumenta a cada dia em que vivo com Jacira.<\/p>\n<p>Somei todos os balan\u00e7os, os pr\u00f3s e os contras, e cheguei ao resultado m\u00e9dio de 75 x 25. Com um placar assim meu amigo, voc\u00ea acha que algu\u00e9m pode reclamar da vida.<\/p>\n<p>Fa\u00e7a a sua contabilidade, os seus balan\u00e7os. Espero que os resultados sejam positivos e que voc\u00ea os possa melhorar a cada dia.<\/p>\n<p>&nbsp;<\/p>\n","protected":false},"excerpt":{"rendered":"<p>J\u00e1 falei desse assunto aqui, mas acredito que nunca seja demais comentar, principalmente usando uma abordagem nova, tendo como base [&hellip;]<\/p>\n","protected":false},"author":7,"featured_media":0,"comment_status":"open","ping_status":"open","sticky":false,"template":"","format":"standard","meta":{"site-sidebar-layout":"default","site-content-layout":"","ast-site-content-layout":"default","site-content-style":"default","site-sidebar-style":"default","ast-global-header-display":"","ast-banner-title-visibility":"","ast-main-header-display":"","ast-hfb-above-header-display":"","ast-hfb-below-header-display":"","ast-hfb-mobile-header-display":"","site-post-title":"","ast-breadcrumbs-content":"","ast-featured-img":"","footer-sml-layout":"","ast-disable-related-posts":"","theme-transparent-header-meta":"","adv-header-id-meta":"","stick-header-meta":"","header-above-stick-meta":"","header-main-stick-meta":"","header-below-stick-meta":"","astra-migrate-meta-layouts":"default","ast-page-background-enabled":"default","ast-page-background-meta":{"desktop":{"background-color":"var(--ast-global-color-5)","background-image":"","background-repeat":"repeat","background-position":"center center","background-size":"auto","background-attachment":"scroll","background-type":"","background-media":"","overlay-type":"","overlay-color":"","overlay-opacity":"","overlay-gradient":""},"tablet":{"background-color":"","background-image":"","background-repeat":"repeat","background-position":"center center","background-size":"auto","background-attachment":"scroll","background-type":"","background-media":"","overlay-type":"","overlay-color":"","overlay-opacity":"","overlay-gradient":""},"mobile":{"background-color":"","background-image":"","background-repeat":"repeat","background-position":"center center","background-size":"auto","background-attachment":"scroll","background-type":"","background-media":"","overlay-type":"","overlay-color":"","overlay-opacity":"","overlay-gradient":""}},"ast-content-background-meta":{"desktop":{"background-color":"var(--ast-global-color-4)","background-image":"","background-repeat":"repeat","background-position":"center center","background-size":"auto","background-attachment":"scroll","background-type":"","background-media":"","overlay-type":"","overlay-color":"","overlay-opacity":"","overlay-gradient":""},"tablet":{"background-color":"var(--ast-global-color-4)","background-image":"","background-repeat":"repeat","background-position":"center center","background-size":"auto","background-attachment":"scroll","background-type":"","background-media":"","overlay-type":"","overlay-color":"","overlay-opacity":"","overlay-gradient":""},"mobile":{"background-color":"var(--ast-global-color-4)","background-image":"","background-repeat":"repeat","background-position":"center center","background-size":"auto","background-attachment":"scroll","background-type":"","background-media":"","overlay-type":"","overlay-color":"","overlay-opacity":"","overlay-gradient":""}},"footnotes":""},"categories":[1],"tags":[],"class_list":["post-1517","post","type-post","status-publish","format-standard","hentry","category-sem-categoria"],"yoast_head":"<!-- This site is optimized with the Yoast SEO plugin v26.6 - https:\/\/yoast.com\/wordpress\/plugins\/seo\/ -->\n<title>A contabilidade da Vida - Joaquim Haickel<\/title>\n<meta name=\"robots\" content=\"index, follow, max-snippet:-1, max-image-preview:large, max-video-preview:-1\" \/>\n<link rel=\"canonical\" href=\"https:\/\/www.blogsoestado.com\/joaquimhaickel\/2015\/05\/17\/a-contabilidade-da-vida\/\" \/>\n<meta property=\"og:locale\" content=\"pt_BR\" \/>\n<meta property=\"og:type\" content=\"article\" \/>\n<meta property=\"og:title\" content=\"A contabilidade da Vida - Joaquim Haickel\" \/>\n<meta property=\"og:description\" content=\"J\u00e1 falei desse assunto aqui, mas acredito que nunca seja demais comentar, principalmente usando uma abordagem nova, tendo como base [&hellip;]\" \/>\n<meta property=\"og:url\" content=\"https:\/\/www.blogsoestado.com\/joaquimhaickel\/2015\/05\/17\/a-contabilidade-da-vida\/\" \/>\n<meta property=\"og:site_name\" content=\"Joaquim Haickel\" \/>\n<meta property=\"article:published_time\" content=\"2015-05-17T11:34:04+00:00\" \/>\n<meta name=\"author\" content=\"Joaquim Haickel\" \/>\n<meta name=\"twitter:card\" content=\"summary_large_image\" \/>\n<meta name=\"twitter:label1\" content=\"Escrito por\" \/>\n\t<meta name=\"twitter:data1\" content=\"Joaquim Haickel\" \/>\n\t<meta name=\"twitter:label2\" content=\"Est. tempo de leitura\" \/>\n\t<meta name=\"twitter:data2\" content=\"6 minutos\" \/>\n<script type=\"application\/ld+json\" class=\"yoast-schema-graph\">{\"@context\":\"https:\/\/schema.org\",\"@graph\":[{\"@type\":\"WebPage\",\"@id\":\"https:\/\/www.blogsoestado.com\/joaquimhaickel\/2015\/05\/17\/a-contabilidade-da-vida\/\",\"url\":\"https:\/\/www.blogsoestado.com\/joaquimhaickel\/2015\/05\/17\/a-contabilidade-da-vida\/\",\"name\":\"A contabilidade da Vida - Joaquim Haickel\",\"isPartOf\":{\"@id\":\"https:\/\/www.blogsoestado.com\/joaquimhaickel\/#website\"},\"datePublished\":\"2015-05-17T11:34:04+00:00\",\"author\":{\"@id\":\"https:\/\/www.blogsoestado.com\/joaquimhaickel\/#\/schema\/person\/4a711644aff28245c6c2c3452d66d325\"},\"breadcrumb\":{\"@id\":\"https:\/\/www.blogsoestado.com\/joaquimhaickel\/2015\/05\/17\/a-contabilidade-da-vida\/#breadcrumb\"},\"inLanguage\":\"pt-BR\",\"potentialAction\":[{\"@type\":\"ReadAction\",\"target\":[\"https:\/\/www.blogsoestado.com\/joaquimhaickel\/2015\/05\/17\/a-contabilidade-da-vida\/\"]}]},{\"@type\":\"BreadcrumbList\",\"@id\":\"https:\/\/www.blogsoestado.com\/joaquimhaickel\/2015\/05\/17\/a-contabilidade-da-vida\/#breadcrumb\",\"itemListElement\":[{\"@type\":\"ListItem\",\"position\":1,\"name\":\"In\u00edcio\",\"item\":\"https:\/\/www.blogsoestado.com\/joaquimhaickel\/\"},{\"@type\":\"ListItem\",\"position\":2,\"name\":\"A contabilidade da Vida\"}]},{\"@type\":\"WebSite\",\"@id\":\"https:\/\/www.blogsoestado.com\/joaquimhaickel\/#website\",\"url\":\"https:\/\/www.blogsoestado.com\/joaquimhaickel\/\",\"name\":\"Joaquim Haickel\",\"description\":\"\",\"potentialAction\":[{\"@type\":\"SearchAction\",\"target\":{\"@type\":\"EntryPoint\",\"urlTemplate\":\"https:\/\/www.blogsoestado.com\/joaquimhaickel\/?s={search_term_string}\"},\"query-input\":{\"@type\":\"PropertyValueSpecification\",\"valueRequired\":true,\"valueName\":\"search_term_string\"}}],\"inLanguage\":\"pt-BR\"},{\"@type\":\"Person\",\"@id\":\"https:\/\/www.blogsoestado.com\/joaquimhaickel\/#\/schema\/person\/4a711644aff28245c6c2c3452d66d325\",\"name\":\"Joaquim Haickel\",\"image\":{\"@type\":\"ImageObject\",\"inLanguage\":\"pt-BR\",\"@id\":\"https:\/\/www.blogsoestado.com\/joaquimhaickel\/#\/schema\/person\/image\/\",\"url\":\"https:\/\/secure.gravatar.com\/avatar\/473d89339b9f8ec089adb8d5778363eb5a2ba2319956bcf0298bfd8cca04684a?s=96&d=mm&r=g\",\"contentUrl\":\"https:\/\/secure.gravatar.com\/avatar\/473d89339b9f8ec089adb8d5778363eb5a2ba2319956bcf0298bfd8cca04684a?s=96&d=mm&r=g\",\"caption\":\"Joaquim Haickel\"},\"url\":\"https:\/\/www.blogsoestado.com\/joaquimhaickel\/author\/joaquimhaickel\/\"}]}<\/script>\n<!-- \/ Yoast SEO plugin. -->","yoast_head_json":{"title":"A contabilidade da Vida - Joaquim Haickel","robots":{"index":"index","follow":"follow","max-snippet":"max-snippet:-1","max-image-preview":"max-image-preview:large","max-video-preview":"max-video-preview:-1"},"canonical":"https:\/\/www.blogsoestado.com\/joaquimhaickel\/2015\/05\/17\/a-contabilidade-da-vida\/","og_locale":"pt_BR","og_type":"article","og_title":"A contabilidade da Vida - Joaquim Haickel","og_description":"J\u00e1 falei desse assunto aqui, mas acredito que nunca seja demais comentar, principalmente usando uma abordagem nova, tendo como base [&hellip;]","og_url":"https:\/\/www.blogsoestado.com\/joaquimhaickel\/2015\/05\/17\/a-contabilidade-da-vida\/","og_site_name":"Joaquim Haickel","article_published_time":"2015-05-17T11:34:04+00:00","author":"Joaquim Haickel","twitter_card":"summary_large_image","twitter_misc":{"Escrito por":"Joaquim Haickel","Est. tempo de leitura":"6 minutos"},"schema":{"@context":"https:\/\/schema.org","@graph":[{"@type":"WebPage","@id":"https:\/\/www.blogsoestado.com\/joaquimhaickel\/2015\/05\/17\/a-contabilidade-da-vida\/","url":"https:\/\/www.blogsoestado.com\/joaquimhaickel\/2015\/05\/17\/a-contabilidade-da-vida\/","name":"A contabilidade da Vida - Joaquim Haickel","isPartOf":{"@id":"https:\/\/www.blogsoestado.com\/joaquimhaickel\/#website"},"datePublished":"2015-05-17T11:34:04+00:00","author":{"@id":"https:\/\/www.blogsoestado.com\/joaquimhaickel\/#\/schema\/person\/4a711644aff28245c6c2c3452d66d325"},"breadcrumb":{"@id":"https:\/\/www.blogsoestado.com\/joaquimhaickel\/2015\/05\/17\/a-contabilidade-da-vida\/#breadcrumb"},"inLanguage":"pt-BR","potentialAction":[{"@type":"ReadAction","target":["https:\/\/www.blogsoestado.com\/joaquimhaickel\/2015\/05\/17\/a-contabilidade-da-vida\/"]}]},{"@type":"BreadcrumbList","@id":"https:\/\/www.blogsoestado.com\/joaquimhaickel\/2015\/05\/17\/a-contabilidade-da-vida\/#breadcrumb","itemListElement":[{"@type":"ListItem","position":1,"name":"In\u00edcio","item":"https:\/\/www.blogsoestado.com\/joaquimhaickel\/"},{"@type":"ListItem","position":2,"name":"A contabilidade da Vida"}]},{"@type":"WebSite","@id":"https:\/\/www.blogsoestado.com\/joaquimhaickel\/#website","url":"https:\/\/www.blogsoestado.com\/joaquimhaickel\/","name":"Joaquim Haickel","description":"","potentialAction":[{"@type":"SearchAction","target":{"@type":"EntryPoint","urlTemplate":"https:\/\/www.blogsoestado.com\/joaquimhaickel\/?s={search_term_string}"},"query-input":{"@type":"PropertyValueSpecification","valueRequired":true,"valueName":"search_term_string"}}],"inLanguage":"pt-BR"},{"@type":"Person","@id":"https:\/\/www.blogsoestado.com\/joaquimhaickel\/#\/schema\/person\/4a711644aff28245c6c2c3452d66d325","name":"Joaquim Haickel","image":{"@type":"ImageObject","inLanguage":"pt-BR","@id":"https:\/\/www.blogsoestado.com\/joaquimhaickel\/#\/schema\/person\/image\/","url":"https:\/\/secure.gravatar.com\/avatar\/473d89339b9f8ec089adb8d5778363eb5a2ba2319956bcf0298bfd8cca04684a?s=96&d=mm&r=g","contentUrl":"https:\/\/secure.gravatar.com\/avatar\/473d89339b9f8ec089adb8d5778363eb5a2ba2319956bcf0298bfd8cca04684a?s=96&d=mm&r=g","caption":"Joaquim Haickel"},"url":"https:\/\/www.blogsoestado.com\/joaquimhaickel\/author\/joaquimhaickel\/"}]}},"jetpack_featured_media_url":"","_links":{"self":[{"href":"https:\/\/www.blogsoestado.com\/joaquimhaickel\/wp-json\/wp\/v2\/posts\/1517","targetHints":{"allow":["GET"]}}],"collection":[{"href":"https:\/\/www.blogsoestado.com\/joaquimhaickel\/wp-json\/wp\/v2\/posts"}],"about":[{"href":"https:\/\/www.blogsoestado.com\/joaquimhaickel\/wp-json\/wp\/v2\/types\/post"}],"author":[{"embeddable":true,"href":"https:\/\/www.blogsoestado.com\/joaquimhaickel\/wp-json\/wp\/v2\/users\/7"}],"replies":[{"embeddable":true,"href":"https:\/\/www.blogsoestado.com\/joaquimhaickel\/wp-json\/wp\/v2\/comments?post=1517"}],"version-history":[{"count":0,"href":"https:\/\/www.blogsoestado.com\/joaquimhaickel\/wp-json\/wp\/v2\/posts\/1517\/revisions"}],"wp:attachment":[{"href":"https:\/\/www.blogsoestado.com\/joaquimhaickel\/wp-json\/wp\/v2\/media?parent=1517"}],"wp:term":[{"taxonomy":"category","embeddable":true,"href":"https:\/\/www.blogsoestado.com\/joaquimhaickel\/wp-json\/wp\/v2\/categories?post=1517"},{"taxonomy":"post_tag","embeddable":true,"href":"https:\/\/www.blogsoestado.com\/joaquimhaickel\/wp-json\/wp\/v2\/tags?post=1517"}],"curies":[{"name":"wp","href":"https:\/\/api.w.org\/{rel}","templated":true}]}}