{"id":1524,"date":"2015-05-31T01:42:23","date_gmt":"2015-05-31T04:42:23","guid":{"rendered":"https:\/\/www.blogsoestado.com\/joaquimhaickel\/?p=1524"},"modified":"2015-05-31T01:42:23","modified_gmt":"2015-05-31T04:42:23","slug":"pedras-e-vidracas","status":"publish","type":"post","link":"https:\/\/www.blogsoestado.com\/joaquimhaickel\/2015\/05\/31\/pedras-e-vidracas\/","title":{"rendered":"Pedras e Vidra\u00e7as"},"content":{"rendered":"<p>Recebi na semana que passou uma mensagem por correio eletr\u00f4nico onde um indiv\u00edduo que se identificou por Jos\u00e9 Maria de Jesus Silva, comentava sobre uma mat\u00e9ria que ele lera num blog sobre a minha pessoa.<\/p>\n<p>Segundo ele, a referida mat\u00e9ria discorria sobre o fato de eu ser melhor como pedra do que como vidra\u00e7a. N\u00e3o me lembro de ter lido a tal mat\u00e9ria, mas isso n\u00e3o \u00e9 nenhuma novidade, pois minha mem\u00f3ria est\u00e1 cada dia pior, mas o fato relevante neste caso \u00e9 exatamente o que eu acredito que deve ocorrer com todo mundo. Todos n\u00f3s devemos nos sair melhor como pedra do que como vidra\u00e7a e para provar minha teoria dou dois exemplos definitivos, com os quais n\u00e3o precisarei me estender em detalhadas explica\u00e7\u00f5es: Ricardo Murad e Fl\u00e1vio Dino.<\/p>\n<p>Mas voltemos ao Jos\u00e9 Maria de Jesus Silva! Em primeiro lugar quase tive uma s\u00edncope quando recebi sua mensagem, pois esse nome \u00e9 o mesmo do ex subchefe da Casa Civil do Estado, na gest\u00e3o do governador Jo\u00e3o Castelo, tempo em que trabalhei como oficial de gabinete do Pal\u00e1cio. O professor Z\u00e9 Maria era uma esp\u00e9cie de \u201ccome livros\u201d, um rato de biblioteca que conhecia todas as formas de agir quanto a algumas situa\u00e7\u00f5es legais. Mais tarde ele veio a ser conselheiro de contas dos munic\u00edpios.<\/p>\n<p>Assustei-me por um bom motivo! \u00c9 que o professor Z\u00e9 Maria, j\u00e1 faz algum tempo, deve estar comendo livros na biblioteca celestial! Como \u00e9 que um hom\u00f4nimo de um de meus primeiros chefes hier\u00e1rquicos vem me chamar \u00e0 raz\u00e3o. Fiquei intrigado!<\/p>\n<p>No texto, o tal Z\u00e9 Maria diz que eu deveria aproveitar o preparo que eu adquiri em mais de tr\u00eas d\u00e9cadas de pr\u00e1tica na pol\u00edtica legislativa para arremessar alguns seixos nas reluzentes vidra\u00e7as do poder da ocasi\u00e3o.<\/p>\n<p>O caso \u00e9 que o ZM esquece ou talvez nem saiba que eu n\u00e3o aprendi a jogar pedra. Isso \u00e9 coisa que se aprende quando jovem ou ent\u00e3o jamais se aprender\u00e1. Desde cedo fiz pol\u00edtica do lado de dentro das janelas. Somente por 4 anos, dois na administra\u00e7\u00e3o de Z\u00e9 Reinaldo e dois na de Jackson Lago, fiz parte da oposi\u00e7\u00e3o e mesmo nesse tempo n\u00e3o estilhacei muitas vidra\u00e7as, n\u00e3o mais do que o faria se estivesse do lado de dentro dos muros do Pal\u00e1cio, como fiz durante muito tempo em rela\u00e7\u00e3o \u00e0s vidra\u00e7as de meu pr\u00f3prio grupo pol\u00edtico.<\/p>\n<p>Em meus anos como deputado, desenvolvi uma forma muito particular de agir em rela\u00e7\u00e3o \u00e0s coisas com as quais eu concordava e com as quais eu discordava. Quando concordava com algo eu citava, elogiava e cumprimentava o autor. Quando discordava, procurava o respons\u00e1vel, dizia o meu ponto de vista, argumentava sobre o poss\u00edvel equ\u00edvoco e tentava demov\u00ea-lo de sua posi\u00e7\u00e3o ou ser convencido de que o errado era eu. Quando n\u00e3o era meu o equ\u00edvoco e o agente persistia no erro eu o criticava publicamente, mantendo minha coer\u00eancia, buscando fazer com que as coisas mudassem.<\/p>\n<p>Ocorre meu bom amigo ZM, que naquela \u00e9poca eu tinha embaixo de mim a tribuna da Assembleia Legislativa, na minha retaguarda as prerrogativas comuns a um deputado, sobre mim a m\u00e3o pesada daqueles que me nomearam seu procurador e \u00e0 minha frente a ideia que eu defendia. Hoje, nobre amigo, sou um cidad\u00e3o comum, igual a voc\u00ea e ao caro leitor que me prestigia nesta leitura. Posso ter sob mim esta prestigiosa tribuna jornal\u00edstica e liter\u00e1ria, em minha retaguarda tenho somente as prerrogativas de cidad\u00e3o, sobre mim a m\u00e3o pesada de minha consci\u00eancia e \u00e0 minha frente, as mesmas ideias que defendia antes, defendo hoje e pretendo continuar defendendo enquanto vida tiver. Mas os efeitos de minhas palavras e de minhas a\u00e7\u00f5es, meu nobre amigo, n\u00e3o s\u00e3o os mesmos, n\u00e3o t\u00eam a mesma for\u00e7a nem causam as mesmas consequ\u00eancias, talvez at\u00e9 n\u00e3o causem efeito algum.<\/p>\n<p>Outro dia minha m\u00e3e me ligou para dizer que havia passado a manh\u00e3 inteira assistindo a TV Assembleia e que havia ficado entristecida por ver que os deputados estavam preocupados unicamente em atacar ou defender o governo, n\u00e3o dando a devida import\u00e2ncia para outros assuntos que segundo ela, devem ser colocados acima de qualquer posicionamento politico, partid\u00e1rio ou ideol\u00f3gico.<\/p>\n<p>Ora, se minha m\u00e3e, uma senhorinha de 85 anos de idade sabe que existem coisas que n\u00e3o podem estar impregnadas pelo v\u00edrus da politica, do partidarismo e da ideologia, e algumas pessoas que tem obriga\u00e7\u00e3o de saber isso, n\u00e3o d\u00e3o a devida import\u00e2ncia para o assunto, n\u00e3o serei eu, meu amigo Z\u00e9 Maria, que vou sair jogando pedras nas vidra\u00e7as alheias. O m\u00e1ximo que farei ser\u00e1 defender as ideias que reputo como indispens\u00e1veis para que se tenha um clima republicano e democr\u00e1tico de debate, onde todos possam dizer o que pensam, com responsabilidade e corre\u00e7\u00e3o.<\/p>\n<p>Aprendi desde cedo que em mat\u00e9ria de pol\u00edtica, a maioria das coisas referentes a ela, \u00e9 definida por uma mera quest\u00e3o de opini\u00e3o, e quem det\u00e9m o poder tem claramente uma opini\u00e3o mais forte&#8230; Isso quando quem det\u00e9m o poder tem sabedoria suficiente para transforma-lo em capacidade de realiza\u00e7\u00e3o e de transforma\u00e7\u00e3o da quase sempre dif\u00edcil realidade.<\/p>\n<p>Eu comecei a pensar, a filosofar e a escrever, bem antes que comecei a fazer politica, mas nem por isso posso dizer que penso, filosofo e escrevo melhor que exer\u00e7o o of\u00edcio que Arist\u00f3teles dizia ser comum \u00e0 humanidade, e \u00e9 exatamente por isso que eu lhe digo amigo ZM, \u00e9 melhor eu tratar de melhorar meus pensamentos, minha filosofia e minha literatura que ir jogar pedra em vidra\u00e7as de quem quer que seja, pois como j\u00e1 disse anteriormente, n\u00e3o aprendi a jogar pedras. O m\u00e1ximo que consegui aprender foi o m\u00e9todo socr\u00e1tico de me posicionar num debate.<\/p>\n<p>&nbsp;<\/p>\n<p>PS: O m\u00e9todo socr\u00e1tico consiste em uma t\u00e9cnica de di\u00e1logo onde se faz uso de perguntas simples, quase ing\u00eanuas, com o objetivo, em primeiro lugar, de revelar as contradi\u00e7\u00f5es presentes na forma de pensar do oponente, normalmente baseadas em valores e preconceitos comuns nas pessoas e na sociedade, e assim fazer com que ele possa redefinir seus valores e quem sabe at\u00e9, aprender a pensar da mesma forma.<\/p>\n","protected":false},"excerpt":{"rendered":"<p>Recebi na semana que passou uma mensagem por correio eletr\u00f4nico onde um indiv\u00edduo que se identificou por Jos\u00e9 Maria de [&hellip;]<\/p>\n","protected":false},"author":7,"featured_media":0,"comment_status":"open","ping_status":"open","sticky":false,"template":"","format":"standard","meta":{"site-sidebar-layout":"default","site-content-layout":"","ast-site-content-layout":"default","site-content-style":"default","site-sidebar-style":"default","ast-global-header-display":"","ast-banner-title-visibility":"","ast-main-header-display":"","ast-hfb-above-header-display":"","ast-hfb-below-header-display":"","ast-hfb-mobile-header-display":"","site-post-title":"","ast-breadcrumbs-content":"","ast-featured-img":"","footer-sml-layout":"","ast-disable-related-posts":"","theme-transparent-header-meta":"","adv-header-id-meta":"","stick-header-meta":"","header-above-stick-meta":"","header-main-stick-meta":"","header-below-stick-meta":"","astra-migrate-meta-layouts":"default","ast-page-background-enabled":"default","ast-page-background-meta":{"desktop":{"background-color":"var(--ast-global-color-5)","background-image":"","background-repeat":"repeat","background-position":"center center","background-size":"auto","background-attachment":"scroll","background-type":"","background-media":"","overlay-type":"","overlay-color":"","overlay-opacity":"","overlay-gradient":""},"tablet":{"background-color":"","background-image":"","background-repeat":"repeat","background-position":"center center","background-size":"auto","background-attachment":"scroll","background-type":"","background-media":"","overlay-type":"","overlay-color":"","overlay-opacity":"","overlay-gradient":""},"mobile":{"background-color":"","background-image":"","background-repeat":"repeat","background-position":"center center","background-size":"auto","background-attachment":"scroll","background-type":"","background-media":"","overlay-type":"","overlay-color":"","overlay-opacity":"","overlay-gradient":""}},"ast-content-background-meta":{"desktop":{"background-color":"var(--ast-global-color-4)","background-image":"","background-repeat":"repeat","background-position":"center center","background-size":"auto","background-attachment":"scroll","background-type":"","background-media":"","overlay-type":"","overlay-color":"","overlay-opacity":"","overlay-gradient":""},"tablet":{"background-color":"var(--ast-global-color-4)","background-image":"","background-repeat":"repeat","background-position":"center center","background-size":"auto","background-attachment":"scroll","background-type":"","background-media":"","overlay-type":"","overlay-color":"","overlay-opacity":"","overlay-gradient":""},"mobile":{"background-color":"var(--ast-global-color-4)","background-image":"","background-repeat":"repeat","background-position":"center center","background-size":"auto","background-attachment":"scroll","background-type":"","background-media":"","overlay-type":"","overlay-color":"","overlay-opacity":"","overlay-gradient":""}},"footnotes":""},"categories":[1],"tags":[],"class_list":["post-1524","post","type-post","status-publish","format-standard","hentry","category-sem-categoria"],"yoast_head":"<!-- This site is optimized with the Yoast SEO plugin v26.6 - https:\/\/yoast.com\/wordpress\/plugins\/seo\/ -->\n<title>Pedras e Vidra\u00e7as - Joaquim Haickel<\/title>\n<meta name=\"robots\" content=\"index, follow, max-snippet:-1, max-image-preview:large, max-video-preview:-1\" \/>\n<link rel=\"canonical\" href=\"https:\/\/www.blogsoestado.com\/joaquimhaickel\/2015\/05\/31\/pedras-e-vidracas\/\" \/>\n<meta property=\"og:locale\" content=\"pt_BR\" \/>\n<meta property=\"og:type\" content=\"article\" \/>\n<meta property=\"og:title\" content=\"Pedras e Vidra\u00e7as - Joaquim Haickel\" \/>\n<meta property=\"og:description\" content=\"Recebi na semana que passou uma mensagem por correio eletr\u00f4nico onde um indiv\u00edduo que se identificou por Jos\u00e9 Maria de [&hellip;]\" \/>\n<meta property=\"og:url\" content=\"https:\/\/www.blogsoestado.com\/joaquimhaickel\/2015\/05\/31\/pedras-e-vidracas\/\" \/>\n<meta property=\"og:site_name\" content=\"Joaquim Haickel\" \/>\n<meta property=\"article:published_time\" content=\"2015-05-31T04:42:23+00:00\" \/>\n<meta name=\"author\" content=\"Joaquim Haickel\" \/>\n<meta name=\"twitter:card\" content=\"summary_large_image\" \/>\n<meta name=\"twitter:label1\" content=\"Escrito por\" \/>\n\t<meta name=\"twitter:data1\" content=\"Joaquim Haickel\" \/>\n\t<meta name=\"twitter:label2\" content=\"Est. tempo de leitura\" \/>\n\t<meta name=\"twitter:data2\" content=\"6 minutos\" \/>\n<script type=\"application\/ld+json\" class=\"yoast-schema-graph\">{\"@context\":\"https:\/\/schema.org\",\"@graph\":[{\"@type\":\"WebPage\",\"@id\":\"https:\/\/www.blogsoestado.com\/joaquimhaickel\/2015\/05\/31\/pedras-e-vidracas\/\",\"url\":\"https:\/\/www.blogsoestado.com\/joaquimhaickel\/2015\/05\/31\/pedras-e-vidracas\/\",\"name\":\"Pedras e Vidra\u00e7as - Joaquim Haickel\",\"isPartOf\":{\"@id\":\"https:\/\/www.blogsoestado.com\/joaquimhaickel\/#website\"},\"datePublished\":\"2015-05-31T04:42:23+00:00\",\"author\":{\"@id\":\"https:\/\/www.blogsoestado.com\/joaquimhaickel\/#\/schema\/person\/4a711644aff28245c6c2c3452d66d325\"},\"breadcrumb\":{\"@id\":\"https:\/\/www.blogsoestado.com\/joaquimhaickel\/2015\/05\/31\/pedras-e-vidracas\/#breadcrumb\"},\"inLanguage\":\"pt-BR\",\"potentialAction\":[{\"@type\":\"ReadAction\",\"target\":[\"https:\/\/www.blogsoestado.com\/joaquimhaickel\/2015\/05\/31\/pedras-e-vidracas\/\"]}]},{\"@type\":\"BreadcrumbList\",\"@id\":\"https:\/\/www.blogsoestado.com\/joaquimhaickel\/2015\/05\/31\/pedras-e-vidracas\/#breadcrumb\",\"itemListElement\":[{\"@type\":\"ListItem\",\"position\":1,\"name\":\"In\u00edcio\",\"item\":\"https:\/\/www.blogsoestado.com\/joaquimhaickel\/\"},{\"@type\":\"ListItem\",\"position\":2,\"name\":\"Pedras e Vidra\u00e7as\"}]},{\"@type\":\"WebSite\",\"@id\":\"https:\/\/www.blogsoestado.com\/joaquimhaickel\/#website\",\"url\":\"https:\/\/www.blogsoestado.com\/joaquimhaickel\/\",\"name\":\"Joaquim Haickel\",\"description\":\"\",\"potentialAction\":[{\"@type\":\"SearchAction\",\"target\":{\"@type\":\"EntryPoint\",\"urlTemplate\":\"https:\/\/www.blogsoestado.com\/joaquimhaickel\/?s={search_term_string}\"},\"query-input\":{\"@type\":\"PropertyValueSpecification\",\"valueRequired\":true,\"valueName\":\"search_term_string\"}}],\"inLanguage\":\"pt-BR\"},{\"@type\":\"Person\",\"@id\":\"https:\/\/www.blogsoestado.com\/joaquimhaickel\/#\/schema\/person\/4a711644aff28245c6c2c3452d66d325\",\"name\":\"Joaquim Haickel\",\"image\":{\"@type\":\"ImageObject\",\"inLanguage\":\"pt-BR\",\"@id\":\"https:\/\/www.blogsoestado.com\/joaquimhaickel\/#\/schema\/person\/image\/\",\"url\":\"https:\/\/secure.gravatar.com\/avatar\/473d89339b9f8ec089adb8d5778363eb5a2ba2319956bcf0298bfd8cca04684a?s=96&d=mm&r=g\",\"contentUrl\":\"https:\/\/secure.gravatar.com\/avatar\/473d89339b9f8ec089adb8d5778363eb5a2ba2319956bcf0298bfd8cca04684a?s=96&d=mm&r=g\",\"caption\":\"Joaquim Haickel\"},\"url\":\"https:\/\/www.blogsoestado.com\/joaquimhaickel\/author\/joaquimhaickel\/\"}]}<\/script>\n<!-- \/ Yoast SEO plugin. -->","yoast_head_json":{"title":"Pedras e Vidra\u00e7as - Joaquim Haickel","robots":{"index":"index","follow":"follow","max-snippet":"max-snippet:-1","max-image-preview":"max-image-preview:large","max-video-preview":"max-video-preview:-1"},"canonical":"https:\/\/www.blogsoestado.com\/joaquimhaickel\/2015\/05\/31\/pedras-e-vidracas\/","og_locale":"pt_BR","og_type":"article","og_title":"Pedras e Vidra\u00e7as - Joaquim Haickel","og_description":"Recebi na semana que passou uma mensagem por correio eletr\u00f4nico onde um indiv\u00edduo que se identificou por Jos\u00e9 Maria de [&hellip;]","og_url":"https:\/\/www.blogsoestado.com\/joaquimhaickel\/2015\/05\/31\/pedras-e-vidracas\/","og_site_name":"Joaquim Haickel","article_published_time":"2015-05-31T04:42:23+00:00","author":"Joaquim Haickel","twitter_card":"summary_large_image","twitter_misc":{"Escrito por":"Joaquim Haickel","Est. tempo de leitura":"6 minutos"},"schema":{"@context":"https:\/\/schema.org","@graph":[{"@type":"WebPage","@id":"https:\/\/www.blogsoestado.com\/joaquimhaickel\/2015\/05\/31\/pedras-e-vidracas\/","url":"https:\/\/www.blogsoestado.com\/joaquimhaickel\/2015\/05\/31\/pedras-e-vidracas\/","name":"Pedras e Vidra\u00e7as - Joaquim Haickel","isPartOf":{"@id":"https:\/\/www.blogsoestado.com\/joaquimhaickel\/#website"},"datePublished":"2015-05-31T04:42:23+00:00","author":{"@id":"https:\/\/www.blogsoestado.com\/joaquimhaickel\/#\/schema\/person\/4a711644aff28245c6c2c3452d66d325"},"breadcrumb":{"@id":"https:\/\/www.blogsoestado.com\/joaquimhaickel\/2015\/05\/31\/pedras-e-vidracas\/#breadcrumb"},"inLanguage":"pt-BR","potentialAction":[{"@type":"ReadAction","target":["https:\/\/www.blogsoestado.com\/joaquimhaickel\/2015\/05\/31\/pedras-e-vidracas\/"]}]},{"@type":"BreadcrumbList","@id":"https:\/\/www.blogsoestado.com\/joaquimhaickel\/2015\/05\/31\/pedras-e-vidracas\/#breadcrumb","itemListElement":[{"@type":"ListItem","position":1,"name":"In\u00edcio","item":"https:\/\/www.blogsoestado.com\/joaquimhaickel\/"},{"@type":"ListItem","position":2,"name":"Pedras e Vidra\u00e7as"}]},{"@type":"WebSite","@id":"https:\/\/www.blogsoestado.com\/joaquimhaickel\/#website","url":"https:\/\/www.blogsoestado.com\/joaquimhaickel\/","name":"Joaquim Haickel","description":"","potentialAction":[{"@type":"SearchAction","target":{"@type":"EntryPoint","urlTemplate":"https:\/\/www.blogsoestado.com\/joaquimhaickel\/?s={search_term_string}"},"query-input":{"@type":"PropertyValueSpecification","valueRequired":true,"valueName":"search_term_string"}}],"inLanguage":"pt-BR"},{"@type":"Person","@id":"https:\/\/www.blogsoestado.com\/joaquimhaickel\/#\/schema\/person\/4a711644aff28245c6c2c3452d66d325","name":"Joaquim Haickel","image":{"@type":"ImageObject","inLanguage":"pt-BR","@id":"https:\/\/www.blogsoestado.com\/joaquimhaickel\/#\/schema\/person\/image\/","url":"https:\/\/secure.gravatar.com\/avatar\/473d89339b9f8ec089adb8d5778363eb5a2ba2319956bcf0298bfd8cca04684a?s=96&d=mm&r=g","contentUrl":"https:\/\/secure.gravatar.com\/avatar\/473d89339b9f8ec089adb8d5778363eb5a2ba2319956bcf0298bfd8cca04684a?s=96&d=mm&r=g","caption":"Joaquim Haickel"},"url":"https:\/\/www.blogsoestado.com\/joaquimhaickel\/author\/joaquimhaickel\/"}]}},"jetpack_featured_media_url":"","_links":{"self":[{"href":"https:\/\/www.blogsoestado.com\/joaquimhaickel\/wp-json\/wp\/v2\/posts\/1524","targetHints":{"allow":["GET"]}}],"collection":[{"href":"https:\/\/www.blogsoestado.com\/joaquimhaickel\/wp-json\/wp\/v2\/posts"}],"about":[{"href":"https:\/\/www.blogsoestado.com\/joaquimhaickel\/wp-json\/wp\/v2\/types\/post"}],"author":[{"embeddable":true,"href":"https:\/\/www.blogsoestado.com\/joaquimhaickel\/wp-json\/wp\/v2\/users\/7"}],"replies":[{"embeddable":true,"href":"https:\/\/www.blogsoestado.com\/joaquimhaickel\/wp-json\/wp\/v2\/comments?post=1524"}],"version-history":[{"count":0,"href":"https:\/\/www.blogsoestado.com\/joaquimhaickel\/wp-json\/wp\/v2\/posts\/1524\/revisions"}],"wp:attachment":[{"href":"https:\/\/www.blogsoestado.com\/joaquimhaickel\/wp-json\/wp\/v2\/media?parent=1524"}],"wp:term":[{"taxonomy":"category","embeddable":true,"href":"https:\/\/www.blogsoestado.com\/joaquimhaickel\/wp-json\/wp\/v2\/categories?post=1524"},{"taxonomy":"post_tag","embeddable":true,"href":"https:\/\/www.blogsoestado.com\/joaquimhaickel\/wp-json\/wp\/v2\/tags?post=1524"}],"curies":[{"name":"wp","href":"https:\/\/api.w.org\/{rel}","templated":true}]}}