{"id":1535,"date":"2015-07-04T22:01:24","date_gmt":"2015-07-05T01:01:24","guid":{"rendered":"https:\/\/www.blogsoestado.com\/joaquimhaickel\/?p=1535"},"modified":"2015-07-04T22:01:24","modified_gmt":"2015-07-05T01:01:24","slug":"pelos-olhos-de-l-l","status":"publish","type":"post","link":"https:\/\/www.blogsoestado.com\/joaquimhaickel\/2015\/07\/04\/pelos-olhos-de-l-l\/","title":{"rendered":"Pelos Olhos de L. L."},"content":{"rendered":"<p>O MAVAM, Museu da Mem\u00f3ria Audiovisual do Maranh\u00e3o, bra\u00e7o produtivo e operacional da Funda\u00e7\u00e3o Nagib Haickel, que tem como objetivo a identifica\u00e7\u00e3o, cataloga\u00e7\u00e3o, recupera\u00e7\u00e3o, digitaliza\u00e7\u00e3o e disponibiliza\u00e7\u00e3o de acervos de imagens e sons que digam respeito, direta ou indiretamente ao Maranh\u00e3o, seja na \u00e1rea cultural, esportiva, social, empresarial, pol\u00edtica ou qualquer outra, teve acesso a um vasto material que lhe foi entregue, parte pelo j\u00e1 falecido radialista, deputado e acima de tudo meu amigo, Mauro Bezerra, parte pela vi\u00fava do rep\u00f3rter cinematogr\u00e1fico Lindberg Leite e parte pela dire\u00e7\u00e3o da extinta Funda\u00e7\u00e3o Jos\u00e9 Sarney.<\/p>\n<p>O aludido material que consistia em umas duas centenas de fitas VHS e mais de cem rolos de filme em bitola 16 mm, em sua maioria mofadas e inutilizadas devido ao mal condicionamento, continham imagens quase sempre sem \u00e1udio, captadas pelas lentes argutas de Lindberg Leite e seus contratados, em trabalhos cinematogr\u00e1ficos realizados em S\u00e3o Lu\u00eds e em outros munic\u00edpios do Maranh\u00e3o, entre meados dos anos de 1960 e final dos anos de 1970, cobrindo assim um per\u00edodo de aproximadamente 15 anos de registros imag\u00e9ticos sobre o Maranh\u00e3o.<\/p>\n<p>Consciente da rara preciosidade que tinha nas m\u00e3os a dire\u00e7\u00e3o da Funda\u00e7\u00e3o Nagib Haickel tratou de disponibilizar recursos humanos e materiais, primeiro para o salvamento poss\u00edvel do referido acervo, depois para sua preserva\u00e7\u00e3o, atrav\u00e9s de telecinagem para posteriormente realizar uma minuciosa e delicada digitaliza\u00e7\u00e3o de todo o material, o que resultou em mais ou menos 120 horas de imagens, de qualidade que n\u00e3o pode se chamar de boa, devido ao avan\u00e7ado estado de deteriora\u00e7\u00e3o dos suportes f\u00edsicos em que se encontravam.<\/p>\n<p>Agora, a dire\u00e7\u00e3o do MAVAM da FNH, em conjunto com as empresas e as pessoas que comp\u00f5em o Polo de Cinema Ficcional, Documental e de Anima\u00e7\u00e3o do Maranh\u00e3o, grupo dedicado a desenvolver atividades audiovisuais em terras maranhenses, resolveu levar adiante o projeto que idealizou assim que teve conhecimento deste t\u00e3o valioso acervo sobre a mem\u00f3ria de lugares, pessoas e tempos que de certa forma foram salvos e eternizados \u201cPelos Olhos de L. L.\u201d.<\/p>\n<p>Gra\u00e7as ao trabalho desenvolvido por Lindberg Leite e pelos pioneiros do cinema e da televis\u00e3o do Maranh\u00e3o, poderemos ver eventos, lugares e pessoas que fizeram a hist\u00f3ria de S\u00e3o Lu\u00eds e do Maranh\u00e3o h\u00e1 50 anos.<\/p>\n<p>Desse projeto resultar\u00e1 um longa-metragem de 80 minutos, onde ser\u00e3o apresentadas imagens de fatos que ocorreram no Maranh\u00e3o e foram registrados por Lindberg. S\u00e3o festas de carnaval nos clubes de S\u00e3o Lu\u00eds, que inclusive n\u00e3o existem mais; desfiles de escolas de samba; partidas de futebol e outras modalidades esportivas; solenidades, como inaugura\u00e7\u00f5es ou palestras; festas juninas; feiras e exposi\u00e7\u00f5es; alguns dos primeiros clips musicais produzidos no Maranh\u00e3o; discursos de autoridades; casamentos e batizados; desfiles estudantis de 7 de setembro; a vinda dos membros do jornal O Pasquim para S\u00e3o Lu\u00eds, quando Haroldo Tavares era prefeito; eventos culturais&#8230;<\/p>\n<p>Todas as imagens apresentadas neste filme ser\u00e3o comentadas pelos pr\u00f3prios personagens contidos nelas ou por pessoas que os possam identific\u00e1-los e falar sobre eles, sobre seu tempo e sobre os eventos ali retratados e at\u00e9 sobre outros eventos caso sejam relevantes.<\/p>\n<p>Usaremos imagens onde aparecem pessoas como Benedito Buzar, deputado cassado em 64, jornalista e atual presidente da Academia Maranhense de Letras; Cleon Furtado, arquiteto, tenista e foli\u00e3o famoso da cidade; Am\u00e9rico Azevedo, sobrinho-neto de Alu\u00edsio e Artur Azevedo, membro da AML, teatr\u00f3logo, comandando o desfilhe da Turma do Quinto; Lu\u00eds Raimundo Azevedo, economista e testemunha da vinda do Pasquim para S\u00e3o Lu\u00eds; Manoel Martins, historiador do futebol maranhense; Papete, m\u00fasico e percussionista, que come\u00e7ou com Nonato e seu Conjunto; Alcione Nazar\u00e9, cantora; Jesus Santos, artista pl\u00e1stico; Eliezer Moreira, personagem e testemunha; Murilo Santos, cineasta e coautor dessas imagens; Aldo Leite declamando poemas de Nauro Machado que aparece com Arlete e com o futuro cineasta Fred Machado, seu filho. Esses entre outros tantos, al\u00e9m de coletarmos declara\u00e7\u00f5es de historiadores, psic\u00f3logos, soci\u00f3logos e antrop\u00f3logos sobre aquele tempo.<\/p>\n<p>Nossa inten\u00e7\u00e3o, ao idealizarmos este, projeto \u00e9 de forma mais ampla, dar conhecimento ao tempo atual, \u00e0 juventude de hoje, de como se vivia naqueles maravilhosos e turbulentos anos em S\u00e3o Lu\u00eds e no Maranh\u00e3o, por\u00e9m de forma mais restrita nosso objetivo \u00e9 possibilitar que um senhor na casa dos 70 anos possa se sentar em frente ao aparelho de televis\u00e3o, na sala de estar de sua casa, ao lado de seu filho e de seu neto e mostrar a eles imagens que fizeram a sua juventude em sua amada terra. Imagens que ele n\u00e3o sabia que existiam. E mais que isso, ao guardar aquele filme, aquelas imagens, ele poder\u00e1 fazer com que, mesmo depois de sua morte, seu bisneto, ainda no ventre de sua neta possa vir a saber alguma coisa sobre seu bisav\u00f4.<\/p>\n<p>\u00c9 no sentido de preservarmos a hist\u00f3ria das pessoas, de seu tempo e de seu espa\u00e7o que pretendemos desenvolver este que pode ser apenas o primeiro filme de uma s\u00e9rie que venha apresentar todo o acervo em posse do Museu da Mem\u00f3ria Audiovisual do Maranh\u00e3o da Funda\u00e7\u00e3o Nagib Haickel e que ser\u00e1 executado por todos os cineastas maranhenses que desejem us\u00e1-lo, pois n\u00f3s somos apenas os guardadores de um bem que n\u00e3o nos pertence, que pertence a todos os maranhenses, de ontem, de hoje e de amanh\u00e3.<\/p>\n<p>Essa responsabilidade e esse orgulho n\u00f3s temos. Preservar a nossa mem\u00f3ria audiovisual, para que n\u00e3o nos esque\u00e7amos jamais das pessoas que passaram ou n\u00e3o por nossas vidas e dos lugares pelos quais n\u00f3s passamos ou aqueles que n\u00e3o tivemos oportunidade de conhecer.<\/p>\n<p>\u201cPelos Olhos de L. L.\u201d significar\u00e1 tudo isso: reconhecermos o valor do trabalho e da heran\u00e7a que nos foi legada por este grande profissional, identificarmos nela pessoas e fatos que fizeram a nossa hist\u00f3ria e preservarmos isso para nosso deleite e para as gera\u00e7\u00f5es futuras.<\/p>\n","protected":false},"excerpt":{"rendered":"<p>O MAVAM, Museu da Mem\u00f3ria Audiovisual do Maranh\u00e3o, bra\u00e7o produtivo e operacional da Funda\u00e7\u00e3o Nagib Haickel, que tem como objetivo [&hellip;]<\/p>\n","protected":false},"author":7,"featured_media":0,"comment_status":"open","ping_status":"open","sticky":false,"template":"","format":"standard","meta":{"site-sidebar-layout":"default","site-content-layout":"","ast-site-content-layout":"default","site-content-style":"default","site-sidebar-style":"default","ast-global-header-display":"","ast-banner-title-visibility":"","ast-main-header-display":"","ast-hfb-above-header-display":"","ast-hfb-below-header-display":"","ast-hfb-mobile-header-display":"","site-post-title":"","ast-breadcrumbs-content":"","ast-featured-img":"","footer-sml-layout":"","ast-disable-related-posts":"","theme-transparent-header-meta":"","adv-header-id-meta":"","stick-header-meta":"","header-above-stick-meta":"","header-main-stick-meta":"","header-below-stick-meta":"","astra-migrate-meta-layouts":"default","ast-page-background-enabled":"default","ast-page-background-meta":{"desktop":{"background-color":"var(--ast-global-color-5)","background-image":"","background-repeat":"repeat","background-position":"center center","background-size":"auto","background-attachment":"scroll","background-type":"","background-media":"","overlay-type":"","overlay-color":"","overlay-opacity":"","overlay-gradient":""},"tablet":{"background-color":"","background-image":"","background-repeat":"repeat","background-position":"center center","background-size":"auto","background-attachment":"scroll","background-type":"","background-media":"","overlay-type":"","overlay-color":"","overlay-opacity":"","overlay-gradient":""},"mobile":{"background-color":"","background-image":"","background-repeat":"repeat","background-position":"center center","background-size":"auto","background-attachment":"scroll","background-type":"","background-media":"","overlay-type":"","overlay-color":"","overlay-opacity":"","overlay-gradient":""}},"ast-content-background-meta":{"desktop":{"background-color":"var(--ast-global-color-4)","background-image":"","background-repeat":"repeat","background-position":"center center","background-size":"auto","background-attachment":"scroll","background-type":"","background-media":"","overlay-type":"","overlay-color":"","overlay-opacity":"","overlay-gradient":""},"tablet":{"background-color":"var(--ast-global-color-4)","background-image":"","background-repeat":"repeat","background-position":"center center","background-size":"auto","background-attachment":"scroll","background-type":"","background-media":"","overlay-type":"","overlay-color":"","overlay-opacity":"","overlay-gradient":""},"mobile":{"background-color":"var(--ast-global-color-4)","background-image":"","background-repeat":"repeat","background-position":"center center","background-size":"auto","background-attachment":"scroll","background-type":"","background-media":"","overlay-type":"","overlay-color":"","overlay-opacity":"","overlay-gradient":""}},"footnotes":""},"categories":[1],"tags":[],"class_list":["post-1535","post","type-post","status-publish","format-standard","hentry","category-sem-categoria"],"yoast_head":"<!-- This site is optimized with the Yoast SEO plugin v26.6 - https:\/\/yoast.com\/wordpress\/plugins\/seo\/ -->\n<title>Pelos Olhos de L. L. - Joaquim Haickel<\/title>\n<meta name=\"robots\" content=\"index, follow, max-snippet:-1, max-image-preview:large, max-video-preview:-1\" \/>\n<link rel=\"canonical\" href=\"https:\/\/www.blogsoestado.com\/joaquimhaickel\/2015\/07\/04\/pelos-olhos-de-l-l\/\" \/>\n<meta property=\"og:locale\" content=\"pt_BR\" \/>\n<meta property=\"og:type\" content=\"article\" \/>\n<meta property=\"og:title\" content=\"Pelos Olhos de L. L. - Joaquim Haickel\" \/>\n<meta property=\"og:description\" content=\"O MAVAM, Museu da Mem\u00f3ria Audiovisual do Maranh\u00e3o, bra\u00e7o produtivo e operacional da Funda\u00e7\u00e3o Nagib Haickel, que tem como objetivo [&hellip;]\" \/>\n<meta property=\"og:url\" content=\"https:\/\/www.blogsoestado.com\/joaquimhaickel\/2015\/07\/04\/pelos-olhos-de-l-l\/\" \/>\n<meta property=\"og:site_name\" content=\"Joaquim Haickel\" \/>\n<meta property=\"article:published_time\" content=\"2015-07-05T01:01:24+00:00\" \/>\n<meta name=\"author\" content=\"Joaquim Haickel\" \/>\n<meta name=\"twitter:card\" content=\"summary_large_image\" \/>\n<meta name=\"twitter:label1\" content=\"Escrito por\" \/>\n\t<meta name=\"twitter:data1\" content=\"Joaquim Haickel\" \/>\n\t<meta name=\"twitter:label2\" content=\"Est. tempo de leitura\" \/>\n\t<meta name=\"twitter:data2\" content=\"5 minutos\" \/>\n<script type=\"application\/ld+json\" class=\"yoast-schema-graph\">{\"@context\":\"https:\/\/schema.org\",\"@graph\":[{\"@type\":\"WebPage\",\"@id\":\"https:\/\/www.blogsoestado.com\/joaquimhaickel\/2015\/07\/04\/pelos-olhos-de-l-l\/\",\"url\":\"https:\/\/www.blogsoestado.com\/joaquimhaickel\/2015\/07\/04\/pelos-olhos-de-l-l\/\",\"name\":\"Pelos Olhos de L. L. - Joaquim Haickel\",\"isPartOf\":{\"@id\":\"https:\/\/www.blogsoestado.com\/joaquimhaickel\/#website\"},\"datePublished\":\"2015-07-05T01:01:24+00:00\",\"author\":{\"@id\":\"https:\/\/www.blogsoestado.com\/joaquimhaickel\/#\/schema\/person\/4a711644aff28245c6c2c3452d66d325\"},\"breadcrumb\":{\"@id\":\"https:\/\/www.blogsoestado.com\/joaquimhaickel\/2015\/07\/04\/pelos-olhos-de-l-l\/#breadcrumb\"},\"inLanguage\":\"pt-BR\",\"potentialAction\":[{\"@type\":\"ReadAction\",\"target\":[\"https:\/\/www.blogsoestado.com\/joaquimhaickel\/2015\/07\/04\/pelos-olhos-de-l-l\/\"]}]},{\"@type\":\"BreadcrumbList\",\"@id\":\"https:\/\/www.blogsoestado.com\/joaquimhaickel\/2015\/07\/04\/pelos-olhos-de-l-l\/#breadcrumb\",\"itemListElement\":[{\"@type\":\"ListItem\",\"position\":1,\"name\":\"In\u00edcio\",\"item\":\"https:\/\/www.blogsoestado.com\/joaquimhaickel\/\"},{\"@type\":\"ListItem\",\"position\":2,\"name\":\"Pelos Olhos de L. L.\"}]},{\"@type\":\"WebSite\",\"@id\":\"https:\/\/www.blogsoestado.com\/joaquimhaickel\/#website\",\"url\":\"https:\/\/www.blogsoestado.com\/joaquimhaickel\/\",\"name\":\"Joaquim Haickel\",\"description\":\"\",\"potentialAction\":[{\"@type\":\"SearchAction\",\"target\":{\"@type\":\"EntryPoint\",\"urlTemplate\":\"https:\/\/www.blogsoestado.com\/joaquimhaickel\/?s={search_term_string}\"},\"query-input\":{\"@type\":\"PropertyValueSpecification\",\"valueRequired\":true,\"valueName\":\"search_term_string\"}}],\"inLanguage\":\"pt-BR\"},{\"@type\":\"Person\",\"@id\":\"https:\/\/www.blogsoestado.com\/joaquimhaickel\/#\/schema\/person\/4a711644aff28245c6c2c3452d66d325\",\"name\":\"Joaquim Haickel\",\"image\":{\"@type\":\"ImageObject\",\"inLanguage\":\"pt-BR\",\"@id\":\"https:\/\/www.blogsoestado.com\/joaquimhaickel\/#\/schema\/person\/image\/\",\"url\":\"https:\/\/secure.gravatar.com\/avatar\/473d89339b9f8ec089adb8d5778363eb5a2ba2319956bcf0298bfd8cca04684a?s=96&d=mm&r=g\",\"contentUrl\":\"https:\/\/secure.gravatar.com\/avatar\/473d89339b9f8ec089adb8d5778363eb5a2ba2319956bcf0298bfd8cca04684a?s=96&d=mm&r=g\",\"caption\":\"Joaquim Haickel\"},\"url\":\"https:\/\/www.blogsoestado.com\/joaquimhaickel\/author\/joaquimhaickel\/\"}]}<\/script>\n<!-- \/ Yoast SEO plugin. -->","yoast_head_json":{"title":"Pelos Olhos de L. L. - Joaquim Haickel","robots":{"index":"index","follow":"follow","max-snippet":"max-snippet:-1","max-image-preview":"max-image-preview:large","max-video-preview":"max-video-preview:-1"},"canonical":"https:\/\/www.blogsoestado.com\/joaquimhaickel\/2015\/07\/04\/pelos-olhos-de-l-l\/","og_locale":"pt_BR","og_type":"article","og_title":"Pelos Olhos de L. L. - Joaquim Haickel","og_description":"O MAVAM, Museu da Mem\u00f3ria Audiovisual do Maranh\u00e3o, bra\u00e7o produtivo e operacional da Funda\u00e7\u00e3o Nagib Haickel, que tem como objetivo [&hellip;]","og_url":"https:\/\/www.blogsoestado.com\/joaquimhaickel\/2015\/07\/04\/pelos-olhos-de-l-l\/","og_site_name":"Joaquim Haickel","article_published_time":"2015-07-05T01:01:24+00:00","author":"Joaquim Haickel","twitter_card":"summary_large_image","twitter_misc":{"Escrito por":"Joaquim Haickel","Est. tempo de leitura":"5 minutos"},"schema":{"@context":"https:\/\/schema.org","@graph":[{"@type":"WebPage","@id":"https:\/\/www.blogsoestado.com\/joaquimhaickel\/2015\/07\/04\/pelos-olhos-de-l-l\/","url":"https:\/\/www.blogsoestado.com\/joaquimhaickel\/2015\/07\/04\/pelos-olhos-de-l-l\/","name":"Pelos Olhos de L. L. - Joaquim Haickel","isPartOf":{"@id":"https:\/\/www.blogsoestado.com\/joaquimhaickel\/#website"},"datePublished":"2015-07-05T01:01:24+00:00","author":{"@id":"https:\/\/www.blogsoestado.com\/joaquimhaickel\/#\/schema\/person\/4a711644aff28245c6c2c3452d66d325"},"breadcrumb":{"@id":"https:\/\/www.blogsoestado.com\/joaquimhaickel\/2015\/07\/04\/pelos-olhos-de-l-l\/#breadcrumb"},"inLanguage":"pt-BR","potentialAction":[{"@type":"ReadAction","target":["https:\/\/www.blogsoestado.com\/joaquimhaickel\/2015\/07\/04\/pelos-olhos-de-l-l\/"]}]},{"@type":"BreadcrumbList","@id":"https:\/\/www.blogsoestado.com\/joaquimhaickel\/2015\/07\/04\/pelos-olhos-de-l-l\/#breadcrumb","itemListElement":[{"@type":"ListItem","position":1,"name":"In\u00edcio","item":"https:\/\/www.blogsoestado.com\/joaquimhaickel\/"},{"@type":"ListItem","position":2,"name":"Pelos Olhos de L. L."}]},{"@type":"WebSite","@id":"https:\/\/www.blogsoestado.com\/joaquimhaickel\/#website","url":"https:\/\/www.blogsoestado.com\/joaquimhaickel\/","name":"Joaquim Haickel","description":"","potentialAction":[{"@type":"SearchAction","target":{"@type":"EntryPoint","urlTemplate":"https:\/\/www.blogsoestado.com\/joaquimhaickel\/?s={search_term_string}"},"query-input":{"@type":"PropertyValueSpecification","valueRequired":true,"valueName":"search_term_string"}}],"inLanguage":"pt-BR"},{"@type":"Person","@id":"https:\/\/www.blogsoestado.com\/joaquimhaickel\/#\/schema\/person\/4a711644aff28245c6c2c3452d66d325","name":"Joaquim Haickel","image":{"@type":"ImageObject","inLanguage":"pt-BR","@id":"https:\/\/www.blogsoestado.com\/joaquimhaickel\/#\/schema\/person\/image\/","url":"https:\/\/secure.gravatar.com\/avatar\/473d89339b9f8ec089adb8d5778363eb5a2ba2319956bcf0298bfd8cca04684a?s=96&d=mm&r=g","contentUrl":"https:\/\/secure.gravatar.com\/avatar\/473d89339b9f8ec089adb8d5778363eb5a2ba2319956bcf0298bfd8cca04684a?s=96&d=mm&r=g","caption":"Joaquim Haickel"},"url":"https:\/\/www.blogsoestado.com\/joaquimhaickel\/author\/joaquimhaickel\/"}]}},"jetpack_featured_media_url":"","_links":{"self":[{"href":"https:\/\/www.blogsoestado.com\/joaquimhaickel\/wp-json\/wp\/v2\/posts\/1535","targetHints":{"allow":["GET"]}}],"collection":[{"href":"https:\/\/www.blogsoestado.com\/joaquimhaickel\/wp-json\/wp\/v2\/posts"}],"about":[{"href":"https:\/\/www.blogsoestado.com\/joaquimhaickel\/wp-json\/wp\/v2\/types\/post"}],"author":[{"embeddable":true,"href":"https:\/\/www.blogsoestado.com\/joaquimhaickel\/wp-json\/wp\/v2\/users\/7"}],"replies":[{"embeddable":true,"href":"https:\/\/www.blogsoestado.com\/joaquimhaickel\/wp-json\/wp\/v2\/comments?post=1535"}],"version-history":[{"count":0,"href":"https:\/\/www.blogsoestado.com\/joaquimhaickel\/wp-json\/wp\/v2\/posts\/1535\/revisions"}],"wp:attachment":[{"href":"https:\/\/www.blogsoestado.com\/joaquimhaickel\/wp-json\/wp\/v2\/media?parent=1535"}],"wp:term":[{"taxonomy":"category","embeddable":true,"href":"https:\/\/www.blogsoestado.com\/joaquimhaickel\/wp-json\/wp\/v2\/categories?post=1535"},{"taxonomy":"post_tag","embeddable":true,"href":"https:\/\/www.blogsoestado.com\/joaquimhaickel\/wp-json\/wp\/v2\/tags?post=1535"}],"curies":[{"name":"wp","href":"https:\/\/api.w.org\/{rel}","templated":true}]}}