{"id":1542,"date":"2015-07-12T00:13:54","date_gmt":"2015-07-12T03:13:54","guid":{"rendered":"https:\/\/www.blogsoestado.com\/joaquimhaickel\/?p=1542"},"modified":"2015-07-12T00:13:54","modified_gmt":"2015-07-12T03:13:54","slug":"sem-medo-de-morrer","status":"publish","type":"post","link":"https:\/\/www.blogsoestado.com\/joaquimhaickel\/2015\/07\/12\/sem-medo-de-morrer\/","title":{"rendered":"Sem Medo de Morrer"},"content":{"rendered":"<p>N\u00e3o sei o que \u00e9 medo desde que fui confrontado com o maior dos medos que eu poderia ter em toda minha vida. O medo de estar sozinho, de ter que enfrentar as batalhas da vida sem um guia, um l\u00edder, o medo de ter sido abandonado. Desde o dia em que meu pai morreu perdi todos os medos que sempre acalentei em minha exist\u00eancia, at\u00e9 ent\u00e3o um tanto infantil.<\/p>\n<p>Digo isso para justificar que n\u00e3o senti nenhum medo quando no \u00faltimo dia 8 de julho, fui at\u00e9 a Assembleia Legislativa do Maranh\u00e3o para conversar com alguns amigos e passei mal, tive uma s\u00fabita eleva\u00e7\u00e3o de press\u00e3o, senti n\u00e1useas, e tontura, mas fui logo medicado pela doutora Jane, m\u00e9dica respons\u00e1vel pelo atendimento do plen\u00e1rio do Legislativo maranhense, que prosaicamente neste caso, leva o nome de meu pai.<\/p>\n<p>Apoiado no deputado Alexandre Almeida e acompanhado do deputado Antonio Pereira e pela doutora fui levado \u00e0 emerg\u00eancia do Hospital UDI onde fui atendido no setor cardiol\u00f3gico.<\/p>\n<p>Durante todo aquele tempo, medo por mim, por minha vida foi a coisa que menos eu senti. Durante todo aquele tempo eu s\u00f3 imaginava no que deveria ter pensado meu pai quando foi confrontado com a fat\u00eddica morte.<\/p>\n<p>Imaginei que ele tivesse voltado seu pensamento para as pessoas que mais amava, em como iriam ficar sua mulher Clarice, seus filhos Joaquim, Nagib e sua netinha Laila, as pessoas que conviveram com ele durante toda a vida, Tet\u00e9, Lol\u00f3, Lucia, Jorge, Celso, Santana&#8230; Deve ter lembrado de seus irm\u00e3os, de como eles ficariam sem ele que era o timoneiro do barco Haickel. Deve ter pensado como ficariam seus empregados na aus\u00eancia dele, em como eu e Nagib ir\u00edamos organizar os seus neg\u00f3cios, quase sempre t\u00e3o intrincados e confusos. Como ficaria a pol\u00edtica de nosso Estado com o falecimento do presidente do Legislativo, que servia de ponto de equil\u00edbrio naquele momento. Por um instante pensei as mesmas coisas, s\u00f3 que tendo a minha vida como ponto de partida. E a sensa\u00e7\u00e3o foi a coisa mais parecida com medo que eu j\u00e1 senti nos \u00faltimos 22 anos, desde que n\u00e3o sei mais o que \u00e9 realmente sentir medo.<\/p>\n<p>Em meio a todo aquele transtorno do mal-estar e da minha ida para o hospital, para completar o vatic\u00ednio de meus pensamentos, eis que surge em minha frente, quando adentrava as quatro linhas do hospital, o velho amigo de meu pai, pessoa a quem Nagib\u00e3o tinha como uma esp\u00e9cie de filho, o ex-deputado Marcony Farias, que estava ali com seu filho adoentado. O mais curioso nisso tudo \u00e9 que meu pai morrera nos bra\u00e7os de Marcony e ao me lembrar disso gritei pra ele: \u201cN\u00e3o sai daqui, porque de duas uma, ou tu vai encomendar outra alma Haickel ou vamos ficar aqui batendo papo at\u00e9 me liberarem\u201d. Naquele momento sabia que nada de mais grave me aconteceria.<\/p>\n<p>Liberei Toinzinho e Marcony porque meus bra\u00e7os e minhas pernas haviam chegado. Meu motorista Marcelo ligara para meu irm\u00e3o Nagib que largou tudo e em minutos estava no hospital. S\u00f3 ent\u00e3o pedi que ele ligasse para minha mulher, Jacira, para avis\u00e1-la, mas que nada dissesse para minhas m\u00e3es e para Laila. Minutos depois Jacira estava agarrada na minha m\u00e3o.<\/p>\n<p>Ainda n\u00e3o cheguei ao cerne de meu assunto de hoje, vou tentar inici\u00e1-lo agora.<\/p>\n<p>Fui levado a uma salinha que continha duas macas e colocado na mais \u00e0 esquerda, pois estava chegando uma paciente bem mais grave, que ficaria na outra. N\u00e3o vi a paciente at\u00e9 me levantar para ir fazer as tomografias requisitadas pelas m\u00e9dicas que me atenderam.<\/p>\n<p>Quando vi a senhora que foi trazida para a outra maca, naquele momento tive medo. Na verdade tive pavor de ficar daquele jeito, inutilizado para uma vida digna. A filha dela, que a acompanhava e cuidava dela com um zelo e um carinho dignos de m\u00e3e para com filha e n\u00e3o de filha para com m\u00e3e, diminuiu o meu choque, mas n\u00e3o o suficiente para impedir que eu voltasse a pensar em meu pai e agora tamb\u00e9m em minha m\u00e3e.<\/p>\n<p>Tenho certeza absoluta que meu velho pai, que morreu antes de completar 60 anos, preferiria ter morrido como morreu, mais cedo, que vivido inutilizado por pelo menos um m\u00edsero dia. Esse tamb\u00e9m \u00e9 o destino ego\u00edsta que eu desejo para minha m\u00e3e. Prefiro que ela se v\u00e1 calma e tranquila, que n\u00f3s fiquemos com a lembran\u00e7a de sua alma leve e generosa, que ela n\u00e3o sofra um bilion\u00e9simo do que aquela senhora, ali do meu lado, estava sofrendo.<\/p>\n<p>Fechei os olhos e voltei aos meus pensamentos. Enquanto percorria os corredores do hospital em cadeira de rodas, no caminho da CT e mesmo dentro daquela m\u00e1quina, comecei a relacionar tudo que preciso fazer nos pr\u00f3ximos meses, e quem sabe at\u00e9 anos, para deixar arrumadinhas as coisas e as vidas das pessoas que continuar\u00e3o depois de mim.<\/p>\n<p>Na lista que chamei de GE, pois eram as letras que eu via toda vez que abria os olhos dentro daquela geringon\u00e7a circular em que estava, constam itens como solucionar todas as pend\u00eancias relacionadas \u00e0s minhas empresas, \u00e0s sociedades em que participo, de prefer\u00eancia sair das que n\u00e3o sejam somente com meu irm\u00e3o, relacionar os nomes de todos os meus credores e aquelas pessoas a quem devo alguma coisa, para que meus sucessores possam quitar alguma d\u00edvida que eu n\u00e3o tenha conseguido honrar at\u00e9 o inexor\u00e1vel momento, ou possam receber se for o caso, depois de mim&#8230;<\/p>\n<p>N\u00e3o penso em morrer. Deus me livre e guarde! Mas, entre viver inutilizado, sem dignidade e ir \u00e0 grande viagem, prefiro o turismo incidental, aquele que n\u00e3o se sabe o destino da jornada.<\/p>\n<p>&nbsp;<\/p>\n<p>PS: Agrade\u00e7o a todas as pessoas que me prestaram solidariedade naquele momento e outras que ligam a todo instante para saber como estou. Agrade\u00e7o principalmente ao meu compadre Gafanhoto, que n\u00e3o saiu do hospital at\u00e9 o momento de minha libera\u00e7\u00e3o e ao meu querido amigo-irm\u00e3o dr. Luiz Cesar, que \u00e9 o m\u00e9dico-anjo-da-guarda de toda minha fam\u00edlia.<\/p>\n<p>&nbsp;<\/p>\n","protected":false},"excerpt":{"rendered":"<p>N\u00e3o sei o que \u00e9 medo desde que fui confrontado com o maior dos medos que eu poderia ter em [&hellip;]<\/p>\n","protected":false},"author":7,"featured_media":0,"comment_status":"open","ping_status":"open","sticky":false,"template":"","format":"standard","meta":{"site-sidebar-layout":"default","site-content-layout":"","ast-site-content-layout":"default","site-content-style":"default","site-sidebar-style":"default","ast-global-header-display":"","ast-banner-title-visibility":"","ast-main-header-display":"","ast-hfb-above-header-display":"","ast-hfb-below-header-display":"","ast-hfb-mobile-header-display":"","site-post-title":"","ast-breadcrumbs-content":"","ast-featured-img":"","footer-sml-layout":"","ast-disable-related-posts":"","theme-transparent-header-meta":"","adv-header-id-meta":"","stick-header-meta":"","header-above-stick-meta":"","header-main-stick-meta":"","header-below-stick-meta":"","astra-migrate-meta-layouts":"default","ast-page-background-enabled":"default","ast-page-background-meta":{"desktop":{"background-color":"var(--ast-global-color-5)","background-image":"","background-repeat":"repeat","background-position":"center center","background-size":"auto","background-attachment":"scroll","background-type":"","background-media":"","overlay-type":"","overlay-color":"","overlay-opacity":"","overlay-gradient":""},"tablet":{"background-color":"","background-image":"","background-repeat":"repeat","background-position":"center center","background-size":"auto","background-attachment":"scroll","background-type":"","background-media":"","overlay-type":"","overlay-color":"","overlay-opacity":"","overlay-gradient":""},"mobile":{"background-color":"","background-image":"","background-repeat":"repeat","background-position":"center center","background-size":"auto","background-attachment":"scroll","background-type":"","background-media":"","overlay-type":"","overlay-color":"","overlay-opacity":"","overlay-gradient":""}},"ast-content-background-meta":{"desktop":{"background-color":"var(--ast-global-color-4)","background-image":"","background-repeat":"repeat","background-position":"center center","background-size":"auto","background-attachment":"scroll","background-type":"","background-media":"","overlay-type":"","overlay-color":"","overlay-opacity":"","overlay-gradient":""},"tablet":{"background-color":"var(--ast-global-color-4)","background-image":"","background-repeat":"repeat","background-position":"center center","background-size":"auto","background-attachment":"scroll","background-type":"","background-media":"","overlay-type":"","overlay-color":"","overlay-opacity":"","overlay-gradient":""},"mobile":{"background-color":"var(--ast-global-color-4)","background-image":"","background-repeat":"repeat","background-position":"center center","background-size":"auto","background-attachment":"scroll","background-type":"","background-media":"","overlay-type":"","overlay-color":"","overlay-opacity":"","overlay-gradient":""}},"footnotes":""},"categories":[1],"tags":[],"class_list":["post-1542","post","type-post","status-publish","format-standard","hentry","category-sem-categoria"],"yoast_head":"<!-- This site is optimized with the Yoast SEO plugin v26.6 - https:\/\/yoast.com\/wordpress\/plugins\/seo\/ -->\n<title>Sem Medo de Morrer - Joaquim Haickel<\/title>\n<meta name=\"robots\" content=\"index, follow, max-snippet:-1, max-image-preview:large, max-video-preview:-1\" \/>\n<link rel=\"canonical\" href=\"https:\/\/www.blogsoestado.com\/joaquimhaickel\/2015\/07\/12\/sem-medo-de-morrer\/\" \/>\n<meta property=\"og:locale\" content=\"pt_BR\" \/>\n<meta property=\"og:type\" content=\"article\" \/>\n<meta property=\"og:title\" content=\"Sem Medo de Morrer - Joaquim Haickel\" \/>\n<meta property=\"og:description\" content=\"N\u00e3o sei o que \u00e9 medo desde que fui confrontado com o maior dos medos que eu poderia ter em [&hellip;]\" \/>\n<meta property=\"og:url\" content=\"https:\/\/www.blogsoestado.com\/joaquimhaickel\/2015\/07\/12\/sem-medo-de-morrer\/\" \/>\n<meta property=\"og:site_name\" content=\"Joaquim Haickel\" \/>\n<meta property=\"article:published_time\" content=\"2015-07-12T03:13:54+00:00\" \/>\n<meta name=\"author\" content=\"Joaquim Haickel\" \/>\n<meta name=\"twitter:card\" content=\"summary_large_image\" \/>\n<meta name=\"twitter:label1\" content=\"Escrito por\" \/>\n\t<meta name=\"twitter:data1\" content=\"Joaquim Haickel\" \/>\n\t<meta name=\"twitter:label2\" content=\"Est. tempo de leitura\" \/>\n\t<meta name=\"twitter:data2\" content=\"5 minutos\" \/>\n<script type=\"application\/ld+json\" class=\"yoast-schema-graph\">{\"@context\":\"https:\/\/schema.org\",\"@graph\":[{\"@type\":\"WebPage\",\"@id\":\"https:\/\/www.blogsoestado.com\/joaquimhaickel\/2015\/07\/12\/sem-medo-de-morrer\/\",\"url\":\"https:\/\/www.blogsoestado.com\/joaquimhaickel\/2015\/07\/12\/sem-medo-de-morrer\/\",\"name\":\"Sem Medo de Morrer - Joaquim Haickel\",\"isPartOf\":{\"@id\":\"https:\/\/www.blogsoestado.com\/joaquimhaickel\/#website\"},\"datePublished\":\"2015-07-12T03:13:54+00:00\",\"author\":{\"@id\":\"https:\/\/www.blogsoestado.com\/joaquimhaickel\/#\/schema\/person\/4a711644aff28245c6c2c3452d66d325\"},\"breadcrumb\":{\"@id\":\"https:\/\/www.blogsoestado.com\/joaquimhaickel\/2015\/07\/12\/sem-medo-de-morrer\/#breadcrumb\"},\"inLanguage\":\"pt-BR\",\"potentialAction\":[{\"@type\":\"ReadAction\",\"target\":[\"https:\/\/www.blogsoestado.com\/joaquimhaickel\/2015\/07\/12\/sem-medo-de-morrer\/\"]}]},{\"@type\":\"BreadcrumbList\",\"@id\":\"https:\/\/www.blogsoestado.com\/joaquimhaickel\/2015\/07\/12\/sem-medo-de-morrer\/#breadcrumb\",\"itemListElement\":[{\"@type\":\"ListItem\",\"position\":1,\"name\":\"In\u00edcio\",\"item\":\"https:\/\/www.blogsoestado.com\/joaquimhaickel\/\"},{\"@type\":\"ListItem\",\"position\":2,\"name\":\"Sem Medo de Morrer\"}]},{\"@type\":\"WebSite\",\"@id\":\"https:\/\/www.blogsoestado.com\/joaquimhaickel\/#website\",\"url\":\"https:\/\/www.blogsoestado.com\/joaquimhaickel\/\",\"name\":\"Joaquim Haickel\",\"description\":\"\",\"potentialAction\":[{\"@type\":\"SearchAction\",\"target\":{\"@type\":\"EntryPoint\",\"urlTemplate\":\"https:\/\/www.blogsoestado.com\/joaquimhaickel\/?s={search_term_string}\"},\"query-input\":{\"@type\":\"PropertyValueSpecification\",\"valueRequired\":true,\"valueName\":\"search_term_string\"}}],\"inLanguage\":\"pt-BR\"},{\"@type\":\"Person\",\"@id\":\"https:\/\/www.blogsoestado.com\/joaquimhaickel\/#\/schema\/person\/4a711644aff28245c6c2c3452d66d325\",\"name\":\"Joaquim Haickel\",\"image\":{\"@type\":\"ImageObject\",\"inLanguage\":\"pt-BR\",\"@id\":\"https:\/\/www.blogsoestado.com\/joaquimhaickel\/#\/schema\/person\/image\/\",\"url\":\"https:\/\/secure.gravatar.com\/avatar\/473d89339b9f8ec089adb8d5778363eb5a2ba2319956bcf0298bfd8cca04684a?s=96&d=mm&r=g\",\"contentUrl\":\"https:\/\/secure.gravatar.com\/avatar\/473d89339b9f8ec089adb8d5778363eb5a2ba2319956bcf0298bfd8cca04684a?s=96&d=mm&r=g\",\"caption\":\"Joaquim Haickel\"},\"url\":\"https:\/\/www.blogsoestado.com\/joaquimhaickel\/author\/joaquimhaickel\/\"}]}<\/script>\n<!-- \/ Yoast SEO plugin. -->","yoast_head_json":{"title":"Sem Medo de Morrer - Joaquim Haickel","robots":{"index":"index","follow":"follow","max-snippet":"max-snippet:-1","max-image-preview":"max-image-preview:large","max-video-preview":"max-video-preview:-1"},"canonical":"https:\/\/www.blogsoestado.com\/joaquimhaickel\/2015\/07\/12\/sem-medo-de-morrer\/","og_locale":"pt_BR","og_type":"article","og_title":"Sem Medo de Morrer - Joaquim Haickel","og_description":"N\u00e3o sei o que \u00e9 medo desde que fui confrontado com o maior dos medos que eu poderia ter em [&hellip;]","og_url":"https:\/\/www.blogsoestado.com\/joaquimhaickel\/2015\/07\/12\/sem-medo-de-morrer\/","og_site_name":"Joaquim Haickel","article_published_time":"2015-07-12T03:13:54+00:00","author":"Joaquim Haickel","twitter_card":"summary_large_image","twitter_misc":{"Escrito por":"Joaquim Haickel","Est. tempo de leitura":"5 minutos"},"schema":{"@context":"https:\/\/schema.org","@graph":[{"@type":"WebPage","@id":"https:\/\/www.blogsoestado.com\/joaquimhaickel\/2015\/07\/12\/sem-medo-de-morrer\/","url":"https:\/\/www.blogsoestado.com\/joaquimhaickel\/2015\/07\/12\/sem-medo-de-morrer\/","name":"Sem Medo de Morrer - Joaquim Haickel","isPartOf":{"@id":"https:\/\/www.blogsoestado.com\/joaquimhaickel\/#website"},"datePublished":"2015-07-12T03:13:54+00:00","author":{"@id":"https:\/\/www.blogsoestado.com\/joaquimhaickel\/#\/schema\/person\/4a711644aff28245c6c2c3452d66d325"},"breadcrumb":{"@id":"https:\/\/www.blogsoestado.com\/joaquimhaickel\/2015\/07\/12\/sem-medo-de-morrer\/#breadcrumb"},"inLanguage":"pt-BR","potentialAction":[{"@type":"ReadAction","target":["https:\/\/www.blogsoestado.com\/joaquimhaickel\/2015\/07\/12\/sem-medo-de-morrer\/"]}]},{"@type":"BreadcrumbList","@id":"https:\/\/www.blogsoestado.com\/joaquimhaickel\/2015\/07\/12\/sem-medo-de-morrer\/#breadcrumb","itemListElement":[{"@type":"ListItem","position":1,"name":"In\u00edcio","item":"https:\/\/www.blogsoestado.com\/joaquimhaickel\/"},{"@type":"ListItem","position":2,"name":"Sem Medo de Morrer"}]},{"@type":"WebSite","@id":"https:\/\/www.blogsoestado.com\/joaquimhaickel\/#website","url":"https:\/\/www.blogsoestado.com\/joaquimhaickel\/","name":"Joaquim Haickel","description":"","potentialAction":[{"@type":"SearchAction","target":{"@type":"EntryPoint","urlTemplate":"https:\/\/www.blogsoestado.com\/joaquimhaickel\/?s={search_term_string}"},"query-input":{"@type":"PropertyValueSpecification","valueRequired":true,"valueName":"search_term_string"}}],"inLanguage":"pt-BR"},{"@type":"Person","@id":"https:\/\/www.blogsoestado.com\/joaquimhaickel\/#\/schema\/person\/4a711644aff28245c6c2c3452d66d325","name":"Joaquim Haickel","image":{"@type":"ImageObject","inLanguage":"pt-BR","@id":"https:\/\/www.blogsoestado.com\/joaquimhaickel\/#\/schema\/person\/image\/","url":"https:\/\/secure.gravatar.com\/avatar\/473d89339b9f8ec089adb8d5778363eb5a2ba2319956bcf0298bfd8cca04684a?s=96&d=mm&r=g","contentUrl":"https:\/\/secure.gravatar.com\/avatar\/473d89339b9f8ec089adb8d5778363eb5a2ba2319956bcf0298bfd8cca04684a?s=96&d=mm&r=g","caption":"Joaquim Haickel"},"url":"https:\/\/www.blogsoestado.com\/joaquimhaickel\/author\/joaquimhaickel\/"}]}},"jetpack_featured_media_url":"","_links":{"self":[{"href":"https:\/\/www.blogsoestado.com\/joaquimhaickel\/wp-json\/wp\/v2\/posts\/1542","targetHints":{"allow":["GET"]}}],"collection":[{"href":"https:\/\/www.blogsoestado.com\/joaquimhaickel\/wp-json\/wp\/v2\/posts"}],"about":[{"href":"https:\/\/www.blogsoestado.com\/joaquimhaickel\/wp-json\/wp\/v2\/types\/post"}],"author":[{"embeddable":true,"href":"https:\/\/www.blogsoestado.com\/joaquimhaickel\/wp-json\/wp\/v2\/users\/7"}],"replies":[{"embeddable":true,"href":"https:\/\/www.blogsoestado.com\/joaquimhaickel\/wp-json\/wp\/v2\/comments?post=1542"}],"version-history":[{"count":0,"href":"https:\/\/www.blogsoestado.com\/joaquimhaickel\/wp-json\/wp\/v2\/posts\/1542\/revisions"}],"wp:attachment":[{"href":"https:\/\/www.blogsoestado.com\/joaquimhaickel\/wp-json\/wp\/v2\/media?parent=1542"}],"wp:term":[{"taxonomy":"category","embeddable":true,"href":"https:\/\/www.blogsoestado.com\/joaquimhaickel\/wp-json\/wp\/v2\/categories?post=1542"},{"taxonomy":"post_tag","embeddable":true,"href":"https:\/\/www.blogsoestado.com\/joaquimhaickel\/wp-json\/wp\/v2\/tags?post=1542"}],"curies":[{"name":"wp","href":"https:\/\/api.w.org\/{rel}","templated":true}]}}