{"id":1548,"date":"2015-07-19T00:18:32","date_gmt":"2015-07-19T03:18:32","guid":{"rendered":"https:\/\/www.blogsoestado.com\/joaquimhaickel\/?p=1548"},"modified":"2015-07-19T00:18:32","modified_gmt":"2015-07-19T03:18:32","slug":"parabens-e-obrigado","status":"publish","type":"post","link":"https:\/\/www.blogsoestado.com\/joaquimhaickel\/2015\/07\/19\/parabens-e-obrigado\/","title":{"rendered":"Parab\u00e9ns e Obrigado!"},"content":{"rendered":"<p>Pela primeira vez, na hist\u00f3ria do Maranh\u00e3o, encontra-se \u00e0 disposi\u00e7\u00e3o de nossa comunidade cinematogr\u00e1fica um edital promovido pela Ag\u00eancia Nacional de Cinema, em conjunto com a Secretaria de Estado da Cultura, visando a realiza\u00e7\u00e3o de filmes que usem tem\u00e1ticas maranhenses, e pessoal preferencialmente nascido ou radicado por aqui.<\/p>\n<p>N\u00e3o vou dizer que isso se deve exclusivamente ao fato de o presidente da Ancine ser do mesmo partido pol\u00edtico do governador de nosso Estado, porque, caso os governos passados tivessem procurado, nesse sentido, a entidade que organizou e tem dado um bom rumo ao cinema brasileiro, tenho certeza que outros editais j\u00e1 teriam sido realizados, pois estes certames s\u00e3o comuns em outros Estados e Munic\u00edpios que se interessam em promov\u00ea-los. Mas tamb\u00e9m n\u00e3o posso deixar de dizer que se o governador e o presidente da Ancine n\u00e3o fossem pr\u00f3ximos, esse edital n\u00e3o teria sa\u00eddo t\u00e3o depressa como foi o caso.<\/p>\n<p>De qualquer forma, a primeira coisa a ser dita, \u00e9 que esse edital \u00e9 muito bem vindo e que seja apenas o primeiro de uma s\u00e9rie que vir\u00e3o para desenvolver e dinamizar o audiovisual em nossa terra.<\/p>\n<p>Depois de feitos os devidos esclarecimentos e o merecido elogio, aqui v\u00e3o as cr\u00edticas, todas no sentido de ajudar, dentro de nossa pequena possibilidade.<\/p>\n<p>O edital de cinema Ancine\/Secma, que prev\u00ea o investimento de R$ 3 milh\u00f5es, sendo R$ 1 milh\u00e3o da Secma e R$ 2 milh\u00f5es da Ancine, poderia ter sido melhor elaborado e dividido, o que talvez ainda possa ser feito, uma vez que as pessoas que fazem cinema no Maranh\u00e3o n\u00e3o foram ouvidas antes da publica\u00e7\u00e3o desse edital.<\/p>\n<p>Ao inv\u00e9s de 10 curtas-metragens de R$ 78 mil, acreditamos que deveriam ter sido R$ 20 mil de R$ 50 mil, todos destinados a cineastas principiantes, oportunizando assim uma maior participa\u00e7\u00e3o da base nascente de nosso cinema, quando os recursos financeiros n\u00e3o s\u00e3o os ingredientes mais importantes e quando as produ\u00e7\u00f5es realmente requerem menos recursos financeiros e muito mais criatividade e inventividade.<\/p>\n<p>A subdivis\u00e3o em telefilmes e longas-metragens reduz a possibilidade de apresenta\u00e7\u00e3o de projetos. Esse crit\u00e9rio deveria ser uma prerrogativa do produtor cinematogr\u00e1fico que se responsabilizaria tamb\u00e9m por escolher se faria um filme mais longo ou mais curto, estabelecendo com isso qual sua destina\u00e7\u00e3o, se para exibi\u00e7\u00e3o em cinemas ou em televis\u00e3o. Fazendo isso o edital engessa a produ\u00e7\u00e3o, que poderia ser mais flex\u00edvel e democr\u00e1tica.<\/p>\n<p>Assim sendo restaria aos respons\u00e1veis pelo edital, a Ancine e a Secma, estabelecerem que R$ 1 milh\u00e3o seriam destinados a projetos de document\u00e1rios e R$ 1 milh\u00e3o para projetos de fic\u00e7\u00e3o, que n\u00e3o fossem curtas-metragens, deixando por conta do bom senso dos produtores proponentes a mensura\u00e7\u00e3o dos valores de seus or\u00e7amentos. Essa divis\u00e3o facilitaria tamb\u00e9m a constru\u00e7\u00e3o dos projetos e as presta\u00e7\u00f5es das respectivas contas.<\/p>\n<p>Seriam os produtores proponentes que teriam a obriga\u00e7\u00e3o de apresentar \u00e0 Ancine e \u00e0 Secma, projetos de or\u00e7amento condizentes com seus filmes e capazes de bem promover com sabedoria e consci\u00eancia o cinema maranhense.<\/p>\n<p>Algu\u00e9m que apresentasse um bom projeto mas com um alto or\u00e7amento deveria ser preterido em benef\u00edcio de quem apresentasse um outro bom projeto de or\u00e7amento mais baixo, que possibilitasse a realiza\u00e7\u00e3o de outras propostas, pois o interesse maior do edital n\u00e3o deve ser a concentra\u00e7\u00e3o de recursos em poucos projetos, mas sim oportunizar que mais produtores realizem os seus.<\/p>\n<p>Dito isso \u00e9 a vez de fazer outras reivindica\u00e7\u00f5es, agora diretamente destinadas para a Secma: Em primeiro lugar, com rela\u00e7\u00e3o ao pr\u00f3prio edital. Os produtores proponentes precisavam de esclarecimentos quanto a algumas quest\u00f5es que nele mesmo manda recorrer \u00e0 Secma, mas l\u00e1 ningu\u00e9m sabia informar nada. Precis\u00e1vamos de esclarecimentos imediatos, pois o prazo para apresenta\u00e7\u00e3o das propostas \u00e9 29 de julho. Somente na \u00faltima quarta-feira soubemos que Claudio Pinheiro e Edna Matos poderiam prestar esclarecimentos, o que foi feito.<\/p>\n<p>Outra coisa que a Secma precisa fazer \u00e9 estabelecer um organismo interno, comandado por algu\u00e9m que seja do setor audiovisual, que possa manter uma boa rela\u00e7\u00e3o com a comunidade que realiza trabalhos cinematogr\u00e1ficos e afins no Maranh\u00e3o, tanto que a Ancine colocou no edital um tal \u201cInstituto Estadual de Cinema\u201d, que n\u00e3o existe, mas que precisava existir.<\/p>\n<p>Por fim, aproveitando a oportunidade, gostaria de parabenizar e agradecer.<\/p>\n<p>Parab\u00e9ns: Frederico Machado, que al\u00e9m de um bom cineasta \u00e9 pioneiro em nosso Estado como distribuidor cinematogr\u00e1fico, com sua nacional e internacionalmente conhecida Lume Filmes; Arturo Saboia, sens\u00edvel roteirista e minucioso diretor; Francisco Colombo, que se encontra em Portugal fazendo mestrado em cinema; ao inquieto e efervescente diretor Breno Ferreira; \u00e0 minha querida amiga Isa Albuquerque, uma das pioneiras maranhenses nesse of\u00edcio; Mavi Sim\u00e3o que realiza trabalhos important\u00edssimos nesse setor; a um jovem de futuro brilhante, Marcos Pontes; a Rafaelle Petrini, um italiano que escolheu S\u00e3o Lu\u00eds para ser sua Cinecitt\u00e0; ao jovem Lucas S\u00e1, nosso, quem sabe, se Deus quiser, futuro Almod\u00f3var; a C\u00edcero Filho que respira cinema, que o faz como sendo uma coisa que faz parte de sua alma e de seu corpo; ao pessoal dos Coletivos, como Luizes e Mulek, que fizeram filmes t\u00e3o bons e importantes para o nosso cinema; \u00e0 minha amiga produtora C\u00e1ssia Melo e outros tantos&#8230;<\/p>\n<p>Por \u00faltimo e nem por isso menos importante, gostaria de parabenizar e nesse caso tamb\u00e9m agradecer, aos meus queridos amigos e companheiros de trabalho no Museu da Mem\u00f3ria Audiovisual do Maranh\u00e3o, MAVAM, e que realizam comigo projetos maravilhosos atrav\u00e9s do Polo de Cinema Ficcional, Documental e de Anima\u00e7\u00e3o do Maranh\u00e3o: Joan Carlos, Beto Matuck, Francisco Colombo, Fernando Baima, Jo\u00e3o Ubaldo, Celso Borges, Renata Valdej\u00e3o, Andr\u00e9 Lucap, Cinaldo Oliveira, Talvane Lucato, Elinaldo Terel, Jeferson Santos, Rosangela Guimar\u00e3es, Beto e N\u00e1dia Nic\u00e1cio, Iramir Ara\u00fajo, Israel Silva\u2026<\/p>\n<p>Obrigado aos que come\u00e7aram isso tudo, muito tempo atr\u00e1s. Obrigado Murilo Santos, Euclides Moreira Neto, Nerine Lob\u00e3o, Raimundo Medeiros, Ivan Sarney, Newton L\u00edlio&#8230; Obrigado aos irm\u00e3os Bacelar, Mauro Bezerra, Lindberg Leite, dentre tantos outros!<\/p>\n<p>Gra\u00e7as aos que come\u00e7aram o cinema e o audiovisual no Maranh\u00e3o e aos que continuam nessa lida, poderemos deixar um bom legado para as futuras gera\u00e7\u00f5es.<\/p>\n<p>&nbsp;<\/p>\n<p>PS: Viajo hoje para Portugal onde receberei um pr\u00eamio pelo nosso filme \u201cA Pedra e a Palavra\u201d.<\/p>\n<p>&nbsp;<\/p>\n","protected":false},"excerpt":{"rendered":"<p>Pela primeira vez, na hist\u00f3ria do Maranh\u00e3o, encontra-se \u00e0 disposi\u00e7\u00e3o de nossa comunidade cinematogr\u00e1fica um edital promovido pela Ag\u00eancia Nacional [&hellip;]<\/p>\n","protected":false},"author":7,"featured_media":0,"comment_status":"open","ping_status":"open","sticky":false,"template":"","format":"standard","meta":{"site-sidebar-layout":"default","site-content-layout":"","ast-site-content-layout":"default","site-content-style":"default","site-sidebar-style":"default","ast-global-header-display":"","ast-banner-title-visibility":"","ast-main-header-display":"","ast-hfb-above-header-display":"","ast-hfb-below-header-display":"","ast-hfb-mobile-header-display":"","site-post-title":"","ast-breadcrumbs-content":"","ast-featured-img":"","footer-sml-layout":"","ast-disable-related-posts":"","theme-transparent-header-meta":"","adv-header-id-meta":"","stick-header-meta":"","header-above-stick-meta":"","header-main-stick-meta":"","header-below-stick-meta":"","astra-migrate-meta-layouts":"default","ast-page-background-enabled":"default","ast-page-background-meta":{"desktop":{"background-color":"var(--ast-global-color-5)","background-image":"","background-repeat":"repeat","background-position":"center center","background-size":"auto","background-attachment":"scroll","background-type":"","background-media":"","overlay-type":"","overlay-color":"","overlay-opacity":"","overlay-gradient":""},"tablet":{"background-color":"","background-image":"","background-repeat":"repeat","background-position":"center center","background-size":"auto","background-attachment":"scroll","background-type":"","background-media":"","overlay-type":"","overlay-color":"","overlay-opacity":"","overlay-gradient":""},"mobile":{"background-color":"","background-image":"","background-repeat":"repeat","background-position":"center center","background-size":"auto","background-attachment":"scroll","background-type":"","background-media":"","overlay-type":"","overlay-color":"","overlay-opacity":"","overlay-gradient":""}},"ast-content-background-meta":{"desktop":{"background-color":"var(--ast-global-color-4)","background-image":"","background-repeat":"repeat","background-position":"center center","background-size":"auto","background-attachment":"scroll","background-type":"","background-media":"","overlay-type":"","overlay-color":"","overlay-opacity":"","overlay-gradient":""},"tablet":{"background-color":"var(--ast-global-color-4)","background-image":"","background-repeat":"repeat","background-position":"center center","background-size":"auto","background-attachment":"scroll","background-type":"","background-media":"","overlay-type":"","overlay-color":"","overlay-opacity":"","overlay-gradient":""},"mobile":{"background-color":"var(--ast-global-color-4)","background-image":"","background-repeat":"repeat","background-position":"center center","background-size":"auto","background-attachment":"scroll","background-type":"","background-media":"","overlay-type":"","overlay-color":"","overlay-opacity":"","overlay-gradient":""}},"footnotes":""},"categories":[1],"tags":[],"class_list":["post-1548","post","type-post","status-publish","format-standard","hentry","category-sem-categoria"],"yoast_head":"<!-- This site is optimized with the Yoast SEO plugin v26.6 - https:\/\/yoast.com\/wordpress\/plugins\/seo\/ -->\n<title>Parab\u00e9ns e Obrigado! - Joaquim Haickel<\/title>\n<meta name=\"robots\" content=\"index, follow, max-snippet:-1, max-image-preview:large, max-video-preview:-1\" \/>\n<link rel=\"canonical\" href=\"https:\/\/www.blogsoestado.com\/joaquimhaickel\/2015\/07\/19\/parabens-e-obrigado\/\" \/>\n<meta property=\"og:locale\" content=\"pt_BR\" \/>\n<meta property=\"og:type\" content=\"article\" \/>\n<meta property=\"og:title\" content=\"Parab\u00e9ns e Obrigado! - Joaquim Haickel\" \/>\n<meta property=\"og:description\" content=\"Pela primeira vez, na hist\u00f3ria do Maranh\u00e3o, encontra-se \u00e0 disposi\u00e7\u00e3o de nossa comunidade cinematogr\u00e1fica um edital promovido pela Ag\u00eancia Nacional [&hellip;]\" \/>\n<meta property=\"og:url\" content=\"https:\/\/www.blogsoestado.com\/joaquimhaickel\/2015\/07\/19\/parabens-e-obrigado\/\" \/>\n<meta property=\"og:site_name\" content=\"Joaquim Haickel\" \/>\n<meta property=\"article:published_time\" content=\"2015-07-19T03:18:32+00:00\" \/>\n<meta name=\"author\" content=\"Joaquim Haickel\" \/>\n<meta name=\"twitter:card\" content=\"summary_large_image\" \/>\n<meta name=\"twitter:label1\" content=\"Escrito por\" \/>\n\t<meta name=\"twitter:data1\" content=\"Joaquim Haickel\" \/>\n\t<meta name=\"twitter:label2\" content=\"Est. tempo de leitura\" \/>\n\t<meta name=\"twitter:data2\" content=\"6 minutos\" \/>\n<script type=\"application\/ld+json\" class=\"yoast-schema-graph\">{\"@context\":\"https:\/\/schema.org\",\"@graph\":[{\"@type\":\"WebPage\",\"@id\":\"https:\/\/www.blogsoestado.com\/joaquimhaickel\/2015\/07\/19\/parabens-e-obrigado\/\",\"url\":\"https:\/\/www.blogsoestado.com\/joaquimhaickel\/2015\/07\/19\/parabens-e-obrigado\/\",\"name\":\"Parab\u00e9ns e Obrigado! - Joaquim Haickel\",\"isPartOf\":{\"@id\":\"https:\/\/www.blogsoestado.com\/joaquimhaickel\/#website\"},\"datePublished\":\"2015-07-19T03:18:32+00:00\",\"author\":{\"@id\":\"https:\/\/www.blogsoestado.com\/joaquimhaickel\/#\/schema\/person\/4a711644aff28245c6c2c3452d66d325\"},\"breadcrumb\":{\"@id\":\"https:\/\/www.blogsoestado.com\/joaquimhaickel\/2015\/07\/19\/parabens-e-obrigado\/#breadcrumb\"},\"inLanguage\":\"pt-BR\",\"potentialAction\":[{\"@type\":\"ReadAction\",\"target\":[\"https:\/\/www.blogsoestado.com\/joaquimhaickel\/2015\/07\/19\/parabens-e-obrigado\/\"]}]},{\"@type\":\"BreadcrumbList\",\"@id\":\"https:\/\/www.blogsoestado.com\/joaquimhaickel\/2015\/07\/19\/parabens-e-obrigado\/#breadcrumb\",\"itemListElement\":[{\"@type\":\"ListItem\",\"position\":1,\"name\":\"In\u00edcio\",\"item\":\"https:\/\/www.blogsoestado.com\/joaquimhaickel\/\"},{\"@type\":\"ListItem\",\"position\":2,\"name\":\"Parab\u00e9ns e Obrigado!\"}]},{\"@type\":\"WebSite\",\"@id\":\"https:\/\/www.blogsoestado.com\/joaquimhaickel\/#website\",\"url\":\"https:\/\/www.blogsoestado.com\/joaquimhaickel\/\",\"name\":\"Joaquim Haickel\",\"description\":\"\",\"potentialAction\":[{\"@type\":\"SearchAction\",\"target\":{\"@type\":\"EntryPoint\",\"urlTemplate\":\"https:\/\/www.blogsoestado.com\/joaquimhaickel\/?s={search_term_string}\"},\"query-input\":{\"@type\":\"PropertyValueSpecification\",\"valueRequired\":true,\"valueName\":\"search_term_string\"}}],\"inLanguage\":\"pt-BR\"},{\"@type\":\"Person\",\"@id\":\"https:\/\/www.blogsoestado.com\/joaquimhaickel\/#\/schema\/person\/4a711644aff28245c6c2c3452d66d325\",\"name\":\"Joaquim Haickel\",\"image\":{\"@type\":\"ImageObject\",\"inLanguage\":\"pt-BR\",\"@id\":\"https:\/\/www.blogsoestado.com\/joaquimhaickel\/#\/schema\/person\/image\/\",\"url\":\"https:\/\/secure.gravatar.com\/avatar\/473d89339b9f8ec089adb8d5778363eb5a2ba2319956bcf0298bfd8cca04684a?s=96&d=mm&r=g\",\"contentUrl\":\"https:\/\/secure.gravatar.com\/avatar\/473d89339b9f8ec089adb8d5778363eb5a2ba2319956bcf0298bfd8cca04684a?s=96&d=mm&r=g\",\"caption\":\"Joaquim Haickel\"},\"url\":\"https:\/\/www.blogsoestado.com\/joaquimhaickel\/author\/joaquimhaickel\/\"}]}<\/script>\n<!-- \/ Yoast SEO plugin. -->","yoast_head_json":{"title":"Parab\u00e9ns e Obrigado! - Joaquim Haickel","robots":{"index":"index","follow":"follow","max-snippet":"max-snippet:-1","max-image-preview":"max-image-preview:large","max-video-preview":"max-video-preview:-1"},"canonical":"https:\/\/www.blogsoestado.com\/joaquimhaickel\/2015\/07\/19\/parabens-e-obrigado\/","og_locale":"pt_BR","og_type":"article","og_title":"Parab\u00e9ns e Obrigado! - Joaquim Haickel","og_description":"Pela primeira vez, na hist\u00f3ria do Maranh\u00e3o, encontra-se \u00e0 disposi\u00e7\u00e3o de nossa comunidade cinematogr\u00e1fica um edital promovido pela Ag\u00eancia Nacional [&hellip;]","og_url":"https:\/\/www.blogsoestado.com\/joaquimhaickel\/2015\/07\/19\/parabens-e-obrigado\/","og_site_name":"Joaquim Haickel","article_published_time":"2015-07-19T03:18:32+00:00","author":"Joaquim Haickel","twitter_card":"summary_large_image","twitter_misc":{"Escrito por":"Joaquim Haickel","Est. tempo de leitura":"6 minutos"},"schema":{"@context":"https:\/\/schema.org","@graph":[{"@type":"WebPage","@id":"https:\/\/www.blogsoestado.com\/joaquimhaickel\/2015\/07\/19\/parabens-e-obrigado\/","url":"https:\/\/www.blogsoestado.com\/joaquimhaickel\/2015\/07\/19\/parabens-e-obrigado\/","name":"Parab\u00e9ns e Obrigado! - Joaquim Haickel","isPartOf":{"@id":"https:\/\/www.blogsoestado.com\/joaquimhaickel\/#website"},"datePublished":"2015-07-19T03:18:32+00:00","author":{"@id":"https:\/\/www.blogsoestado.com\/joaquimhaickel\/#\/schema\/person\/4a711644aff28245c6c2c3452d66d325"},"breadcrumb":{"@id":"https:\/\/www.blogsoestado.com\/joaquimhaickel\/2015\/07\/19\/parabens-e-obrigado\/#breadcrumb"},"inLanguage":"pt-BR","potentialAction":[{"@type":"ReadAction","target":["https:\/\/www.blogsoestado.com\/joaquimhaickel\/2015\/07\/19\/parabens-e-obrigado\/"]}]},{"@type":"BreadcrumbList","@id":"https:\/\/www.blogsoestado.com\/joaquimhaickel\/2015\/07\/19\/parabens-e-obrigado\/#breadcrumb","itemListElement":[{"@type":"ListItem","position":1,"name":"In\u00edcio","item":"https:\/\/www.blogsoestado.com\/joaquimhaickel\/"},{"@type":"ListItem","position":2,"name":"Parab\u00e9ns e Obrigado!"}]},{"@type":"WebSite","@id":"https:\/\/www.blogsoestado.com\/joaquimhaickel\/#website","url":"https:\/\/www.blogsoestado.com\/joaquimhaickel\/","name":"Joaquim Haickel","description":"","potentialAction":[{"@type":"SearchAction","target":{"@type":"EntryPoint","urlTemplate":"https:\/\/www.blogsoestado.com\/joaquimhaickel\/?s={search_term_string}"},"query-input":{"@type":"PropertyValueSpecification","valueRequired":true,"valueName":"search_term_string"}}],"inLanguage":"pt-BR"},{"@type":"Person","@id":"https:\/\/www.blogsoestado.com\/joaquimhaickel\/#\/schema\/person\/4a711644aff28245c6c2c3452d66d325","name":"Joaquim Haickel","image":{"@type":"ImageObject","inLanguage":"pt-BR","@id":"https:\/\/www.blogsoestado.com\/joaquimhaickel\/#\/schema\/person\/image\/","url":"https:\/\/secure.gravatar.com\/avatar\/473d89339b9f8ec089adb8d5778363eb5a2ba2319956bcf0298bfd8cca04684a?s=96&d=mm&r=g","contentUrl":"https:\/\/secure.gravatar.com\/avatar\/473d89339b9f8ec089adb8d5778363eb5a2ba2319956bcf0298bfd8cca04684a?s=96&d=mm&r=g","caption":"Joaquim Haickel"},"url":"https:\/\/www.blogsoestado.com\/joaquimhaickel\/author\/joaquimhaickel\/"}]}},"jetpack_featured_media_url":"","_links":{"self":[{"href":"https:\/\/www.blogsoestado.com\/joaquimhaickel\/wp-json\/wp\/v2\/posts\/1548","targetHints":{"allow":["GET"]}}],"collection":[{"href":"https:\/\/www.blogsoestado.com\/joaquimhaickel\/wp-json\/wp\/v2\/posts"}],"about":[{"href":"https:\/\/www.blogsoestado.com\/joaquimhaickel\/wp-json\/wp\/v2\/types\/post"}],"author":[{"embeddable":true,"href":"https:\/\/www.blogsoestado.com\/joaquimhaickel\/wp-json\/wp\/v2\/users\/7"}],"replies":[{"embeddable":true,"href":"https:\/\/www.blogsoestado.com\/joaquimhaickel\/wp-json\/wp\/v2\/comments?post=1548"}],"version-history":[{"count":0,"href":"https:\/\/www.blogsoestado.com\/joaquimhaickel\/wp-json\/wp\/v2\/posts\/1548\/revisions"}],"wp:attachment":[{"href":"https:\/\/www.blogsoestado.com\/joaquimhaickel\/wp-json\/wp\/v2\/media?parent=1548"}],"wp:term":[{"taxonomy":"category","embeddable":true,"href":"https:\/\/www.blogsoestado.com\/joaquimhaickel\/wp-json\/wp\/v2\/categories?post=1548"},{"taxonomy":"post_tag","embeddable":true,"href":"https:\/\/www.blogsoestado.com\/joaquimhaickel\/wp-json\/wp\/v2\/tags?post=1548"}],"curies":[{"name":"wp","href":"https:\/\/api.w.org\/{rel}","templated":true}]}}