{"id":1555,"date":"2015-08-09T07:43:01","date_gmt":"2015-08-09T10:43:01","guid":{"rendered":"https:\/\/www.blogsoestado.com\/joaquimhaickel\/?p=1555"},"modified":"2015-08-09T07:43:01","modified_gmt":"2015-08-09T10:43:01","slug":"assunto-extremamente-importante","status":"publish","type":"post","link":"https:\/\/www.blogsoestado.com\/joaquimhaickel\/2015\/08\/09\/assunto-extremamente-importante\/","title":{"rendered":"Assunto Extremamente Importante"},"content":{"rendered":"<p>J\u00e1 faz algum tempo desde a publica\u00e7\u00e3o da \u00faltima pesquisa sobre a inten\u00e7\u00e3o de votos para a Prefeitura de S\u00e3o Lu\u00eds, mas eu gostaria de voltar a esse assunto, uma vez que acredito que ele n\u00e3o tenha perdido sua atualidade.<\/p>\n<p>Ao reanalisar a tal pesquisa constato que definitivamente h\u00e1 algo de muito errado nela, e que pouco podemos fazer quanto a isso, pois o que est\u00e1 verdadeiramente errado nela \u00e9 a lista de candidatos nela listados!<\/p>\n<p>N\u00e3o consegui identificar um \u00fanico nome dentre os citados pelos eleitores ou pela empresa pesquisadora, em que eu desejasse realmente votar. Existem at\u00e9 pessoas de quem gosto nessa lista, mas votar \u00e9 algo diferente. N\u00e3o h\u00e1 ningu\u00e9m capaz de fazer proposi\u00e7\u00f5es que me empolguem e que me fa\u00e7am vibrar. A escolha vai acabar sendo feita da pior maneira que pode existir: por elimina\u00e7\u00e3o. Pode ser que com o passar do tempo e a melhor apresenta\u00e7\u00e3o dos candidatos algum deles desponte e ganhe minha prefer\u00eancia, mas at\u00e9 agora&#8230;<\/p>\n<p>O fato \u00e9 que nem eu, nem ningu\u00e9m conhece alguma proposta palp\u00e1vel por parte dos candidatos. S\u00f3 o que se v\u00ea \u00e9 jogo de cena e s\u00f3 o que se escuta \u00e9 conversa mole&#8230; Uma mise-en-sc\u00e9ne antiga em um discurso desgastado.<\/p>\n<p>Mas em meio a essa reflex\u00e3o, por um instante, pensei na dificuldade que \u00e9 ser candidato e resolvi relacionar algumas propostas, caso me desse a louca e eu tamb\u00e9m resolvesse me candidatar a prefeito do lugar que mais amo neste mundo, minha S\u00e3o Lu\u00eds. Talvez minha lista de propostas sirva para algum candidato mais humilde, que as aceite e as possa incluir em suas metas.<\/p>\n<p>Meu primeiro pensamento foi no tocante ao nosso maravilhoso Centro Hist\u00f3rico, o Casco Antigo, como dizem os espanh\u00f3is, que como poucos sabem conservar e manter funcionando \u00e1reas como estas.<\/p>\n<p>Acabo de chegar de uma viagem a Portugal e Espanha, onde pude rever lugares plenamente preservados em sua originalidade e utilizados na vida cotidiana da cidade, por sua gente e para o desfrute dos visitantes provenientes de todo o mundo.<\/p>\n<p>N\u00e3o que as ruelas do centro de Barcelona pare\u00e7am com as de S\u00e3o Lu\u00eds, isso n\u00e3o. As daqui se parecem com as de Lisboa e do Porto, s\u00f3 que as de l\u00e1 est\u00e3o em condi\u00e7\u00f5es impec\u00e1veis de uso e tem uma efetiva utiliza\u00e7\u00e3o funcional e comercial, seja para uso das pessoas do cocal ou para o deleite dos turistas.<\/p>\n<p>Cafeteira, quando prefeito, cometeu um crime quando tirou os bondes das ruas de nossa cidade, mas se redimiu quando, governador, executou o Projeto Reviver, que transformou nossa cidade em Patrim\u00f4nio Mundial. Agora precisamos que outro governante fa\u00e7a esse patrim\u00f4nio ser bem utilizado, ou melhor, realmente utilizado. O candidato que n\u00e3o colocar isso em seu plano de metas e n\u00e3o realizar um trabalho efetivo quanto a isso, n\u00e3o merece meu voto agora e n\u00e3o merecer\u00e1 meu respeito depois.<\/p>\n<p>Vou listar a seguir algumas propostas, mas vou me fixar apenas nas que estejam de alguma forma relacionadas ao Centro Hist\u00f3rico.<\/p>\n<p>Implantaria todas as reparti\u00e7\u00f5es municipais nessa \u00e1rea e conclamaria as administra\u00e7\u00f5es Estadual e Federal a transferir suas atividades para o Centro Hist\u00f3rico, visando \u00e0 ocupa\u00e7\u00e3o dessa importante regi\u00e3o que se encontra em avan\u00e7ado estado de abandono, dando vida diurna a ela e efervesc\u00eancia noturna atrav\u00e9s de bares, restaurantes, casas de shows&#8230;<\/p>\n<p>Criaria incentivos mais efetivos para a abertura de pequenas e micro empresas nessa regi\u00e3o; implantaria um sistema integrado de estacionamentos no Aterro do Bacanga com minivans que pudessem deixar os usu\u00e1rios dos estacionamentos nas portas de seus respectivos locais de trabalho; de comum acordo com os vendedores ambulantes e camel\u00f4s radicados na Rua Grande, os recolocaria em um espa\u00e7o exclusivamente reservado a eles, com toda infraestrutura de um centro comercial, na margem esquerda do Rio Bacanga, na altura da Areinha, onde tanto eles quanto a popula\u00e7\u00e3o seriam grandemente beneficiados; transformaria a Rua Grande em um Shopping Center a c\u00e9u aberto, entregando a gest\u00e3o da Rua ao CDL, a ACM e as entidades semelhantes; abriria a possibilidade de PPP (parcerias p\u00fablico privadas) para a constru\u00e7\u00e3o de estacionamentos embaixo das pra\u00e7as da cidade; convidaria faculdades para usar casar\u00f5es antigos; reordenaria o tr\u00e2nsito nas ruas centrais como Afogados, Sol, Paz e Santana; aumentaria o efetivo da guarda municipal em toda essa regi\u00e3o; incentivaria o uso das casas desta \u00e1rea para moradia&#8230;<\/p>\n<p>Posso estar parecendo pouco sens\u00edvel e pouco realista no que diz respeito ao que realmente d\u00e1 votos, \u00e0s coisas que o pov\u00e3o tanto precisa, mas isso os pol\u00edticos, de modo geral, j\u00e1 o fazem de sobra, pois todos precisamos que o tr\u00e2nsito seja organizado, que a seguran\u00e7a seja refor\u00e7ada, que a sa\u00fade funcione e que a educa\u00e7\u00e3o realmente possa servir de ve\u00edculo de acesso \u00e0 cidadania para os filhos dos cidad\u00e3os de nossa cidade.<\/p>\n<p>Ocorre que o pol\u00edtico, de um modo geral, o prefeito, o governador ou o presidente da Rep\u00fablica, cada um em sua esfera de atua\u00e7\u00e3o, n\u00e3o deve e n\u00e3o pode deixar de tomar medidas efetivas, eficientes e eficazes no que diz respeito a coisas que podem n\u00e3o dar votos, mas estruturam a vida de toda uma cidade, um estado ou um pa\u00eds.<\/p>\n<p>Medidas como a preserva\u00e7\u00e3o e a efetiva utiliza\u00e7\u00e3o do Centro Hist\u00f3rico de S\u00e3o Lu\u00eds s\u00e3o indispens\u00e1veis para que a gente de nossa cidade tenha uma vida melhor, pois se esse setor funcionar a contento, a administra\u00e7\u00e3o poder\u00e1 dedicar mais aten\u00e7\u00e3o a outras \u00e1reas e a outros setores.<\/p>\n<p>Quando sei de projetos no sentido de construir centros administrativos fora do centro de S\u00e3o Lu\u00eds, fico pensando que os administradores de cidades como S\u00e3o Paulo, Barcelona, Lisboa, Praga, entre outras, est\u00e3o errados em priorizar o uso inteligente dos seus centros hist\u00f3ricos com fun\u00e7\u00f5es administrativas. Pobres tolos!<\/p>\n<p>Muitas outras coisas devem constar em um bom plano de governo e em uma boa plataforma eleitoral para a prefeitura de nossa cidade, mas se nelas n\u00e3o estiver claramente previsto o bom uso do nosso maior patrim\u00f4nio urban\u00edstico e arquitet\u00f4nico, este ser\u00e1 um projeto aleijado e seu proponente um candidato alijado, pelo menos do meu voto.<\/p>\n<p>&nbsp;<\/p>\n<p>&nbsp;<\/p>\n<p>&nbsp;<\/p>\n<p>&nbsp;<\/p>\n<p>&nbsp;<\/p>\n<p>&nbsp;<\/p>\n","protected":false},"excerpt":{"rendered":"<p>J\u00e1 faz algum tempo desde a publica\u00e7\u00e3o da \u00faltima pesquisa sobre a inten\u00e7\u00e3o de votos para a Prefeitura de S\u00e3o [&hellip;]<\/p>\n","protected":false},"author":7,"featured_media":0,"comment_status":"open","ping_status":"open","sticky":false,"template":"","format":"standard","meta":{"site-sidebar-layout":"default","site-content-layout":"","ast-site-content-layout":"default","site-content-style":"default","site-sidebar-style":"default","ast-global-header-display":"","ast-banner-title-visibility":"","ast-main-header-display":"","ast-hfb-above-header-display":"","ast-hfb-below-header-display":"","ast-hfb-mobile-header-display":"","site-post-title":"","ast-breadcrumbs-content":"","ast-featured-img":"","footer-sml-layout":"","ast-disable-related-posts":"","theme-transparent-header-meta":"","adv-header-id-meta":"","stick-header-meta":"","header-above-stick-meta":"","header-main-stick-meta":"","header-below-stick-meta":"","astra-migrate-meta-layouts":"default","ast-page-background-enabled":"default","ast-page-background-meta":{"desktop":{"background-color":"var(--ast-global-color-5)","background-image":"","background-repeat":"repeat","background-position":"center center","background-size":"auto","background-attachment":"scroll","background-type":"","background-media":"","overlay-type":"","overlay-color":"","overlay-opacity":"","overlay-gradient":""},"tablet":{"background-color":"","background-image":"","background-repeat":"repeat","background-position":"center center","background-size":"auto","background-attachment":"scroll","background-type":"","background-media":"","overlay-type":"","overlay-color":"","overlay-opacity":"","overlay-gradient":""},"mobile":{"background-color":"","background-image":"","background-repeat":"repeat","background-position":"center center","background-size":"auto","background-attachment":"scroll","background-type":"","background-media":"","overlay-type":"","overlay-color":"","overlay-opacity":"","overlay-gradient":""}},"ast-content-background-meta":{"desktop":{"background-color":"var(--ast-global-color-4)","background-image":"","background-repeat":"repeat","background-position":"center center","background-size":"auto","background-attachment":"scroll","background-type":"","background-media":"","overlay-type":"","overlay-color":"","overlay-opacity":"","overlay-gradient":""},"tablet":{"background-color":"var(--ast-global-color-4)","background-image":"","background-repeat":"repeat","background-position":"center center","background-size":"auto","background-attachment":"scroll","background-type":"","background-media":"","overlay-type":"","overlay-color":"","overlay-opacity":"","overlay-gradient":""},"mobile":{"background-color":"var(--ast-global-color-4)","background-image":"","background-repeat":"repeat","background-position":"center center","background-size":"auto","background-attachment":"scroll","background-type":"","background-media":"","overlay-type":"","overlay-color":"","overlay-opacity":"","overlay-gradient":""}},"footnotes":""},"categories":[1],"tags":[],"class_list":["post-1555","post","type-post","status-publish","format-standard","hentry","category-sem-categoria"],"yoast_head":"<!-- This site is optimized with the Yoast SEO plugin v26.6 - https:\/\/yoast.com\/wordpress\/plugins\/seo\/ -->\n<title>Assunto Extremamente Importante - Joaquim Haickel<\/title>\n<meta name=\"robots\" content=\"index, follow, max-snippet:-1, max-image-preview:large, max-video-preview:-1\" \/>\n<link rel=\"canonical\" href=\"https:\/\/www.blogsoestado.com\/joaquimhaickel\/2015\/08\/09\/assunto-extremamente-importante\/\" \/>\n<meta property=\"og:locale\" content=\"pt_BR\" \/>\n<meta property=\"og:type\" content=\"article\" \/>\n<meta property=\"og:title\" content=\"Assunto Extremamente Importante - Joaquim Haickel\" \/>\n<meta property=\"og:description\" content=\"J\u00e1 faz algum tempo desde a publica\u00e7\u00e3o da \u00faltima pesquisa sobre a inten\u00e7\u00e3o de votos para a Prefeitura de S\u00e3o [&hellip;]\" \/>\n<meta property=\"og:url\" content=\"https:\/\/www.blogsoestado.com\/joaquimhaickel\/2015\/08\/09\/assunto-extremamente-importante\/\" \/>\n<meta property=\"og:site_name\" content=\"Joaquim Haickel\" \/>\n<meta property=\"article:published_time\" content=\"2015-08-09T10:43:01+00:00\" \/>\n<meta name=\"author\" content=\"Joaquim Haickel\" \/>\n<meta name=\"twitter:card\" content=\"summary_large_image\" \/>\n<meta name=\"twitter:label1\" content=\"Escrito por\" \/>\n\t<meta name=\"twitter:data1\" content=\"Joaquim Haickel\" \/>\n\t<meta name=\"twitter:label2\" content=\"Est. tempo de leitura\" \/>\n\t<meta name=\"twitter:data2\" content=\"5 minutos\" \/>\n<script type=\"application\/ld+json\" class=\"yoast-schema-graph\">{\"@context\":\"https:\/\/schema.org\",\"@graph\":[{\"@type\":\"WebPage\",\"@id\":\"https:\/\/www.blogsoestado.com\/joaquimhaickel\/2015\/08\/09\/assunto-extremamente-importante\/\",\"url\":\"https:\/\/www.blogsoestado.com\/joaquimhaickel\/2015\/08\/09\/assunto-extremamente-importante\/\",\"name\":\"Assunto Extremamente Importante - Joaquim Haickel\",\"isPartOf\":{\"@id\":\"https:\/\/www.blogsoestado.com\/joaquimhaickel\/#website\"},\"datePublished\":\"2015-08-09T10:43:01+00:00\",\"author\":{\"@id\":\"https:\/\/www.blogsoestado.com\/joaquimhaickel\/#\/schema\/person\/4a711644aff28245c6c2c3452d66d325\"},\"breadcrumb\":{\"@id\":\"https:\/\/www.blogsoestado.com\/joaquimhaickel\/2015\/08\/09\/assunto-extremamente-importante\/#breadcrumb\"},\"inLanguage\":\"pt-BR\",\"potentialAction\":[{\"@type\":\"ReadAction\",\"target\":[\"https:\/\/www.blogsoestado.com\/joaquimhaickel\/2015\/08\/09\/assunto-extremamente-importante\/\"]}]},{\"@type\":\"BreadcrumbList\",\"@id\":\"https:\/\/www.blogsoestado.com\/joaquimhaickel\/2015\/08\/09\/assunto-extremamente-importante\/#breadcrumb\",\"itemListElement\":[{\"@type\":\"ListItem\",\"position\":1,\"name\":\"In\u00edcio\",\"item\":\"https:\/\/www.blogsoestado.com\/joaquimhaickel\/\"},{\"@type\":\"ListItem\",\"position\":2,\"name\":\"Assunto Extremamente Importante\"}]},{\"@type\":\"WebSite\",\"@id\":\"https:\/\/www.blogsoestado.com\/joaquimhaickel\/#website\",\"url\":\"https:\/\/www.blogsoestado.com\/joaquimhaickel\/\",\"name\":\"Joaquim Haickel\",\"description\":\"\",\"potentialAction\":[{\"@type\":\"SearchAction\",\"target\":{\"@type\":\"EntryPoint\",\"urlTemplate\":\"https:\/\/www.blogsoestado.com\/joaquimhaickel\/?s={search_term_string}\"},\"query-input\":{\"@type\":\"PropertyValueSpecification\",\"valueRequired\":true,\"valueName\":\"search_term_string\"}}],\"inLanguage\":\"pt-BR\"},{\"@type\":\"Person\",\"@id\":\"https:\/\/www.blogsoestado.com\/joaquimhaickel\/#\/schema\/person\/4a711644aff28245c6c2c3452d66d325\",\"name\":\"Joaquim Haickel\",\"image\":{\"@type\":\"ImageObject\",\"inLanguage\":\"pt-BR\",\"@id\":\"https:\/\/www.blogsoestado.com\/joaquimhaickel\/#\/schema\/person\/image\/\",\"url\":\"https:\/\/secure.gravatar.com\/avatar\/473d89339b9f8ec089adb8d5778363eb5a2ba2319956bcf0298bfd8cca04684a?s=96&d=mm&r=g\",\"contentUrl\":\"https:\/\/secure.gravatar.com\/avatar\/473d89339b9f8ec089adb8d5778363eb5a2ba2319956bcf0298bfd8cca04684a?s=96&d=mm&r=g\",\"caption\":\"Joaquim Haickel\"},\"url\":\"https:\/\/www.blogsoestado.com\/joaquimhaickel\/author\/joaquimhaickel\/\"}]}<\/script>\n<!-- \/ Yoast SEO plugin. -->","yoast_head_json":{"title":"Assunto Extremamente Importante - Joaquim Haickel","robots":{"index":"index","follow":"follow","max-snippet":"max-snippet:-1","max-image-preview":"max-image-preview:large","max-video-preview":"max-video-preview:-1"},"canonical":"https:\/\/www.blogsoestado.com\/joaquimhaickel\/2015\/08\/09\/assunto-extremamente-importante\/","og_locale":"pt_BR","og_type":"article","og_title":"Assunto Extremamente Importante - Joaquim Haickel","og_description":"J\u00e1 faz algum tempo desde a publica\u00e7\u00e3o da \u00faltima pesquisa sobre a inten\u00e7\u00e3o de votos para a Prefeitura de S\u00e3o [&hellip;]","og_url":"https:\/\/www.blogsoestado.com\/joaquimhaickel\/2015\/08\/09\/assunto-extremamente-importante\/","og_site_name":"Joaquim Haickel","article_published_time":"2015-08-09T10:43:01+00:00","author":"Joaquim Haickel","twitter_card":"summary_large_image","twitter_misc":{"Escrito por":"Joaquim Haickel","Est. tempo de leitura":"5 minutos"},"schema":{"@context":"https:\/\/schema.org","@graph":[{"@type":"WebPage","@id":"https:\/\/www.blogsoestado.com\/joaquimhaickel\/2015\/08\/09\/assunto-extremamente-importante\/","url":"https:\/\/www.blogsoestado.com\/joaquimhaickel\/2015\/08\/09\/assunto-extremamente-importante\/","name":"Assunto Extremamente Importante - Joaquim Haickel","isPartOf":{"@id":"https:\/\/www.blogsoestado.com\/joaquimhaickel\/#website"},"datePublished":"2015-08-09T10:43:01+00:00","author":{"@id":"https:\/\/www.blogsoestado.com\/joaquimhaickel\/#\/schema\/person\/4a711644aff28245c6c2c3452d66d325"},"breadcrumb":{"@id":"https:\/\/www.blogsoestado.com\/joaquimhaickel\/2015\/08\/09\/assunto-extremamente-importante\/#breadcrumb"},"inLanguage":"pt-BR","potentialAction":[{"@type":"ReadAction","target":["https:\/\/www.blogsoestado.com\/joaquimhaickel\/2015\/08\/09\/assunto-extremamente-importante\/"]}]},{"@type":"BreadcrumbList","@id":"https:\/\/www.blogsoestado.com\/joaquimhaickel\/2015\/08\/09\/assunto-extremamente-importante\/#breadcrumb","itemListElement":[{"@type":"ListItem","position":1,"name":"In\u00edcio","item":"https:\/\/www.blogsoestado.com\/joaquimhaickel\/"},{"@type":"ListItem","position":2,"name":"Assunto Extremamente Importante"}]},{"@type":"WebSite","@id":"https:\/\/www.blogsoestado.com\/joaquimhaickel\/#website","url":"https:\/\/www.blogsoestado.com\/joaquimhaickel\/","name":"Joaquim Haickel","description":"","potentialAction":[{"@type":"SearchAction","target":{"@type":"EntryPoint","urlTemplate":"https:\/\/www.blogsoestado.com\/joaquimhaickel\/?s={search_term_string}"},"query-input":{"@type":"PropertyValueSpecification","valueRequired":true,"valueName":"search_term_string"}}],"inLanguage":"pt-BR"},{"@type":"Person","@id":"https:\/\/www.blogsoestado.com\/joaquimhaickel\/#\/schema\/person\/4a711644aff28245c6c2c3452d66d325","name":"Joaquim Haickel","image":{"@type":"ImageObject","inLanguage":"pt-BR","@id":"https:\/\/www.blogsoestado.com\/joaquimhaickel\/#\/schema\/person\/image\/","url":"https:\/\/secure.gravatar.com\/avatar\/473d89339b9f8ec089adb8d5778363eb5a2ba2319956bcf0298bfd8cca04684a?s=96&d=mm&r=g","contentUrl":"https:\/\/secure.gravatar.com\/avatar\/473d89339b9f8ec089adb8d5778363eb5a2ba2319956bcf0298bfd8cca04684a?s=96&d=mm&r=g","caption":"Joaquim Haickel"},"url":"https:\/\/www.blogsoestado.com\/joaquimhaickel\/author\/joaquimhaickel\/"}]}},"jetpack_featured_media_url":"","_links":{"self":[{"href":"https:\/\/www.blogsoestado.com\/joaquimhaickel\/wp-json\/wp\/v2\/posts\/1555","targetHints":{"allow":["GET"]}}],"collection":[{"href":"https:\/\/www.blogsoestado.com\/joaquimhaickel\/wp-json\/wp\/v2\/posts"}],"about":[{"href":"https:\/\/www.blogsoestado.com\/joaquimhaickel\/wp-json\/wp\/v2\/types\/post"}],"author":[{"embeddable":true,"href":"https:\/\/www.blogsoestado.com\/joaquimhaickel\/wp-json\/wp\/v2\/users\/7"}],"replies":[{"embeddable":true,"href":"https:\/\/www.blogsoestado.com\/joaquimhaickel\/wp-json\/wp\/v2\/comments?post=1555"}],"version-history":[{"count":0,"href":"https:\/\/www.blogsoestado.com\/joaquimhaickel\/wp-json\/wp\/v2\/posts\/1555\/revisions"}],"wp:attachment":[{"href":"https:\/\/www.blogsoestado.com\/joaquimhaickel\/wp-json\/wp\/v2\/media?parent=1555"}],"wp:term":[{"taxonomy":"category","embeddable":true,"href":"https:\/\/www.blogsoestado.com\/joaquimhaickel\/wp-json\/wp\/v2\/categories?post=1555"},{"taxonomy":"post_tag","embeddable":true,"href":"https:\/\/www.blogsoestado.com\/joaquimhaickel\/wp-json\/wp\/v2\/tags?post=1555"}],"curies":[{"name":"wp","href":"https:\/\/api.w.org\/{rel}","templated":true}]}}