{"id":1574,"date":"2015-08-23T06:22:39","date_gmt":"2015-08-23T09:22:39","guid":{"rendered":"https:\/\/www.blogsoestado.com\/joaquimhaickel\/?p=1574"},"modified":"2015-08-23T06:22:39","modified_gmt":"2015-08-23T09:22:39","slug":"o-perigo-do-efeito-orloff-2","status":"publish","type":"post","link":"https:\/\/www.blogsoestado.com\/joaquimhaickel\/2015\/08\/23\/o-perigo-do-efeito-orloff-2\/","title":{"rendered":"O Perigo do Efeito Orloff"},"content":{"rendered":"<p>Em 2013 escrevi alguns textos falando sobre as mudan\u00e7as que aconteceriam numa eventual troca de grupo pol\u00edtico no comando do governo de nosso Estado. Esses textos fizeram com que eu recebesse uma liga\u00e7\u00e3o do ent\u00e3o candidato e hoje governador Fl\u00e1vio Dino que me disse que eu era um homem de pouca f\u00e9, que era um descrente, que n\u00e3o acreditava que ele seria capaz de proceder de maneira diferente da \u201coligarquia\u201d.<\/p>\n<p>Expliquei-lhe que n\u00e3o se tratava de n\u00e3o acreditar em seus prop\u00f3sitos e em suas inten\u00e7\u00f5es, muito pelo contr\u00e1rio, que eu acreditava nelas e era isso que mais me preocupava, pois se ele n\u00e3o conseguisse implement\u00e1-las, resultaria numa grande decep\u00e7\u00e3o, numa grande frustra\u00e7\u00e3o, n\u00e3o apenas para seus eleitores, mas para todos em nosso estado, pois mudan\u00e7as c\u00edclicas s\u00e3o muito importantes e necess\u00e1rias.<\/p>\n<p>Os detentores do poder deveriam saber disso e para prolongarem seu tempo no comando deveriam ciclicamente afastar-se dele para depois voltarem melhor preparados, mas o poder vicia e esse v\u00edcio faz com que pessoas inteligentes n\u00e3o pensem da forma que deveriam pensar.<\/p>\n<p>Naquela \u00e9poca eu dizia em meus textos que numa eventual mudan\u00e7a de comando pol\u00edtico em nosso Estado, mudariam os nomes, mudariam at\u00e9 as diretrizes, mudariam inclusive algumas posturas, mas o sistema em si mudaria muito pouco ou quase nada, pois o chassi onde o poder est\u00e1 montado, este s\u00f3 muda quando h\u00e1 uma completa mudan\u00e7a de modelo, quando o projeto \u00e9 totalmente novo e n\u00e3o traz nada do passado. Nada neste caso significa apoiamentos e compromissos que possam fazer o novo poderoso continuar preso a conceitos e pr\u00e1ticas antigas. A coisa mais importante no \u201cnovo\u201d \u00e9 a total independ\u00eancia, o descompromisso com quem quer que seja, mas para o novo ser verdadeiramente novo ele tamb\u00e9m precisa ter atitudes elevadas, altru\u00edstas, nobres&#8230;<\/p>\n<p>Veio a elei\u00e7\u00e3o e Fl\u00e1vio se elegeu. Na \u00e9poca me manifestei tamb\u00e9m aqui nesse espa\u00e7o dizendo que ap\u00f3s seis meses faria uma an\u00e1lise sobre seu governo. Os seis meses se passaram e resolvi dar mais 180 dias de prazo para mim mesmo, para que eu pudesse melhor avaliar, haja vista esses seis primeiros meses mostraram-se escassos para uma an\u00e1lise mais justa e coerente do novo governo, uma vez que as pe\u00e7as novas montadas na antiga m\u00e1quina ainda n\u00e3o renderam o suficiente para que possam ser analisadas de forma justa.<\/p>\n<p>No entanto, existem algumas coisas que posso adiantar sem medo de fazer algum mau ju\u00edzo, coisas estruturais, program\u00e1ticas, algo que poder\u00edamos analogicamente chamar de sangue venoso e sangue arterial, aqueles que fazem o corpo funcionar satisfatoriamente. \u00c9 sobre essas observa\u00e7\u00f5es que passo a tratar agora.<\/p>\n<p>Conversando com alguns amigos que tenho dentro do atual governo, disse-lhes de minha preocupa\u00e7\u00e3o quanto a sensa\u00e7\u00e3o de que nele, de bom mesmo s\u00f3 haja o pr\u00f3prio Fl\u00e1vio Dino. De que as pe\u00e7as da m\u00e1quina est\u00e3o muito aqu\u00e9m do maquinista. Sei que essa sensa\u00e7\u00e3o \u00e9 falsa, pois sei do grande valor individual de alguns membros do governo, tais como Marcelo Tavares, Felipe Camar\u00e3o, Marcellus Ribeiro, Marcos Pacheco, Rodrigo Lago, Robson Paz, M\u00e1rcio Jardim, Ted Lago, Bira do Pindar\u00e9, Francisco Gon\u00e7alves e mesmo, do algumas vezes t\u00e3o injustamente criticado, M\u00e1rcio Jerry, entre outros poucos.<\/p>\n<p>Criticar Fl\u00e1vio Dino por permitir que M\u00e1rcio Jerry detenha grande poder de influ\u00eancia e de decis\u00e3o em seu governo \u00e9 no m\u00ednimo ter mem\u00f3ria curta e n\u00e3o ser capaz de se lembrar do que fazia Jorge Murad nos governos de Roseana, Azis no governo Jackson, Alexandra no governo Z\u00e9 Reinaldo, Milhomem e Edinho no governo Lob\u00e3o, dona Isabel no de Cafeteira, Teixeira com Luiz Rocha, Z\u00e9 Burnet com Castelo, Ara\u00fajo Careca com Nunes Freire e Jaime Santana com Pedro Neiva.<\/p>\n<p>O que est\u00e1 errado agora assim como antes, \u00e9 os mandat\u00e1rios comissionados agirem de forma mais dura que o necess\u00e1rio para quem \u00e9 apenas um comissionado. Maquiavel falou sobre isso. O pr\u00edncipe pode e deve delegar poderes, mas o secret\u00e1rio deve us\u00e1-los com a devida sabedoria e delicadeza para que n\u00e3o transpare\u00e7a ser dele o poder origin\u00e1rio, pois poder\u00e1 causar ci\u00fames em uns e raiva em outros.<\/p>\n<p>O segundo ponto que gostaria de tocar diz respeito ao fato do atual governo demonstrar uma fixa\u00e7\u00e3o maior com o passado, que a devida obsess\u00e3o que precisa ter com o presente e com o futuro de nosso Estado.<\/p>\n<p>N\u00e3o se pode negar que FD implantou novas pr\u00e1ticas na gest\u00e3o p\u00fablica, mas tamb\u00e9m n\u00e3o se pode dizer que todas s\u00e3o eficientes, mesmo que sejam aparentemente salutares.<\/p>\n<p>Ter descartado quase todos os funcion\u00e1rios que faziam a m\u00e1quina estatal funcionar fez com que ela n\u00e3o funcionasse nos primeiros meses de governo. Agora \u00e9 que ela est\u00e1 come\u00e7ando a se mover. Nisso o governo errou feio.<\/p>\n<p>Esses funcion\u00e1rios n\u00e3o s\u00e3o, nunca foram e nunca ser\u00e3o partid\u00e1rios de ningu\u00e9m. S\u00e3o eles que fazem o Estado andar. Seus substitutos foram orientados a repudiar qualquer conversa com quem quer que fosse. Aterrorizados tiveram ainda mais dificuldade.<\/p>\n<p>O terceiro e \u00faltimo ponto que eu gostaria de comentar \u00e9 sobre a totalmente equivocada forma de comunica\u00e7\u00e3o que o atual governo adotou. Em quase nove meses, tempo de um parto, n\u00e3o conseguiu fazer uma licita\u00e7\u00e3o para esse importante setor da administra\u00e7\u00e3o e usa alguns Blogs, o Twitter, o Facebook, o Instagram e outros ve\u00edculos mais para combater os advers\u00e1rios do que para se comunicar com a popula\u00e7\u00e3o. Esse erro poder\u00e1 custar muito caro ao governo que n\u00e3o consegue enxergar e saber que uma coisa \u00e9 campanha politica e eleitoral e que outra \u00e9 o dia a dia da administra\u00e7\u00e3o p\u00fablica.<\/p>\n<p>O velho mestre Nicolau tamb\u00e9m tem uma li\u00e7\u00e3o para isso. Existem formas distintas de agir. Uma para tempos de guerra e outra para tempos de paz. Mas se Maquiavel n\u00e3o seduzir com suas palavras, tentem as da B\u00edblia que diz que h\u00e1 um tempo para cada coisa, tempo de plantar e tempo de colher&#8230;<\/p>\n<p>N\u00e3o sou advers\u00e1rio do atual governo, nem sou seu correligion\u00e1rio. Sou apenas um maranhense que quer ver seu Estado bem administrado. Que antes exigia dos antigos mandat\u00e1rios as mesmas coisas que exige dos atuais e que exigir\u00e1 dos futuros: Procurem fazer o melhor poss\u00edvel; Sejam inteligentes e por isso, humildes; Olhem para frente sem se esquecer do passado e n\u00e3o o contr\u00e1rio; Ou\u00e7am o que dizem seus amigos com os dois ouvidos, mas reservem um deles para ouvirem aqueles que nem sempre concordam com voc\u00eas; Cuidado com o Efeito Orloff&#8230;<\/p>\n","protected":false},"excerpt":{"rendered":"<p>Em 2013 escrevi alguns textos falando sobre as mudan\u00e7as que aconteceriam numa eventual troca de grupo pol\u00edtico no comando do [&hellip;]<\/p>\n","protected":false},"author":7,"featured_media":0,"comment_status":"open","ping_status":"open","sticky":false,"template":"","format":"standard","meta":{"site-sidebar-layout":"default","site-content-layout":"","ast-site-content-layout":"default","site-content-style":"default","site-sidebar-style":"default","ast-global-header-display":"","ast-banner-title-visibility":"","ast-main-header-display":"","ast-hfb-above-header-display":"","ast-hfb-below-header-display":"","ast-hfb-mobile-header-display":"","site-post-title":"","ast-breadcrumbs-content":"","ast-featured-img":"","footer-sml-layout":"","ast-disable-related-posts":"","theme-transparent-header-meta":"","adv-header-id-meta":"","stick-header-meta":"","header-above-stick-meta":"","header-main-stick-meta":"","header-below-stick-meta":"","astra-migrate-meta-layouts":"default","ast-page-background-enabled":"default","ast-page-background-meta":{"desktop":{"background-color":"var(--ast-global-color-5)","background-image":"","background-repeat":"repeat","background-position":"center center","background-size":"auto","background-attachment":"scroll","background-type":"","background-media":"","overlay-type":"","overlay-color":"","overlay-opacity":"","overlay-gradient":""},"tablet":{"background-color":"","background-image":"","background-repeat":"repeat","background-position":"center center","background-size":"auto","background-attachment":"scroll","background-type":"","background-media":"","overlay-type":"","overlay-color":"","overlay-opacity":"","overlay-gradient":""},"mobile":{"background-color":"","background-image":"","background-repeat":"repeat","background-position":"center center","background-size":"auto","background-attachment":"scroll","background-type":"","background-media":"","overlay-type":"","overlay-color":"","overlay-opacity":"","overlay-gradient":""}},"ast-content-background-meta":{"desktop":{"background-color":"var(--ast-global-color-4)","background-image":"","background-repeat":"repeat","background-position":"center center","background-size":"auto","background-attachment":"scroll","background-type":"","background-media":"","overlay-type":"","overlay-color":"","overlay-opacity":"","overlay-gradient":""},"tablet":{"background-color":"var(--ast-global-color-4)","background-image":"","background-repeat":"repeat","background-position":"center center","background-size":"auto","background-attachment":"scroll","background-type":"","background-media":"","overlay-type":"","overlay-color":"","overlay-opacity":"","overlay-gradient":""},"mobile":{"background-color":"var(--ast-global-color-4)","background-image":"","background-repeat":"repeat","background-position":"center center","background-size":"auto","background-attachment":"scroll","background-type":"","background-media":"","overlay-type":"","overlay-color":"","overlay-opacity":"","overlay-gradient":""}},"footnotes":""},"categories":[1],"tags":[],"class_list":["post-1574","post","type-post","status-publish","format-standard","hentry","category-sem-categoria"],"yoast_head":"<!-- This site is optimized with the Yoast SEO plugin v26.6 - https:\/\/yoast.com\/wordpress\/plugins\/seo\/ -->\n<title>O Perigo do Efeito Orloff - Joaquim Haickel<\/title>\n<meta name=\"robots\" content=\"index, follow, max-snippet:-1, max-image-preview:large, max-video-preview:-1\" \/>\n<link rel=\"canonical\" href=\"https:\/\/www.blogsoestado.com\/joaquimhaickel\/2015\/08\/23\/o-perigo-do-efeito-orloff-2\/\" \/>\n<meta property=\"og:locale\" content=\"pt_BR\" \/>\n<meta property=\"og:type\" content=\"article\" \/>\n<meta property=\"og:title\" content=\"O Perigo do Efeito Orloff - Joaquim Haickel\" \/>\n<meta property=\"og:description\" content=\"Em 2013 escrevi alguns textos falando sobre as mudan\u00e7as que aconteceriam numa eventual troca de grupo pol\u00edtico no comando do [&hellip;]\" \/>\n<meta property=\"og:url\" content=\"https:\/\/www.blogsoestado.com\/joaquimhaickel\/2015\/08\/23\/o-perigo-do-efeito-orloff-2\/\" \/>\n<meta property=\"og:site_name\" content=\"Joaquim Haickel\" \/>\n<meta property=\"article:published_time\" content=\"2015-08-23T09:22:39+00:00\" \/>\n<meta name=\"author\" content=\"Joaquim Haickel\" \/>\n<meta name=\"twitter:card\" content=\"summary_large_image\" \/>\n<meta name=\"twitter:label1\" content=\"Escrito por\" \/>\n\t<meta name=\"twitter:data1\" content=\"Joaquim Haickel\" \/>\n\t<meta name=\"twitter:label2\" content=\"Est. tempo de leitura\" \/>\n\t<meta name=\"twitter:data2\" content=\"6 minutos\" \/>\n<script type=\"application\/ld+json\" class=\"yoast-schema-graph\">{\"@context\":\"https:\/\/schema.org\",\"@graph\":[{\"@type\":\"WebPage\",\"@id\":\"https:\/\/www.blogsoestado.com\/joaquimhaickel\/2015\/08\/23\/o-perigo-do-efeito-orloff-2\/\",\"url\":\"https:\/\/www.blogsoestado.com\/joaquimhaickel\/2015\/08\/23\/o-perigo-do-efeito-orloff-2\/\",\"name\":\"O Perigo do Efeito Orloff - Joaquim Haickel\",\"isPartOf\":{\"@id\":\"https:\/\/www.blogsoestado.com\/joaquimhaickel\/#website\"},\"datePublished\":\"2015-08-23T09:22:39+00:00\",\"author\":{\"@id\":\"https:\/\/www.blogsoestado.com\/joaquimhaickel\/#\/schema\/person\/4a711644aff28245c6c2c3452d66d325\"},\"breadcrumb\":{\"@id\":\"https:\/\/www.blogsoestado.com\/joaquimhaickel\/2015\/08\/23\/o-perigo-do-efeito-orloff-2\/#breadcrumb\"},\"inLanguage\":\"pt-BR\",\"potentialAction\":[{\"@type\":\"ReadAction\",\"target\":[\"https:\/\/www.blogsoestado.com\/joaquimhaickel\/2015\/08\/23\/o-perigo-do-efeito-orloff-2\/\"]}]},{\"@type\":\"BreadcrumbList\",\"@id\":\"https:\/\/www.blogsoestado.com\/joaquimhaickel\/2015\/08\/23\/o-perigo-do-efeito-orloff-2\/#breadcrumb\",\"itemListElement\":[{\"@type\":\"ListItem\",\"position\":1,\"name\":\"In\u00edcio\",\"item\":\"https:\/\/www.blogsoestado.com\/joaquimhaickel\/\"},{\"@type\":\"ListItem\",\"position\":2,\"name\":\"O Perigo do Efeito Orloff\"}]},{\"@type\":\"WebSite\",\"@id\":\"https:\/\/www.blogsoestado.com\/joaquimhaickel\/#website\",\"url\":\"https:\/\/www.blogsoestado.com\/joaquimhaickel\/\",\"name\":\"Joaquim Haickel\",\"description\":\"\",\"potentialAction\":[{\"@type\":\"SearchAction\",\"target\":{\"@type\":\"EntryPoint\",\"urlTemplate\":\"https:\/\/www.blogsoestado.com\/joaquimhaickel\/?s={search_term_string}\"},\"query-input\":{\"@type\":\"PropertyValueSpecification\",\"valueRequired\":true,\"valueName\":\"search_term_string\"}}],\"inLanguage\":\"pt-BR\"},{\"@type\":\"Person\",\"@id\":\"https:\/\/www.blogsoestado.com\/joaquimhaickel\/#\/schema\/person\/4a711644aff28245c6c2c3452d66d325\",\"name\":\"Joaquim Haickel\",\"image\":{\"@type\":\"ImageObject\",\"inLanguage\":\"pt-BR\",\"@id\":\"https:\/\/www.blogsoestado.com\/joaquimhaickel\/#\/schema\/person\/image\/\",\"url\":\"https:\/\/secure.gravatar.com\/avatar\/473d89339b9f8ec089adb8d5778363eb5a2ba2319956bcf0298bfd8cca04684a?s=96&d=mm&r=g\",\"contentUrl\":\"https:\/\/secure.gravatar.com\/avatar\/473d89339b9f8ec089adb8d5778363eb5a2ba2319956bcf0298bfd8cca04684a?s=96&d=mm&r=g\",\"caption\":\"Joaquim Haickel\"},\"url\":\"https:\/\/www.blogsoestado.com\/joaquimhaickel\/author\/joaquimhaickel\/\"}]}<\/script>\n<!-- \/ Yoast SEO plugin. -->","yoast_head_json":{"title":"O Perigo do Efeito Orloff - Joaquim Haickel","robots":{"index":"index","follow":"follow","max-snippet":"max-snippet:-1","max-image-preview":"max-image-preview:large","max-video-preview":"max-video-preview:-1"},"canonical":"https:\/\/www.blogsoestado.com\/joaquimhaickel\/2015\/08\/23\/o-perigo-do-efeito-orloff-2\/","og_locale":"pt_BR","og_type":"article","og_title":"O Perigo do Efeito Orloff - Joaquim Haickel","og_description":"Em 2013 escrevi alguns textos falando sobre as mudan\u00e7as que aconteceriam numa eventual troca de grupo pol\u00edtico no comando do [&hellip;]","og_url":"https:\/\/www.blogsoestado.com\/joaquimhaickel\/2015\/08\/23\/o-perigo-do-efeito-orloff-2\/","og_site_name":"Joaquim Haickel","article_published_time":"2015-08-23T09:22:39+00:00","author":"Joaquim Haickel","twitter_card":"summary_large_image","twitter_misc":{"Escrito por":"Joaquim Haickel","Est. tempo de leitura":"6 minutos"},"schema":{"@context":"https:\/\/schema.org","@graph":[{"@type":"WebPage","@id":"https:\/\/www.blogsoestado.com\/joaquimhaickel\/2015\/08\/23\/o-perigo-do-efeito-orloff-2\/","url":"https:\/\/www.blogsoestado.com\/joaquimhaickel\/2015\/08\/23\/o-perigo-do-efeito-orloff-2\/","name":"O Perigo do Efeito Orloff - Joaquim Haickel","isPartOf":{"@id":"https:\/\/www.blogsoestado.com\/joaquimhaickel\/#website"},"datePublished":"2015-08-23T09:22:39+00:00","author":{"@id":"https:\/\/www.blogsoestado.com\/joaquimhaickel\/#\/schema\/person\/4a711644aff28245c6c2c3452d66d325"},"breadcrumb":{"@id":"https:\/\/www.blogsoestado.com\/joaquimhaickel\/2015\/08\/23\/o-perigo-do-efeito-orloff-2\/#breadcrumb"},"inLanguage":"pt-BR","potentialAction":[{"@type":"ReadAction","target":["https:\/\/www.blogsoestado.com\/joaquimhaickel\/2015\/08\/23\/o-perigo-do-efeito-orloff-2\/"]}]},{"@type":"BreadcrumbList","@id":"https:\/\/www.blogsoestado.com\/joaquimhaickel\/2015\/08\/23\/o-perigo-do-efeito-orloff-2\/#breadcrumb","itemListElement":[{"@type":"ListItem","position":1,"name":"In\u00edcio","item":"https:\/\/www.blogsoestado.com\/joaquimhaickel\/"},{"@type":"ListItem","position":2,"name":"O Perigo do Efeito Orloff"}]},{"@type":"WebSite","@id":"https:\/\/www.blogsoestado.com\/joaquimhaickel\/#website","url":"https:\/\/www.blogsoestado.com\/joaquimhaickel\/","name":"Joaquim Haickel","description":"","potentialAction":[{"@type":"SearchAction","target":{"@type":"EntryPoint","urlTemplate":"https:\/\/www.blogsoestado.com\/joaquimhaickel\/?s={search_term_string}"},"query-input":{"@type":"PropertyValueSpecification","valueRequired":true,"valueName":"search_term_string"}}],"inLanguage":"pt-BR"},{"@type":"Person","@id":"https:\/\/www.blogsoestado.com\/joaquimhaickel\/#\/schema\/person\/4a711644aff28245c6c2c3452d66d325","name":"Joaquim Haickel","image":{"@type":"ImageObject","inLanguage":"pt-BR","@id":"https:\/\/www.blogsoestado.com\/joaquimhaickel\/#\/schema\/person\/image\/","url":"https:\/\/secure.gravatar.com\/avatar\/473d89339b9f8ec089adb8d5778363eb5a2ba2319956bcf0298bfd8cca04684a?s=96&d=mm&r=g","contentUrl":"https:\/\/secure.gravatar.com\/avatar\/473d89339b9f8ec089adb8d5778363eb5a2ba2319956bcf0298bfd8cca04684a?s=96&d=mm&r=g","caption":"Joaquim Haickel"},"url":"https:\/\/www.blogsoestado.com\/joaquimhaickel\/author\/joaquimhaickel\/"}]}},"jetpack_featured_media_url":"","_links":{"self":[{"href":"https:\/\/www.blogsoestado.com\/joaquimhaickel\/wp-json\/wp\/v2\/posts\/1574","targetHints":{"allow":["GET"]}}],"collection":[{"href":"https:\/\/www.blogsoestado.com\/joaquimhaickel\/wp-json\/wp\/v2\/posts"}],"about":[{"href":"https:\/\/www.blogsoestado.com\/joaquimhaickel\/wp-json\/wp\/v2\/types\/post"}],"author":[{"embeddable":true,"href":"https:\/\/www.blogsoestado.com\/joaquimhaickel\/wp-json\/wp\/v2\/users\/7"}],"replies":[{"embeddable":true,"href":"https:\/\/www.blogsoestado.com\/joaquimhaickel\/wp-json\/wp\/v2\/comments?post=1574"}],"version-history":[{"count":0,"href":"https:\/\/www.blogsoestado.com\/joaquimhaickel\/wp-json\/wp\/v2\/posts\/1574\/revisions"}],"wp:attachment":[{"href":"https:\/\/www.blogsoestado.com\/joaquimhaickel\/wp-json\/wp\/v2\/media?parent=1574"}],"wp:term":[{"taxonomy":"category","embeddable":true,"href":"https:\/\/www.blogsoestado.com\/joaquimhaickel\/wp-json\/wp\/v2\/categories?post=1574"},{"taxonomy":"post_tag","embeddable":true,"href":"https:\/\/www.blogsoestado.com\/joaquimhaickel\/wp-json\/wp\/v2\/tags?post=1574"}],"curies":[{"name":"wp","href":"https:\/\/api.w.org\/{rel}","templated":true}]}}