{"id":1599,"date":"2015-12-20T07:00:47","date_gmt":"2015-12-20T10:00:47","guid":{"rendered":"https:\/\/www.blogsoestado.com\/joaquimhaickel\/?p=1599"},"modified":"2015-12-20T07:00:47","modified_gmt":"2015-12-20T10:00:47","slug":"o-que-nos-falta-sao-lideres","status":"publish","type":"post","link":"https:\/\/www.blogsoestado.com\/joaquimhaickel\/2015\/12\/20\/o-que-nos-falta-sao-lideres\/","title":{"rendered":"O que nos falta s\u00e3o l\u00edderes"},"content":{"rendered":"<p>Eu sei o que \u00e9 um l\u00edder, mas fiz quest\u00e3o de recorrer a um dicion\u00e1rio para que tivesse uma defini\u00e7\u00e3o perfeita do que significa a palavra l\u00edder, e mais do que isso tentar buscar uma explica\u00e7\u00e3o para o fato de, em nosso estado, o Maranh\u00e3o e em nosso pa\u00eds, o Brasil, n\u00f3s n\u00e3o termos l\u00edderes.<\/p>\n<p>Vejamos o que diz o dicion\u00e1rio. \u201cL\u00edder: indiv\u00edduo que tem autoridade para comandar ou coordenar outros; pessoa cujas a\u00e7\u00f5es e palavras exercem influ\u00eancia sobre o pensamento e comportamento de outras\u201d.<\/p>\n<p>Para ser um l\u00edder o sujeito n\u00e3o precisa ser um mandat\u00e1rio, ter um cargo pol\u00edtico, ser vereador, deputado, senador, prefeito, governador ou presidente. Um l\u00edder n\u00e3o precisa mudar a praxe e se denominar \u201cpresidenta\u201d, uma vez que a l\u00edder resolve o problema com a simples utiliza\u00e7\u00e3o de um \u201ca\u201d, artigo feminino que define o sexo do ocupante do cargo presidencial.<\/p>\n<p>Algu\u00e9m disse que o que n\u00f3s brasileiros realmente precisamos \u00e9 de termos menos opini\u00e3o e mais conhecimento. A democracia universaliza o direito \u00e0 opini\u00e3o, mas esta de nada vale se ela n\u00e3o \u00e9 embasada em conhecimento s\u00f3lido, caso contr\u00e1rio, nada mais ser\u00e1 que reflexo do conhecimento de outros, manipulando a massa insana, sedenta de direitos e com pouca, quase nenhuma, vis\u00e3o de deveres e de cidadania.<\/p>\n<p>Como um pa\u00eds que n\u00e3o tem uma educa\u00e7\u00e3o descente pode gerar l\u00edderes? Eu estou querendo demais. Somos produtos de nossa pr\u00f3pria biomassa. Dela n\u00e3o v\u00e3o sair l\u00edderes da estatura de um Gandhi, de um Churchill, de um Mandela, de um Lincoln, ou mesmo de nomes nem sempre bem recomendados como Peron ou Vargas. \u00c9 bem verdade que algumas sociedades geram l\u00edderes como Hitler e Mussolini, mas essas s\u00e3o exce\u00e7\u00f5es que apenas confirmam a regra: Os homens precisam de l\u00edderes. De bons l\u00edderes. Os maus l\u00edderes, estes devem ser descartados.<\/p>\n<p>\u00c9 bom que se ressalte que um l\u00edder n\u00e3o se faz sozinho. \u00c9 preciso que os cora\u00e7\u00f5es e as mentes das pessoas, seus olhos, ouvidos e intelecto estejam propensos a aceitar a lideran\u00e7a daqueles que se destacarem a sua frente.<\/p>\n<p>No Brasil, podemos contar nos dedos os l\u00edderes verdadeiros que tivemos. Cabral foi o primeiro comandante desta terra, mas jamais foi seu l\u00edder. Antes dos portugueses os chefes ind\u00edgenas seriam verdadeiros l\u00edderes?<\/p>\n<p>Zumbi foi um l\u00edder? Acredito que sim. O claudicante D. Jo\u00e3o VI foi um l\u00edder. Mesmo sendo um fraco, ele foi um l\u00edder. Tiradentes foi um l\u00edder? Penso que foi mais um m\u00e1rtir. Caxias foi l\u00edder nas revoltas civis do imp\u00e9rio e na guerra do Paraguai? Prestes foi um l\u00edder, mesmo que de uma pequena parcela de pessoas.<\/p>\n<p>Vargas foi l\u00edder. JK foi l\u00edder. Tancredo e Ulisses foram l\u00edderes. Lula \u00e9 l\u00edder. Nem Dilma nem A\u00e9cio o s\u00e3o. Veja que \u00e9 f\u00e1cil citar lideres pol\u00edticos, mas l\u00edderes populares que tenham o respeito do povo de forma espont\u00e2nea n\u00f3s n\u00e3o temos. Temos \u00eddolos como Pel\u00e9 e Roberto Carlos.<\/p>\n<p>Um povo sem l\u00edderes \u00e9 um povo sem guias, um povo sem dire\u00e7\u00e3o.<\/p>\n<p>No Maranh\u00e3o acontece a mesma coisa s\u00f3 que de forma mais paroquial.<\/p>\n<p>Meu pai foi um l\u00edder amado e seguido na regi\u00e3o do Vale do Pindar\u00e9. O mesmo aconteceu e ainda acontece em v\u00e1rias regi\u00f5es, mas essa lideran\u00e7a \u00e9 et\u00e9rea, passageira, como toda lideran\u00e7a o \u00e9, sendo esse tipo de lideran\u00e7a \u00e9 muito mais fr\u00e1gil e vol\u00e1til que as outras.<\/p>\n<p>\u00c9 bom que se ressalte que h\u00e1 diferen\u00e7as fundamentais entre lideran\u00e7a e chefia. O l\u00edder \u00e9 antes de tudo amado e respeitado enquanto o chefe \u00e9 apenas temido, como prev\u00ea Maquiavel no cap\u00edtulo XVII de \u201cO Pr\u00edncipe\u201d.<\/p>\n<p>No Maranh\u00e3o Magalh\u00e3es de Almeida foi l\u00edder. Vitorino foi l\u00edder. Sarney foi l\u00edder. Fl\u00e1vio Dino \u00e9 nosso governador e deseja ser um novo l\u00edder. O seu trabalho e o tempo dir\u00e3o se ele conseguir\u00e1 ser reconhecido como tal.<\/p>\n<p>Por\u00e9m, n\u00f3s maranhenses e n\u00f3s brasileiros precisamos de um outro tipo de l\u00edder. Um que nos oriente independentemente de pol\u00edtica partid\u00e1ria, um que se destaque por bravura, pela falta de compromisso consigo mesmo e por total compromisso com tudo aquilo que for correto e melhor para nosso estado, nosso pa\u00eds e nossa gente.<\/p>\n<p>&nbsp;<\/p>\n<p>&nbsp;<\/p>\n<p>&nbsp;<\/p>\n<p>&nbsp;<\/p>\n","protected":false},"excerpt":{"rendered":"<p>Eu sei o que \u00e9 um l\u00edder, mas fiz quest\u00e3o de recorrer a um dicion\u00e1rio para que tivesse uma defini\u00e7\u00e3o [&hellip;]<\/p>\n","protected":false},"author":7,"featured_media":0,"comment_status":"open","ping_status":"open","sticky":false,"template":"","format":"standard","meta":{"site-sidebar-layout":"default","site-content-layout":"","ast-site-content-layout":"default","site-content-style":"default","site-sidebar-style":"default","ast-global-header-display":"","ast-banner-title-visibility":"","ast-main-header-display":"","ast-hfb-above-header-display":"","ast-hfb-below-header-display":"","ast-hfb-mobile-header-display":"","site-post-title":"","ast-breadcrumbs-content":"","ast-featured-img":"","footer-sml-layout":"","ast-disable-related-posts":"","theme-transparent-header-meta":"","adv-header-id-meta":"","stick-header-meta":"","header-above-stick-meta":"","header-main-stick-meta":"","header-below-stick-meta":"","astra-migrate-meta-layouts":"default","ast-page-background-enabled":"default","ast-page-background-meta":{"desktop":{"background-color":"var(--ast-global-color-5)","background-image":"","background-repeat":"repeat","background-position":"center center","background-size":"auto","background-attachment":"scroll","background-type":"","background-media":"","overlay-type":"","overlay-color":"","overlay-opacity":"","overlay-gradient":""},"tablet":{"background-color":"","background-image":"","background-repeat":"repeat","background-position":"center center","background-size":"auto","background-attachment":"scroll","background-type":"","background-media":"","overlay-type":"","overlay-color":"","overlay-opacity":"","overlay-gradient":""},"mobile":{"background-color":"","background-image":"","background-repeat":"repeat","background-position":"center center","background-size":"auto","background-attachment":"scroll","background-type":"","background-media":"","overlay-type":"","overlay-color":"","overlay-opacity":"","overlay-gradient":""}},"ast-content-background-meta":{"desktop":{"background-color":"var(--ast-global-color-4)","background-image":"","background-repeat":"repeat","background-position":"center center","background-size":"auto","background-attachment":"scroll","background-type":"","background-media":"","overlay-type":"","overlay-color":"","overlay-opacity":"","overlay-gradient":""},"tablet":{"background-color":"var(--ast-global-color-4)","background-image":"","background-repeat":"repeat","background-position":"center center","background-size":"auto","background-attachment":"scroll","background-type":"","background-media":"","overlay-type":"","overlay-color":"","overlay-opacity":"","overlay-gradient":""},"mobile":{"background-color":"var(--ast-global-color-4)","background-image":"","background-repeat":"repeat","background-position":"center center","background-size":"auto","background-attachment":"scroll","background-type":"","background-media":"","overlay-type":"","overlay-color":"","overlay-opacity":"","overlay-gradient":""}},"footnotes":""},"categories":[1],"tags":[],"class_list":["post-1599","post","type-post","status-publish","format-standard","hentry","category-sem-categoria"],"yoast_head":"<!-- This site is optimized with the Yoast SEO plugin v26.6 - https:\/\/yoast.com\/wordpress\/plugins\/seo\/ -->\n<title>O que nos falta s\u00e3o l\u00edderes - Joaquim Haickel<\/title>\n<meta name=\"robots\" content=\"index, follow, max-snippet:-1, max-image-preview:large, max-video-preview:-1\" \/>\n<link rel=\"canonical\" href=\"https:\/\/www.blogsoestado.com\/joaquimhaickel\/2015\/12\/20\/o-que-nos-falta-sao-lideres\/\" \/>\n<meta property=\"og:locale\" content=\"pt_BR\" \/>\n<meta property=\"og:type\" content=\"article\" \/>\n<meta property=\"og:title\" content=\"O que nos falta s\u00e3o l\u00edderes - Joaquim Haickel\" \/>\n<meta property=\"og:description\" content=\"Eu sei o que \u00e9 um l\u00edder, mas fiz quest\u00e3o de recorrer a um dicion\u00e1rio para que tivesse uma defini\u00e7\u00e3o [&hellip;]\" \/>\n<meta property=\"og:url\" content=\"https:\/\/www.blogsoestado.com\/joaquimhaickel\/2015\/12\/20\/o-que-nos-falta-sao-lideres\/\" \/>\n<meta property=\"og:site_name\" content=\"Joaquim Haickel\" \/>\n<meta property=\"article:published_time\" content=\"2015-12-20T10:00:47+00:00\" \/>\n<meta name=\"author\" content=\"Joaquim Haickel\" \/>\n<meta name=\"twitter:card\" content=\"summary_large_image\" \/>\n<meta name=\"twitter:label1\" content=\"Escrito por\" \/>\n\t<meta name=\"twitter:data1\" content=\"Joaquim Haickel\" \/>\n\t<meta name=\"twitter:label2\" content=\"Est. tempo de leitura\" \/>\n\t<meta name=\"twitter:data2\" content=\"4 minutos\" \/>\n<script type=\"application\/ld+json\" class=\"yoast-schema-graph\">{\"@context\":\"https:\/\/schema.org\",\"@graph\":[{\"@type\":\"WebPage\",\"@id\":\"https:\/\/www.blogsoestado.com\/joaquimhaickel\/2015\/12\/20\/o-que-nos-falta-sao-lideres\/\",\"url\":\"https:\/\/www.blogsoestado.com\/joaquimhaickel\/2015\/12\/20\/o-que-nos-falta-sao-lideres\/\",\"name\":\"O que nos falta s\u00e3o l\u00edderes - Joaquim Haickel\",\"isPartOf\":{\"@id\":\"https:\/\/www.blogsoestado.com\/joaquimhaickel\/#website\"},\"datePublished\":\"2015-12-20T10:00:47+00:00\",\"author\":{\"@id\":\"https:\/\/www.blogsoestado.com\/joaquimhaickel\/#\/schema\/person\/4a711644aff28245c6c2c3452d66d325\"},\"breadcrumb\":{\"@id\":\"https:\/\/www.blogsoestado.com\/joaquimhaickel\/2015\/12\/20\/o-que-nos-falta-sao-lideres\/#breadcrumb\"},\"inLanguage\":\"pt-BR\",\"potentialAction\":[{\"@type\":\"ReadAction\",\"target\":[\"https:\/\/www.blogsoestado.com\/joaquimhaickel\/2015\/12\/20\/o-que-nos-falta-sao-lideres\/\"]}]},{\"@type\":\"BreadcrumbList\",\"@id\":\"https:\/\/www.blogsoestado.com\/joaquimhaickel\/2015\/12\/20\/o-que-nos-falta-sao-lideres\/#breadcrumb\",\"itemListElement\":[{\"@type\":\"ListItem\",\"position\":1,\"name\":\"In\u00edcio\",\"item\":\"https:\/\/www.blogsoestado.com\/joaquimhaickel\/\"},{\"@type\":\"ListItem\",\"position\":2,\"name\":\"O que nos falta s\u00e3o l\u00edderes\"}]},{\"@type\":\"WebSite\",\"@id\":\"https:\/\/www.blogsoestado.com\/joaquimhaickel\/#website\",\"url\":\"https:\/\/www.blogsoestado.com\/joaquimhaickel\/\",\"name\":\"Joaquim Haickel\",\"description\":\"\",\"potentialAction\":[{\"@type\":\"SearchAction\",\"target\":{\"@type\":\"EntryPoint\",\"urlTemplate\":\"https:\/\/www.blogsoestado.com\/joaquimhaickel\/?s={search_term_string}\"},\"query-input\":{\"@type\":\"PropertyValueSpecification\",\"valueRequired\":true,\"valueName\":\"search_term_string\"}}],\"inLanguage\":\"pt-BR\"},{\"@type\":\"Person\",\"@id\":\"https:\/\/www.blogsoestado.com\/joaquimhaickel\/#\/schema\/person\/4a711644aff28245c6c2c3452d66d325\",\"name\":\"Joaquim Haickel\",\"image\":{\"@type\":\"ImageObject\",\"inLanguage\":\"pt-BR\",\"@id\":\"https:\/\/www.blogsoestado.com\/joaquimhaickel\/#\/schema\/person\/image\/\",\"url\":\"https:\/\/secure.gravatar.com\/avatar\/473d89339b9f8ec089adb8d5778363eb5a2ba2319956bcf0298bfd8cca04684a?s=96&d=mm&r=g\",\"contentUrl\":\"https:\/\/secure.gravatar.com\/avatar\/473d89339b9f8ec089adb8d5778363eb5a2ba2319956bcf0298bfd8cca04684a?s=96&d=mm&r=g\",\"caption\":\"Joaquim Haickel\"},\"url\":\"https:\/\/www.blogsoestado.com\/joaquimhaickel\/author\/joaquimhaickel\/\"}]}<\/script>\n<!-- \/ Yoast SEO plugin. -->","yoast_head_json":{"title":"O que nos falta s\u00e3o l\u00edderes - Joaquim Haickel","robots":{"index":"index","follow":"follow","max-snippet":"max-snippet:-1","max-image-preview":"max-image-preview:large","max-video-preview":"max-video-preview:-1"},"canonical":"https:\/\/www.blogsoestado.com\/joaquimhaickel\/2015\/12\/20\/o-que-nos-falta-sao-lideres\/","og_locale":"pt_BR","og_type":"article","og_title":"O que nos falta s\u00e3o l\u00edderes - Joaquim Haickel","og_description":"Eu sei o que \u00e9 um l\u00edder, mas fiz quest\u00e3o de recorrer a um dicion\u00e1rio para que tivesse uma defini\u00e7\u00e3o [&hellip;]","og_url":"https:\/\/www.blogsoestado.com\/joaquimhaickel\/2015\/12\/20\/o-que-nos-falta-sao-lideres\/","og_site_name":"Joaquim Haickel","article_published_time":"2015-12-20T10:00:47+00:00","author":"Joaquim Haickel","twitter_card":"summary_large_image","twitter_misc":{"Escrito por":"Joaquim Haickel","Est. tempo de leitura":"4 minutos"},"schema":{"@context":"https:\/\/schema.org","@graph":[{"@type":"WebPage","@id":"https:\/\/www.blogsoestado.com\/joaquimhaickel\/2015\/12\/20\/o-que-nos-falta-sao-lideres\/","url":"https:\/\/www.blogsoestado.com\/joaquimhaickel\/2015\/12\/20\/o-que-nos-falta-sao-lideres\/","name":"O que nos falta s\u00e3o l\u00edderes - Joaquim Haickel","isPartOf":{"@id":"https:\/\/www.blogsoestado.com\/joaquimhaickel\/#website"},"datePublished":"2015-12-20T10:00:47+00:00","author":{"@id":"https:\/\/www.blogsoestado.com\/joaquimhaickel\/#\/schema\/person\/4a711644aff28245c6c2c3452d66d325"},"breadcrumb":{"@id":"https:\/\/www.blogsoestado.com\/joaquimhaickel\/2015\/12\/20\/o-que-nos-falta-sao-lideres\/#breadcrumb"},"inLanguage":"pt-BR","potentialAction":[{"@type":"ReadAction","target":["https:\/\/www.blogsoestado.com\/joaquimhaickel\/2015\/12\/20\/o-que-nos-falta-sao-lideres\/"]}]},{"@type":"BreadcrumbList","@id":"https:\/\/www.blogsoestado.com\/joaquimhaickel\/2015\/12\/20\/o-que-nos-falta-sao-lideres\/#breadcrumb","itemListElement":[{"@type":"ListItem","position":1,"name":"In\u00edcio","item":"https:\/\/www.blogsoestado.com\/joaquimhaickel\/"},{"@type":"ListItem","position":2,"name":"O que nos falta s\u00e3o l\u00edderes"}]},{"@type":"WebSite","@id":"https:\/\/www.blogsoestado.com\/joaquimhaickel\/#website","url":"https:\/\/www.blogsoestado.com\/joaquimhaickel\/","name":"Joaquim Haickel","description":"","potentialAction":[{"@type":"SearchAction","target":{"@type":"EntryPoint","urlTemplate":"https:\/\/www.blogsoestado.com\/joaquimhaickel\/?s={search_term_string}"},"query-input":{"@type":"PropertyValueSpecification","valueRequired":true,"valueName":"search_term_string"}}],"inLanguage":"pt-BR"},{"@type":"Person","@id":"https:\/\/www.blogsoestado.com\/joaquimhaickel\/#\/schema\/person\/4a711644aff28245c6c2c3452d66d325","name":"Joaquim Haickel","image":{"@type":"ImageObject","inLanguage":"pt-BR","@id":"https:\/\/www.blogsoestado.com\/joaquimhaickel\/#\/schema\/person\/image\/","url":"https:\/\/secure.gravatar.com\/avatar\/473d89339b9f8ec089adb8d5778363eb5a2ba2319956bcf0298bfd8cca04684a?s=96&d=mm&r=g","contentUrl":"https:\/\/secure.gravatar.com\/avatar\/473d89339b9f8ec089adb8d5778363eb5a2ba2319956bcf0298bfd8cca04684a?s=96&d=mm&r=g","caption":"Joaquim Haickel"},"url":"https:\/\/www.blogsoestado.com\/joaquimhaickel\/author\/joaquimhaickel\/"}]}},"jetpack_featured_media_url":"","_links":{"self":[{"href":"https:\/\/www.blogsoestado.com\/joaquimhaickel\/wp-json\/wp\/v2\/posts\/1599","targetHints":{"allow":["GET"]}}],"collection":[{"href":"https:\/\/www.blogsoestado.com\/joaquimhaickel\/wp-json\/wp\/v2\/posts"}],"about":[{"href":"https:\/\/www.blogsoestado.com\/joaquimhaickel\/wp-json\/wp\/v2\/types\/post"}],"author":[{"embeddable":true,"href":"https:\/\/www.blogsoestado.com\/joaquimhaickel\/wp-json\/wp\/v2\/users\/7"}],"replies":[{"embeddable":true,"href":"https:\/\/www.blogsoestado.com\/joaquimhaickel\/wp-json\/wp\/v2\/comments?post=1599"}],"version-history":[{"count":0,"href":"https:\/\/www.blogsoestado.com\/joaquimhaickel\/wp-json\/wp\/v2\/posts\/1599\/revisions"}],"wp:attachment":[{"href":"https:\/\/www.blogsoestado.com\/joaquimhaickel\/wp-json\/wp\/v2\/media?parent=1599"}],"wp:term":[{"taxonomy":"category","embeddable":true,"href":"https:\/\/www.blogsoestado.com\/joaquimhaickel\/wp-json\/wp\/v2\/categories?post=1599"},{"taxonomy":"post_tag","embeddable":true,"href":"https:\/\/www.blogsoestado.com\/joaquimhaickel\/wp-json\/wp\/v2\/tags?post=1599"}],"curies":[{"name":"wp","href":"https:\/\/api.w.org\/{rel}","templated":true}]}}