{"id":1601,"date":"2015-12-26T22:50:51","date_gmt":"2015-12-27T01:50:51","guid":{"rendered":"https:\/\/www.blogsoestado.com\/joaquimhaickel\/?p=1601"},"modified":"2015-12-26T22:50:51","modified_gmt":"2015-12-27T01:50:51","slug":"um-problema-de-vento-e-areia","status":"publish","type":"post","link":"https:\/\/www.blogsoestado.com\/joaquimhaickel\/2015\/12\/26\/um-problema-de-vento-e-areia\/","title":{"rendered":"Um problema de vento e areia"},"content":{"rendered":"<p>&nbsp;<\/p>\n<p>Eu sei que esse tema n\u00e3o \u00e9 apropriado para as festas de final de ano, mas estou sem saber a quem recorrer, ent\u00e3o vai agora mesmo.<\/p>\n<p>Minha rea\u00e7\u00e3o instintiva \u00e9 pensar em acionar o Minist\u00e9rio P\u00fablico, mas j\u00e1 o fiz uma vez, em conversa informal com o promotor respons\u00e1vel pelo meio ambiente e n\u00e3o rendeu nenhum efeito pr\u00e1tico. Nada foi feito. Ao contr\u00e1rio, como consequ\u00eancia do aludido problema um pr\u00e9dio onde funcionava o destacamento do Corpo de Bombeiro, respons\u00e1vel pela guarda salva vidas da Avenida Litor\u00e2nea, foi engolido pelas areias.<\/p>\n<p>Refiro-me a poderosa eros\u00e3o e\u00f3lica de nossas praias. A grande quantidade de areia que se acumula ao p\u00e9 do aterro de conten\u00e7\u00e3o que sustenta a avenida. Material, que caso n\u00e3o encontrasse esse obst\u00e1culo constru\u00eddo pelo homem, iria se acomodar aos p\u00e9s das fal\u00e9sias de nossas costas praianas.<\/p>\n<p>A aus\u00eancia cont\u00ednua do poder p\u00fablico em suas mais diversas esferas e \u00e1reas tem feito com que lentamente percamos uma das mais belas paisagens de nossa cidade, pois o ac\u00famulo dessa areia est\u00e1 literalmente tapando a vis\u00e3o maravilhosa que t\u00ednhamos dos mais de seis quil\u00f4metros de praia desse importante logradouro que embeleza a nossa querida cidade de S\u00e3o Lu\u00eds.<\/p>\n<p>N\u00f3s que j\u00e1 n\u00e3o temos muitas, nem boas \u00e1reas de lazer, estamos sendo expulsos especificamente desta, por aquela poderosa for\u00e7a da natureza, movida pelo vento e tendo como muni\u00e7\u00e3o, min\u00fasculas part\u00edculas de areia de praia, que nem por isso autoriza que essa manifesta\u00e7\u00e3o da natureza deve ser preservada em sua forma voraz e descontrolada. A natureza deve ter sim prioridade, desde que ela n\u00e3o interfira nocivamente na vida di\u00e1ria da comunidade.<\/p>\n<p>J\u00e1 conversei com diversas pessoas e todas com quem falei s\u00e3o da mesma opini\u00e3o: alguma coisa deve ser feita urgentemente para que a areia n\u00e3o tome conta, desordenadamente, de nossas praias. A areia proveniente da eros\u00e3o e\u00f3lica deve ser retirada dos locais onde se acumula e transferida mecanicamente para o outro lado da Avenida Litor\u00e2nea, depositando-a no lugar aonde ela iria se acumular originalmente, caso n\u00e3o tivesse a interposi\u00e7\u00e3o do obst\u00e1culo citado anteriormente.<\/p>\n<p>Temos em S\u00e3o Lu\u00eds e no Maranh\u00e3o, de um modo geral, um Minist\u00e9rio P\u00fablico bastante atuante no setor de meio ambiente, mas neste caso espec\u00edfico acredito que falte uma a\u00e7\u00e3o mais efetiva, n\u00e3o s\u00f3 dele, mas tamb\u00e9m da Prefeitura Municipal e de outros \u00f3rg\u00e3os que poderiam ajudar para que problemas como esse n\u00e3o acontecessem e n\u00e3o precisassem de solu\u00e7\u00f5es, uma vez que a preven\u00e7\u00e3o resolveria antecipadamente quest\u00e3o dessa natureza.<\/p>\n<p>N\u00e3o sei se a C\u00e2mara de Vereadores ou mesmo a Assembleia Legislativa, atrav\u00e9s de suas Comiss\u00f5es de Meio-Ambiente e de Turismo poderiam interceder para que esse problema seja superado de maneira satisfat\u00f3ria, e o mais r\u00e1pido poss\u00edvel.<\/p>\n<p>Espero que esse caso, que parece pequenino e que era insignificante 30 anos atr\u00e1s, possa ser resolvido e que e que possamos recuperar a vista maravilhosa de nossas praias por falta de a\u00e7\u00e3o do poder p\u00fablico.<\/p>\n","protected":false},"excerpt":{"rendered":"<p>&nbsp; Eu sei que esse tema n\u00e3o \u00e9 apropriado para as festas de final de ano, mas estou sem saber [&hellip;]<\/p>\n","protected":false},"author":7,"featured_media":0,"comment_status":"open","ping_status":"open","sticky":false,"template":"","format":"standard","meta":{"site-sidebar-layout":"default","site-content-layout":"","ast-site-content-layout":"default","site-content-style":"default","site-sidebar-style":"default","ast-global-header-display":"","ast-banner-title-visibility":"","ast-main-header-display":"","ast-hfb-above-header-display":"","ast-hfb-below-header-display":"","ast-hfb-mobile-header-display":"","site-post-title":"","ast-breadcrumbs-content":"","ast-featured-img":"","footer-sml-layout":"","ast-disable-related-posts":"","theme-transparent-header-meta":"","adv-header-id-meta":"","stick-header-meta":"","header-above-stick-meta":"","header-main-stick-meta":"","header-below-stick-meta":"","astra-migrate-meta-layouts":"default","ast-page-background-enabled":"default","ast-page-background-meta":{"desktop":{"background-color":"var(--ast-global-color-5)","background-image":"","background-repeat":"repeat","background-position":"center center","background-size":"auto","background-attachment":"scroll","background-type":"","background-media":"","overlay-type":"","overlay-color":"","overlay-opacity":"","overlay-gradient":""},"tablet":{"background-color":"","background-image":"","background-repeat":"repeat","background-position":"center center","background-size":"auto","background-attachment":"scroll","background-type":"","background-media":"","overlay-type":"","overlay-color":"","overlay-opacity":"","overlay-gradient":""},"mobile":{"background-color":"","background-image":"","background-repeat":"repeat","background-position":"center center","background-size":"auto","background-attachment":"scroll","background-type":"","background-media":"","overlay-type":"","overlay-color":"","overlay-opacity":"","overlay-gradient":""}},"ast-content-background-meta":{"desktop":{"background-color":"var(--ast-global-color-4)","background-image":"","background-repeat":"repeat","background-position":"center center","background-size":"auto","background-attachment":"scroll","background-type":"","background-media":"","overlay-type":"","overlay-color":"","overlay-opacity":"","overlay-gradient":""},"tablet":{"background-color":"var(--ast-global-color-4)","background-image":"","background-repeat":"repeat","background-position":"center center","background-size":"auto","background-attachment":"scroll","background-type":"","background-media":"","overlay-type":"","overlay-color":"","overlay-opacity":"","overlay-gradient":""},"mobile":{"background-color":"var(--ast-global-color-4)","background-image":"","background-repeat":"repeat","background-position":"center center","background-size":"auto","background-attachment":"scroll","background-type":"","background-media":"","overlay-type":"","overlay-color":"","overlay-opacity":"","overlay-gradient":""}},"footnotes":""},"categories":[1],"tags":[],"class_list":["post-1601","post","type-post","status-publish","format-standard","hentry","category-sem-categoria"],"yoast_head":"<!-- This site is optimized with the Yoast SEO plugin v26.6 - https:\/\/yoast.com\/wordpress\/plugins\/seo\/ -->\n<title>Um problema de vento e areia - Joaquim Haickel<\/title>\n<meta name=\"robots\" content=\"index, follow, max-snippet:-1, max-image-preview:large, max-video-preview:-1\" \/>\n<link rel=\"canonical\" href=\"https:\/\/www.blogsoestado.com\/joaquimhaickel\/2015\/12\/26\/um-problema-de-vento-e-areia\/\" \/>\n<meta property=\"og:locale\" content=\"pt_BR\" \/>\n<meta property=\"og:type\" content=\"article\" \/>\n<meta property=\"og:title\" content=\"Um problema de vento e areia - Joaquim Haickel\" \/>\n<meta property=\"og:description\" content=\"&nbsp; Eu sei que esse tema n\u00e3o \u00e9 apropriado para as festas de final de ano, mas estou sem saber [&hellip;]\" \/>\n<meta property=\"og:url\" content=\"https:\/\/www.blogsoestado.com\/joaquimhaickel\/2015\/12\/26\/um-problema-de-vento-e-areia\/\" \/>\n<meta property=\"og:site_name\" content=\"Joaquim Haickel\" \/>\n<meta property=\"article:published_time\" content=\"2015-12-27T01:50:51+00:00\" \/>\n<meta name=\"author\" content=\"Joaquim Haickel\" \/>\n<meta name=\"twitter:card\" content=\"summary_large_image\" \/>\n<meta name=\"twitter:label1\" content=\"Escrito por\" \/>\n\t<meta name=\"twitter:data1\" content=\"Joaquim Haickel\" \/>\n\t<meta name=\"twitter:label2\" content=\"Est. tempo de leitura\" \/>\n\t<meta name=\"twitter:data2\" content=\"3 minutos\" \/>\n<script type=\"application\/ld+json\" class=\"yoast-schema-graph\">{\"@context\":\"https:\/\/schema.org\",\"@graph\":[{\"@type\":\"WebPage\",\"@id\":\"https:\/\/www.blogsoestado.com\/joaquimhaickel\/2015\/12\/26\/um-problema-de-vento-e-areia\/\",\"url\":\"https:\/\/www.blogsoestado.com\/joaquimhaickel\/2015\/12\/26\/um-problema-de-vento-e-areia\/\",\"name\":\"Um problema de vento e areia - Joaquim Haickel\",\"isPartOf\":{\"@id\":\"https:\/\/www.blogsoestado.com\/joaquimhaickel\/#website\"},\"datePublished\":\"2015-12-27T01:50:51+00:00\",\"author\":{\"@id\":\"https:\/\/www.blogsoestado.com\/joaquimhaickel\/#\/schema\/person\/4a711644aff28245c6c2c3452d66d325\"},\"breadcrumb\":{\"@id\":\"https:\/\/www.blogsoestado.com\/joaquimhaickel\/2015\/12\/26\/um-problema-de-vento-e-areia\/#breadcrumb\"},\"inLanguage\":\"pt-BR\",\"potentialAction\":[{\"@type\":\"ReadAction\",\"target\":[\"https:\/\/www.blogsoestado.com\/joaquimhaickel\/2015\/12\/26\/um-problema-de-vento-e-areia\/\"]}]},{\"@type\":\"BreadcrumbList\",\"@id\":\"https:\/\/www.blogsoestado.com\/joaquimhaickel\/2015\/12\/26\/um-problema-de-vento-e-areia\/#breadcrumb\",\"itemListElement\":[{\"@type\":\"ListItem\",\"position\":1,\"name\":\"In\u00edcio\",\"item\":\"https:\/\/www.blogsoestado.com\/joaquimhaickel\/\"},{\"@type\":\"ListItem\",\"position\":2,\"name\":\"Um problema de vento e areia\"}]},{\"@type\":\"WebSite\",\"@id\":\"https:\/\/www.blogsoestado.com\/joaquimhaickel\/#website\",\"url\":\"https:\/\/www.blogsoestado.com\/joaquimhaickel\/\",\"name\":\"Joaquim Haickel\",\"description\":\"\",\"potentialAction\":[{\"@type\":\"SearchAction\",\"target\":{\"@type\":\"EntryPoint\",\"urlTemplate\":\"https:\/\/www.blogsoestado.com\/joaquimhaickel\/?s={search_term_string}\"},\"query-input\":{\"@type\":\"PropertyValueSpecification\",\"valueRequired\":true,\"valueName\":\"search_term_string\"}}],\"inLanguage\":\"pt-BR\"},{\"@type\":\"Person\",\"@id\":\"https:\/\/www.blogsoestado.com\/joaquimhaickel\/#\/schema\/person\/4a711644aff28245c6c2c3452d66d325\",\"name\":\"Joaquim Haickel\",\"image\":{\"@type\":\"ImageObject\",\"inLanguage\":\"pt-BR\",\"@id\":\"https:\/\/www.blogsoestado.com\/joaquimhaickel\/#\/schema\/person\/image\/\",\"url\":\"https:\/\/secure.gravatar.com\/avatar\/473d89339b9f8ec089adb8d5778363eb5a2ba2319956bcf0298bfd8cca04684a?s=96&d=mm&r=g\",\"contentUrl\":\"https:\/\/secure.gravatar.com\/avatar\/473d89339b9f8ec089adb8d5778363eb5a2ba2319956bcf0298bfd8cca04684a?s=96&d=mm&r=g\",\"caption\":\"Joaquim Haickel\"},\"url\":\"https:\/\/www.blogsoestado.com\/joaquimhaickel\/author\/joaquimhaickel\/\"}]}<\/script>\n<!-- \/ Yoast SEO plugin. -->","yoast_head_json":{"title":"Um problema de vento e areia - Joaquim Haickel","robots":{"index":"index","follow":"follow","max-snippet":"max-snippet:-1","max-image-preview":"max-image-preview:large","max-video-preview":"max-video-preview:-1"},"canonical":"https:\/\/www.blogsoestado.com\/joaquimhaickel\/2015\/12\/26\/um-problema-de-vento-e-areia\/","og_locale":"pt_BR","og_type":"article","og_title":"Um problema de vento e areia - Joaquim Haickel","og_description":"&nbsp; Eu sei que esse tema n\u00e3o \u00e9 apropriado para as festas de final de ano, mas estou sem saber [&hellip;]","og_url":"https:\/\/www.blogsoestado.com\/joaquimhaickel\/2015\/12\/26\/um-problema-de-vento-e-areia\/","og_site_name":"Joaquim Haickel","article_published_time":"2015-12-27T01:50:51+00:00","author":"Joaquim Haickel","twitter_card":"summary_large_image","twitter_misc":{"Escrito por":"Joaquim Haickel","Est. tempo de leitura":"3 minutos"},"schema":{"@context":"https:\/\/schema.org","@graph":[{"@type":"WebPage","@id":"https:\/\/www.blogsoestado.com\/joaquimhaickel\/2015\/12\/26\/um-problema-de-vento-e-areia\/","url":"https:\/\/www.blogsoestado.com\/joaquimhaickel\/2015\/12\/26\/um-problema-de-vento-e-areia\/","name":"Um problema de vento e areia - Joaquim Haickel","isPartOf":{"@id":"https:\/\/www.blogsoestado.com\/joaquimhaickel\/#website"},"datePublished":"2015-12-27T01:50:51+00:00","author":{"@id":"https:\/\/www.blogsoestado.com\/joaquimhaickel\/#\/schema\/person\/4a711644aff28245c6c2c3452d66d325"},"breadcrumb":{"@id":"https:\/\/www.blogsoestado.com\/joaquimhaickel\/2015\/12\/26\/um-problema-de-vento-e-areia\/#breadcrumb"},"inLanguage":"pt-BR","potentialAction":[{"@type":"ReadAction","target":["https:\/\/www.blogsoestado.com\/joaquimhaickel\/2015\/12\/26\/um-problema-de-vento-e-areia\/"]}]},{"@type":"BreadcrumbList","@id":"https:\/\/www.blogsoestado.com\/joaquimhaickel\/2015\/12\/26\/um-problema-de-vento-e-areia\/#breadcrumb","itemListElement":[{"@type":"ListItem","position":1,"name":"In\u00edcio","item":"https:\/\/www.blogsoestado.com\/joaquimhaickel\/"},{"@type":"ListItem","position":2,"name":"Um problema de vento e areia"}]},{"@type":"WebSite","@id":"https:\/\/www.blogsoestado.com\/joaquimhaickel\/#website","url":"https:\/\/www.blogsoestado.com\/joaquimhaickel\/","name":"Joaquim Haickel","description":"","potentialAction":[{"@type":"SearchAction","target":{"@type":"EntryPoint","urlTemplate":"https:\/\/www.blogsoestado.com\/joaquimhaickel\/?s={search_term_string}"},"query-input":{"@type":"PropertyValueSpecification","valueRequired":true,"valueName":"search_term_string"}}],"inLanguage":"pt-BR"},{"@type":"Person","@id":"https:\/\/www.blogsoestado.com\/joaquimhaickel\/#\/schema\/person\/4a711644aff28245c6c2c3452d66d325","name":"Joaquim Haickel","image":{"@type":"ImageObject","inLanguage":"pt-BR","@id":"https:\/\/www.blogsoestado.com\/joaquimhaickel\/#\/schema\/person\/image\/","url":"https:\/\/secure.gravatar.com\/avatar\/473d89339b9f8ec089adb8d5778363eb5a2ba2319956bcf0298bfd8cca04684a?s=96&d=mm&r=g","contentUrl":"https:\/\/secure.gravatar.com\/avatar\/473d89339b9f8ec089adb8d5778363eb5a2ba2319956bcf0298bfd8cca04684a?s=96&d=mm&r=g","caption":"Joaquim Haickel"},"url":"https:\/\/www.blogsoestado.com\/joaquimhaickel\/author\/joaquimhaickel\/"}]}},"jetpack_featured_media_url":"","_links":{"self":[{"href":"https:\/\/www.blogsoestado.com\/joaquimhaickel\/wp-json\/wp\/v2\/posts\/1601","targetHints":{"allow":["GET"]}}],"collection":[{"href":"https:\/\/www.blogsoestado.com\/joaquimhaickel\/wp-json\/wp\/v2\/posts"}],"about":[{"href":"https:\/\/www.blogsoestado.com\/joaquimhaickel\/wp-json\/wp\/v2\/types\/post"}],"author":[{"embeddable":true,"href":"https:\/\/www.blogsoestado.com\/joaquimhaickel\/wp-json\/wp\/v2\/users\/7"}],"replies":[{"embeddable":true,"href":"https:\/\/www.blogsoestado.com\/joaquimhaickel\/wp-json\/wp\/v2\/comments?post=1601"}],"version-history":[{"count":0,"href":"https:\/\/www.blogsoestado.com\/joaquimhaickel\/wp-json\/wp\/v2\/posts\/1601\/revisions"}],"wp:attachment":[{"href":"https:\/\/www.blogsoestado.com\/joaquimhaickel\/wp-json\/wp\/v2\/media?parent=1601"}],"wp:term":[{"taxonomy":"category","embeddable":true,"href":"https:\/\/www.blogsoestado.com\/joaquimhaickel\/wp-json\/wp\/v2\/categories?post=1601"},{"taxonomy":"post_tag","embeddable":true,"href":"https:\/\/www.blogsoestado.com\/joaquimhaickel\/wp-json\/wp\/v2\/tags?post=1601"}],"curies":[{"name":"wp","href":"https:\/\/api.w.org\/{rel}","templated":true}]}}