{"id":1629,"date":"2016-03-05T00:01:08","date_gmt":"2016-03-05T03:01:08","guid":{"rendered":"https:\/\/www.blogsoestado.com\/joaquimhaickel\/?p=1629"},"modified":"2016-03-05T00:01:08","modified_gmt":"2016-03-05T03:01:08","slug":"o-boicote-ao-oscar-2016","status":"publish","type":"post","link":"https:\/\/www.blogsoestado.com\/joaquimhaickel\/2016\/03\/05\/o-boicote-ao-oscar-2016\/","title":{"rendered":"O boicote ao Oscar 2016"},"content":{"rendered":"<p>Eu estou certo de que a ind\u00fastria cinematogr\u00e1fica n\u00e3o privilegia da mesma forma os projetos que envolvam tem\u00e1ticas de outras ra\u00e7as que n\u00e3o a branca, mas me recuso terminantemente a acreditar que Spike Lee quisesse que em \u201cSpotlight\u201d fosse introduzido um personagem negro interpretado por Jaime Fox ou que em \u201cO regresso\u201d Will Smith fizesse o papel principal. Isso n\u00e3o deixaria de ser um tanto rid\u00edculo, uma vez que\u00a0nessas hist\u00f3rias n\u00e3o existem personagens negros. (desculpem a ironia, mas n\u00e3o resisti!).<\/p>\n<p>Exemplo oposto a essa l\u00f3gica \u00e9 o caso do personagem Nick Fury, o chefe dos agentes da\u00a0<em>S.H.I.E.L.D<\/em>. que \u00e9 branco nas HQs, mas que no cinema, escalaram Samuel L. Jackson para interpret\u00e1-lo, o que foi realmente uma grande jogada, principalmente pelo ator que \u00e9 maravilhoso.<\/p>\n<p>Este ano a quase totalidade dos enredos dos filmes que participaram da premia\u00e7\u00e3o do Oscar, tratavam de personagens reais e a ind\u00fastria n\u00e3o produziu nenhum filme cujo tema envolvesse os negros. Pelo menos nenhum que pudesse ter sido inclu\u00eddo na lista dos melhores, habilitados para disputar uma estatueta.<\/p>\n<p>O j\u00e1 citado Samuel L. Jackson faz um dos oito odiados de Tarantino, e o faz como sempre, de maneira brilhante, mas n\u00e3o ao ponto de ver o seu nome ser inclu\u00eddo entre os cinco atores, principais ou coadjuvantes que concorreram este ano. O mesmo aconteceu com Will Smith em sua performance no filme \u201cUm homem entre gigantes\u201d.<\/p>\n<p>Lembro que em 2015 tivemos o filme \u201cSelma\u201d e em 2014 \u201c12 anos de escravid\u00e3o\u201d, ambos com tem\u00e1ticas negras e com diversas indica\u00e7\u00f5es e efetivamente pr\u00eamios.<\/p>\n<p>Em 2013 foi a vez de \u201cDjango livre\u201d e vejam que o Django anterior, da d\u00e9cada de 70, era Franco Nero, italiano, louro, e de olhos azuis! Isso sem falar em \u201cO voo\u201d com\u00a0Denzel Washington, indicado como melhor ator.<\/p>\n<p>2012 foi a vez de \u201cHist\u00f3rias cruzadas\u201d render indica\u00e7\u00f5es para a ganhadora do pr\u00eamio de melhor atriz coadjuvante, Octavia Spencer, e para Viola Davis, que n\u00e3o conseguiu vencer Meryl Streep.<\/p>\n<p>Em outros anos tivemos como filmes representativos para a classe de artistas negros, \u201cA cor p\u00farpura\u201d, \u201cMalcolm X\u201d, \u201cConduzindo miss Dayse\u201d, \u201cHist\u00f3rias cruzadas\u201d, \u201cAli\u201d, \u201cFa\u00e7a a coisa certa\u201d, \u201cFebre da Selva\u201d, \u201cA hora do Show\u201d, \u201cAcorrentados\u201d, \u201cNo calor da noite\u201d, \u201cA for\u00e7a do destino\u201d, \u201cTempo de gloria\u201d, \u201cJerry Maguire\u201d, \u201c\u00c0 Procura da Felicidade\u201d, \u201cAmistad\u201d, \u201cDuelo de tit\u00e3s\u201d, \u201cUm sonho de liberdade\u201d, \u201cA \u00faltima Ceia\u201d, \u201cRay\u201d, \u201cColateral\u201d, \u201cDreamgirls &#8211; Em busca de um sonho\u201d, \u201cUm dia de treinamento\u201d, \u201cPreciosa\u201d, dentre tantos outros\u00a0filmes com tem\u00e1tica ou com participa\u00e7\u00e3o de grandes artistas negros, quase sempre indicados ou vencedores de importantes pr\u00eamios!<\/p>\n<p>Vejamos as filmografias de Denzel Washington, de Morgan Freemam, de Will Smith, de\u00a0Cuba Gooding Jr., de\u00a0Chris Rock, de Jaime Fox, de Halle Berry,\u00a0Samuel L. Jackson,\u00a0Whoopi Goldberg, Danny Glover, Sidney Poitier, Viola Davis,\u00a0Queen Latifah,\u00a0Laurence Fishburne, isso pra citar apenas alguns. Estes atores al\u00e9m de diretores como Spike Lee, Steve McQueen, John Singleton, Gina Prince Bythewood, Lee Daniels, apenas para citar cinco, s\u00e3o grandes profissionais e realizam trabalhos extraordin\u00e1rios, cada um de sua forma e com suas caracter\u00edsticas pr\u00f3prias.<\/p>\n<p>Contudo devo concordar com um ponto dessa discuss\u00e3o que nem sequer eu ouvi ser levantada por aqueles que patrocinaram o boicote ao Oscar deste ano. \u00c9 o fato de existirem poucos projetos cinematogr\u00e1ficos que insiram negros, hisp\u00e2nicos, asi\u00e1ticos, ind\u00edgenas, mulheres, crian\u00e7as, deficientes, idosos, homossexuais&#8230;<\/p>\n<p>Agora, bater o p\u00e9 por n\u00e3o terem um determinado tipo de pessoas dentre os indicados \u00e0 disputa dos melhores trabalhos realizados durante um ano, isso me parece um pouco demais, j\u00e1 que no m\u00ednimo o que poderia se fazer era ter bom senso e analisar os desempenhos dos concorrentes.<\/p>\n<p>Sou a favor que haja mais diversidade de ra\u00e7a, g\u00eanero, idade, sexo nas produ\u00e7\u00f5es cinematogr\u00e1ficas, mas da\u00ed a exigir-se que haja indicados de uma determinada categoria dessa diversidade!&#8230; Melhor seria fazer um Oscar negro, um branco, um hetero, um gay, um teen, um old, um pra com\u00e9dia, outro pra drama&#8230;<\/p>\n<p>Sei que vai haver quem concorde comigo e quem discorde de mim. S\u00f3 desejo que quem discordar entenda que n\u00e3o sou a favor de qualquer forma de descrimina\u00e7\u00e3o e \u00e9 por isso que me posiciono desta maneira.<\/p>\n<p>Para mim, quem sempre deve ser indicado para a disputa de um pr\u00eamio, \u00e9 aquela pessoa que tiver o melhor desempenho, seja ela da cor que for.<\/p>\n<p>&nbsp;<\/p>\n","protected":false},"excerpt":{"rendered":"<p>Eu estou certo de que a ind\u00fastria cinematogr\u00e1fica n\u00e3o privilegia da mesma forma os projetos que envolvam tem\u00e1ticas de outras [&hellip;]<\/p>\n","protected":false},"author":7,"featured_media":0,"comment_status":"open","ping_status":"open","sticky":false,"template":"","format":"standard","meta":{"site-sidebar-layout":"default","site-content-layout":"","ast-site-content-layout":"default","site-content-style":"default","site-sidebar-style":"default","ast-global-header-display":"","ast-banner-title-visibility":"","ast-main-header-display":"","ast-hfb-above-header-display":"","ast-hfb-below-header-display":"","ast-hfb-mobile-header-display":"","site-post-title":"","ast-breadcrumbs-content":"","ast-featured-img":"","footer-sml-layout":"","ast-disable-related-posts":"","theme-transparent-header-meta":"","adv-header-id-meta":"","stick-header-meta":"","header-above-stick-meta":"","header-main-stick-meta":"","header-below-stick-meta":"","astra-migrate-meta-layouts":"default","ast-page-background-enabled":"default","ast-page-background-meta":{"desktop":{"background-color":"var(--ast-global-color-5)","background-image":"","background-repeat":"repeat","background-position":"center center","background-size":"auto","background-attachment":"scroll","background-type":"","background-media":"","overlay-type":"","overlay-color":"","overlay-opacity":"","overlay-gradient":""},"tablet":{"background-color":"","background-image":"","background-repeat":"repeat","background-position":"center center","background-size":"auto","background-attachment":"scroll","background-type":"","background-media":"","overlay-type":"","overlay-color":"","overlay-opacity":"","overlay-gradient":""},"mobile":{"background-color":"","background-image":"","background-repeat":"repeat","background-position":"center center","background-size":"auto","background-attachment":"scroll","background-type":"","background-media":"","overlay-type":"","overlay-color":"","overlay-opacity":"","overlay-gradient":""}},"ast-content-background-meta":{"desktop":{"background-color":"var(--ast-global-color-4)","background-image":"","background-repeat":"repeat","background-position":"center center","background-size":"auto","background-attachment":"scroll","background-type":"","background-media":"","overlay-type":"","overlay-color":"","overlay-opacity":"","overlay-gradient":""},"tablet":{"background-color":"var(--ast-global-color-4)","background-image":"","background-repeat":"repeat","background-position":"center center","background-size":"auto","background-attachment":"scroll","background-type":"","background-media":"","overlay-type":"","overlay-color":"","overlay-opacity":"","overlay-gradient":""},"mobile":{"background-color":"var(--ast-global-color-4)","background-image":"","background-repeat":"repeat","background-position":"center center","background-size":"auto","background-attachment":"scroll","background-type":"","background-media":"","overlay-type":"","overlay-color":"","overlay-opacity":"","overlay-gradient":""}},"footnotes":""},"categories":[1],"tags":[],"class_list":["post-1629","post","type-post","status-publish","format-standard","hentry","category-sem-categoria"],"yoast_head":"<!-- This site is optimized with the Yoast SEO plugin v26.6 - https:\/\/yoast.com\/wordpress\/plugins\/seo\/ -->\n<title>O boicote ao Oscar 2016 - Joaquim Haickel<\/title>\n<meta name=\"robots\" content=\"index, follow, max-snippet:-1, max-image-preview:large, max-video-preview:-1\" \/>\n<link rel=\"canonical\" href=\"https:\/\/www.blogsoestado.com\/joaquimhaickel\/2016\/03\/05\/o-boicote-ao-oscar-2016\/\" \/>\n<meta property=\"og:locale\" content=\"pt_BR\" \/>\n<meta property=\"og:type\" content=\"article\" \/>\n<meta property=\"og:title\" content=\"O boicote ao Oscar 2016 - Joaquim Haickel\" \/>\n<meta property=\"og:description\" content=\"Eu estou certo de que a ind\u00fastria cinematogr\u00e1fica n\u00e3o privilegia da mesma forma os projetos que envolvam tem\u00e1ticas de outras [&hellip;]\" \/>\n<meta property=\"og:url\" content=\"https:\/\/www.blogsoestado.com\/joaquimhaickel\/2016\/03\/05\/o-boicote-ao-oscar-2016\/\" \/>\n<meta property=\"og:site_name\" content=\"Joaquim Haickel\" \/>\n<meta property=\"article:published_time\" content=\"2016-03-05T03:01:08+00:00\" \/>\n<meta name=\"author\" content=\"Joaquim Haickel\" \/>\n<meta name=\"twitter:card\" content=\"summary_large_image\" \/>\n<meta name=\"twitter:label1\" content=\"Escrito por\" \/>\n\t<meta name=\"twitter:data1\" content=\"Joaquim Haickel\" \/>\n\t<meta name=\"twitter:label2\" content=\"Est. tempo de leitura\" \/>\n\t<meta name=\"twitter:data2\" content=\"4 minutos\" \/>\n<script type=\"application\/ld+json\" class=\"yoast-schema-graph\">{\"@context\":\"https:\/\/schema.org\",\"@graph\":[{\"@type\":\"WebPage\",\"@id\":\"https:\/\/www.blogsoestado.com\/joaquimhaickel\/2016\/03\/05\/o-boicote-ao-oscar-2016\/\",\"url\":\"https:\/\/www.blogsoestado.com\/joaquimhaickel\/2016\/03\/05\/o-boicote-ao-oscar-2016\/\",\"name\":\"O boicote ao Oscar 2016 - Joaquim Haickel\",\"isPartOf\":{\"@id\":\"https:\/\/www.blogsoestado.com\/joaquimhaickel\/#website\"},\"datePublished\":\"2016-03-05T03:01:08+00:00\",\"author\":{\"@id\":\"https:\/\/www.blogsoestado.com\/joaquimhaickel\/#\/schema\/person\/4a711644aff28245c6c2c3452d66d325\"},\"breadcrumb\":{\"@id\":\"https:\/\/www.blogsoestado.com\/joaquimhaickel\/2016\/03\/05\/o-boicote-ao-oscar-2016\/#breadcrumb\"},\"inLanguage\":\"pt-BR\",\"potentialAction\":[{\"@type\":\"ReadAction\",\"target\":[\"https:\/\/www.blogsoestado.com\/joaquimhaickel\/2016\/03\/05\/o-boicote-ao-oscar-2016\/\"]}]},{\"@type\":\"BreadcrumbList\",\"@id\":\"https:\/\/www.blogsoestado.com\/joaquimhaickel\/2016\/03\/05\/o-boicote-ao-oscar-2016\/#breadcrumb\",\"itemListElement\":[{\"@type\":\"ListItem\",\"position\":1,\"name\":\"In\u00edcio\",\"item\":\"https:\/\/www.blogsoestado.com\/joaquimhaickel\/\"},{\"@type\":\"ListItem\",\"position\":2,\"name\":\"O boicote ao Oscar 2016\"}]},{\"@type\":\"WebSite\",\"@id\":\"https:\/\/www.blogsoestado.com\/joaquimhaickel\/#website\",\"url\":\"https:\/\/www.blogsoestado.com\/joaquimhaickel\/\",\"name\":\"Joaquim Haickel\",\"description\":\"\",\"potentialAction\":[{\"@type\":\"SearchAction\",\"target\":{\"@type\":\"EntryPoint\",\"urlTemplate\":\"https:\/\/www.blogsoestado.com\/joaquimhaickel\/?s={search_term_string}\"},\"query-input\":{\"@type\":\"PropertyValueSpecification\",\"valueRequired\":true,\"valueName\":\"search_term_string\"}}],\"inLanguage\":\"pt-BR\"},{\"@type\":\"Person\",\"@id\":\"https:\/\/www.blogsoestado.com\/joaquimhaickel\/#\/schema\/person\/4a711644aff28245c6c2c3452d66d325\",\"name\":\"Joaquim Haickel\",\"image\":{\"@type\":\"ImageObject\",\"inLanguage\":\"pt-BR\",\"@id\":\"https:\/\/www.blogsoestado.com\/joaquimhaickel\/#\/schema\/person\/image\/\",\"url\":\"https:\/\/secure.gravatar.com\/avatar\/473d89339b9f8ec089adb8d5778363eb5a2ba2319956bcf0298bfd8cca04684a?s=96&d=mm&r=g\",\"contentUrl\":\"https:\/\/secure.gravatar.com\/avatar\/473d89339b9f8ec089adb8d5778363eb5a2ba2319956bcf0298bfd8cca04684a?s=96&d=mm&r=g\",\"caption\":\"Joaquim Haickel\"},\"url\":\"https:\/\/www.blogsoestado.com\/joaquimhaickel\/author\/joaquimhaickel\/\"}]}<\/script>\n<!-- \/ Yoast SEO plugin. -->","yoast_head_json":{"title":"O boicote ao Oscar 2016 - Joaquim Haickel","robots":{"index":"index","follow":"follow","max-snippet":"max-snippet:-1","max-image-preview":"max-image-preview:large","max-video-preview":"max-video-preview:-1"},"canonical":"https:\/\/www.blogsoestado.com\/joaquimhaickel\/2016\/03\/05\/o-boicote-ao-oscar-2016\/","og_locale":"pt_BR","og_type":"article","og_title":"O boicote ao Oscar 2016 - Joaquim Haickel","og_description":"Eu estou certo de que a ind\u00fastria cinematogr\u00e1fica n\u00e3o privilegia da mesma forma os projetos que envolvam tem\u00e1ticas de outras [&hellip;]","og_url":"https:\/\/www.blogsoestado.com\/joaquimhaickel\/2016\/03\/05\/o-boicote-ao-oscar-2016\/","og_site_name":"Joaquim Haickel","article_published_time":"2016-03-05T03:01:08+00:00","author":"Joaquim Haickel","twitter_card":"summary_large_image","twitter_misc":{"Escrito por":"Joaquim Haickel","Est. tempo de leitura":"4 minutos"},"schema":{"@context":"https:\/\/schema.org","@graph":[{"@type":"WebPage","@id":"https:\/\/www.blogsoestado.com\/joaquimhaickel\/2016\/03\/05\/o-boicote-ao-oscar-2016\/","url":"https:\/\/www.blogsoestado.com\/joaquimhaickel\/2016\/03\/05\/o-boicote-ao-oscar-2016\/","name":"O boicote ao Oscar 2016 - Joaquim Haickel","isPartOf":{"@id":"https:\/\/www.blogsoestado.com\/joaquimhaickel\/#website"},"datePublished":"2016-03-05T03:01:08+00:00","author":{"@id":"https:\/\/www.blogsoestado.com\/joaquimhaickel\/#\/schema\/person\/4a711644aff28245c6c2c3452d66d325"},"breadcrumb":{"@id":"https:\/\/www.blogsoestado.com\/joaquimhaickel\/2016\/03\/05\/o-boicote-ao-oscar-2016\/#breadcrumb"},"inLanguage":"pt-BR","potentialAction":[{"@type":"ReadAction","target":["https:\/\/www.blogsoestado.com\/joaquimhaickel\/2016\/03\/05\/o-boicote-ao-oscar-2016\/"]}]},{"@type":"BreadcrumbList","@id":"https:\/\/www.blogsoestado.com\/joaquimhaickel\/2016\/03\/05\/o-boicote-ao-oscar-2016\/#breadcrumb","itemListElement":[{"@type":"ListItem","position":1,"name":"In\u00edcio","item":"https:\/\/www.blogsoestado.com\/joaquimhaickel\/"},{"@type":"ListItem","position":2,"name":"O boicote ao Oscar 2016"}]},{"@type":"WebSite","@id":"https:\/\/www.blogsoestado.com\/joaquimhaickel\/#website","url":"https:\/\/www.blogsoestado.com\/joaquimhaickel\/","name":"Joaquim Haickel","description":"","potentialAction":[{"@type":"SearchAction","target":{"@type":"EntryPoint","urlTemplate":"https:\/\/www.blogsoestado.com\/joaquimhaickel\/?s={search_term_string}"},"query-input":{"@type":"PropertyValueSpecification","valueRequired":true,"valueName":"search_term_string"}}],"inLanguage":"pt-BR"},{"@type":"Person","@id":"https:\/\/www.blogsoestado.com\/joaquimhaickel\/#\/schema\/person\/4a711644aff28245c6c2c3452d66d325","name":"Joaquim Haickel","image":{"@type":"ImageObject","inLanguage":"pt-BR","@id":"https:\/\/www.blogsoestado.com\/joaquimhaickel\/#\/schema\/person\/image\/","url":"https:\/\/secure.gravatar.com\/avatar\/473d89339b9f8ec089adb8d5778363eb5a2ba2319956bcf0298bfd8cca04684a?s=96&d=mm&r=g","contentUrl":"https:\/\/secure.gravatar.com\/avatar\/473d89339b9f8ec089adb8d5778363eb5a2ba2319956bcf0298bfd8cca04684a?s=96&d=mm&r=g","caption":"Joaquim Haickel"},"url":"https:\/\/www.blogsoestado.com\/joaquimhaickel\/author\/joaquimhaickel\/"}]}},"jetpack_featured_media_url":"","_links":{"self":[{"href":"https:\/\/www.blogsoestado.com\/joaquimhaickel\/wp-json\/wp\/v2\/posts\/1629","targetHints":{"allow":["GET"]}}],"collection":[{"href":"https:\/\/www.blogsoestado.com\/joaquimhaickel\/wp-json\/wp\/v2\/posts"}],"about":[{"href":"https:\/\/www.blogsoestado.com\/joaquimhaickel\/wp-json\/wp\/v2\/types\/post"}],"author":[{"embeddable":true,"href":"https:\/\/www.blogsoestado.com\/joaquimhaickel\/wp-json\/wp\/v2\/users\/7"}],"replies":[{"embeddable":true,"href":"https:\/\/www.blogsoestado.com\/joaquimhaickel\/wp-json\/wp\/v2\/comments?post=1629"}],"version-history":[{"count":0,"href":"https:\/\/www.blogsoestado.com\/joaquimhaickel\/wp-json\/wp\/v2\/posts\/1629\/revisions"}],"wp:attachment":[{"href":"https:\/\/www.blogsoestado.com\/joaquimhaickel\/wp-json\/wp\/v2\/media?parent=1629"}],"wp:term":[{"taxonomy":"category","embeddable":true,"href":"https:\/\/www.blogsoestado.com\/joaquimhaickel\/wp-json\/wp\/v2\/categories?post=1629"},{"taxonomy":"post_tag","embeddable":true,"href":"https:\/\/www.blogsoestado.com\/joaquimhaickel\/wp-json\/wp\/v2\/tags?post=1629"}],"curies":[{"name":"wp","href":"https:\/\/api.w.org\/{rel}","templated":true}]}}