{"id":1636,"date":"2016-03-12T15:14:24","date_gmt":"2016-03-12T18:14:24","guid":{"rendered":"https:\/\/www.blogsoestado.com\/joaquimhaickel\/?p=1636"},"modified":"2016-03-12T15:14:24","modified_gmt":"2016-03-12T18:14:24","slug":"minha-historia-com-maria-aragao-2","status":"publish","type":"post","link":"https:\/\/www.blogsoestado.com\/joaquimhaickel\/2016\/03\/12\/minha-historia-com-maria-aragao-2\/","title":{"rendered":"Minha Historia com Maria Arag\u00e3o"},"content":{"rendered":"<p>Fui procurado tempos atr\u00e1s por uma simp\u00e1tica produtora cinematogr\u00e1fica que estava fazendo um document\u00e1rio sobre a l\u00edder comunista Maria Jos\u00e9 Arag\u00e3o. Algu\u00e9m disse a ela que eu era amigo de Maria e possu\u00eda um grande acervo imag\u00e9tico sobre o Maranh\u00e3o e seus mais importantes personagens. Imediatamente coloquei \u00e0 disposi\u00e7\u00e3o da produ\u00e7\u00e3o todo o material pertencente ao Museu da Mem\u00f3ria Audiovisual da Funda\u00e7\u00e3o Nagib Haickel.<\/p>\n<p><a href=\"https:\/\/www.blogsoestado.com\/joaquimhaickel\/wp-content\/uploads\/sites\/6\/2016\/03\/Nagibe0332-1.jpg\" rel=\"attachment wp-att-1637\"><img fetchpriority=\"high\" decoding=\"async\" class=\"aligncenter size-full wp-image-1637\" src=\"https:\/\/www.blogsoestado.com\/joaquimhaickel\/wp-content\/uploads\/sites\/6\/2016\/03\/Nagibe0332-1.jpg\" alt=\"Nagibe0332\" width=\"700\" height=\"469\" srcset=\"https:\/\/www.blogsoestado.com\/joaquimhaickel\/wp-content\/uploads\/sites\/6\/2016\/03\/Nagibe0332-1.jpg 700w, https:\/\/www.blogsoestado.com\/joaquimhaickel\/wp-content\/uploads\/sites\/6\/2016\/03\/Nagibe0332-1-300x201.jpg 300w\" sizes=\"(max-width: 700px) 100vw, 700px\" \/><\/a><\/p>\n<p>Ela quis saber como conheci Maria Arag\u00e3o, como ela era. Disse-lhe que conheci Maria no come\u00e7o dos 80. Maria j\u00e1 era um \u00edcone de nossa sociedade. Mulher, m\u00e9dica, comunista. Corajosa, disposta, aguerrida. Camarada para alguns, c\u00famplice para outros, m\u00e3e para alguns outros, av\u00f3 para os mais jovens, mas sempre uma pessoa capaz de conquistar um amigo com seu sorriso largo, de olhinhos apertados e sua gargalhada solta.<\/p>\n<p>Fui apresentado a ela por amigos comuns. Aldionor Salgado, Cordeiro Filho e Sergio Braga. Nessa ordem, os tr\u00eas me levaram at\u00e9 ela dizendo que eu precisava aumentar o meu curr\u00edculo e conhecer a mulher mais importante do Maranh\u00e3o.<\/p>\n<p>Ao ser apresentado por Aldionor, ela brincou referindo-se ao meu pai, dizendo que eu era visivelmente um melhoramento gen\u00e9tico do \u201ccaboclo do Pindar\u00e9\u201d, a mesma terra onde ela nasceu. Quando Cordeiro me apresentou a ela, naquilo que seria a segunda vez a apertar-lhe a m\u00e3o, desta vez, mais a vontade ela disse a Cordeiro que j\u00e1 conhecia \u201cesse p\u00e3o do Pindar\u00e9\u201d. Quando Sergio Braga, todo formal e gozador, disse a ela que iria lhe apresentar um jovem \u201cdireitista\u201d que precisava ser resgatado para as lutas populares e o melhor caminho para fazer isso seria pelas m\u00e3os de uma mulher inteligente e charmosa, ela retrucou dizendo estar \u00e0 disposi\u00e7\u00e3o e que se fosse apresentada a mim mais uma vez, ia acreditar que era coisa do destino e iria realmente me seduzir. A gargalhada foi geral.<\/p>\n<p>Continuei me encontrando com Maria pela cidade e pela vida. Quem a conheceu sabe o que ela significou, n\u00e3o s\u00f3 pela sua luta social e democr\u00e1tica, mas pelo seu jeito de ser. N\u00e3o falo isso porque \u00e9 bonito falar ou por ser politicamente correto. Maria Arag\u00e3o \u00e9 uma das pessoas mais incr\u00edveis que eu conheci e n\u00e3o estou falando da ativista, que \u00e9 extraordin\u00e1ria, falo da pessoa.<\/p>\n<p>Em 1983, montei uma gr\u00e1fica com o artista gr\u00e1fico Paulinho Coelho, em cima do dep\u00f3sito de cimento de meu pai, no Desterro. L\u00e1 passou a ser o ponto de encontro do pessoal da poesia, da pol\u00edtica, da cerveja, das \u201cminas\u201d&#8230;<\/p>\n<p>A Gr\u00e1fica Guarnic\u00ea era na verdade mais frequentada pelos meus amigos da esquerda que pelos governistas, que nunca foram por l\u00e1.<\/p>\n<p>O padre Marcus Passerine, da par\u00f3quia de S\u00e3o Jo\u00e3o fazia conosco seus impressos e jornais. At\u00e9 meu colega, deputado Luiz Pedro, imprimia seus panfletos l\u00e1.<\/p>\n<p>Uma vez Paulinho entrou p\u00e1lido em minha sala dizendo que t\u00ednhamos um problema. Luiz tinha trazido um jornal para rodarmos e nele havia uma fotografia minha e outra de meu pai. Era alguma coisa contra o governo, ele relacionava os pol\u00edticos que segundo \u00f3tica editorial, eram contra o povo. N\u00e3o pensei duas vezes. Mandei pegar o trabalho. \u201cOra bolas Paulinho! Se n\u00f3s n\u00e3o ficarmos com os d\u00f3lares albaneses desses comunistas eles v\u00e3o lev\u00e1-los para outra gr\u00e1fica, meu filho! Isso \u00e9 que \u00e9 a tal economia de mercado contra a qual eles tanto lutam\u201d. Infelizmente ainda hoje alguns poucos comunistas continuam com essas bobagens.<\/p>\n<p>Foi nesse clima que em uma manh\u00e3 chuvosa de janeiro, subiu as escadas de nossa \u201cc\u00e9lula\u201d, sede da Revista Guarnic\u00ea, ningu\u00e9m menos que Maria Arag\u00e3o, acompanhada pelo vereador Aldionor Salgado e Mary Ferreira. Ela queria imprimir folders, panfletos e blocos de rifa, onde seria sorteada uma cole\u00e7\u00e3o completa dos livros de Florestan Fernandes, tudo para levantar dinheiro para os eventos do dia internacional da mulher.<\/p>\n<p>Ao chegar ela foi logo dizendo que o pre\u00e7o tinha que ser \u201ccamarada\u201d, coisa de \u201ccompanheiro\u201d. Ela era permanentemente bem humorada.<\/p>\n<p>Chamei Paulinho num canto e perguntei se havia sobrado papel da \u00faltima edi\u00e7\u00e3o da revista, ele respondeu que sim, ent\u00e3o resolvi n\u00e3o cobrar nada pelo servi\u00e7o.<\/p>\n<p>O dito foi feito. Maria voltou para buscar o material poucos dias depois e ainda me fez comprar dois blocos completos das rifas. Na ocasi\u00e3o ela disse que se eu tivesse sorte ganharia, e assim poderia aprender nos livros de Florestan coisas importantes para meu trabalho pol\u00edtico e para minha vida como cidad\u00e3o. Lembro que ela anotou em uma agenda os n\u00fameros dos blocos que eu comprei.<\/p>\n<p>Nos idos de mar\u00e7o Maria me entra na gr\u00e1fica, acompanhada de um jovem musculoso carregando uma caixa de papel\u00e3o. Disse que vinha entregar o pr\u00eamio da rifa, os livros de FF.<\/p>\n<p>Nunca soube ao certo se ganhei mesmo aquela rifa ou se aquela cole\u00e7\u00e3o era a forma de Maria agradecer pela ajuda. Na hora da entrega ela disse que precisava me resgatar da direita e que Florestan era um bom caminho para isso.<\/p>\n<p>Anos mais tarde, em Bras\u00edlia, j\u00e1 como constituinte, tive a honra de ser colega do grande Florestan Fernandes. Fui apresentado a ele por meu querido amigo Artur da T\u00e1vola. Em certo momento de nossa primeira conversa ele se vira pra mim e diz: \u201cA Maria me falou de voc\u00ea. Espero que os livros tenham servido para alguma coisa\u201d.<\/p>\n<p>Dali por diante Florestan perguntava por Maria toda vez que me encontrava. Eu, de sacanagem com ela, dizia quando a encontrava, que seu namorado, FF, havia lhe mandado um beijo. Ela ria com os olhinhos apertados.<\/p>\n","protected":false},"excerpt":{"rendered":"<p>Fui procurado tempos atr\u00e1s por uma simp\u00e1tica produtora cinematogr\u00e1fica que estava fazendo um document\u00e1rio sobre a l\u00edder comunista Maria Jos\u00e9 [&hellip;]<\/p>\n","protected":false},"author":7,"featured_media":0,"comment_status":"open","ping_status":"open","sticky":false,"template":"","format":"standard","meta":{"site-sidebar-layout":"default","site-content-layout":"","ast-site-content-layout":"default","site-content-style":"default","site-sidebar-style":"default","ast-global-header-display":"","ast-banner-title-visibility":"","ast-main-header-display":"","ast-hfb-above-header-display":"","ast-hfb-below-header-display":"","ast-hfb-mobile-header-display":"","site-post-title":"","ast-breadcrumbs-content":"","ast-featured-img":"","footer-sml-layout":"","ast-disable-related-posts":"","theme-transparent-header-meta":"","adv-header-id-meta":"","stick-header-meta":"","header-above-stick-meta":"","header-main-stick-meta":"","header-below-stick-meta":"","astra-migrate-meta-layouts":"default","ast-page-background-enabled":"default","ast-page-background-meta":{"desktop":{"background-color":"var(--ast-global-color-5)","background-image":"","background-repeat":"repeat","background-position":"center center","background-size":"auto","background-attachment":"scroll","background-type":"","background-media":"","overlay-type":"","overlay-color":"","overlay-opacity":"","overlay-gradient":""},"tablet":{"background-color":"","background-image":"","background-repeat":"repeat","background-position":"center center","background-size":"auto","background-attachment":"scroll","background-type":"","background-media":"","overlay-type":"","overlay-color":"","overlay-opacity":"","overlay-gradient":""},"mobile":{"background-color":"","background-image":"","background-repeat":"repeat","background-position":"center center","background-size":"auto","background-attachment":"scroll","background-type":"","background-media":"","overlay-type":"","overlay-color":"","overlay-opacity":"","overlay-gradient":""}},"ast-content-background-meta":{"desktop":{"background-color":"var(--ast-global-color-4)","background-image":"","background-repeat":"repeat","background-position":"center center","background-size":"auto","background-attachment":"scroll","background-type":"","background-media":"","overlay-type":"","overlay-color":"","overlay-opacity":"","overlay-gradient":""},"tablet":{"background-color":"var(--ast-global-color-4)","background-image":"","background-repeat":"repeat","background-position":"center center","background-size":"auto","background-attachment":"scroll","background-type":"","background-media":"","overlay-type":"","overlay-color":"","overlay-opacity":"","overlay-gradient":""},"mobile":{"background-color":"var(--ast-global-color-4)","background-image":"","background-repeat":"repeat","background-position":"center center","background-size":"auto","background-attachment":"scroll","background-type":"","background-media":"","overlay-type":"","overlay-color":"","overlay-opacity":"","overlay-gradient":""}},"footnotes":""},"categories":[1],"tags":[],"class_list":["post-1636","post","type-post","status-publish","format-standard","hentry","category-sem-categoria"],"yoast_head":"<!-- This site is optimized with the Yoast SEO plugin v26.6 - https:\/\/yoast.com\/wordpress\/plugins\/seo\/ -->\n<title>Minha Historia com Maria Arag\u00e3o - Joaquim Haickel<\/title>\n<meta name=\"robots\" content=\"index, follow, max-snippet:-1, max-image-preview:large, max-video-preview:-1\" \/>\n<link rel=\"canonical\" href=\"https:\/\/www.blogsoestado.com\/joaquimhaickel\/2016\/03\/12\/minha-historia-com-maria-aragao-2\/\" \/>\n<meta property=\"og:locale\" content=\"pt_BR\" \/>\n<meta property=\"og:type\" content=\"article\" \/>\n<meta property=\"og:title\" content=\"Minha Historia com Maria Arag\u00e3o - Joaquim Haickel\" \/>\n<meta property=\"og:description\" content=\"Fui procurado tempos atr\u00e1s por uma simp\u00e1tica produtora cinematogr\u00e1fica que estava fazendo um document\u00e1rio sobre a l\u00edder comunista Maria Jos\u00e9 [&hellip;]\" \/>\n<meta property=\"og:url\" content=\"https:\/\/www.blogsoestado.com\/joaquimhaickel\/2016\/03\/12\/minha-historia-com-maria-aragao-2\/\" \/>\n<meta property=\"og:site_name\" content=\"Joaquim Haickel\" \/>\n<meta property=\"article:published_time\" content=\"2016-03-12T18:14:24+00:00\" \/>\n<meta property=\"og:image\" content=\"https:\/\/www.blogsoestado.com\/joaquimhaickel\/wp-content\/uploads\/sites\/6\/2016\/03\/Nagibe0332-1.jpg\" \/>\n<meta name=\"author\" content=\"Joaquim Haickel\" \/>\n<meta name=\"twitter:card\" content=\"summary_large_image\" \/>\n<meta name=\"twitter:label1\" content=\"Escrito por\" \/>\n\t<meta name=\"twitter:data1\" content=\"Joaquim Haickel\" \/>\n\t<meta name=\"twitter:label2\" content=\"Est. tempo de leitura\" \/>\n\t<meta name=\"twitter:data2\" content=\"5 minutos\" \/>\n<script type=\"application\/ld+json\" class=\"yoast-schema-graph\">{\"@context\":\"https:\/\/schema.org\",\"@graph\":[{\"@type\":\"WebPage\",\"@id\":\"https:\/\/www.blogsoestado.com\/joaquimhaickel\/2016\/03\/12\/minha-historia-com-maria-aragao-2\/\",\"url\":\"https:\/\/www.blogsoestado.com\/joaquimhaickel\/2016\/03\/12\/minha-historia-com-maria-aragao-2\/\",\"name\":\"Minha Historia com Maria Arag\u00e3o - Joaquim Haickel\",\"isPartOf\":{\"@id\":\"https:\/\/www.blogsoestado.com\/joaquimhaickel\/#website\"},\"primaryImageOfPage\":{\"@id\":\"https:\/\/www.blogsoestado.com\/joaquimhaickel\/2016\/03\/12\/minha-historia-com-maria-aragao-2\/#primaryimage\"},\"image\":{\"@id\":\"https:\/\/www.blogsoestado.com\/joaquimhaickel\/2016\/03\/12\/minha-historia-com-maria-aragao-2\/#primaryimage\"},\"thumbnailUrl\":\"https:\/\/www.blogsoestado.com\/joaquimhaickel\/wp-content\/uploads\/sites\/6\/2016\/03\/Nagibe0332-1.jpg\",\"datePublished\":\"2016-03-12T18:14:24+00:00\",\"author\":{\"@id\":\"https:\/\/www.blogsoestado.com\/joaquimhaickel\/#\/schema\/person\/4a711644aff28245c6c2c3452d66d325\"},\"breadcrumb\":{\"@id\":\"https:\/\/www.blogsoestado.com\/joaquimhaickel\/2016\/03\/12\/minha-historia-com-maria-aragao-2\/#breadcrumb\"},\"inLanguage\":\"pt-BR\",\"potentialAction\":[{\"@type\":\"ReadAction\",\"target\":[\"https:\/\/www.blogsoestado.com\/joaquimhaickel\/2016\/03\/12\/minha-historia-com-maria-aragao-2\/\"]}]},{\"@type\":\"ImageObject\",\"inLanguage\":\"pt-BR\",\"@id\":\"https:\/\/www.blogsoestado.com\/joaquimhaickel\/2016\/03\/12\/minha-historia-com-maria-aragao-2\/#primaryimage\",\"url\":\"https:\/\/www.blogsoestado.com\/joaquimhaickel\/wp-content\/uploads\/sites\/6\/2016\/03\/Nagibe0332-1.jpg\",\"contentUrl\":\"https:\/\/www.blogsoestado.com\/joaquimhaickel\/wp-content\/uploads\/sites\/6\/2016\/03\/Nagibe0332-1.jpg\"},{\"@type\":\"BreadcrumbList\",\"@id\":\"https:\/\/www.blogsoestado.com\/joaquimhaickel\/2016\/03\/12\/minha-historia-com-maria-aragao-2\/#breadcrumb\",\"itemListElement\":[{\"@type\":\"ListItem\",\"position\":1,\"name\":\"In\u00edcio\",\"item\":\"https:\/\/www.blogsoestado.com\/joaquimhaickel\/\"},{\"@type\":\"ListItem\",\"position\":2,\"name\":\"Minha Historia com Maria Arag\u00e3o\"}]},{\"@type\":\"WebSite\",\"@id\":\"https:\/\/www.blogsoestado.com\/joaquimhaickel\/#website\",\"url\":\"https:\/\/www.blogsoestado.com\/joaquimhaickel\/\",\"name\":\"Joaquim Haickel\",\"description\":\"\",\"potentialAction\":[{\"@type\":\"SearchAction\",\"target\":{\"@type\":\"EntryPoint\",\"urlTemplate\":\"https:\/\/www.blogsoestado.com\/joaquimhaickel\/?s={search_term_string}\"},\"query-input\":{\"@type\":\"PropertyValueSpecification\",\"valueRequired\":true,\"valueName\":\"search_term_string\"}}],\"inLanguage\":\"pt-BR\"},{\"@type\":\"Person\",\"@id\":\"https:\/\/www.blogsoestado.com\/joaquimhaickel\/#\/schema\/person\/4a711644aff28245c6c2c3452d66d325\",\"name\":\"Joaquim Haickel\",\"image\":{\"@type\":\"ImageObject\",\"inLanguage\":\"pt-BR\",\"@id\":\"https:\/\/www.blogsoestado.com\/joaquimhaickel\/#\/schema\/person\/image\/\",\"url\":\"https:\/\/secure.gravatar.com\/avatar\/473d89339b9f8ec089adb8d5778363eb5a2ba2319956bcf0298bfd8cca04684a?s=96&d=mm&r=g\",\"contentUrl\":\"https:\/\/secure.gravatar.com\/avatar\/473d89339b9f8ec089adb8d5778363eb5a2ba2319956bcf0298bfd8cca04684a?s=96&d=mm&r=g\",\"caption\":\"Joaquim Haickel\"},\"url\":\"https:\/\/www.blogsoestado.com\/joaquimhaickel\/author\/joaquimhaickel\/\"}]}<\/script>\n<!-- \/ Yoast SEO plugin. -->","yoast_head_json":{"title":"Minha Historia com Maria Arag\u00e3o - Joaquim Haickel","robots":{"index":"index","follow":"follow","max-snippet":"max-snippet:-1","max-image-preview":"max-image-preview:large","max-video-preview":"max-video-preview:-1"},"canonical":"https:\/\/www.blogsoestado.com\/joaquimhaickel\/2016\/03\/12\/minha-historia-com-maria-aragao-2\/","og_locale":"pt_BR","og_type":"article","og_title":"Minha Historia com Maria Arag\u00e3o - Joaquim Haickel","og_description":"Fui procurado tempos atr\u00e1s por uma simp\u00e1tica produtora cinematogr\u00e1fica que estava fazendo um document\u00e1rio sobre a l\u00edder comunista Maria Jos\u00e9 [&hellip;]","og_url":"https:\/\/www.blogsoestado.com\/joaquimhaickel\/2016\/03\/12\/minha-historia-com-maria-aragao-2\/","og_site_name":"Joaquim Haickel","article_published_time":"2016-03-12T18:14:24+00:00","og_image":[{"url":"https:\/\/www.blogsoestado.com\/joaquimhaickel\/wp-content\/uploads\/sites\/6\/2016\/03\/Nagibe0332-1.jpg","type":"","width":"","height":""}],"author":"Joaquim Haickel","twitter_card":"summary_large_image","twitter_misc":{"Escrito por":"Joaquim Haickel","Est. tempo de leitura":"5 minutos"},"schema":{"@context":"https:\/\/schema.org","@graph":[{"@type":"WebPage","@id":"https:\/\/www.blogsoestado.com\/joaquimhaickel\/2016\/03\/12\/minha-historia-com-maria-aragao-2\/","url":"https:\/\/www.blogsoestado.com\/joaquimhaickel\/2016\/03\/12\/minha-historia-com-maria-aragao-2\/","name":"Minha Historia com Maria Arag\u00e3o - Joaquim Haickel","isPartOf":{"@id":"https:\/\/www.blogsoestado.com\/joaquimhaickel\/#website"},"primaryImageOfPage":{"@id":"https:\/\/www.blogsoestado.com\/joaquimhaickel\/2016\/03\/12\/minha-historia-com-maria-aragao-2\/#primaryimage"},"image":{"@id":"https:\/\/www.blogsoestado.com\/joaquimhaickel\/2016\/03\/12\/minha-historia-com-maria-aragao-2\/#primaryimage"},"thumbnailUrl":"https:\/\/www.blogsoestado.com\/joaquimhaickel\/wp-content\/uploads\/sites\/6\/2016\/03\/Nagibe0332-1.jpg","datePublished":"2016-03-12T18:14:24+00:00","author":{"@id":"https:\/\/www.blogsoestado.com\/joaquimhaickel\/#\/schema\/person\/4a711644aff28245c6c2c3452d66d325"},"breadcrumb":{"@id":"https:\/\/www.blogsoestado.com\/joaquimhaickel\/2016\/03\/12\/minha-historia-com-maria-aragao-2\/#breadcrumb"},"inLanguage":"pt-BR","potentialAction":[{"@type":"ReadAction","target":["https:\/\/www.blogsoestado.com\/joaquimhaickel\/2016\/03\/12\/minha-historia-com-maria-aragao-2\/"]}]},{"@type":"ImageObject","inLanguage":"pt-BR","@id":"https:\/\/www.blogsoestado.com\/joaquimhaickel\/2016\/03\/12\/minha-historia-com-maria-aragao-2\/#primaryimage","url":"https:\/\/www.blogsoestado.com\/joaquimhaickel\/wp-content\/uploads\/sites\/6\/2016\/03\/Nagibe0332-1.jpg","contentUrl":"https:\/\/www.blogsoestado.com\/joaquimhaickel\/wp-content\/uploads\/sites\/6\/2016\/03\/Nagibe0332-1.jpg"},{"@type":"BreadcrumbList","@id":"https:\/\/www.blogsoestado.com\/joaquimhaickel\/2016\/03\/12\/minha-historia-com-maria-aragao-2\/#breadcrumb","itemListElement":[{"@type":"ListItem","position":1,"name":"In\u00edcio","item":"https:\/\/www.blogsoestado.com\/joaquimhaickel\/"},{"@type":"ListItem","position":2,"name":"Minha Historia com Maria Arag\u00e3o"}]},{"@type":"WebSite","@id":"https:\/\/www.blogsoestado.com\/joaquimhaickel\/#website","url":"https:\/\/www.blogsoestado.com\/joaquimhaickel\/","name":"Joaquim Haickel","description":"","potentialAction":[{"@type":"SearchAction","target":{"@type":"EntryPoint","urlTemplate":"https:\/\/www.blogsoestado.com\/joaquimhaickel\/?s={search_term_string}"},"query-input":{"@type":"PropertyValueSpecification","valueRequired":true,"valueName":"search_term_string"}}],"inLanguage":"pt-BR"},{"@type":"Person","@id":"https:\/\/www.blogsoestado.com\/joaquimhaickel\/#\/schema\/person\/4a711644aff28245c6c2c3452d66d325","name":"Joaquim Haickel","image":{"@type":"ImageObject","inLanguage":"pt-BR","@id":"https:\/\/www.blogsoestado.com\/joaquimhaickel\/#\/schema\/person\/image\/","url":"https:\/\/secure.gravatar.com\/avatar\/473d89339b9f8ec089adb8d5778363eb5a2ba2319956bcf0298bfd8cca04684a?s=96&d=mm&r=g","contentUrl":"https:\/\/secure.gravatar.com\/avatar\/473d89339b9f8ec089adb8d5778363eb5a2ba2319956bcf0298bfd8cca04684a?s=96&d=mm&r=g","caption":"Joaquim Haickel"},"url":"https:\/\/www.blogsoestado.com\/joaquimhaickel\/author\/joaquimhaickel\/"}]}},"jetpack_featured_media_url":"","_links":{"self":[{"href":"https:\/\/www.blogsoestado.com\/joaquimhaickel\/wp-json\/wp\/v2\/posts\/1636","targetHints":{"allow":["GET"]}}],"collection":[{"href":"https:\/\/www.blogsoestado.com\/joaquimhaickel\/wp-json\/wp\/v2\/posts"}],"about":[{"href":"https:\/\/www.blogsoestado.com\/joaquimhaickel\/wp-json\/wp\/v2\/types\/post"}],"author":[{"embeddable":true,"href":"https:\/\/www.blogsoestado.com\/joaquimhaickel\/wp-json\/wp\/v2\/users\/7"}],"replies":[{"embeddable":true,"href":"https:\/\/www.blogsoestado.com\/joaquimhaickel\/wp-json\/wp\/v2\/comments?post=1636"}],"version-history":[{"count":0,"href":"https:\/\/www.blogsoestado.com\/joaquimhaickel\/wp-json\/wp\/v2\/posts\/1636\/revisions"}],"wp:attachment":[{"href":"https:\/\/www.blogsoestado.com\/joaquimhaickel\/wp-json\/wp\/v2\/media?parent=1636"}],"wp:term":[{"taxonomy":"category","embeddable":true,"href":"https:\/\/www.blogsoestado.com\/joaquimhaickel\/wp-json\/wp\/v2\/categories?post=1636"},{"taxonomy":"post_tag","embeddable":true,"href":"https:\/\/www.blogsoestado.com\/joaquimhaickel\/wp-json\/wp\/v2\/tags?post=1636"}],"curies":[{"name":"wp","href":"https:\/\/api.w.org\/{rel}","templated":true}]}}