{"id":1640,"date":"2016-03-19T12:34:36","date_gmt":"2016-03-19T15:34:36","guid":{"rendered":"https:\/\/www.blogsoestado.com\/joaquimhaickel\/?p=1640"},"modified":"2016-03-19T12:34:36","modified_gmt":"2016-03-19T15:34:36","slug":"gente-somos-inutil","status":"publish","type":"post","link":"https:\/\/www.blogsoestado.com\/joaquimhaickel\/2016\/03\/19\/gente-somos-inutil\/","title":{"rendered":"\u201cA gente somos In\u00fatil!\u201d"},"content":{"rendered":"<p>&nbsp;<\/p>\n<p>Um dos maiores problemas da pol\u00edtica maranhense, bem como da pol\u00edtica brasileira, e de um modo geral, da pol\u00edtica mundial, \u00e9 a inexist\u00eancia de uma imprensa realmente livre e imparcial, liberta de partidarismos ou interesses comerciais.<\/p>\n<p>O leitor n\u00e3o consegue ter confian\u00e7a em uma mat\u00e9ria que n\u00e3o esteja desprovida de algum aspecto partid\u00e1rio, pois o que se v\u00ea na pr\u00e1tica \u00e9 que se algu\u00e9m critica negativamente um governo ou um governante, ou sua administra\u00e7\u00e3o, este \u00e9 do contra. Mas se outro algu\u00e9m critica esse mesmo indiv\u00edduo ou institui\u00e7\u00e3o positivamente, ele \u00e9 favor\u00e1vel ao analisado.<\/p>\n<p>\u00c9 rar\u00edssimo no Maranh\u00e3o, no Brasil, ou mesmo no mundo, analistas que ponderem o que est\u00e1 acontecendo sem o peso do partidarismo ou sem o ran\u00e7o da influ\u00eancia ideol\u00f3gica.<\/p>\n<p>Recentemente voltou \u00e0 baila o antigo caso de Pedrinhas. As p\u00e9ssimas condi\u00e7\u00f5es de encarceramento que afligem nosso complexo prisional n\u00e3o s\u00e3o piores nem melhores do que as dos demais estados brasileiros. N\u00e3o se pode negar que uma forte onda de viol\u00eancia aconteceu algum tempo atr\u00e1s, motivada por uma guerra intestina, dentro das diversas fac\u00e7\u00f5es que dominavam o pres\u00eddio e tamb\u00e9m o crime nas ruas de nossa capital e do nosso estado.<\/p>\n<p>Este problema foi abordado anteriormente de forma partid\u00e1ria e n\u00e3o apenas jornal\u00edstica. Os jornalistas advers\u00e1rios da ent\u00e3o governadora Roseana Sarney usaram toda esp\u00e9cie de argumentos para narrar e expor o caos do complexo prisional e do sistema carcer\u00e1rio de ent\u00e3o, enquanto os jornalistas ligados \u00e0 ent\u00e3o governante do Maranh\u00e3o tratavam de minorar o problema, esquecendo ou n\u00e3o abordando aspectos realmente equivocados daquela gest\u00e3o.<\/p>\n<p>O que ocorre agora \u00e9 uma invers\u00e3o de polos. Quem antes atacava, agora defende e vice-versa, fazendo com que o cidad\u00e3o fique \u00e0 merc\u00ea desse jornalismo partid\u00e1rio, onde o jornalista de antes como o de agora est\u00e1 a servi\u00e7o de uma causa pol\u00edtica partid\u00e1ria, grupal, olig\u00e1rquica, independentemente de quem sejam os grupos implicados.<\/p>\n<p>Algu\u00e9m pode imaginar, em s\u00e3 consci\u00eancia, que os graves problemas estruturais do sistema prisional e carcer\u00e1rio do Maranh\u00e3o tenham sido resolvidos pelo simples fato de ter havido uma mudan\u00e7a no comando dos destinos do Estado? Ou aqueles problemas n\u00e3o eram t\u00e3o grandes como se dizia ou eles, grandes e complexos como realmente s\u00e3o, ainda n\u00e3o foram sanados.<\/p>\n<p>Concordo que as mudan\u00e7as que foram feitas podem ter sido saneadoras em alguns aspectos, mas \u00e9 dif\u00edcil crer que o que era um inferno um ano atr\u00e1s, agora seja um para\u00edso.Mas o problema maior, em minha modesta opini\u00e3o, n\u00e3o \u00e9 esse, pois esse ter\u00e1 que ser resolvido de uma forma ou de outra. O maior problema, para o qual n\u00e3o vejo uma solu\u00e7\u00e3o plaus\u00edvel, a longo prazo, \u00e9 o fato de nosso jornalismo ser partid\u00e1rio.<\/p>\n<p>Vejamos o caso nacional. H\u00e1 hoje no Brasil tr\u00eas correntes jornal\u00edsticas. Uma maior, que ataca o governo petista, outra menor que o defende por motiva\u00e7\u00f5es inversas, enquanto uma pequena fatia tenta fazer um jornalismo que pesa e pondera as coisas e os fatos de modo imparcial.<\/p>\n<p>Ocorre que essa pequena fatia de jornalistas coerentes, que fica imprensada no meio fogo cruzado entre os que amam e os que odeiam Lula, Dilma e os petistas, quando eles ponderam uma coisa que favorece o PT s\u00e3o considerados partid\u00e1rios do PT, quando o fazem atacando a\u00e7\u00f5es que desfavore\u00e7am o atual governo e seus representantes s\u00e3o considerados tucanos, coxinhas ou fascistas.<\/p>\n<p>A pol\u00edtica em nosso pa\u00eds, e infelizmente, em nosso estado, deixou de ser uma constru\u00e7\u00e3o de proposituras e a\u00e7\u00f5es positivas, para se transformar numa busca desesperada pelos erros do advers\u00e1rio, como se um s\u00f3 pudesse se sobressair se o outro sucumbir na lama do erro e da corrup\u00e7\u00e3o.<\/p>\n<p>Tor\u00e7o para ver nas televis\u00f5es, ler nos jornais, blogs ou nas redes sociais, mat\u00e9rias que sejam realmente imparciais, que possam representar opini\u00f5es fundamentadas em fatos concretos e n\u00e3o na defesa dos interesses deste ou daquele grupo pol\u00edtico.<\/p>\n<p>&nbsp;<\/p>\n<p>PS: Depois de terminar esse texto e rel\u00ea-lo para revis\u00e1-lo, tive um acesso de riso. Acho que estava maluco quando o escrevi, pois isso sempre existiu, s\u00f3 est\u00e1 pior e infelizmente parece que n\u00e3o vai acabar.<\/p>\n<p>&nbsp;<\/p>\n<p>&nbsp;<\/p>\n","protected":false},"excerpt":{"rendered":"<p>&nbsp; Um dos maiores problemas da pol\u00edtica maranhense, bem como da pol\u00edtica brasileira, e de um modo geral, da pol\u00edtica [&hellip;]<\/p>\n","protected":false},"author":7,"featured_media":0,"comment_status":"open","ping_status":"open","sticky":false,"template":"","format":"standard","meta":{"site-sidebar-layout":"default","site-content-layout":"","ast-site-content-layout":"default","site-content-style":"default","site-sidebar-style":"default","ast-global-header-display":"","ast-banner-title-visibility":"","ast-main-header-display":"","ast-hfb-above-header-display":"","ast-hfb-below-header-display":"","ast-hfb-mobile-header-display":"","site-post-title":"","ast-breadcrumbs-content":"","ast-featured-img":"","footer-sml-layout":"","ast-disable-related-posts":"","theme-transparent-header-meta":"","adv-header-id-meta":"","stick-header-meta":"","header-above-stick-meta":"","header-main-stick-meta":"","header-below-stick-meta":"","astra-migrate-meta-layouts":"default","ast-page-background-enabled":"default","ast-page-background-meta":{"desktop":{"background-color":"var(--ast-global-color-5)","background-image":"","background-repeat":"repeat","background-position":"center center","background-size":"auto","background-attachment":"scroll","background-type":"","background-media":"","overlay-type":"","overlay-color":"","overlay-opacity":"","overlay-gradient":""},"tablet":{"background-color":"","background-image":"","background-repeat":"repeat","background-position":"center center","background-size":"auto","background-attachment":"scroll","background-type":"","background-media":"","overlay-type":"","overlay-color":"","overlay-opacity":"","overlay-gradient":""},"mobile":{"background-color":"","background-image":"","background-repeat":"repeat","background-position":"center center","background-size":"auto","background-attachment":"scroll","background-type":"","background-media":"","overlay-type":"","overlay-color":"","overlay-opacity":"","overlay-gradient":""}},"ast-content-background-meta":{"desktop":{"background-color":"var(--ast-global-color-4)","background-image":"","background-repeat":"repeat","background-position":"center center","background-size":"auto","background-attachment":"scroll","background-type":"","background-media":"","overlay-type":"","overlay-color":"","overlay-opacity":"","overlay-gradient":""},"tablet":{"background-color":"var(--ast-global-color-4)","background-image":"","background-repeat":"repeat","background-position":"center center","background-size":"auto","background-attachment":"scroll","background-type":"","background-media":"","overlay-type":"","overlay-color":"","overlay-opacity":"","overlay-gradient":""},"mobile":{"background-color":"var(--ast-global-color-4)","background-image":"","background-repeat":"repeat","background-position":"center center","background-size":"auto","background-attachment":"scroll","background-type":"","background-media":"","overlay-type":"","overlay-color":"","overlay-opacity":"","overlay-gradient":""}},"footnotes":""},"categories":[1],"tags":[],"class_list":["post-1640","post","type-post","status-publish","format-standard","hentry","category-sem-categoria"],"yoast_head":"<!-- This site is optimized with the Yoast SEO plugin v26.6 - https:\/\/yoast.com\/wordpress\/plugins\/seo\/ -->\n<title>\u201cA gente somos In\u00fatil!\u201d - Joaquim Haickel<\/title>\n<meta name=\"robots\" content=\"index, follow, max-snippet:-1, max-image-preview:large, max-video-preview:-1\" \/>\n<link rel=\"canonical\" href=\"https:\/\/www.blogsoestado.com\/joaquimhaickel\/2016\/03\/19\/gente-somos-inutil\/\" \/>\n<meta property=\"og:locale\" content=\"pt_BR\" \/>\n<meta property=\"og:type\" content=\"article\" \/>\n<meta property=\"og:title\" content=\"\u201cA gente somos In\u00fatil!\u201d - Joaquim Haickel\" \/>\n<meta property=\"og:description\" content=\"&nbsp; Um dos maiores problemas da pol\u00edtica maranhense, bem como da pol\u00edtica brasileira, e de um modo geral, da pol\u00edtica [&hellip;]\" \/>\n<meta property=\"og:url\" content=\"https:\/\/www.blogsoestado.com\/joaquimhaickel\/2016\/03\/19\/gente-somos-inutil\/\" \/>\n<meta property=\"og:site_name\" content=\"Joaquim Haickel\" \/>\n<meta property=\"article:published_time\" content=\"2016-03-19T15:34:36+00:00\" \/>\n<meta name=\"author\" content=\"Joaquim Haickel\" \/>\n<meta name=\"twitter:card\" content=\"summary_large_image\" \/>\n<meta name=\"twitter:label1\" content=\"Escrito por\" \/>\n\t<meta name=\"twitter:data1\" content=\"Joaquim Haickel\" \/>\n\t<meta name=\"twitter:label2\" content=\"Est. tempo de leitura\" \/>\n\t<meta name=\"twitter:data2\" content=\"4 minutos\" \/>\n<script type=\"application\/ld+json\" class=\"yoast-schema-graph\">{\"@context\":\"https:\/\/schema.org\",\"@graph\":[{\"@type\":\"WebPage\",\"@id\":\"https:\/\/www.blogsoestado.com\/joaquimhaickel\/2016\/03\/19\/gente-somos-inutil\/\",\"url\":\"https:\/\/www.blogsoestado.com\/joaquimhaickel\/2016\/03\/19\/gente-somos-inutil\/\",\"name\":\"\u201cA gente somos In\u00fatil!\u201d - Joaquim Haickel\",\"isPartOf\":{\"@id\":\"https:\/\/www.blogsoestado.com\/joaquimhaickel\/#website\"},\"datePublished\":\"2016-03-19T15:34:36+00:00\",\"author\":{\"@id\":\"https:\/\/www.blogsoestado.com\/joaquimhaickel\/#\/schema\/person\/4a711644aff28245c6c2c3452d66d325\"},\"breadcrumb\":{\"@id\":\"https:\/\/www.blogsoestado.com\/joaquimhaickel\/2016\/03\/19\/gente-somos-inutil\/#breadcrumb\"},\"inLanguage\":\"pt-BR\",\"potentialAction\":[{\"@type\":\"ReadAction\",\"target\":[\"https:\/\/www.blogsoestado.com\/joaquimhaickel\/2016\/03\/19\/gente-somos-inutil\/\"]}]},{\"@type\":\"BreadcrumbList\",\"@id\":\"https:\/\/www.blogsoestado.com\/joaquimhaickel\/2016\/03\/19\/gente-somos-inutil\/#breadcrumb\",\"itemListElement\":[{\"@type\":\"ListItem\",\"position\":1,\"name\":\"In\u00edcio\",\"item\":\"https:\/\/www.blogsoestado.com\/joaquimhaickel\/\"},{\"@type\":\"ListItem\",\"position\":2,\"name\":\"\u201cA gente somos In\u00fatil!\u201d\"}]},{\"@type\":\"WebSite\",\"@id\":\"https:\/\/www.blogsoestado.com\/joaquimhaickel\/#website\",\"url\":\"https:\/\/www.blogsoestado.com\/joaquimhaickel\/\",\"name\":\"Joaquim Haickel\",\"description\":\"\",\"potentialAction\":[{\"@type\":\"SearchAction\",\"target\":{\"@type\":\"EntryPoint\",\"urlTemplate\":\"https:\/\/www.blogsoestado.com\/joaquimhaickel\/?s={search_term_string}\"},\"query-input\":{\"@type\":\"PropertyValueSpecification\",\"valueRequired\":true,\"valueName\":\"search_term_string\"}}],\"inLanguage\":\"pt-BR\"},{\"@type\":\"Person\",\"@id\":\"https:\/\/www.blogsoestado.com\/joaquimhaickel\/#\/schema\/person\/4a711644aff28245c6c2c3452d66d325\",\"name\":\"Joaquim Haickel\",\"image\":{\"@type\":\"ImageObject\",\"inLanguage\":\"pt-BR\",\"@id\":\"https:\/\/www.blogsoestado.com\/joaquimhaickel\/#\/schema\/person\/image\/\",\"url\":\"https:\/\/secure.gravatar.com\/avatar\/473d89339b9f8ec089adb8d5778363eb5a2ba2319956bcf0298bfd8cca04684a?s=96&d=mm&r=g\",\"contentUrl\":\"https:\/\/secure.gravatar.com\/avatar\/473d89339b9f8ec089adb8d5778363eb5a2ba2319956bcf0298bfd8cca04684a?s=96&d=mm&r=g\",\"caption\":\"Joaquim Haickel\"},\"url\":\"https:\/\/www.blogsoestado.com\/joaquimhaickel\/author\/joaquimhaickel\/\"}]}<\/script>\n<!-- \/ Yoast SEO plugin. -->","yoast_head_json":{"title":"\u201cA gente somos In\u00fatil!\u201d - Joaquim Haickel","robots":{"index":"index","follow":"follow","max-snippet":"max-snippet:-1","max-image-preview":"max-image-preview:large","max-video-preview":"max-video-preview:-1"},"canonical":"https:\/\/www.blogsoestado.com\/joaquimhaickel\/2016\/03\/19\/gente-somos-inutil\/","og_locale":"pt_BR","og_type":"article","og_title":"\u201cA gente somos In\u00fatil!\u201d - Joaquim Haickel","og_description":"&nbsp; Um dos maiores problemas da pol\u00edtica maranhense, bem como da pol\u00edtica brasileira, e de um modo geral, da pol\u00edtica [&hellip;]","og_url":"https:\/\/www.blogsoestado.com\/joaquimhaickel\/2016\/03\/19\/gente-somos-inutil\/","og_site_name":"Joaquim Haickel","article_published_time":"2016-03-19T15:34:36+00:00","author":"Joaquim Haickel","twitter_card":"summary_large_image","twitter_misc":{"Escrito por":"Joaquim Haickel","Est. tempo de leitura":"4 minutos"},"schema":{"@context":"https:\/\/schema.org","@graph":[{"@type":"WebPage","@id":"https:\/\/www.blogsoestado.com\/joaquimhaickel\/2016\/03\/19\/gente-somos-inutil\/","url":"https:\/\/www.blogsoestado.com\/joaquimhaickel\/2016\/03\/19\/gente-somos-inutil\/","name":"\u201cA gente somos In\u00fatil!\u201d - Joaquim Haickel","isPartOf":{"@id":"https:\/\/www.blogsoestado.com\/joaquimhaickel\/#website"},"datePublished":"2016-03-19T15:34:36+00:00","author":{"@id":"https:\/\/www.blogsoestado.com\/joaquimhaickel\/#\/schema\/person\/4a711644aff28245c6c2c3452d66d325"},"breadcrumb":{"@id":"https:\/\/www.blogsoestado.com\/joaquimhaickel\/2016\/03\/19\/gente-somos-inutil\/#breadcrumb"},"inLanguage":"pt-BR","potentialAction":[{"@type":"ReadAction","target":["https:\/\/www.blogsoestado.com\/joaquimhaickel\/2016\/03\/19\/gente-somos-inutil\/"]}]},{"@type":"BreadcrumbList","@id":"https:\/\/www.blogsoestado.com\/joaquimhaickel\/2016\/03\/19\/gente-somos-inutil\/#breadcrumb","itemListElement":[{"@type":"ListItem","position":1,"name":"In\u00edcio","item":"https:\/\/www.blogsoestado.com\/joaquimhaickel\/"},{"@type":"ListItem","position":2,"name":"\u201cA gente somos In\u00fatil!\u201d"}]},{"@type":"WebSite","@id":"https:\/\/www.blogsoestado.com\/joaquimhaickel\/#website","url":"https:\/\/www.blogsoestado.com\/joaquimhaickel\/","name":"Joaquim Haickel","description":"","potentialAction":[{"@type":"SearchAction","target":{"@type":"EntryPoint","urlTemplate":"https:\/\/www.blogsoestado.com\/joaquimhaickel\/?s={search_term_string}"},"query-input":{"@type":"PropertyValueSpecification","valueRequired":true,"valueName":"search_term_string"}}],"inLanguage":"pt-BR"},{"@type":"Person","@id":"https:\/\/www.blogsoestado.com\/joaquimhaickel\/#\/schema\/person\/4a711644aff28245c6c2c3452d66d325","name":"Joaquim Haickel","image":{"@type":"ImageObject","inLanguage":"pt-BR","@id":"https:\/\/www.blogsoestado.com\/joaquimhaickel\/#\/schema\/person\/image\/","url":"https:\/\/secure.gravatar.com\/avatar\/473d89339b9f8ec089adb8d5778363eb5a2ba2319956bcf0298bfd8cca04684a?s=96&d=mm&r=g","contentUrl":"https:\/\/secure.gravatar.com\/avatar\/473d89339b9f8ec089adb8d5778363eb5a2ba2319956bcf0298bfd8cca04684a?s=96&d=mm&r=g","caption":"Joaquim Haickel"},"url":"https:\/\/www.blogsoestado.com\/joaquimhaickel\/author\/joaquimhaickel\/"}]}},"jetpack_featured_media_url":"","_links":{"self":[{"href":"https:\/\/www.blogsoestado.com\/joaquimhaickel\/wp-json\/wp\/v2\/posts\/1640","targetHints":{"allow":["GET"]}}],"collection":[{"href":"https:\/\/www.blogsoestado.com\/joaquimhaickel\/wp-json\/wp\/v2\/posts"}],"about":[{"href":"https:\/\/www.blogsoestado.com\/joaquimhaickel\/wp-json\/wp\/v2\/types\/post"}],"author":[{"embeddable":true,"href":"https:\/\/www.blogsoestado.com\/joaquimhaickel\/wp-json\/wp\/v2\/users\/7"}],"replies":[{"embeddable":true,"href":"https:\/\/www.blogsoestado.com\/joaquimhaickel\/wp-json\/wp\/v2\/comments?post=1640"}],"version-history":[{"count":0,"href":"https:\/\/www.blogsoestado.com\/joaquimhaickel\/wp-json\/wp\/v2\/posts\/1640\/revisions"}],"wp:attachment":[{"href":"https:\/\/www.blogsoestado.com\/joaquimhaickel\/wp-json\/wp\/v2\/media?parent=1640"}],"wp:term":[{"taxonomy":"category","embeddable":true,"href":"https:\/\/www.blogsoestado.com\/joaquimhaickel\/wp-json\/wp\/v2\/categories?post=1640"},{"taxonomy":"post_tag","embeddable":true,"href":"https:\/\/www.blogsoestado.com\/joaquimhaickel\/wp-json\/wp\/v2\/tags?post=1640"}],"curies":[{"name":"wp","href":"https:\/\/api.w.org\/{rel}","templated":true}]}}