{"id":170,"date":"2007-06-19T21:45:04","date_gmt":"2007-06-19T21:45:04","guid":{"rendered":"https:\/\/www.blogsoestado.com\/joaquimhaickel\/2007\/06\/19\/reproduzo-abaixo-materia-publicada-na-pagina-do-jornalista-decio-sa-sobre-o-discurso-que-fiz-hoje-pela-manha-na-assembleia-legislativa-mais-abaixo-voce-podera-ler-a-minha-resposta\/"},"modified":"2007-06-19T21:45:04","modified_gmt":"2007-06-19T21:45:04","slug":"reproduzo-abaixo-materia-publicada-na-pagina-do-jornalista-decio-sa-sobre-o-discurso-que-fiz-hoje-pela-manha-na-assembleia-legislativa-mais-abaixo-voce-podera-ler-a-minha-resposta","status":"publish","type":"post","link":"https:\/\/www.blogsoestado.com\/joaquimhaickel\/2007\/06\/19\/reproduzo-abaixo-materia-publicada-na-pagina-do-jornalista-decio-sa-sobre-o-discurso-que-fiz-hoje-pela-manha-na-assembleia-legislativa-mais-abaixo-voce-podera-ler-a-minha-resposta\/","title":{"rendered":"Reproduzo abaixo mat\u00e9ria publicada na pagina do jornalista D\u00e9cio S\u00e1 sobre o discurso que fiz hoje pela manh\u00e3 na Assembl\u00e9ia Legislativa. Mais abaixo voc\u00ea poder\u00e1 ler a minha resposta."},"content":{"rendered":"<p><b><font size=\"3\"><\/font><\/b><\/p>\n<p><b><font size=\"4\">Joaquim Haickel e a Opera\u00e7\u00e3o Navalha<\/font><\/b><\/p>\n<p><img src='https:\/\/www.blogsoestado.com\/joaquimhaickel\/files\/2008\/05\/joaquimhaickel.jpg' \/><\/p>\n<p><font size=\"3\">A pretexto de defender o Estado Democr\u00e1tico de Direito e a presun\u00e7\u00e3o da inoc\u00eancia, o deputado sarneysista Joaquim Haickel (PMDB) defendeu hoje, em discurso na Assembl\u00e9ia, mesmo sem citar nomes, os acusados pela Pol\u00edcia Federal na Opera\u00e7\u00e3o Navalha.<\/p>\n<p>Para a maioria dos presentes, inclusive seus colegas de bancada, imprensa e membros da galeria, Haickel deu mais motivo ao preso Jos\u00e9 Reinaldo Tavares (PSB) e ao prov\u00e1vel indiciado Jackson Lago (PDT) a continuarem com a balela de que est\u00e3o sendo v\u00edtimas de persegui\u00e7\u00e3o pol\u00edtica.<\/p>\n<p>Enquanto o deputado discursava, coube a seus colegas governistas elogi\u00e1-lo colocando, em apartes, a cereja no bolo: usar seu discurso para refor\u00e7ar a defesa dos envolvidos.<\/p>\n<p>O l\u00edder do governo, Edivaldo Holanda (PSL), classificou a iniciativa do deputado de brilhante, pertinente e oportuna. \u0093Estou emocionado. Muita gente \u00e9 condenada antecipadamente pela m\u00eddia (Jackson) sem direito a defesa\u0094, enfatizou o l\u00edder.<\/p>\n<p>\u0093Falo do recuo da moralidade e da \u00e9tica e do conseq\u00fcente avan\u00e7o do estado policialesco e repressor, onde o aparato policial ocupa o espa\u00e7o que outrora era reservado aos grandes l\u00edderes da na\u00e7\u00e3o. De algum tempo para c\u00e1, s\u00f3 temos visto esc\u00e2ndalos e mais esc\u00e2ndalos envolvendo as mais ilustres figuras da na\u00e7\u00e3o\u0094, discursou o peemedebista.<\/p>\n<p>Aqui cabe uma opini\u00e3o minha: se a pol\u00edcia est\u00e1 ocupando o local de grandes l\u00edderes, como no caso da Opera\u00e7\u00e3o Navalha, \u00e9 porque tais \u0093l\u00edderes\u0094 est\u00e3o dando motivo para tal. Nesse ponto, o ex-presidente da Assembl\u00e9ia Tat\u00e1 Milhomem (DEM) aparteou o colega para dizer que 90% da popula\u00e7\u00e3o ap\u00f3ia as a\u00e7\u00f5es da Pol\u00edcia Federal.<\/p>\n<p>\u0093Se fosse me influenciar por pesquisa n\u00e3o estaria aqui como deputado\u0094, rebateu Haickel. \u0093Quem n\u00e3o deve n\u00e3o teme. Quem est\u00e1 sendo investigado \u00e9 porque \u00e9 suspeito\u0094, retrucou Tat\u00e1.<\/p>\n<p>Em seu discurso, Haickel afirmou que \u0093o fato do acusado \u00e9 quem ter que provar que \u00e9 inocente, embora a lei preveja que a presun\u00e7\u00e3o de inoc\u00eancia \u00e9 uma das mais importantes garantias constitucionais do indiv\u00edduo\u0094.<\/p>\n<p>Impressionante como agora, s\u00f3 porque a PF colocou alguns tubar\u00f5es, bois de ra\u00e7a e lambaris poucos dias atr\u00e1s das grades, todo mundo \u0096 e n\u00e3o \u00e9 s\u00f3 o caso do deputado em quest\u00e3o \u0096 resolveu condenar a pol\u00edcia.<\/p>\n<p>Por essa vis\u00e3o, o senhor Zuleido Veras, dono da Gautama, que construiu aquelas pontes ligando o nada a lugar nenhum, s\u00f3 deveria responder pelo crime &#8211; algu\u00e9m ainda tem alguma d\u00favida? &#8211; e ser preso ao final do processo, n\u00e3o se sabe quando. <\/p>\n<p>Talvez, como nossa Justi\u00e7a \u00e9 demorada, o caso at\u00e9 prescrevesse e ele, sem o susto de alguns dias atr\u00e1s das grades e a exposi\u00e7\u00e3o a que foi submetido, continuasse por a\u00ed roubando os cofres p\u00fablicos com o apoio dos ditos \u0093l\u00edderes\u0094 a que o parlamentar se referiu em seu discurso.<\/p>\n<p>Haickel chega ao \u00e1pice de sua an\u00e1lise fazendo o que muitos pol\u00edticos gostam de fazer: colocar a culpa na imprensa. \u0093A cobertura jornal\u00edstica de casos sob julgamento pode produzir efeitos danosos para o r\u00e9u, especialmente se este j\u00e1 \u00e9 apresentado inapelavelmente como culpado\u0094, discursou.<\/p>\n<p>Nesse ponto, concordo com restri\u00e7\u00e3o. Isso s\u00f3 acontece se o trabalho jornal\u00edstico for mal feito. Um trabalho jornal\u00edstico bem feito, al\u00e9m de ajudar a investiga\u00e7\u00e3o e o julgamento, pode evitar que o processo seja esquecido na gaveta de algum chefe maior.<\/p>\n<p>Leia <a href=\"http:\/\/www.al.ma.gov.br\/paginas\/discursos.php?codigo1=1143&amp;codigo2=117\" target=\"BLANK\"><font color=\"#FF0000\">aqui<\/font><\/a> a \u00edntegra do discurso de Joaquim Haickel com os apartes dos colegas.<br \/><font color=\"#808080\"><b><font size=\"2\">Escrito por D\u00e9cio S\u00e1 em 19\/06\/07 17:09:00<\/font><\/b><\/font><\/font><\/p>\n<p><b><font size=\"5\">Carta aberta a D\u00e9cio S\u00e1 e a quem interessar possa.<\/font><\/b><\/p>\n<p><font size=\"3\">Caro amigo D\u00e9cio,<\/p>\n<p>Infelizmente os coment\u00e1rios ao seu blog t\u00eam limita\u00e7\u00e3o de quantidade de caracteres digitados. Assim fica dif\u00edcil de esclarecer algumas coisas, mesmo sabendo que alguns jornalistas na verdade n\u00e3o desejam esclarecer absolutamente nada, o que eles querem mesmo \u00e9 confundir todo mundo e com isso fazer prevalecer a vers\u00e3o dos fatos que mais lhes conv\u00e9m. <\/p>\n<p>Todos que me conhecem sabem que sou uma pessoa aberta ao dialogo, de posi\u00e7\u00f5es claras e de postura franca. N\u00e3o sou afeito a fofocas e abomino a hipocrisia. Tenho um hist\u00f3rico de coer\u00eancia que n\u00e3o ser\u00e1 maculado por press\u00f5es nem por patrulhamento ideol\u00f3gico das novas Vestais da moralidade. <\/p>\n<p>Imagino que voc\u00ea pelo menos imagine que eu n\u00e3o seja burro. Se n\u00e3o estivesse preparado para criticas n\u00e3o exporia meus pontos de vistas. Se n\u00e3o soubesse das conseq\u00fc\u00eancias e n\u00e3o me responsabilizasse por elas, n\u00e3o tomaria as posi\u00e7\u00f5es que costumo tomar. <\/p>\n<p>Quanto ao discurso que proferi hoje na ALM, ao qual voc\u00ea n\u00e3o estava presente, discorri sobre algumas coisas que reputo muito importantes para a vida da na\u00e7\u00e3o, como o respeito \u00e0s leis e as garantias constitucionais aos direitos dos indiv\u00edduos, sem os quais n\u00e3o pode haver direito coletivo nem democracia.  <\/p>\n<p>Mas vamos ao que interessa: N\u00f3s bem que poder\u00edamos come\u00e7ar esclarecendo o titulo de sua mat\u00e9ria: \u0093Joaquim Haickel e a opera\u00e7\u00e3o navalha\u0094, que me lembra muito os t\u00edtulos das mat\u00e9rias do Jornal Pequeno de alguns anos atr\u00e1s. Pura apela\u00e7\u00e3o, e ainda por cima ruim. <\/p>\n<p>Quem for ler, e s\u00e3o muitos os seus leitores, a principio pode at\u00e9 imaginar que eu tenha alguma coisa a ver com a tal cortante opera\u00e7\u00e3o, mas bastar\u00e1 um minutinho para o desavisado leitor entender o que realmente aconteceu. \u00c9 que eu defendo uma posi\u00e7\u00e3o filos\u00f3fica e ideol\u00f3gica que clara e simplesmente desagrada ao nobre escrevente. Portanto as suas criticas ao meu discurso de hoje se devem exclusivamente ao fato dele n\u00e3o coincidir com os seus interesses pol\u00edticos e eu n\u00e3o sou agente de seus interesses pol\u00edticos, meu caro. <\/p>\n<p>Al\u00e9m do mais n\u00e3o posso imaginar que um jornalista brilhante como voc\u00ea se oponha ao estado democr\u00e1tico de direito. Como a minha posi\u00e7\u00e3o e o meu discurso n\u00e3o se coadunam com seus interesses, ent\u00e3o voc\u00ea resolveu achar que ele n\u00e3o presta, que estou falando besteira, que estou errado. Sem melhores argumentos voc\u00ea chega ao cumulo de dizer que estou defendendo Z\u00e9 Reinaldo e Jackson e que culpo a imprensa, da qual eu mesmo fa\u00e7o parte. <\/p>\n<p>Exemplo claro do seu <b>modus operandi <\/b> \u00e9 o que voc\u00ea achava e dizia do deputado Ricardo Murad antes dele voltar as hostis de nosso grupo pol\u00edtico. Ricardo era tido e havido como um monstro, um pol\u00edtico da pior esp\u00e9cie. Hoje ele \u00e9 a r\u00e9gua e o compasso de alguns jornalistas, assim como voc\u00ea. Por essa e por outras, fico reconfortado em saber de suas restri\u00e7\u00f5es ao meu discurso, da minha defesa intransigente dos direitos e garantias do individuo previstos no artigo quinto de constitui\u00e7\u00e3o que t\u00e3o honrosamente ajudei a fazer. <\/p>\n<p>Nunca falei, nem falaria nada contra qualquer a\u00e7\u00e3o que vise reprimir a impunidade e punir a corrup\u00e7\u00e3o. Elas s\u00e3o a\u00e7\u00f5es indispens\u00e1veis para o correto e sadio funcionamento da democracia. O que n\u00e3o admito \u00e9 que o Estado para implementar tais a\u00e7\u00f5es fira direitos fundamentais dos indiv\u00edduos e rasgue a nossa lei maior. Isso nunca, sen\u00e3o ser\u00e1 o caos. O Estado, neste caso a justi\u00e7a e a policia a seu servi\u00e7o, tem que agir na defesa intransigente da sociedade, mas de acordo com os preceitos constitucionais que garantem ao cidad\u00e3o esta qualidade. O desrespeito aos preceitos constitucionais destr\u00f3i a fun\u00e7\u00e3o da a\u00e7\u00e3o que pretende ser saneadora, e torna-se mais um problema. O maior de todos, a quebra do estado de direito. <\/p>\n<p>Ao contrario do que o nobre amigo imagina, a minha motiva\u00e7\u00e3o n\u00e3o foi a defesa do governador Jackson Lago ou de meus particulares amigos Ney e Silas. Se a minha posi\u00e7\u00e3o favorece algu\u00e9m, isso n\u00e3o \u00e9 problema meu. Meu problema \u00e9 defender o que acredito e nesse intento \u00e9 que ajo.<\/p>\n<p>Algumas coisas me levaram a fazer esse discurso hoje. A primeira foi o fato de semanas atr\u00e1s ter encontrado no sal\u00e3o verde da c\u00e2mara federal com o novamente deputado Ibsen Pinheiro, execrado e condenado previamente como fraudador e corrupto e que depois provou sua inoc\u00eancia. Um pouco tarde demais. Ibsen me avistou e veio falar comigo, me cumprimentar. Vi nele as marcar da calunia e da difama\u00e7\u00e3o. Foi triste. Honra \u00e9 como vida, n\u00e3o se rep\u00f5e.<\/p>\n<p>Outro motivo foi o que se tentou fazer recentemente com o deputado Paulo Neto. Muita gente chegou mesmo a acreditar que ele tinha algum envolvimento na morte do prefeito Bertin, mas parece que est\u00e1 claro que n\u00e3o tem e se tiver ele s\u00f3 poderia ser condenado depois de julgado legalmente, n\u00e3o por antecipa\u00e7\u00e3o, porque sen\u00e3o, pra que a justi\u00e7a?<\/p>\n<p>Uma outra coisa me fez pensar muito sobre isso tudo. Vi uma entrevista feita no sul do pa\u00eds, onde o rep\u00f3rter buscava saber de uma senhora qual sua opini\u00e3o sobre a soltura de alguns presos envolvidos com jogos e ca\u00e7a-n\u00edqueis, e ela respondeu que isso era um absurdo, a policia prendia e no mesmo dia a justi\u00e7a soltava. O que \u00e9 uma grande inverdade e n\u00e3o apareceu um ancora pra explicar que nesses casos quem prende e quem solta \u00e9 a justi\u00e7a, que a policia s\u00f3 cumpre ordens da justi\u00e7a.<\/p>\n<p>Essa total invers\u00e3o de valores e tal desconhecimento me motivaram falar desse assunto. Acho que fiz bem.<\/p>\n<p>Cordialmente,<\/p>\n<p>Joaquim Nagib Haickel.    <\/p>\n<p>PS: Caro D\u00e9cio, gostaria muito de lhe agradecer por ter comentado em seu blog o meu modesto discurso de hoje na Assembl\u00e9ia Legislativa. Com isso voc\u00ea aumentou imensamente o alcance de minhas palavras gra\u00e7as a sua grande audi\u00eancia. Outra coisa, que foto maravilhosa a que voc\u00ea escolheu para ilustrar a mat\u00e9ria! Acho at\u00e9 que fiquei bonito! Mas o melhor da foto foi o detalhe ao fundo, onde se l\u00ea a frase <b>\u0093n\u00e3o h\u00e1 democracia sem parlamento livre\u0094<\/b>, de autoria de Jos\u00e9 Sarney, seu patr\u00e3o e meu guru.<\/font><\/p>\n","protected":false},"excerpt":{"rendered":"<p>Joaquim Haickel e a Opera\u00e7\u00e3o Navalha A pretexto de defender o Estado Democr\u00e1tico de Direito e a presun\u00e7\u00e3o da inoc\u00eancia, [&hellip;]<\/p>\n","protected":false},"author":7,"featured_media":0,"comment_status":"open","ping_status":"open","sticky":false,"template":"","format":"standard","meta":{"site-sidebar-layout":"default","site-content-layout":"","ast-site-content-layout":"default","site-content-style":"default","site-sidebar-style":"default","ast-global-header-display":"","ast-banner-title-visibility":"","ast-main-header-display":"","ast-hfb-above-header-display":"","ast-hfb-below-header-display":"","ast-hfb-mobile-header-display":"","site-post-title":"","ast-breadcrumbs-content":"","ast-featured-img":"","footer-sml-layout":"","ast-disable-related-posts":"","theme-transparent-header-meta":"","adv-header-id-meta":"","stick-header-meta":"","header-above-stick-meta":"","header-main-stick-meta":"","header-below-stick-meta":"","astra-migrate-meta-layouts":"default","ast-page-background-enabled":"default","ast-page-background-meta":{"desktop":{"background-color":"var(--ast-global-color-5)","background-image":"","background-repeat":"repeat","background-position":"center center","background-size":"auto","background-attachment":"scroll","background-type":"","background-media":"","overlay-type":"","overlay-color":"","overlay-opacity":"","overlay-gradient":""},"tablet":{"background-color":"","background-image":"","background-repeat":"repeat","background-position":"center center","background-size":"auto","background-attachment":"scroll","background-type":"","background-media":"","overlay-type":"","overlay-color":"","overlay-opacity":"","overlay-gradient":""},"mobile":{"background-color":"","background-image":"","background-repeat":"repeat","background-position":"center center","background-size":"auto","background-attachment":"scroll","background-type":"","background-media":"","overlay-type":"","overlay-color":"","overlay-opacity":"","overlay-gradient":""}},"ast-content-background-meta":{"desktop":{"background-color":"var(--ast-global-color-4)","background-image":"","background-repeat":"repeat","background-position":"center center","background-size":"auto","background-attachment":"scroll","background-type":"","background-media":"","overlay-type":"","overlay-color":"","overlay-opacity":"","overlay-gradient":""},"tablet":{"background-color":"var(--ast-global-color-4)","background-image":"","background-repeat":"repeat","background-position":"center center","background-size":"auto","background-attachment":"scroll","background-type":"","background-media":"","overlay-type":"","overlay-color":"","overlay-opacity":"","overlay-gradient":""},"mobile":{"background-color":"var(--ast-global-color-4)","background-image":"","background-repeat":"repeat","background-position":"center center","background-size":"auto","background-attachment":"scroll","background-type":"","background-media":"","overlay-type":"","overlay-color":"","overlay-opacity":"","overlay-gradient":""}},"footnotes":""},"categories":[3],"tags":[],"class_list":["post-170","post","type-post","status-publish","format-standard","hentry","category-geral"],"yoast_head":"<!-- This site is optimized with the Yoast SEO plugin v26.6 - https:\/\/yoast.com\/wordpress\/plugins\/seo\/ -->\n<title>Reproduzo abaixo mat\u00e9ria publicada na pagina do jornalista D\u00e9cio S\u00e1 sobre o discurso que fiz hoje pela manh\u00e3 na Assembl\u00e9ia Legislativa. Mais abaixo voc\u00ea poder\u00e1 ler a minha resposta. - Joaquim Haickel<\/title>\n<meta name=\"robots\" content=\"index, follow, max-snippet:-1, max-image-preview:large, max-video-preview:-1\" \/>\n<link rel=\"canonical\" href=\"https:\/\/www.blogsoestado.com\/joaquimhaickel\/2007\/06\/19\/reproduzo-abaixo-materia-publicada-na-pagina-do-jornalista-decio-sa-sobre-o-discurso-que-fiz-hoje-pela-manha-na-assembleia-legislativa-mais-abaixo-voce-podera-ler-a-minha-resposta\/\" \/>\n<meta property=\"og:locale\" content=\"pt_BR\" \/>\n<meta property=\"og:type\" content=\"article\" \/>\n<meta property=\"og:title\" content=\"Reproduzo abaixo mat\u00e9ria publicada na pagina do jornalista D\u00e9cio S\u00e1 sobre o discurso que fiz hoje pela manh\u00e3 na Assembl\u00e9ia Legislativa. Mais abaixo voc\u00ea poder\u00e1 ler a minha resposta. - Joaquim Haickel\" \/>\n<meta property=\"og:description\" content=\"Joaquim Haickel e a Opera\u00e7\u00e3o Navalha A pretexto de defender o Estado Democr\u00e1tico de Direito e a presun\u00e7\u00e3o da inoc\u00eancia, [&hellip;]\" \/>\n<meta property=\"og:url\" content=\"https:\/\/www.blogsoestado.com\/joaquimhaickel\/2007\/06\/19\/reproduzo-abaixo-materia-publicada-na-pagina-do-jornalista-decio-sa-sobre-o-discurso-que-fiz-hoje-pela-manha-na-assembleia-legislativa-mais-abaixo-voce-podera-ler-a-minha-resposta\/\" \/>\n<meta property=\"og:site_name\" content=\"Joaquim Haickel\" \/>\n<meta property=\"article:published_time\" content=\"2007-06-19T21:45:04+00:00\" \/>\n<meta property=\"og:image\" content=\"https:\/\/www.blogsoestado.com\/joaquimhaickel\/files\/2008\/05\/joaquimhaickel.jpg\" \/>\n<meta name=\"author\" content=\"Joaquim Haickel\" \/>\n<meta name=\"twitter:card\" content=\"summary_large_image\" \/>\n<meta name=\"twitter:label1\" content=\"Escrito por\" \/>\n\t<meta name=\"twitter:data1\" content=\"Joaquim Haickel\" \/>\n\t<meta name=\"twitter:label2\" content=\"Est. tempo de leitura\" \/>\n\t<meta name=\"twitter:data2\" content=\"9 minutos\" \/>\n<script type=\"application\/ld+json\" class=\"yoast-schema-graph\">{\"@context\":\"https:\/\/schema.org\",\"@graph\":[{\"@type\":\"WebPage\",\"@id\":\"https:\/\/www.blogsoestado.com\/joaquimhaickel\/2007\/06\/19\/reproduzo-abaixo-materia-publicada-na-pagina-do-jornalista-decio-sa-sobre-o-discurso-que-fiz-hoje-pela-manha-na-assembleia-legislativa-mais-abaixo-voce-podera-ler-a-minha-resposta\/\",\"url\":\"https:\/\/www.blogsoestado.com\/joaquimhaickel\/2007\/06\/19\/reproduzo-abaixo-materia-publicada-na-pagina-do-jornalista-decio-sa-sobre-o-discurso-que-fiz-hoje-pela-manha-na-assembleia-legislativa-mais-abaixo-voce-podera-ler-a-minha-resposta\/\",\"name\":\"Reproduzo abaixo mat\u00e9ria publicada na pagina do jornalista D\u00e9cio S\u00e1 sobre o discurso que fiz hoje pela manh\u00e3 na Assembl\u00e9ia Legislativa. Mais abaixo voc\u00ea poder\u00e1 ler a minha resposta. - Joaquim Haickel\",\"isPartOf\":{\"@id\":\"https:\/\/www.blogsoestado.com\/joaquimhaickel\/#website\"},\"primaryImageOfPage\":{\"@id\":\"https:\/\/www.blogsoestado.com\/joaquimhaickel\/2007\/06\/19\/reproduzo-abaixo-materia-publicada-na-pagina-do-jornalista-decio-sa-sobre-o-discurso-que-fiz-hoje-pela-manha-na-assembleia-legislativa-mais-abaixo-voce-podera-ler-a-minha-resposta\/#primaryimage\"},\"image\":{\"@id\":\"https:\/\/www.blogsoestado.com\/joaquimhaickel\/2007\/06\/19\/reproduzo-abaixo-materia-publicada-na-pagina-do-jornalista-decio-sa-sobre-o-discurso-que-fiz-hoje-pela-manha-na-assembleia-legislativa-mais-abaixo-voce-podera-ler-a-minha-resposta\/#primaryimage\"},\"thumbnailUrl\":\"https:\/\/www.blogsoestado.com\/joaquimhaickel\/files\/2008\/05\/joaquimhaickel.jpg\",\"datePublished\":\"2007-06-19T21:45:04+00:00\",\"author\":{\"@id\":\"https:\/\/www.blogsoestado.com\/joaquimhaickel\/#\/schema\/person\/4a711644aff28245c6c2c3452d66d325\"},\"breadcrumb\":{\"@id\":\"https:\/\/www.blogsoestado.com\/joaquimhaickel\/2007\/06\/19\/reproduzo-abaixo-materia-publicada-na-pagina-do-jornalista-decio-sa-sobre-o-discurso-que-fiz-hoje-pela-manha-na-assembleia-legislativa-mais-abaixo-voce-podera-ler-a-minha-resposta\/#breadcrumb\"},\"inLanguage\":\"pt-BR\",\"potentialAction\":[{\"@type\":\"ReadAction\",\"target\":[\"https:\/\/www.blogsoestado.com\/joaquimhaickel\/2007\/06\/19\/reproduzo-abaixo-materia-publicada-na-pagina-do-jornalista-decio-sa-sobre-o-discurso-que-fiz-hoje-pela-manha-na-assembleia-legislativa-mais-abaixo-voce-podera-ler-a-minha-resposta\/\"]}]},{\"@type\":\"ImageObject\",\"inLanguage\":\"pt-BR\",\"@id\":\"https:\/\/www.blogsoestado.com\/joaquimhaickel\/2007\/06\/19\/reproduzo-abaixo-materia-publicada-na-pagina-do-jornalista-decio-sa-sobre-o-discurso-que-fiz-hoje-pela-manha-na-assembleia-legislativa-mais-abaixo-voce-podera-ler-a-minha-resposta\/#primaryimage\",\"url\":\"https:\/\/www.blogsoestado.com\/joaquimhaickel\/files\/2008\/05\/joaquimhaickel.jpg\",\"contentUrl\":\"https:\/\/www.blogsoestado.com\/joaquimhaickel\/files\/2008\/05\/joaquimhaickel.jpg\"},{\"@type\":\"BreadcrumbList\",\"@id\":\"https:\/\/www.blogsoestado.com\/joaquimhaickel\/2007\/06\/19\/reproduzo-abaixo-materia-publicada-na-pagina-do-jornalista-decio-sa-sobre-o-discurso-que-fiz-hoje-pela-manha-na-assembleia-legislativa-mais-abaixo-voce-podera-ler-a-minha-resposta\/#breadcrumb\",\"itemListElement\":[{\"@type\":\"ListItem\",\"position\":1,\"name\":\"In\u00edcio\",\"item\":\"https:\/\/www.blogsoestado.com\/joaquimhaickel\/\"},{\"@type\":\"ListItem\",\"position\":2,\"name\":\"Reproduzo abaixo mat\u00e9ria publicada na pagina do jornalista D\u00e9cio S\u00e1 sobre o discurso que fiz hoje pela manh\u00e3 na Assembl\u00e9ia Legislativa. Mais abaixo voc\u00ea poder\u00e1 ler a minha resposta.\"}]},{\"@type\":\"WebSite\",\"@id\":\"https:\/\/www.blogsoestado.com\/joaquimhaickel\/#website\",\"url\":\"https:\/\/www.blogsoestado.com\/joaquimhaickel\/\",\"name\":\"Joaquim Haickel\",\"description\":\"\",\"potentialAction\":[{\"@type\":\"SearchAction\",\"target\":{\"@type\":\"EntryPoint\",\"urlTemplate\":\"https:\/\/www.blogsoestado.com\/joaquimhaickel\/?s={search_term_string}\"},\"query-input\":{\"@type\":\"PropertyValueSpecification\",\"valueRequired\":true,\"valueName\":\"search_term_string\"}}],\"inLanguage\":\"pt-BR\"},{\"@type\":\"Person\",\"@id\":\"https:\/\/www.blogsoestado.com\/joaquimhaickel\/#\/schema\/person\/4a711644aff28245c6c2c3452d66d325\",\"name\":\"Joaquim Haickel\",\"image\":{\"@type\":\"ImageObject\",\"inLanguage\":\"pt-BR\",\"@id\":\"https:\/\/www.blogsoestado.com\/joaquimhaickel\/#\/schema\/person\/image\/\",\"url\":\"https:\/\/secure.gravatar.com\/avatar\/473d89339b9f8ec089adb8d5778363eb5a2ba2319956bcf0298bfd8cca04684a?s=96&d=mm&r=g\",\"contentUrl\":\"https:\/\/secure.gravatar.com\/avatar\/473d89339b9f8ec089adb8d5778363eb5a2ba2319956bcf0298bfd8cca04684a?s=96&d=mm&r=g\",\"caption\":\"Joaquim Haickel\"},\"url\":\"https:\/\/www.blogsoestado.com\/joaquimhaickel\/author\/joaquimhaickel\/\"}]}<\/script>\n<!-- \/ Yoast SEO plugin. -->","yoast_head_json":{"title":"Reproduzo abaixo mat\u00e9ria publicada na pagina do jornalista D\u00e9cio S\u00e1 sobre o discurso que fiz hoje pela manh\u00e3 na Assembl\u00e9ia Legislativa. Mais abaixo voc\u00ea poder\u00e1 ler a minha resposta. - Joaquim Haickel","robots":{"index":"index","follow":"follow","max-snippet":"max-snippet:-1","max-image-preview":"max-image-preview:large","max-video-preview":"max-video-preview:-1"},"canonical":"https:\/\/www.blogsoestado.com\/joaquimhaickel\/2007\/06\/19\/reproduzo-abaixo-materia-publicada-na-pagina-do-jornalista-decio-sa-sobre-o-discurso-que-fiz-hoje-pela-manha-na-assembleia-legislativa-mais-abaixo-voce-podera-ler-a-minha-resposta\/","og_locale":"pt_BR","og_type":"article","og_title":"Reproduzo abaixo mat\u00e9ria publicada na pagina do jornalista D\u00e9cio S\u00e1 sobre o discurso que fiz hoje pela manh\u00e3 na Assembl\u00e9ia Legislativa. Mais abaixo voc\u00ea poder\u00e1 ler a minha resposta. - Joaquim Haickel","og_description":"Joaquim Haickel e a Opera\u00e7\u00e3o Navalha A pretexto de defender o Estado Democr\u00e1tico de Direito e a presun\u00e7\u00e3o da inoc\u00eancia, [&hellip;]","og_url":"https:\/\/www.blogsoestado.com\/joaquimhaickel\/2007\/06\/19\/reproduzo-abaixo-materia-publicada-na-pagina-do-jornalista-decio-sa-sobre-o-discurso-que-fiz-hoje-pela-manha-na-assembleia-legislativa-mais-abaixo-voce-podera-ler-a-minha-resposta\/","og_site_name":"Joaquim Haickel","article_published_time":"2007-06-19T21:45:04+00:00","og_image":[{"url":"https:\/\/www.blogsoestado.com\/joaquimhaickel\/files\/2008\/05\/joaquimhaickel.jpg","type":"","width":"","height":""}],"author":"Joaquim Haickel","twitter_card":"summary_large_image","twitter_misc":{"Escrito por":"Joaquim Haickel","Est. tempo de leitura":"9 minutos"},"schema":{"@context":"https:\/\/schema.org","@graph":[{"@type":"WebPage","@id":"https:\/\/www.blogsoestado.com\/joaquimhaickel\/2007\/06\/19\/reproduzo-abaixo-materia-publicada-na-pagina-do-jornalista-decio-sa-sobre-o-discurso-que-fiz-hoje-pela-manha-na-assembleia-legislativa-mais-abaixo-voce-podera-ler-a-minha-resposta\/","url":"https:\/\/www.blogsoestado.com\/joaquimhaickel\/2007\/06\/19\/reproduzo-abaixo-materia-publicada-na-pagina-do-jornalista-decio-sa-sobre-o-discurso-que-fiz-hoje-pela-manha-na-assembleia-legislativa-mais-abaixo-voce-podera-ler-a-minha-resposta\/","name":"Reproduzo abaixo mat\u00e9ria publicada na pagina do jornalista D\u00e9cio S\u00e1 sobre o discurso que fiz hoje pela manh\u00e3 na Assembl\u00e9ia Legislativa. Mais abaixo voc\u00ea poder\u00e1 ler a minha resposta. - Joaquim Haickel","isPartOf":{"@id":"https:\/\/www.blogsoestado.com\/joaquimhaickel\/#website"},"primaryImageOfPage":{"@id":"https:\/\/www.blogsoestado.com\/joaquimhaickel\/2007\/06\/19\/reproduzo-abaixo-materia-publicada-na-pagina-do-jornalista-decio-sa-sobre-o-discurso-que-fiz-hoje-pela-manha-na-assembleia-legislativa-mais-abaixo-voce-podera-ler-a-minha-resposta\/#primaryimage"},"image":{"@id":"https:\/\/www.blogsoestado.com\/joaquimhaickel\/2007\/06\/19\/reproduzo-abaixo-materia-publicada-na-pagina-do-jornalista-decio-sa-sobre-o-discurso-que-fiz-hoje-pela-manha-na-assembleia-legislativa-mais-abaixo-voce-podera-ler-a-minha-resposta\/#primaryimage"},"thumbnailUrl":"https:\/\/www.blogsoestado.com\/joaquimhaickel\/files\/2008\/05\/joaquimhaickel.jpg","datePublished":"2007-06-19T21:45:04+00:00","author":{"@id":"https:\/\/www.blogsoestado.com\/joaquimhaickel\/#\/schema\/person\/4a711644aff28245c6c2c3452d66d325"},"breadcrumb":{"@id":"https:\/\/www.blogsoestado.com\/joaquimhaickel\/2007\/06\/19\/reproduzo-abaixo-materia-publicada-na-pagina-do-jornalista-decio-sa-sobre-o-discurso-que-fiz-hoje-pela-manha-na-assembleia-legislativa-mais-abaixo-voce-podera-ler-a-minha-resposta\/#breadcrumb"},"inLanguage":"pt-BR","potentialAction":[{"@type":"ReadAction","target":["https:\/\/www.blogsoestado.com\/joaquimhaickel\/2007\/06\/19\/reproduzo-abaixo-materia-publicada-na-pagina-do-jornalista-decio-sa-sobre-o-discurso-que-fiz-hoje-pela-manha-na-assembleia-legislativa-mais-abaixo-voce-podera-ler-a-minha-resposta\/"]}]},{"@type":"ImageObject","inLanguage":"pt-BR","@id":"https:\/\/www.blogsoestado.com\/joaquimhaickel\/2007\/06\/19\/reproduzo-abaixo-materia-publicada-na-pagina-do-jornalista-decio-sa-sobre-o-discurso-que-fiz-hoje-pela-manha-na-assembleia-legislativa-mais-abaixo-voce-podera-ler-a-minha-resposta\/#primaryimage","url":"https:\/\/www.blogsoestado.com\/joaquimhaickel\/files\/2008\/05\/joaquimhaickel.jpg","contentUrl":"https:\/\/www.blogsoestado.com\/joaquimhaickel\/files\/2008\/05\/joaquimhaickel.jpg"},{"@type":"BreadcrumbList","@id":"https:\/\/www.blogsoestado.com\/joaquimhaickel\/2007\/06\/19\/reproduzo-abaixo-materia-publicada-na-pagina-do-jornalista-decio-sa-sobre-o-discurso-que-fiz-hoje-pela-manha-na-assembleia-legislativa-mais-abaixo-voce-podera-ler-a-minha-resposta\/#breadcrumb","itemListElement":[{"@type":"ListItem","position":1,"name":"In\u00edcio","item":"https:\/\/www.blogsoestado.com\/joaquimhaickel\/"},{"@type":"ListItem","position":2,"name":"Reproduzo abaixo mat\u00e9ria publicada na pagina do jornalista D\u00e9cio S\u00e1 sobre o discurso que fiz hoje pela manh\u00e3 na Assembl\u00e9ia Legislativa. Mais abaixo voc\u00ea poder\u00e1 ler a minha resposta."}]},{"@type":"WebSite","@id":"https:\/\/www.blogsoestado.com\/joaquimhaickel\/#website","url":"https:\/\/www.blogsoestado.com\/joaquimhaickel\/","name":"Joaquim Haickel","description":"","potentialAction":[{"@type":"SearchAction","target":{"@type":"EntryPoint","urlTemplate":"https:\/\/www.blogsoestado.com\/joaquimhaickel\/?s={search_term_string}"},"query-input":{"@type":"PropertyValueSpecification","valueRequired":true,"valueName":"search_term_string"}}],"inLanguage":"pt-BR"},{"@type":"Person","@id":"https:\/\/www.blogsoestado.com\/joaquimhaickel\/#\/schema\/person\/4a711644aff28245c6c2c3452d66d325","name":"Joaquim Haickel","image":{"@type":"ImageObject","inLanguage":"pt-BR","@id":"https:\/\/www.blogsoestado.com\/joaquimhaickel\/#\/schema\/person\/image\/","url":"https:\/\/secure.gravatar.com\/avatar\/473d89339b9f8ec089adb8d5778363eb5a2ba2319956bcf0298bfd8cca04684a?s=96&d=mm&r=g","contentUrl":"https:\/\/secure.gravatar.com\/avatar\/473d89339b9f8ec089adb8d5778363eb5a2ba2319956bcf0298bfd8cca04684a?s=96&d=mm&r=g","caption":"Joaquim Haickel"},"url":"https:\/\/www.blogsoestado.com\/joaquimhaickel\/author\/joaquimhaickel\/"}]}},"jetpack_featured_media_url":"","_links":{"self":[{"href":"https:\/\/www.blogsoestado.com\/joaquimhaickel\/wp-json\/wp\/v2\/posts\/170","targetHints":{"allow":["GET"]}}],"collection":[{"href":"https:\/\/www.blogsoestado.com\/joaquimhaickel\/wp-json\/wp\/v2\/posts"}],"about":[{"href":"https:\/\/www.blogsoestado.com\/joaquimhaickel\/wp-json\/wp\/v2\/types\/post"}],"author":[{"embeddable":true,"href":"https:\/\/www.blogsoestado.com\/joaquimhaickel\/wp-json\/wp\/v2\/users\/7"}],"replies":[{"embeddable":true,"href":"https:\/\/www.blogsoestado.com\/joaquimhaickel\/wp-json\/wp\/v2\/comments?post=170"}],"version-history":[{"count":0,"href":"https:\/\/www.blogsoestado.com\/joaquimhaickel\/wp-json\/wp\/v2\/posts\/170\/revisions"}],"wp:attachment":[{"href":"https:\/\/www.blogsoestado.com\/joaquimhaickel\/wp-json\/wp\/v2\/media?parent=170"}],"wp:term":[{"taxonomy":"category","embeddable":true,"href":"https:\/\/www.blogsoestado.com\/joaquimhaickel\/wp-json\/wp\/v2\/categories?post=170"},{"taxonomy":"post_tag","embeddable":true,"href":"https:\/\/www.blogsoestado.com\/joaquimhaickel\/wp-json\/wp\/v2\/tags?post=170"}],"curies":[{"name":"wp","href":"https:\/\/api.w.org\/{rel}","templated":true}]}}