{"id":1706,"date":"2016-09-05T09:14:48","date_gmt":"2016-09-05T12:14:48","guid":{"rendered":"https:\/\/www.blogsoestado.com\/joaquimhaickel\/?p=1706"},"modified":"2016-09-05T09:14:48","modified_gmt":"2016-09-05T12:14:48","slug":"compilacao-do-twitter","status":"publish","type":"post","link":"https:\/\/www.blogsoestado.com\/joaquimhaickel\/2016\/09\/05\/compilacao-do-twitter\/","title":{"rendered":"Compila\u00e7\u00e3o do Twitter"},"content":{"rendered":"<p>A campanha &#8220;Fora Temer&#8221; deseja mesmo o que!? A volta de uma &#8220;presidenta&#8221; que n\u00e3o se provou &#8220;inocenta&#8221;!? Elei\u00e7\u00f5es j\u00e1!?&#8230; As duas coisas est\u00e3o em desacordo com a constitui\u00e7\u00e3o do Brasil. Temer \u00e9 presidente da rep\u00fablica, substituindo a presidente afastada!<\/p>\n<p>O que vai acontecer com essas manifesta\u00e7\u00f5es!? Elas v\u00e3o continuar at\u00e9 cansarem, ou at\u00e9 conseguirem mudar as regras constitucionais! E \u00e9 assim que deve acontecer em uma rep\u00fablica onde o Estado seja democr\u00e1tico e onde se respeite as leis vigentes!<\/p>\n<p>Se as manifesta\u00e7\u00f5es contra a perman\u00eancia do presidente Temer forem ordeiras, n\u00e3o devem ser impedidas pela pol\u00edcia! Se as manifesta\u00e7\u00f5es se tornarem atos de vandalismo e destrui\u00e7\u00e3o do patrim\u00f4nio p\u00fablico ou privado, a pol\u00edcia deve intervir! As a\u00e7\u00f5es da pol\u00edcia em caso de vandalismos e destrui\u00e7\u00f5es de patrim\u00f4nios devem ser apenas de conten\u00e7\u00e3o da desordem! O uso excessivo de for\u00e7a vai apenas vitimizar os manifestantes arruaceiros e levar simpatia popular para seus atos!<\/p>\n<p>Neste momento em que nosso pa\u00eds passa por situa\u00e7\u00e3o bastante dif\u00edcil, todos n\u00f3s temos que ser mais inteligentes! N\u00e3o \u00e9 o povo em si que est\u00e1 participando dessas manifesta\u00e7\u00f5es. S\u00e3o apenas militantes. Que se manifestem!<\/p>\n<p>Eu acredito que n\u00e3o houve golpe algum e que tudo que aconteceu foi consequ\u00eancia de incompet\u00eancia da ex-presidente e de seus ministros e assessores! O jus sperniandi \u201cdilmista\u201d \u00e9 leg\u00edtimo, at\u00e9 certo ponto, enquanto n\u00e3o descambe para o vandalismo e a destrui\u00e7\u00e3o do patrim\u00f4nio!<\/p>\n<p>O que o atual governo deve fazer \u00e9 dar respostas satisfat\u00f3rias ao povo brasileiro, arrancando nosso pa\u00eds dessa crise!<\/p>\n<p>J\u00e1 pararam pra pensar que os 54,5 milh\u00f5es de votos de Dilma, que ela e os seus vivem alegando, superaram em apenas 3,5 milh\u00f5es os 51 milh\u00f5es de votos contra ela!? Quando algu\u00e9m vence uma elei\u00e7\u00e3o, o eleitor, o povo, lhe autoriza com isso a cometer atos em desacordo com as leis e a constitui\u00e7\u00e3o? E quando algu\u00e9m vence uma elei\u00e7\u00e3o, esse mesmo eleitor, esse povo lhe autoriza com isso a proceder de maneira ilegal, imoral e corrupta!?<\/p>\n<p>Temer pode n\u00e3o ser popular, mas \u00e9 o presidente constitucional do Brasil e \u00e9 isso que eu defendo. A constitui\u00e7\u00e3o! A mesma constitui\u00e7\u00e3o que eu ajudei a construir e que o PT se recusou a referendar e assinar! Isso basta!?<\/p>\n<p>Ser democr\u00e1tico \u00e9 muito mais que fazer discursos e balan\u00e7ar bandeiras! Ser democr\u00e1tico \u00e9 defender verdadeiramente a constitui\u00e7\u00e3o!<\/p>\n<p>N\u00e3o estou feliz! Estou muito preocupado com o futuro de nosso pa\u00eds. Mas estou certo que estamos melhor que est\u00e1vamos antes. Acredito que o novo governo pode nos levar por caminhos melhores e tirar-nos desse abismo que o governo anterior nos colocou.<\/p>\n<p>Temer tem que ser austero. N\u00e3o deve e n\u00e3o pode fazer concess\u00f5es pol\u00edticas ou partid\u00e1rias. O pa\u00eds em primeiro lugar!<\/p>\n<p>A opera\u00e7\u00e3o Lava-jato deve continuar sem nenhuma interfer\u00eancia e expurgar da vida p\u00fablica todos os envolvidos em corrup\u00e7\u00e3o. Eduardo Cunha n\u00e3o pode ser poupado. Ele hoje \u00e9 o s\u00edmbolo da impunidade dos pol\u00edticos corruptos e deve servir de exemplo! Em estrito respeito \u00e0 constitui\u00e7\u00e3o, Dilma deve ter seus direitos pol\u00edticos cassados. \u00c9 o m\u00ednimo em uma democracia!<\/p>\n<p>O sectarismo, o manique\u00edsmo e a intoler\u00e2ncia que se instalaram no Brasil, s\u00e3o c\u00e2nceres que devem ser extirpados! A verdade n\u00e3o \u00e9 monop\u00f3lio de um determinado grupo. N\u00e3o \u00e9 porque gritam algumas palavras que elas passam a ser verdadeiras ou corretas! Aceito qualquer cr\u00edtica ao que digo, mas exijo respeito ao meu direito de dizer o que penso sem ser marginalizado por isso.<\/p>\n","protected":false},"excerpt":{"rendered":"<p>A campanha &#8220;Fora Temer&#8221; deseja mesmo o que!? A volta de uma &#8220;presidenta&#8221; que n\u00e3o se provou &#8220;inocenta&#8221;!? Elei\u00e7\u00f5es j\u00e1!?&#8230; [&hellip;]<\/p>\n","protected":false},"author":7,"featured_media":0,"comment_status":"open","ping_status":"open","sticky":false,"template":"","format":"standard","meta":{"site-sidebar-layout":"default","site-content-layout":"","ast-site-content-layout":"default","site-content-style":"default","site-sidebar-style":"default","ast-global-header-display":"","ast-banner-title-visibility":"","ast-main-header-display":"","ast-hfb-above-header-display":"","ast-hfb-below-header-display":"","ast-hfb-mobile-header-display":"","site-post-title":"","ast-breadcrumbs-content":"","ast-featured-img":"","footer-sml-layout":"","ast-disable-related-posts":"","theme-transparent-header-meta":"","adv-header-id-meta":"","stick-header-meta":"","header-above-stick-meta":"","header-main-stick-meta":"","header-below-stick-meta":"","astra-migrate-meta-layouts":"default","ast-page-background-enabled":"default","ast-page-background-meta":{"desktop":{"background-color":"var(--ast-global-color-5)","background-image":"","background-repeat":"repeat","background-position":"center center","background-size":"auto","background-attachment":"scroll","background-type":"","background-media":"","overlay-type":"","overlay-color":"","overlay-opacity":"","overlay-gradient":""},"tablet":{"background-color":"","background-image":"","background-repeat":"repeat","background-position":"center center","background-size":"auto","background-attachment":"scroll","background-type":"","background-media":"","overlay-type":"","overlay-color":"","overlay-opacity":"","overlay-gradient":""},"mobile":{"background-color":"","background-image":"","background-repeat":"repeat","background-position":"center center","background-size":"auto","background-attachment":"scroll","background-type":"","background-media":"","overlay-type":"","overlay-color":"","overlay-opacity":"","overlay-gradient":""}},"ast-content-background-meta":{"desktop":{"background-color":"var(--ast-global-color-4)","background-image":"","background-repeat":"repeat","background-position":"center center","background-size":"auto","background-attachment":"scroll","background-type":"","background-media":"","overlay-type":"","overlay-color":"","overlay-opacity":"","overlay-gradient":""},"tablet":{"background-color":"var(--ast-global-color-4)","background-image":"","background-repeat":"repeat","background-position":"center center","background-size":"auto","background-attachment":"scroll","background-type":"","background-media":"","overlay-type":"","overlay-color":"","overlay-opacity":"","overlay-gradient":""},"mobile":{"background-color":"var(--ast-global-color-4)","background-image":"","background-repeat":"repeat","background-position":"center center","background-size":"auto","background-attachment":"scroll","background-type":"","background-media":"","overlay-type":"","overlay-color":"","overlay-opacity":"","overlay-gradient":""}},"footnotes":""},"categories":[1],"tags":[],"class_list":["post-1706","post","type-post","status-publish","format-standard","hentry","category-sem-categoria"],"yoast_head":"<!-- This site is optimized with the Yoast SEO plugin v26.6 - https:\/\/yoast.com\/wordpress\/plugins\/seo\/ -->\n<title>Compila\u00e7\u00e3o do Twitter - Joaquim Haickel<\/title>\n<meta name=\"robots\" content=\"index, follow, max-snippet:-1, max-image-preview:large, max-video-preview:-1\" \/>\n<link rel=\"canonical\" href=\"https:\/\/www.blogsoestado.com\/joaquimhaickel\/2016\/09\/05\/compilacao-do-twitter\/\" \/>\n<meta property=\"og:locale\" content=\"pt_BR\" \/>\n<meta property=\"og:type\" content=\"article\" \/>\n<meta property=\"og:title\" content=\"Compila\u00e7\u00e3o do Twitter - Joaquim Haickel\" \/>\n<meta property=\"og:description\" content=\"A campanha &#8220;Fora Temer&#8221; deseja mesmo o que!? A volta de uma &#8220;presidenta&#8221; que n\u00e3o se provou &#8220;inocenta&#8221;!? Elei\u00e7\u00f5es j\u00e1!?&#8230; [&hellip;]\" \/>\n<meta property=\"og:url\" content=\"https:\/\/www.blogsoestado.com\/joaquimhaickel\/2016\/09\/05\/compilacao-do-twitter\/\" \/>\n<meta property=\"og:site_name\" content=\"Joaquim Haickel\" \/>\n<meta property=\"article:published_time\" content=\"2016-09-05T12:14:48+00:00\" \/>\n<meta name=\"author\" content=\"Joaquim Haickel\" \/>\n<meta name=\"twitter:card\" content=\"summary_large_image\" \/>\n<meta name=\"twitter:label1\" content=\"Escrito por\" \/>\n\t<meta name=\"twitter:data1\" content=\"Joaquim Haickel\" \/>\n\t<meta name=\"twitter:label2\" content=\"Est. tempo de leitura\" \/>\n\t<meta name=\"twitter:data2\" content=\"3 minutos\" \/>\n<script type=\"application\/ld+json\" class=\"yoast-schema-graph\">{\"@context\":\"https:\/\/schema.org\",\"@graph\":[{\"@type\":\"WebPage\",\"@id\":\"https:\/\/www.blogsoestado.com\/joaquimhaickel\/2016\/09\/05\/compilacao-do-twitter\/\",\"url\":\"https:\/\/www.blogsoestado.com\/joaquimhaickel\/2016\/09\/05\/compilacao-do-twitter\/\",\"name\":\"Compila\u00e7\u00e3o do Twitter - Joaquim Haickel\",\"isPartOf\":{\"@id\":\"https:\/\/www.blogsoestado.com\/joaquimhaickel\/#website\"},\"datePublished\":\"2016-09-05T12:14:48+00:00\",\"author\":{\"@id\":\"https:\/\/www.blogsoestado.com\/joaquimhaickel\/#\/schema\/person\/4a711644aff28245c6c2c3452d66d325\"},\"breadcrumb\":{\"@id\":\"https:\/\/www.blogsoestado.com\/joaquimhaickel\/2016\/09\/05\/compilacao-do-twitter\/#breadcrumb\"},\"inLanguage\":\"pt-BR\",\"potentialAction\":[{\"@type\":\"ReadAction\",\"target\":[\"https:\/\/www.blogsoestado.com\/joaquimhaickel\/2016\/09\/05\/compilacao-do-twitter\/\"]}]},{\"@type\":\"BreadcrumbList\",\"@id\":\"https:\/\/www.blogsoestado.com\/joaquimhaickel\/2016\/09\/05\/compilacao-do-twitter\/#breadcrumb\",\"itemListElement\":[{\"@type\":\"ListItem\",\"position\":1,\"name\":\"In\u00edcio\",\"item\":\"https:\/\/www.blogsoestado.com\/joaquimhaickel\/\"},{\"@type\":\"ListItem\",\"position\":2,\"name\":\"Compila\u00e7\u00e3o do Twitter\"}]},{\"@type\":\"WebSite\",\"@id\":\"https:\/\/www.blogsoestado.com\/joaquimhaickel\/#website\",\"url\":\"https:\/\/www.blogsoestado.com\/joaquimhaickel\/\",\"name\":\"Joaquim Haickel\",\"description\":\"\",\"potentialAction\":[{\"@type\":\"SearchAction\",\"target\":{\"@type\":\"EntryPoint\",\"urlTemplate\":\"https:\/\/www.blogsoestado.com\/joaquimhaickel\/?s={search_term_string}\"},\"query-input\":{\"@type\":\"PropertyValueSpecification\",\"valueRequired\":true,\"valueName\":\"search_term_string\"}}],\"inLanguage\":\"pt-BR\"},{\"@type\":\"Person\",\"@id\":\"https:\/\/www.blogsoestado.com\/joaquimhaickel\/#\/schema\/person\/4a711644aff28245c6c2c3452d66d325\",\"name\":\"Joaquim Haickel\",\"image\":{\"@type\":\"ImageObject\",\"inLanguage\":\"pt-BR\",\"@id\":\"https:\/\/www.blogsoestado.com\/joaquimhaickel\/#\/schema\/person\/image\/\",\"url\":\"https:\/\/secure.gravatar.com\/avatar\/473d89339b9f8ec089adb8d5778363eb5a2ba2319956bcf0298bfd8cca04684a?s=96&d=mm&r=g\",\"contentUrl\":\"https:\/\/secure.gravatar.com\/avatar\/473d89339b9f8ec089adb8d5778363eb5a2ba2319956bcf0298bfd8cca04684a?s=96&d=mm&r=g\",\"caption\":\"Joaquim Haickel\"},\"url\":\"https:\/\/www.blogsoestado.com\/joaquimhaickel\/author\/joaquimhaickel\/\"}]}<\/script>\n<!-- \/ Yoast SEO plugin. -->","yoast_head_json":{"title":"Compila\u00e7\u00e3o do Twitter - Joaquim Haickel","robots":{"index":"index","follow":"follow","max-snippet":"max-snippet:-1","max-image-preview":"max-image-preview:large","max-video-preview":"max-video-preview:-1"},"canonical":"https:\/\/www.blogsoestado.com\/joaquimhaickel\/2016\/09\/05\/compilacao-do-twitter\/","og_locale":"pt_BR","og_type":"article","og_title":"Compila\u00e7\u00e3o do Twitter - Joaquim Haickel","og_description":"A campanha &#8220;Fora Temer&#8221; deseja mesmo o que!? A volta de uma &#8220;presidenta&#8221; que n\u00e3o se provou &#8220;inocenta&#8221;!? Elei\u00e7\u00f5es j\u00e1!?&#8230; [&hellip;]","og_url":"https:\/\/www.blogsoestado.com\/joaquimhaickel\/2016\/09\/05\/compilacao-do-twitter\/","og_site_name":"Joaquim Haickel","article_published_time":"2016-09-05T12:14:48+00:00","author":"Joaquim Haickel","twitter_card":"summary_large_image","twitter_misc":{"Escrito por":"Joaquim Haickel","Est. tempo de leitura":"3 minutos"},"schema":{"@context":"https:\/\/schema.org","@graph":[{"@type":"WebPage","@id":"https:\/\/www.blogsoestado.com\/joaquimhaickel\/2016\/09\/05\/compilacao-do-twitter\/","url":"https:\/\/www.blogsoestado.com\/joaquimhaickel\/2016\/09\/05\/compilacao-do-twitter\/","name":"Compila\u00e7\u00e3o do Twitter - Joaquim Haickel","isPartOf":{"@id":"https:\/\/www.blogsoestado.com\/joaquimhaickel\/#website"},"datePublished":"2016-09-05T12:14:48+00:00","author":{"@id":"https:\/\/www.blogsoestado.com\/joaquimhaickel\/#\/schema\/person\/4a711644aff28245c6c2c3452d66d325"},"breadcrumb":{"@id":"https:\/\/www.blogsoestado.com\/joaquimhaickel\/2016\/09\/05\/compilacao-do-twitter\/#breadcrumb"},"inLanguage":"pt-BR","potentialAction":[{"@type":"ReadAction","target":["https:\/\/www.blogsoestado.com\/joaquimhaickel\/2016\/09\/05\/compilacao-do-twitter\/"]}]},{"@type":"BreadcrumbList","@id":"https:\/\/www.blogsoestado.com\/joaquimhaickel\/2016\/09\/05\/compilacao-do-twitter\/#breadcrumb","itemListElement":[{"@type":"ListItem","position":1,"name":"In\u00edcio","item":"https:\/\/www.blogsoestado.com\/joaquimhaickel\/"},{"@type":"ListItem","position":2,"name":"Compila\u00e7\u00e3o do Twitter"}]},{"@type":"WebSite","@id":"https:\/\/www.blogsoestado.com\/joaquimhaickel\/#website","url":"https:\/\/www.blogsoestado.com\/joaquimhaickel\/","name":"Joaquim Haickel","description":"","potentialAction":[{"@type":"SearchAction","target":{"@type":"EntryPoint","urlTemplate":"https:\/\/www.blogsoestado.com\/joaquimhaickel\/?s={search_term_string}"},"query-input":{"@type":"PropertyValueSpecification","valueRequired":true,"valueName":"search_term_string"}}],"inLanguage":"pt-BR"},{"@type":"Person","@id":"https:\/\/www.blogsoestado.com\/joaquimhaickel\/#\/schema\/person\/4a711644aff28245c6c2c3452d66d325","name":"Joaquim Haickel","image":{"@type":"ImageObject","inLanguage":"pt-BR","@id":"https:\/\/www.blogsoestado.com\/joaquimhaickel\/#\/schema\/person\/image\/","url":"https:\/\/secure.gravatar.com\/avatar\/473d89339b9f8ec089adb8d5778363eb5a2ba2319956bcf0298bfd8cca04684a?s=96&d=mm&r=g","contentUrl":"https:\/\/secure.gravatar.com\/avatar\/473d89339b9f8ec089adb8d5778363eb5a2ba2319956bcf0298bfd8cca04684a?s=96&d=mm&r=g","caption":"Joaquim Haickel"},"url":"https:\/\/www.blogsoestado.com\/joaquimhaickel\/author\/joaquimhaickel\/"}]}},"jetpack_featured_media_url":"","_links":{"self":[{"href":"https:\/\/www.blogsoestado.com\/joaquimhaickel\/wp-json\/wp\/v2\/posts\/1706","targetHints":{"allow":["GET"]}}],"collection":[{"href":"https:\/\/www.blogsoestado.com\/joaquimhaickel\/wp-json\/wp\/v2\/posts"}],"about":[{"href":"https:\/\/www.blogsoestado.com\/joaquimhaickel\/wp-json\/wp\/v2\/types\/post"}],"author":[{"embeddable":true,"href":"https:\/\/www.blogsoestado.com\/joaquimhaickel\/wp-json\/wp\/v2\/users\/7"}],"replies":[{"embeddable":true,"href":"https:\/\/www.blogsoestado.com\/joaquimhaickel\/wp-json\/wp\/v2\/comments?post=1706"}],"version-history":[{"count":0,"href":"https:\/\/www.blogsoestado.com\/joaquimhaickel\/wp-json\/wp\/v2\/posts\/1706\/revisions"}],"wp:attachment":[{"href":"https:\/\/www.blogsoestado.com\/joaquimhaickel\/wp-json\/wp\/v2\/media?parent=1706"}],"wp:term":[{"taxonomy":"category","embeddable":true,"href":"https:\/\/www.blogsoestado.com\/joaquimhaickel\/wp-json\/wp\/v2\/categories?post=1706"},{"taxonomy":"post_tag","embeddable":true,"href":"https:\/\/www.blogsoestado.com\/joaquimhaickel\/wp-json\/wp\/v2\/tags?post=1706"}],"curies":[{"name":"wp","href":"https:\/\/api.w.org\/{rel}","templated":true}]}}