{"id":1709,"date":"2016-09-10T01:37:45","date_gmt":"2016-09-10T04:37:45","guid":{"rendered":"https:\/\/www.blogsoestado.com\/joaquimhaickel\/?p=1709"},"modified":"2016-09-10T01:37:45","modified_gmt":"2016-09-10T04:37:45","slug":"para-substituir-jomar","status":"publish","type":"post","link":"https:\/\/www.blogsoestado.com\/joaquimhaickel\/2016\/09\/10\/para-substituir-jomar\/","title":{"rendered":"Para substituir Jomar&#8230;"},"content":{"rendered":"<p><span style=\"line-height: 1.5;\">Quando do falecimento do amigo Jomar Moraes, fiquei imaginando quem poderia substitui-lo a contento na Academia Maranhense de Letras! O primeiro nome que me ocorreu foi o de Ferreira Gullar. \u00cdcone maior de nossa poesia contempor\u00e2nea, Gullar que j\u00e1 ocupa um merecido lugar na ABL, seria a escolha perfeita.<\/span><br \/>\nO segundo nome em que pensei, foi no primeiro em que todos n\u00f3s acad\u00eamicos pensamos sempre que abre uma vaga na AML: Arlete Nogueira. O terceiro foi o de Salgado Maranh\u00e3o&#8230;<br \/>\nConversei com v\u00e1rios colegas acad\u00eamicos e todos, sem exce\u00e7\u00e3o, concordaram comigo, mas deixaram claros os empecilhos que teriam que ser superados para que Gullar aceitasse vir, n\u00e3o pelo fato de vir assumir uma vaga na AML, mas por fazer uma viagem, ter que vir ao Maranh\u00e3o para isso.<br \/>\nGullar n\u00e3o viaja de avi\u00e3o, fato que o obrigaria a fazer essa viagem de carro, por estradas nem sempre em boas condi\u00e7\u00f5es, e o que ainda torna tudo isso pior \u00e9 o fato dele ter 86 anos de idade. Mesmo sabendo das dificuldades que enfrentaria me pus a trabalhar.<br \/>\nCoincidentemente Ney Bello Filho ligou de Bras\u00edlia para conversarmos sobre um poss\u00edvel nome para a vaga de Jomar e eu lhe contei o que eu pensava. Ele prontamente concordou. Naquele mesmo dia liguei para Z\u00e9 Sarney para pedir-lhe que sondasse Gullar. Ele ficou de tratar desse assunto.<br \/>\nQuem me conhece sabe que sou operante demais e n\u00e3o me dando por satisfeito, fiquei matutando como poderia chegar a Gullar, com quem s\u00f3 tinha falado uma vez na minha vida, quando de um evento da Revista Guarnic\u00ea, no in\u00edcio dos anos de 1990. Pensei em usar Celso Borges que fizera uma entrevista com Gullar para nossa revista ainda em 1984!&#8230; Pensei em Beto Matuk que o entrevistara em 2012 para o document\u00e1rio que realizamos sobre Lago Burnet!&#8230;<br \/>\nPor fim, resolvi recorrer a Zelito Viana, que pelo fato de estar produzindo um document\u00e1rio sobre o autor de Poema Sujo, pediu-me que ajudasse com imagens antigas e contempor\u00e2neas de S\u00e3o Lu\u00eds, para que ele pudesse bem ilustrar o lugar onde o poeta nasceu e viveu at\u00e9 sua juventude.<br \/>\nBaseado nessa nova e boa amizade, liguei para Zelito, que, pra quem n\u00e3o sabe, al\u00e9m de irm\u00e3o de Chico An\u00edsio e pai de Marcos Palmeira, \u00e9 filho do velho Oliveira Paula, que morava ali pertinho do Jaguarema.<br \/>\nZelito se prontificou em falar com Gullar e me retornar. Qual n\u00e3o foi minha surpresa, quando meia hora depois Zelito retorna dizendo que Gullar havia adorado a ideia, que ele se disse muito honrado, que queria muito voltar a S\u00e3o Lu\u00eds e que essa seria uma grande oportunidade de voltar a sua cidade.<br \/>\nPor\u00e9m, Zelito n\u00e3o deu confirma\u00e7\u00e3o, disse que Gullar pediu que eu ligasse pra ele no dia seguinte. Para mim aquilo tudo era maravilhoso. S\u00f3 o fato de ele simplesmente gostar da ideia j\u00e1 me encantava.<br \/>\nLigueiPara substituir Jomar&#8230;<br \/>\nQuando do falecimento do amigo Jomar Moraes, fiquei imaginando quem poderia substitui-lo a contento na Academia Maranhense de Letras! O primeiro nome que me ocorreu foi o de Ferreira Gullar. \u00cdcone maior de nossa poesia contempor\u00e2nea, Gullar que j\u00e1 ocupa um merecido lugar na ABL, seria a escolha perfeita.<br \/>\nO segundo nome em que pensei, foi no primeiro em que todos n\u00f3s acad\u00eamicos pensamos sempre que abre uma vaga na AML: Arlete Nogueira. O terceiro foi o de Salgado Maranh\u00e3o&#8230;<br \/>\nConversei com v\u00e1rios colegas acad\u00eamicos e todos, sem exce\u00e7\u00e3o, concordaram comigo, mas deixaram claros os empecilhos que teriam que ser superados para que Gullar aceitasse vir, n\u00e3o pelo fato de vir assumir uma vaga na AML, mas por fazer uma viagem, ter que vir ao Maranh\u00e3o para isso.<br \/>\nGullar n\u00e3o viaja de avi\u00e3o, fato que o obrigaria a fazer essa viagem de carro, por estradas nem sempre em boas condi\u00e7\u00f5es, e o que ainda torna tudo isso pior \u00e9 o fato dele ter 86 anos de idade. Mesmo sabendo das dificuldades que enfrentaria me pus a trabalhar.<br \/>\nCoincidentemente Ney Bello Filho ligou de Bras\u00edlia para conversarmos sobre um poss\u00edvel nome para a vaga de Jomar e eu lhe contei o que eu pensava. Ele prontamente concordou. Naquele mesmo dia liguei para Z\u00e9 Sarney para pedir-lhe que sondasse Gullar. Ele ficou de tratar desse assunto.<br \/>\nQuem me conhece sabe que sou operante demais e n\u00e3o me dando por satisfeito, fiquei matutando como poderia chegar a Gullar, com quem s\u00f3 tinha falado uma vez na minha vida, quando de um evento da Revista Guarnic\u00ea, no in\u00edcio dos anos de 1990. Pensei em usar Celso Borges que fizera uma entrevista com Gullar para nossa revista ainda em 1984!&#8230; Pensei em Beto Matuk que o entrevistara em 2012 para o document\u00e1rio que realizamos sobre Lago Burnet!&#8230;<br \/>\nPor fim, resolvi recorrer a Zelito Viana, que pelo fato de estar produzindo um document\u00e1rio sobre o autor de Poema Sujo, pediu-me que ajudasse com imagens antigas e contempor\u00e2neas de S\u00e3o Lu\u00eds, para que ele pudesse bem ilustrar o lugar onde o poeta nasceu e viveu at\u00e9 sua juventude.<br \/>\nBaseado nessa nova e boa amizade, liguei para Zelito, que, pra quem n\u00e3o sabe, al\u00e9m de irm\u00e3o de Chico An\u00edsio e pai de Marcos Palmeira, \u00e9 filho do velho Oliveira Paula, que morava ali pertinho do Jaguarema.<br \/>\nZelito se prontificou em falar com Gullar e me retornar. Qual n\u00e3o foi minha surpresa, quando meia hora depois Zelito retorna dizendo que Gullar havia adorado a ideia, que ele se disse muito honrado, que queria muito voltar a S\u00e3o Lu\u00eds e que essa seria uma grande oportunidade de voltar a sua cidade.<br \/>\nPor\u00e9m, Zelito n\u00e3o deu confirma\u00e7\u00e3o, disse que Gullar pediu que eu ligasse pra ele no dia seguinte. Para mim aquilo tudo era maravilhoso. S\u00f3 o fato de ele simplesmente gostar da ideia j\u00e1 me encantava.<br \/>\nLiguei na manh\u00e3 seguinte e uma voz rouca atendeu do outro lado. Imposs\u00edvel n\u00e3o reconhecer aquela voz.<br \/>\nApresentei-me e expus meu caso. Ele se mostrou muit\u00edssimo emocionado e agradecido. Disse que quando Zelito lhe falou, sua primeira rea\u00e7\u00e3o foi aceitar de pronto. Disse-me que estava muito feliz pelo convite, que se sentia muito honrado, que sabia da import\u00e2ncia de Jomar para a AML, mas que havia falado com sua companheira sobre o assunto, e que ponderando melhor, tendo em vista que ele ficaria fora do Rio pelo menos por 10 dias, \u201ctr\u00eas para ir, tr\u00eas pra voltar\u201d&#8230; Que a viagem de carro entre o Rio e S\u00e3o Lu\u00eds seria bastante inc\u00f4moda e desgastante para um homem de 86 anos e que tem compromissos semanais incancel\u00e1veis&#8230; Disse que era com tristeza que ele deixava de lado a excita\u00e7\u00e3o juvenil que o fez prontamente aceitar o convite, mas que, por todos aqueles motivos, n\u00e3o seria poss\u00edvel!&#8230;<br \/>\nDepois de suas pondera\u00e7\u00f5es, todas extremamente procedentes, n\u00e3o tive como insistir muito, mesmo que meu car\u00e1ter sagitariano ainda tenha tentado argumentar.<br \/>\nResta-nos, no entanto o fato de que substituir Jomar na AML ser\u00e1 uma tarefa dif\u00edcil. Pensemos!<br \/>\nna manh\u00e3 seguinte e uma voz rouca atendeu do outro lado. Imposs\u00edvel n\u00e3o reconhecer aquela voz.<br \/>\nApresentei-me e expus meu caso. Ele se mostrou muit\u00edssimo emocionado e agradecido. Disse que quando Zelito lhe falou, sua primeira rea\u00e7\u00e3o foi aceitar de pronto. Disse-me que estava muito feliz pelo convite, que se sentia muito honrado, que sabia da import\u00e2ncia de Jomar para a AML, mas que havia falado com sua companheira sobre o assunto, e que ponderando melhor, tendo em vista que ele ficaria fora do Rio pelo menos por 10 dias, \u201ctr\u00eas para ir, tr\u00eas pra voltar\u201d&#8230; Que a viagem de carro entre o Rio e S\u00e3o Lu\u00eds seria bastante inc\u00f4moda e desgastante para um homem de 86 anos e que tem compromissos semanais incancel\u00e1veis&#8230; Disse que era com tristeza que ele deixava de lado a excita\u00e7\u00e3o juvenil que o fez prontamente aceitar o convite, mas que, por todos aqueles motivos, n\u00e3o seria poss\u00edvel!&#8230;<br \/>\nDepois de suas pondera\u00e7\u00f5es, todas extremamente procedentes, n\u00e3o tive como insistir muito, mesmo que meu car\u00e1ter sagitariano ainda tenha tentado argumentar.<br \/>\nResta-nos, no entanto o fato de que substituir Jomar na AML ser\u00e1 uma tarefa dif\u00edcil. Pensemos!<\/p>\n","protected":false},"excerpt":{"rendered":"<p>Quando do falecimento do amigo Jomar Moraes, fiquei imaginando quem poderia substitui-lo a contento na Academia Maranhense de Letras! O [&hellip;]<\/p>\n","protected":false},"author":7,"featured_media":0,"comment_status":"open","ping_status":"open","sticky":false,"template":"","format":"standard","meta":{"site-sidebar-layout":"default","site-content-layout":"","ast-site-content-layout":"default","site-content-style":"default","site-sidebar-style":"default","ast-global-header-display":"","ast-banner-title-visibility":"","ast-main-header-display":"","ast-hfb-above-header-display":"","ast-hfb-below-header-display":"","ast-hfb-mobile-header-display":"","site-post-title":"","ast-breadcrumbs-content":"","ast-featured-img":"","footer-sml-layout":"","ast-disable-related-posts":"","theme-transparent-header-meta":"","adv-header-id-meta":"","stick-header-meta":"","header-above-stick-meta":"","header-main-stick-meta":"","header-below-stick-meta":"","astra-migrate-meta-layouts":"default","ast-page-background-enabled":"default","ast-page-background-meta":{"desktop":{"background-color":"var(--ast-global-color-5)","background-image":"","background-repeat":"repeat","background-position":"center center","background-size":"auto","background-attachment":"scroll","background-type":"","background-media":"","overlay-type":"","overlay-color":"","overlay-opacity":"","overlay-gradient":""},"tablet":{"background-color":"","background-image":"","background-repeat":"repeat","background-position":"center center","background-size":"auto","background-attachment":"scroll","background-type":"","background-media":"","overlay-type":"","overlay-color":"","overlay-opacity":"","overlay-gradient":""},"mobile":{"background-color":"","background-image":"","background-repeat":"repeat","background-position":"center center","background-size":"auto","background-attachment":"scroll","background-type":"","background-media":"","overlay-type":"","overlay-color":"","overlay-opacity":"","overlay-gradient":""}},"ast-content-background-meta":{"desktop":{"background-color":"var(--ast-global-color-4)","background-image":"","background-repeat":"repeat","background-position":"center center","background-size":"auto","background-attachment":"scroll","background-type":"","background-media":"","overlay-type":"","overlay-color":"","overlay-opacity":"","overlay-gradient":""},"tablet":{"background-color":"var(--ast-global-color-4)","background-image":"","background-repeat":"repeat","background-position":"center center","background-size":"auto","background-attachment":"scroll","background-type":"","background-media":"","overlay-type":"","overlay-color":"","overlay-opacity":"","overlay-gradient":""},"mobile":{"background-color":"var(--ast-global-color-4)","background-image":"","background-repeat":"repeat","background-position":"center center","background-size":"auto","background-attachment":"scroll","background-type":"","background-media":"","overlay-type":"","overlay-color":"","overlay-opacity":"","overlay-gradient":""}},"footnotes":""},"categories":[1],"tags":[],"class_list":["post-1709","post","type-post","status-publish","format-standard","hentry","category-sem-categoria"],"yoast_head":"<!-- This site is optimized with the Yoast SEO plugin v26.6 - https:\/\/yoast.com\/wordpress\/plugins\/seo\/ -->\n<title>Para substituir Jomar... - Joaquim Haickel<\/title>\n<meta name=\"robots\" content=\"index, follow, max-snippet:-1, max-image-preview:large, max-video-preview:-1\" \/>\n<link rel=\"canonical\" href=\"https:\/\/www.blogsoestado.com\/joaquimhaickel\/2016\/09\/10\/para-substituir-jomar\/\" \/>\n<meta property=\"og:locale\" content=\"pt_BR\" \/>\n<meta property=\"og:type\" content=\"article\" \/>\n<meta property=\"og:title\" content=\"Para substituir Jomar... - Joaquim Haickel\" \/>\n<meta property=\"og:description\" content=\"Quando do falecimento do amigo Jomar Moraes, fiquei imaginando quem poderia substitui-lo a contento na Academia Maranhense de Letras! O [&hellip;]\" \/>\n<meta property=\"og:url\" content=\"https:\/\/www.blogsoestado.com\/joaquimhaickel\/2016\/09\/10\/para-substituir-jomar\/\" \/>\n<meta property=\"og:site_name\" content=\"Joaquim Haickel\" \/>\n<meta property=\"article:published_time\" content=\"2016-09-10T04:37:45+00:00\" \/>\n<meta name=\"author\" content=\"Joaquim Haickel\" \/>\n<meta name=\"twitter:card\" content=\"summary_large_image\" \/>\n<meta name=\"twitter:label1\" content=\"Escrito por\" \/>\n\t<meta name=\"twitter:data1\" content=\"Joaquim Haickel\" \/>\n\t<meta name=\"twitter:label2\" content=\"Est. tempo de leitura\" \/>\n\t<meta name=\"twitter:data2\" content=\"7 minutos\" \/>\n<script type=\"application\/ld+json\" class=\"yoast-schema-graph\">{\"@context\":\"https:\/\/schema.org\",\"@graph\":[{\"@type\":\"WebPage\",\"@id\":\"https:\/\/www.blogsoestado.com\/joaquimhaickel\/2016\/09\/10\/para-substituir-jomar\/\",\"url\":\"https:\/\/www.blogsoestado.com\/joaquimhaickel\/2016\/09\/10\/para-substituir-jomar\/\",\"name\":\"Para substituir Jomar... - Joaquim Haickel\",\"isPartOf\":{\"@id\":\"https:\/\/www.blogsoestado.com\/joaquimhaickel\/#website\"},\"datePublished\":\"2016-09-10T04:37:45+00:00\",\"author\":{\"@id\":\"https:\/\/www.blogsoestado.com\/joaquimhaickel\/#\/schema\/person\/4a711644aff28245c6c2c3452d66d325\"},\"breadcrumb\":{\"@id\":\"https:\/\/www.blogsoestado.com\/joaquimhaickel\/2016\/09\/10\/para-substituir-jomar\/#breadcrumb\"},\"inLanguage\":\"pt-BR\",\"potentialAction\":[{\"@type\":\"ReadAction\",\"target\":[\"https:\/\/www.blogsoestado.com\/joaquimhaickel\/2016\/09\/10\/para-substituir-jomar\/\"]}]},{\"@type\":\"BreadcrumbList\",\"@id\":\"https:\/\/www.blogsoestado.com\/joaquimhaickel\/2016\/09\/10\/para-substituir-jomar\/#breadcrumb\",\"itemListElement\":[{\"@type\":\"ListItem\",\"position\":1,\"name\":\"In\u00edcio\",\"item\":\"https:\/\/www.blogsoestado.com\/joaquimhaickel\/\"},{\"@type\":\"ListItem\",\"position\":2,\"name\":\"Para substituir Jomar&#8230;\"}]},{\"@type\":\"WebSite\",\"@id\":\"https:\/\/www.blogsoestado.com\/joaquimhaickel\/#website\",\"url\":\"https:\/\/www.blogsoestado.com\/joaquimhaickel\/\",\"name\":\"Joaquim Haickel\",\"description\":\"\",\"potentialAction\":[{\"@type\":\"SearchAction\",\"target\":{\"@type\":\"EntryPoint\",\"urlTemplate\":\"https:\/\/www.blogsoestado.com\/joaquimhaickel\/?s={search_term_string}\"},\"query-input\":{\"@type\":\"PropertyValueSpecification\",\"valueRequired\":true,\"valueName\":\"search_term_string\"}}],\"inLanguage\":\"pt-BR\"},{\"@type\":\"Person\",\"@id\":\"https:\/\/www.blogsoestado.com\/joaquimhaickel\/#\/schema\/person\/4a711644aff28245c6c2c3452d66d325\",\"name\":\"Joaquim Haickel\",\"image\":{\"@type\":\"ImageObject\",\"inLanguage\":\"pt-BR\",\"@id\":\"https:\/\/www.blogsoestado.com\/joaquimhaickel\/#\/schema\/person\/image\/\",\"url\":\"https:\/\/secure.gravatar.com\/avatar\/473d89339b9f8ec089adb8d5778363eb5a2ba2319956bcf0298bfd8cca04684a?s=96&d=mm&r=g\",\"contentUrl\":\"https:\/\/secure.gravatar.com\/avatar\/473d89339b9f8ec089adb8d5778363eb5a2ba2319956bcf0298bfd8cca04684a?s=96&d=mm&r=g\",\"caption\":\"Joaquim Haickel\"},\"url\":\"https:\/\/www.blogsoestado.com\/joaquimhaickel\/author\/joaquimhaickel\/\"}]}<\/script>\n<!-- \/ Yoast SEO plugin. -->","yoast_head_json":{"title":"Para substituir Jomar... - Joaquim Haickel","robots":{"index":"index","follow":"follow","max-snippet":"max-snippet:-1","max-image-preview":"max-image-preview:large","max-video-preview":"max-video-preview:-1"},"canonical":"https:\/\/www.blogsoestado.com\/joaquimhaickel\/2016\/09\/10\/para-substituir-jomar\/","og_locale":"pt_BR","og_type":"article","og_title":"Para substituir Jomar... - Joaquim Haickel","og_description":"Quando do falecimento do amigo Jomar Moraes, fiquei imaginando quem poderia substitui-lo a contento na Academia Maranhense de Letras! O [&hellip;]","og_url":"https:\/\/www.blogsoestado.com\/joaquimhaickel\/2016\/09\/10\/para-substituir-jomar\/","og_site_name":"Joaquim Haickel","article_published_time":"2016-09-10T04:37:45+00:00","author":"Joaquim Haickel","twitter_card":"summary_large_image","twitter_misc":{"Escrito por":"Joaquim Haickel","Est. tempo de leitura":"7 minutos"},"schema":{"@context":"https:\/\/schema.org","@graph":[{"@type":"WebPage","@id":"https:\/\/www.blogsoestado.com\/joaquimhaickel\/2016\/09\/10\/para-substituir-jomar\/","url":"https:\/\/www.blogsoestado.com\/joaquimhaickel\/2016\/09\/10\/para-substituir-jomar\/","name":"Para substituir Jomar... - Joaquim Haickel","isPartOf":{"@id":"https:\/\/www.blogsoestado.com\/joaquimhaickel\/#website"},"datePublished":"2016-09-10T04:37:45+00:00","author":{"@id":"https:\/\/www.blogsoestado.com\/joaquimhaickel\/#\/schema\/person\/4a711644aff28245c6c2c3452d66d325"},"breadcrumb":{"@id":"https:\/\/www.blogsoestado.com\/joaquimhaickel\/2016\/09\/10\/para-substituir-jomar\/#breadcrumb"},"inLanguage":"pt-BR","potentialAction":[{"@type":"ReadAction","target":["https:\/\/www.blogsoestado.com\/joaquimhaickel\/2016\/09\/10\/para-substituir-jomar\/"]}]},{"@type":"BreadcrumbList","@id":"https:\/\/www.blogsoestado.com\/joaquimhaickel\/2016\/09\/10\/para-substituir-jomar\/#breadcrumb","itemListElement":[{"@type":"ListItem","position":1,"name":"In\u00edcio","item":"https:\/\/www.blogsoestado.com\/joaquimhaickel\/"},{"@type":"ListItem","position":2,"name":"Para substituir Jomar&#8230;"}]},{"@type":"WebSite","@id":"https:\/\/www.blogsoestado.com\/joaquimhaickel\/#website","url":"https:\/\/www.blogsoestado.com\/joaquimhaickel\/","name":"Joaquim Haickel","description":"","potentialAction":[{"@type":"SearchAction","target":{"@type":"EntryPoint","urlTemplate":"https:\/\/www.blogsoestado.com\/joaquimhaickel\/?s={search_term_string}"},"query-input":{"@type":"PropertyValueSpecification","valueRequired":true,"valueName":"search_term_string"}}],"inLanguage":"pt-BR"},{"@type":"Person","@id":"https:\/\/www.blogsoestado.com\/joaquimhaickel\/#\/schema\/person\/4a711644aff28245c6c2c3452d66d325","name":"Joaquim Haickel","image":{"@type":"ImageObject","inLanguage":"pt-BR","@id":"https:\/\/www.blogsoestado.com\/joaquimhaickel\/#\/schema\/person\/image\/","url":"https:\/\/secure.gravatar.com\/avatar\/473d89339b9f8ec089adb8d5778363eb5a2ba2319956bcf0298bfd8cca04684a?s=96&d=mm&r=g","contentUrl":"https:\/\/secure.gravatar.com\/avatar\/473d89339b9f8ec089adb8d5778363eb5a2ba2319956bcf0298bfd8cca04684a?s=96&d=mm&r=g","caption":"Joaquim Haickel"},"url":"https:\/\/www.blogsoestado.com\/joaquimhaickel\/author\/joaquimhaickel\/"}]}},"jetpack_featured_media_url":"","_links":{"self":[{"href":"https:\/\/www.blogsoestado.com\/joaquimhaickel\/wp-json\/wp\/v2\/posts\/1709","targetHints":{"allow":["GET"]}}],"collection":[{"href":"https:\/\/www.blogsoestado.com\/joaquimhaickel\/wp-json\/wp\/v2\/posts"}],"about":[{"href":"https:\/\/www.blogsoestado.com\/joaquimhaickel\/wp-json\/wp\/v2\/types\/post"}],"author":[{"embeddable":true,"href":"https:\/\/www.blogsoestado.com\/joaquimhaickel\/wp-json\/wp\/v2\/users\/7"}],"replies":[{"embeddable":true,"href":"https:\/\/www.blogsoestado.com\/joaquimhaickel\/wp-json\/wp\/v2\/comments?post=1709"}],"version-history":[{"count":0,"href":"https:\/\/www.blogsoestado.com\/joaquimhaickel\/wp-json\/wp\/v2\/posts\/1709\/revisions"}],"wp:attachment":[{"href":"https:\/\/www.blogsoestado.com\/joaquimhaickel\/wp-json\/wp\/v2\/media?parent=1709"}],"wp:term":[{"taxonomy":"category","embeddable":true,"href":"https:\/\/www.blogsoestado.com\/joaquimhaickel\/wp-json\/wp\/v2\/categories?post=1709"},{"taxonomy":"post_tag","embeddable":true,"href":"https:\/\/www.blogsoestado.com\/joaquimhaickel\/wp-json\/wp\/v2\/tags?post=1709"}],"curies":[{"name":"wp","href":"https:\/\/api.w.org\/{rel}","templated":true}]}}