{"id":1717,"date":"2016-09-24T00:07:09","date_gmt":"2016-09-24T03:07:09","guid":{"rendered":"https:\/\/www.blogsoestado.com\/joaquimhaickel\/?p=1717"},"modified":"2016-09-24T00:07:09","modified_gmt":"2016-09-24T03:07:09","slug":"apenas-mais-uma-analise-sobre-a-eleicao-de-sao-luis","status":"publish","type":"post","link":"https:\/\/www.blogsoestado.com\/joaquimhaickel\/2016\/09\/24\/apenas-mais-uma-analise-sobre-a-eleicao-de-sao-luis\/","title":{"rendered":"Apenas mais uma an\u00e1lise sobre a elei\u00e7\u00e3o de S\u00e3o Lu\u00eds"},"content":{"rendered":"<p>Como j\u00e1 tive a oportunidade de me manifestar anteriormente, n\u00e3o estou participando desta elei\u00e7\u00e3o como apoiador de ningu\u00e9m, mas n\u00e3o posso me furtar de fazer uma simples an\u00e1lise deste pleito, evento importante para a defini\u00e7\u00e3o dos destinos da minha cidade e do meu estado.<\/p>\n<p>O que vou relatar a seguir n\u00e3o \u00e9 novidade para alguns, mas existem pessoas que desconhecem os fatos que apresentarei, e acredito que elas desejam e precisam conhec\u00ea-los. Tem inclusive quem diariamente me cobre uma an\u00e1lise sobre esta elei\u00e7\u00e3o!<\/p>\n<p>Gostaria de dizer, de antem\u00e3o que, dos nove candidatos (at\u00e9 esta data n\u00e3o se sabe se Z\u00e9 Lu\u00eds Lago ser\u00e1 realmente candidato) na disputa, mantenho estreita amizade com sete deles e em rela\u00e7\u00e3o aos outros dois, cultivo por eles o devido respeito.<\/p>\n<p>Penso que deva fazer uma an\u00e1lise r\u00e1pida dos candidatos. Comecemos pelos tr\u00eas com menor avalia\u00e7\u00e3o nas pesquisas: Valdeny Barros, Claudia Durans e\u00a0Z\u00e9 Lu\u00eds Lago. Pra usar um termo futebol\u00edstico, estes candidatos est\u00e3o somente cumprindo tabela. Representam legendas que desejam apenas apresentar aos eleitores suas propostas pol\u00edticas.<\/p>\n<p>Depois aparecem Rose Sales, Fabio C\u00e2mara e Eduardo Braide. Estes candidatos n\u00e3o est\u00e3o simplesmente cumprindo tabela. Eles tentam ocupar espa\u00e7os pol\u00edticos e apresentarem-se como futuras op\u00e7\u00f5es nos cen\u00e1rios eleitorais da cidade e do estado. No caso de Rose e de F\u00e1bio, a cidade perder\u00e1 dois de seus melhores vereadores, mas eles certamente ser\u00e3o candidatos a deputado em 2018. No caso de Braide, fortalece-se bastante para a reelei\u00e7\u00e3o. Era aqui, neste grupo, que estaria Bira do Pindar\u00e9, caso fosse candidato.<\/p>\n<p>No grupo que realmente concorre \u00e0 prefeitura encontram-se Eliziane Gama, Wellington do Curso e Edivaldo Holanda Junior.<\/p>\n<p>Em primeiro lugar, devo dizer que em minha opini\u00e3o, ao contr\u00e1rio do que diz uma facciosa empresa de pesquisa, a elei\u00e7\u00e3o s\u00f3 ser\u00e1 decidida no segundo turno, e como j\u00e1 disse um grande conhecedor da pol\u00edtica, \u201csegundo turno \u00e9 outra elei\u00e7\u00e3o, um novo jogo\u201d!<\/p>\n<p>Quem com total certeza estar\u00e1 no segundo turno \u00e9 o atual prefeito Edivaldo Junior. Todas as pesquisas indicam que o candidato que tem mais chances de estar tamb\u00e9m nesta disputa \u00e9 Wellington.<\/p>\n<p>Em outro aspecto, vemos o Governo do Estado apoiando Edivaldo e demonstrando isso atrav\u00e9s do imenso aporte financeiro que faz em sua gest\u00e3o, com as in\u00fameras obras realizadas na capital. Flavio Dino sabe que eleger o prefeito de S\u00e3o Lu\u00eds facilitar\u00e1 muito sua reelei\u00e7\u00e3o em 2018 e sabe tamb\u00e9m que Edivaldo \u00e9 muito mais \u201ccontrol\u00e1vel\u201d do que os outros dois postulantes ao cargo de prefeito.<\/p>\n<p>Nesses quatro anos em que o prefeito de S\u00e3o Lu\u00eds tem tentado administrar a cidade, tem tido pouco sucesso. Nos dois primeiros anos a desculpa era que o governo estadual de ent\u00e3o n\u00e3o ajudava. De dois anos pra c\u00e1, no entanto, o apoio maci\u00e7o dado pelo novo governo deveria ter surtido efeitos muito maiores e melhores que os apresentados.<\/p>\n<p>Ningu\u00e9m pode dizer que \u00e9 f\u00e1cil administrar um mun\u00edcipio, ainda mais um como o nosso, com tantas peculiaridades complicadas, mas existem coisas b\u00e1sicas, simples e elementares que precisam ser feitas. Lembram-se do tempo do prefeito Tadeu Pal\u00e1cio? A cidade vivia sendo continuamente limpa! Os mais velhos devem se lembrar da administra\u00e7\u00e3o transformadora de Haroldo Tavares, que apesar de n\u00e3o ter sido eleito diretamente pelo povo, atrav\u00e9s do voto, foi o nosso melhor prefeito.<\/p>\n<p>Uma coisa \u00e9 certa, quem quer que ven\u00e7a a elei\u00e7\u00e3o de outubro vai ter que fazer muito, muito mais do que aquilo que tem sido feito at\u00e9 agora para melhorar a realidade de nossa cidade e da gente que nela vive.<\/p>\n<p>Wellington e Eliziane, postulantes ao cargo ocupado por Edivaldo, prometem fazer as coisas funcionarem a contento em nossa cidade. Por\u00e9m, uma coisa \u00e9 prometer e outra \u00e9 realizar o prometido!<\/p>\n<p>Edivaldo, ganhando a elei\u00e7\u00e3o e n\u00e3o fazendo uma administra\u00e7\u00e3o melhor que a atual, pode ser um dos fatores que podem levar Fl\u00e1vio Dino a uma derrota em 2018!<\/p>\n<p>Um amigo meu, profundo conhecedor da pol\u00edtica, me disse que a grande sorte e a maior vantagem de Edivaldo nesta elei\u00e7\u00e3o n\u00e3o \u00e9 o apoio incondicional do governo do Estado, mas o fato de ter os competidores que tem.<\/p>\n","protected":false},"excerpt":{"rendered":"<p>Como j\u00e1 tive a oportunidade de me manifestar anteriormente, n\u00e3o estou participando desta elei\u00e7\u00e3o como apoiador de ningu\u00e9m, mas n\u00e3o [&hellip;]<\/p>\n","protected":false},"author":7,"featured_media":0,"comment_status":"open","ping_status":"open","sticky":false,"template":"","format":"standard","meta":{"site-sidebar-layout":"default","site-content-layout":"","ast-site-content-layout":"default","site-content-style":"default","site-sidebar-style":"default","ast-global-header-display":"","ast-banner-title-visibility":"","ast-main-header-display":"","ast-hfb-above-header-display":"","ast-hfb-below-header-display":"","ast-hfb-mobile-header-display":"","site-post-title":"","ast-breadcrumbs-content":"","ast-featured-img":"","footer-sml-layout":"","ast-disable-related-posts":"","theme-transparent-header-meta":"","adv-header-id-meta":"","stick-header-meta":"","header-above-stick-meta":"","header-main-stick-meta":"","header-below-stick-meta":"","astra-migrate-meta-layouts":"default","ast-page-background-enabled":"default","ast-page-background-meta":{"desktop":{"background-color":"var(--ast-global-color-5)","background-image":"","background-repeat":"repeat","background-position":"center center","background-size":"auto","background-attachment":"scroll","background-type":"","background-media":"","overlay-type":"","overlay-color":"","overlay-opacity":"","overlay-gradient":""},"tablet":{"background-color":"","background-image":"","background-repeat":"repeat","background-position":"center center","background-size":"auto","background-attachment":"scroll","background-type":"","background-media":"","overlay-type":"","overlay-color":"","overlay-opacity":"","overlay-gradient":""},"mobile":{"background-color":"","background-image":"","background-repeat":"repeat","background-position":"center center","background-size":"auto","background-attachment":"scroll","background-type":"","background-media":"","overlay-type":"","overlay-color":"","overlay-opacity":"","overlay-gradient":""}},"ast-content-background-meta":{"desktop":{"background-color":"var(--ast-global-color-4)","background-image":"","background-repeat":"repeat","background-position":"center center","background-size":"auto","background-attachment":"scroll","background-type":"","background-media":"","overlay-type":"","overlay-color":"","overlay-opacity":"","overlay-gradient":""},"tablet":{"background-color":"var(--ast-global-color-4)","background-image":"","background-repeat":"repeat","background-position":"center center","background-size":"auto","background-attachment":"scroll","background-type":"","background-media":"","overlay-type":"","overlay-color":"","overlay-opacity":"","overlay-gradient":""},"mobile":{"background-color":"var(--ast-global-color-4)","background-image":"","background-repeat":"repeat","background-position":"center center","background-size":"auto","background-attachment":"scroll","background-type":"","background-media":"","overlay-type":"","overlay-color":"","overlay-opacity":"","overlay-gradient":""}},"footnotes":""},"categories":[1],"tags":[],"class_list":["post-1717","post","type-post","status-publish","format-standard","hentry","category-sem-categoria"],"yoast_head":"<!-- This site is optimized with the Yoast SEO plugin v26.6 - https:\/\/yoast.com\/wordpress\/plugins\/seo\/ -->\n<title>Apenas mais uma an\u00e1lise sobre a elei\u00e7\u00e3o de S\u00e3o Lu\u00eds - Joaquim Haickel<\/title>\n<meta name=\"robots\" content=\"index, follow, max-snippet:-1, max-image-preview:large, max-video-preview:-1\" \/>\n<link rel=\"canonical\" href=\"https:\/\/www.blogsoestado.com\/joaquimhaickel\/2016\/09\/24\/apenas-mais-uma-analise-sobre-a-eleicao-de-sao-luis\/\" \/>\n<meta property=\"og:locale\" content=\"pt_BR\" \/>\n<meta property=\"og:type\" content=\"article\" \/>\n<meta property=\"og:title\" content=\"Apenas mais uma an\u00e1lise sobre a elei\u00e7\u00e3o de S\u00e3o Lu\u00eds - Joaquim Haickel\" \/>\n<meta property=\"og:description\" content=\"Como j\u00e1 tive a oportunidade de me manifestar anteriormente, n\u00e3o estou participando desta elei\u00e7\u00e3o como apoiador de ningu\u00e9m, mas n\u00e3o [&hellip;]\" \/>\n<meta property=\"og:url\" content=\"https:\/\/www.blogsoestado.com\/joaquimhaickel\/2016\/09\/24\/apenas-mais-uma-analise-sobre-a-eleicao-de-sao-luis\/\" \/>\n<meta property=\"og:site_name\" content=\"Joaquim Haickel\" \/>\n<meta property=\"article:published_time\" content=\"2016-09-24T03:07:09+00:00\" \/>\n<meta name=\"author\" content=\"Joaquim Haickel\" \/>\n<meta name=\"twitter:card\" content=\"summary_large_image\" \/>\n<meta name=\"twitter:label1\" content=\"Escrito por\" \/>\n\t<meta name=\"twitter:data1\" content=\"Joaquim Haickel\" \/>\n\t<meta name=\"twitter:label2\" content=\"Est. tempo de leitura\" \/>\n\t<meta name=\"twitter:data2\" content=\"4 minutos\" \/>\n<script type=\"application\/ld+json\" class=\"yoast-schema-graph\">{\"@context\":\"https:\/\/schema.org\",\"@graph\":[{\"@type\":\"WebPage\",\"@id\":\"https:\/\/www.blogsoestado.com\/joaquimhaickel\/2016\/09\/24\/apenas-mais-uma-analise-sobre-a-eleicao-de-sao-luis\/\",\"url\":\"https:\/\/www.blogsoestado.com\/joaquimhaickel\/2016\/09\/24\/apenas-mais-uma-analise-sobre-a-eleicao-de-sao-luis\/\",\"name\":\"Apenas mais uma an\u00e1lise sobre a elei\u00e7\u00e3o de S\u00e3o Lu\u00eds - Joaquim Haickel\",\"isPartOf\":{\"@id\":\"https:\/\/www.blogsoestado.com\/joaquimhaickel\/#website\"},\"datePublished\":\"2016-09-24T03:07:09+00:00\",\"author\":{\"@id\":\"https:\/\/www.blogsoestado.com\/joaquimhaickel\/#\/schema\/person\/4a711644aff28245c6c2c3452d66d325\"},\"breadcrumb\":{\"@id\":\"https:\/\/www.blogsoestado.com\/joaquimhaickel\/2016\/09\/24\/apenas-mais-uma-analise-sobre-a-eleicao-de-sao-luis\/#breadcrumb\"},\"inLanguage\":\"pt-BR\",\"potentialAction\":[{\"@type\":\"ReadAction\",\"target\":[\"https:\/\/www.blogsoestado.com\/joaquimhaickel\/2016\/09\/24\/apenas-mais-uma-analise-sobre-a-eleicao-de-sao-luis\/\"]}]},{\"@type\":\"BreadcrumbList\",\"@id\":\"https:\/\/www.blogsoestado.com\/joaquimhaickel\/2016\/09\/24\/apenas-mais-uma-analise-sobre-a-eleicao-de-sao-luis\/#breadcrumb\",\"itemListElement\":[{\"@type\":\"ListItem\",\"position\":1,\"name\":\"In\u00edcio\",\"item\":\"https:\/\/www.blogsoestado.com\/joaquimhaickel\/\"},{\"@type\":\"ListItem\",\"position\":2,\"name\":\"Apenas mais uma an\u00e1lise sobre a elei\u00e7\u00e3o de S\u00e3o Lu\u00eds\"}]},{\"@type\":\"WebSite\",\"@id\":\"https:\/\/www.blogsoestado.com\/joaquimhaickel\/#website\",\"url\":\"https:\/\/www.blogsoestado.com\/joaquimhaickel\/\",\"name\":\"Joaquim Haickel\",\"description\":\"\",\"potentialAction\":[{\"@type\":\"SearchAction\",\"target\":{\"@type\":\"EntryPoint\",\"urlTemplate\":\"https:\/\/www.blogsoestado.com\/joaquimhaickel\/?s={search_term_string}\"},\"query-input\":{\"@type\":\"PropertyValueSpecification\",\"valueRequired\":true,\"valueName\":\"search_term_string\"}}],\"inLanguage\":\"pt-BR\"},{\"@type\":\"Person\",\"@id\":\"https:\/\/www.blogsoestado.com\/joaquimhaickel\/#\/schema\/person\/4a711644aff28245c6c2c3452d66d325\",\"name\":\"Joaquim Haickel\",\"image\":{\"@type\":\"ImageObject\",\"inLanguage\":\"pt-BR\",\"@id\":\"https:\/\/www.blogsoestado.com\/joaquimhaickel\/#\/schema\/person\/image\/\",\"url\":\"https:\/\/secure.gravatar.com\/avatar\/473d89339b9f8ec089adb8d5778363eb5a2ba2319956bcf0298bfd8cca04684a?s=96&d=mm&r=g\",\"contentUrl\":\"https:\/\/secure.gravatar.com\/avatar\/473d89339b9f8ec089adb8d5778363eb5a2ba2319956bcf0298bfd8cca04684a?s=96&d=mm&r=g\",\"caption\":\"Joaquim Haickel\"},\"url\":\"https:\/\/www.blogsoestado.com\/joaquimhaickel\/author\/joaquimhaickel\/\"}]}<\/script>\n<!-- \/ Yoast SEO plugin. -->","yoast_head_json":{"title":"Apenas mais uma an\u00e1lise sobre a elei\u00e7\u00e3o de S\u00e3o Lu\u00eds - Joaquim Haickel","robots":{"index":"index","follow":"follow","max-snippet":"max-snippet:-1","max-image-preview":"max-image-preview:large","max-video-preview":"max-video-preview:-1"},"canonical":"https:\/\/www.blogsoestado.com\/joaquimhaickel\/2016\/09\/24\/apenas-mais-uma-analise-sobre-a-eleicao-de-sao-luis\/","og_locale":"pt_BR","og_type":"article","og_title":"Apenas mais uma an\u00e1lise sobre a elei\u00e7\u00e3o de S\u00e3o Lu\u00eds - Joaquim Haickel","og_description":"Como j\u00e1 tive a oportunidade de me manifestar anteriormente, n\u00e3o estou participando desta elei\u00e7\u00e3o como apoiador de ningu\u00e9m, mas n\u00e3o [&hellip;]","og_url":"https:\/\/www.blogsoestado.com\/joaquimhaickel\/2016\/09\/24\/apenas-mais-uma-analise-sobre-a-eleicao-de-sao-luis\/","og_site_name":"Joaquim Haickel","article_published_time":"2016-09-24T03:07:09+00:00","author":"Joaquim Haickel","twitter_card":"summary_large_image","twitter_misc":{"Escrito por":"Joaquim Haickel","Est. tempo de leitura":"4 minutos"},"schema":{"@context":"https:\/\/schema.org","@graph":[{"@type":"WebPage","@id":"https:\/\/www.blogsoestado.com\/joaquimhaickel\/2016\/09\/24\/apenas-mais-uma-analise-sobre-a-eleicao-de-sao-luis\/","url":"https:\/\/www.blogsoestado.com\/joaquimhaickel\/2016\/09\/24\/apenas-mais-uma-analise-sobre-a-eleicao-de-sao-luis\/","name":"Apenas mais uma an\u00e1lise sobre a elei\u00e7\u00e3o de S\u00e3o Lu\u00eds - Joaquim Haickel","isPartOf":{"@id":"https:\/\/www.blogsoestado.com\/joaquimhaickel\/#website"},"datePublished":"2016-09-24T03:07:09+00:00","author":{"@id":"https:\/\/www.blogsoestado.com\/joaquimhaickel\/#\/schema\/person\/4a711644aff28245c6c2c3452d66d325"},"breadcrumb":{"@id":"https:\/\/www.blogsoestado.com\/joaquimhaickel\/2016\/09\/24\/apenas-mais-uma-analise-sobre-a-eleicao-de-sao-luis\/#breadcrumb"},"inLanguage":"pt-BR","potentialAction":[{"@type":"ReadAction","target":["https:\/\/www.blogsoestado.com\/joaquimhaickel\/2016\/09\/24\/apenas-mais-uma-analise-sobre-a-eleicao-de-sao-luis\/"]}]},{"@type":"BreadcrumbList","@id":"https:\/\/www.blogsoestado.com\/joaquimhaickel\/2016\/09\/24\/apenas-mais-uma-analise-sobre-a-eleicao-de-sao-luis\/#breadcrumb","itemListElement":[{"@type":"ListItem","position":1,"name":"In\u00edcio","item":"https:\/\/www.blogsoestado.com\/joaquimhaickel\/"},{"@type":"ListItem","position":2,"name":"Apenas mais uma an\u00e1lise sobre a elei\u00e7\u00e3o de S\u00e3o Lu\u00eds"}]},{"@type":"WebSite","@id":"https:\/\/www.blogsoestado.com\/joaquimhaickel\/#website","url":"https:\/\/www.blogsoestado.com\/joaquimhaickel\/","name":"Joaquim Haickel","description":"","potentialAction":[{"@type":"SearchAction","target":{"@type":"EntryPoint","urlTemplate":"https:\/\/www.blogsoestado.com\/joaquimhaickel\/?s={search_term_string}"},"query-input":{"@type":"PropertyValueSpecification","valueRequired":true,"valueName":"search_term_string"}}],"inLanguage":"pt-BR"},{"@type":"Person","@id":"https:\/\/www.blogsoestado.com\/joaquimhaickel\/#\/schema\/person\/4a711644aff28245c6c2c3452d66d325","name":"Joaquim Haickel","image":{"@type":"ImageObject","inLanguage":"pt-BR","@id":"https:\/\/www.blogsoestado.com\/joaquimhaickel\/#\/schema\/person\/image\/","url":"https:\/\/secure.gravatar.com\/avatar\/473d89339b9f8ec089adb8d5778363eb5a2ba2319956bcf0298bfd8cca04684a?s=96&d=mm&r=g","contentUrl":"https:\/\/secure.gravatar.com\/avatar\/473d89339b9f8ec089adb8d5778363eb5a2ba2319956bcf0298bfd8cca04684a?s=96&d=mm&r=g","caption":"Joaquim Haickel"},"url":"https:\/\/www.blogsoestado.com\/joaquimhaickel\/author\/joaquimhaickel\/"}]}},"jetpack_featured_media_url":"","_links":{"self":[{"href":"https:\/\/www.blogsoestado.com\/joaquimhaickel\/wp-json\/wp\/v2\/posts\/1717","targetHints":{"allow":["GET"]}}],"collection":[{"href":"https:\/\/www.blogsoestado.com\/joaquimhaickel\/wp-json\/wp\/v2\/posts"}],"about":[{"href":"https:\/\/www.blogsoestado.com\/joaquimhaickel\/wp-json\/wp\/v2\/types\/post"}],"author":[{"embeddable":true,"href":"https:\/\/www.blogsoestado.com\/joaquimhaickel\/wp-json\/wp\/v2\/users\/7"}],"replies":[{"embeddable":true,"href":"https:\/\/www.blogsoestado.com\/joaquimhaickel\/wp-json\/wp\/v2\/comments?post=1717"}],"version-history":[{"count":0,"href":"https:\/\/www.blogsoestado.com\/joaquimhaickel\/wp-json\/wp\/v2\/posts\/1717\/revisions"}],"wp:attachment":[{"href":"https:\/\/www.blogsoestado.com\/joaquimhaickel\/wp-json\/wp\/v2\/media?parent=1717"}],"wp:term":[{"taxonomy":"category","embeddable":true,"href":"https:\/\/www.blogsoestado.com\/joaquimhaickel\/wp-json\/wp\/v2\/categories?post=1717"},{"taxonomy":"post_tag","embeddable":true,"href":"https:\/\/www.blogsoestado.com\/joaquimhaickel\/wp-json\/wp\/v2\/tags?post=1717"}],"curies":[{"name":"wp","href":"https:\/\/api.w.org\/{rel}","templated":true}]}}