{"id":1777,"date":"2017-02-04T04:51:30","date_gmt":"2017-02-04T07:51:30","guid":{"rendered":"https:\/\/www.blogsoestado.com\/joaquimhaickel\/?p=1777"},"modified":"2017-02-04T04:51:30","modified_gmt":"2017-02-04T07:51:30","slug":"uma-analise-sobre-2018","status":"publish","type":"post","link":"https:\/\/www.blogsoestado.com\/joaquimhaickel\/2017\/02\/04\/uma-analise-sobre-2018\/","title":{"rendered":"Uma an\u00e1lise sobre 2018"},"content":{"rendered":"<p>Tenho recebido de alguns amigos, insistentes pedidos no sentido de que eu fa\u00e7a uma an\u00e1lise sobre os poss\u00edveis cen\u00e1rios pol\u00edticos e eleitorais para 2018. Acho que ainda \u00e9 muito cedo para isso!<\/p>\n<p>N\u00e3o sei se esses meus amigos querem \u00e9 que alguma coisa que eu venha a escrever sirva de motivo para movimentar as rodas de conversas sobre esse assunto, possibilitando darem ao meu texto tons mais adocicados, c\u00edtricos ou apimentados, dependendo da colora\u00e7\u00e3o dos tais c\u00edrculos.<\/p>\n<p>Mas vamos l\u00e1!<\/p>\n<p>Ao cargo de governador existem apenas tr\u00eas candidatos com reais chances de competir. Do lado da situa\u00e7\u00e3o, Fl\u00e1vio Dino deve concorrer \u00e0 reelei\u00e7\u00e3o, mas vai ter s\u00e9rios problemas nesse intuito. Do lado da oposi\u00e7\u00e3o existem dois nomes que podem encarar essa disputa, sendo que a candidatura de um fere de morte a candidatura do outro.<\/p>\n<p>Caso Roseana venha a concorrer ao governo, inviabilizaria a aspira\u00e7\u00e3o de Roberto Rocha em disputar o cargo, pois n\u00e3o cabe em nosso tabuleiro de xadrez pol\u00edtico mais de dois contendores com reais chances de vit\u00f3ria.<\/p>\n<p>Ningu\u00e9m desconhece que Roseana \u00e9 a pessoa mais carism\u00e1tica da pol\u00edtica do nosso estado, incluindo o atual governador Fl\u00e1vio Dino, e o ex-presidente Jos\u00e9 Sarney. Ocorre que s\u00f3 carisma n\u00e3o vence elei\u00e7\u00e3o. S\u00e3o necess\u00e1rias algumas outras coisas! Resta saber se ela ter\u00e1 essas coisas a seu favor.<\/p>\n<p>Ningu\u00e9m tamb\u00e9m desconhece que o fato de Roberto Rocha, em 2018, estar no meio de seu mandato de senador, far\u00e1 com que ele entre na disputa pelo governo sem muita preocupa\u00e7\u00e3o com uma poss\u00edvel derrota. Algu\u00e9m que n\u00e3o tem medo de perder tem uma espetacular vantagem na corrida para a vit\u00f3ria. No entanto, como no caso de Roseana, Roberto tem que agregar alguns fatores que ele tamb\u00e9m ainda n\u00e3o possui.<\/p>\n<p>Fontes confi\u00e1veis comentam que Roseana vendeu sua casa em Bras\u00edlia, o que nos faz crer que ela n\u00e3o pretenda voltar a residir no Distrito Federal, logo n\u00e3o deve estar em seus planos ser senadora! Pessoas ligadas a ela garantem que ela ser\u00e1 candidata a governadora ou quem sabe a deputada estadual, uma vez que n\u00e3o deseja mais sair de perto de sua filha e de seus netos que moram em S\u00e3o Lu\u00eds.<\/p>\n<p>Esse \u00e9 o primeiro n\u00f3 que precisa ser desatado, pois ele interfere diretamente nas escolhas dos candidatos ao senado.<\/p>\n<p>Pelo grupo entrincheirado no Pal\u00e1cio dos Le\u00f5es, Weverton Rocha e Jos\u00e9 Reinaldo Tavares s\u00e3o os dois \u00fanicos pol\u00edticos com reais condi\u00e7\u00f5es de colocarem seus nomes \u00e0 disputa do cargo de senador. Outras pessoas que ensaiam candidaturas ao senado do lado do governo n\u00e3o t\u00eam a menor chance de se viabilizarem.<\/p>\n<p>Em minha modesta opini\u00e3o, que como sempre contraria a de algumas pessoas, acredito que os dois principais grupos da pol\u00edtica maranhense s\u00f3 eleger\u00e3o um senador cada, em 2018.<\/p>\n<p>Do lado da oposi\u00e7\u00e3o a coisa \u00e9 mais complicada, pois depende de uma s\u00e9rie de \u201carruma\u00e7\u00f5es\u201d.<\/p>\n<p>Se Roseana for candidata a governador, inviabilizar\u00e1 a candidatura de seu irm\u00e3o, Sarney Filho, ao senado. Como j\u00e1 comentei anteriormente, h\u00e1 a possibilidade de Roseana n\u00e3o disputar o governo, mas sim uma das quarenta e duas cadeiras do nosso parlamento estadual, o que nesse caso abriria a possibilidade da candidatura de seu irm\u00e3o.<\/p>\n<p>Al\u00e9m de Sarney Filho, nomes como os de Lob\u00e3o Filho e o de Gast\u00e3o Vieira est\u00e3o colocados para tamb\u00e9m disputar o senado, ocorre que essa conta tem que ser feita com muita cautela, pois como j\u00e1 disse cada grupo s\u00f3 dever\u00e1 eleger um senador em 2018.<\/p>\n<p>Tudo est\u00e1 muito nebuloso! \u00a0Ainda n\u00e3o \u00e9 poss\u00edvel se afirmar sem sombra de d\u00favida quem ser\u00e1 candidato a que cargo. Mas uma coisa \u00e9 certa, apenas os nomes citados aqui neste texto t\u00eam reais chances de disputar as vagas de governador e senador pelo Maranh\u00e3o em 2018, os demais estar\u00e3o simplesmente cumprindo tabela.<\/p>\n<p>&nbsp;<\/p>\n<p>PS: Para falar sobre elei\u00e7\u00e3o de presidente em 2018 precisaria de uma bola de cristal! Sobre deputados federais e estaduais vai depender da reforma eleitoral.<\/p>\n<p>&nbsp;<\/p>\n<p>&nbsp;<\/p>\n<p>&nbsp;<\/p>\n<p>&nbsp;<\/p>\n","protected":false},"excerpt":{"rendered":"<p>Tenho recebido de alguns amigos, insistentes pedidos no sentido de que eu fa\u00e7a uma an\u00e1lise sobre os poss\u00edveis cen\u00e1rios pol\u00edticos [&hellip;]<\/p>\n","protected":false},"author":7,"featured_media":0,"comment_status":"open","ping_status":"open","sticky":false,"template":"","format":"standard","meta":{"site-sidebar-layout":"default","site-content-layout":"","ast-site-content-layout":"default","site-content-style":"default","site-sidebar-style":"default","ast-global-header-display":"","ast-banner-title-visibility":"","ast-main-header-display":"","ast-hfb-above-header-display":"","ast-hfb-below-header-display":"","ast-hfb-mobile-header-display":"","site-post-title":"","ast-breadcrumbs-content":"","ast-featured-img":"","footer-sml-layout":"","ast-disable-related-posts":"","theme-transparent-header-meta":"","adv-header-id-meta":"","stick-header-meta":"","header-above-stick-meta":"","header-main-stick-meta":"","header-below-stick-meta":"","astra-migrate-meta-layouts":"default","ast-page-background-enabled":"default","ast-page-background-meta":{"desktop":{"background-color":"var(--ast-global-color-5)","background-image":"","background-repeat":"repeat","background-position":"center center","background-size":"auto","background-attachment":"scroll","background-type":"","background-media":"","overlay-type":"","overlay-color":"","overlay-opacity":"","overlay-gradient":""},"tablet":{"background-color":"","background-image":"","background-repeat":"repeat","background-position":"center center","background-size":"auto","background-attachment":"scroll","background-type":"","background-media":"","overlay-type":"","overlay-color":"","overlay-opacity":"","overlay-gradient":""},"mobile":{"background-color":"","background-image":"","background-repeat":"repeat","background-position":"center center","background-size":"auto","background-attachment":"scroll","background-type":"","background-media":"","overlay-type":"","overlay-color":"","overlay-opacity":"","overlay-gradient":""}},"ast-content-background-meta":{"desktop":{"background-color":"var(--ast-global-color-4)","background-image":"","background-repeat":"repeat","background-position":"center center","background-size":"auto","background-attachment":"scroll","background-type":"","background-media":"","overlay-type":"","overlay-color":"","overlay-opacity":"","overlay-gradient":""},"tablet":{"background-color":"var(--ast-global-color-4)","background-image":"","background-repeat":"repeat","background-position":"center center","background-size":"auto","background-attachment":"scroll","background-type":"","background-media":"","overlay-type":"","overlay-color":"","overlay-opacity":"","overlay-gradient":""},"mobile":{"background-color":"var(--ast-global-color-4)","background-image":"","background-repeat":"repeat","background-position":"center center","background-size":"auto","background-attachment":"scroll","background-type":"","background-media":"","overlay-type":"","overlay-color":"","overlay-opacity":"","overlay-gradient":""}},"footnotes":""},"categories":[1],"tags":[],"class_list":["post-1777","post","type-post","status-publish","format-standard","hentry","category-sem-categoria"],"yoast_head":"<!-- This site is optimized with the Yoast SEO plugin v26.6 - https:\/\/yoast.com\/wordpress\/plugins\/seo\/ -->\n<title>Uma an\u00e1lise sobre 2018 - Joaquim Haickel<\/title>\n<meta name=\"robots\" content=\"index, follow, max-snippet:-1, max-image-preview:large, max-video-preview:-1\" \/>\n<link rel=\"canonical\" href=\"https:\/\/www.blogsoestado.com\/joaquimhaickel\/2017\/02\/04\/uma-analise-sobre-2018\/\" \/>\n<meta property=\"og:locale\" content=\"pt_BR\" \/>\n<meta property=\"og:type\" content=\"article\" \/>\n<meta property=\"og:title\" content=\"Uma an\u00e1lise sobre 2018 - Joaquim Haickel\" \/>\n<meta property=\"og:description\" content=\"Tenho recebido de alguns amigos, insistentes pedidos no sentido de que eu fa\u00e7a uma an\u00e1lise sobre os poss\u00edveis cen\u00e1rios pol\u00edticos [&hellip;]\" \/>\n<meta property=\"og:url\" content=\"https:\/\/www.blogsoestado.com\/joaquimhaickel\/2017\/02\/04\/uma-analise-sobre-2018\/\" \/>\n<meta property=\"og:site_name\" content=\"Joaquim Haickel\" \/>\n<meta property=\"article:published_time\" content=\"2017-02-04T07:51:30+00:00\" \/>\n<meta name=\"author\" content=\"Joaquim Haickel\" \/>\n<meta name=\"twitter:card\" content=\"summary_large_image\" \/>\n<meta name=\"twitter:label1\" content=\"Escrito por\" \/>\n\t<meta name=\"twitter:data1\" content=\"Joaquim Haickel\" \/>\n\t<meta name=\"twitter:label2\" content=\"Est. tempo de leitura\" \/>\n\t<meta name=\"twitter:data2\" content=\"4 minutos\" \/>\n<script type=\"application\/ld+json\" class=\"yoast-schema-graph\">{\"@context\":\"https:\/\/schema.org\",\"@graph\":[{\"@type\":\"WebPage\",\"@id\":\"https:\/\/www.blogsoestado.com\/joaquimhaickel\/2017\/02\/04\/uma-analise-sobre-2018\/\",\"url\":\"https:\/\/www.blogsoestado.com\/joaquimhaickel\/2017\/02\/04\/uma-analise-sobre-2018\/\",\"name\":\"Uma an\u00e1lise sobre 2018 - Joaquim Haickel\",\"isPartOf\":{\"@id\":\"https:\/\/www.blogsoestado.com\/joaquimhaickel\/#website\"},\"datePublished\":\"2017-02-04T07:51:30+00:00\",\"author\":{\"@id\":\"https:\/\/www.blogsoestado.com\/joaquimhaickel\/#\/schema\/person\/4a711644aff28245c6c2c3452d66d325\"},\"breadcrumb\":{\"@id\":\"https:\/\/www.blogsoestado.com\/joaquimhaickel\/2017\/02\/04\/uma-analise-sobre-2018\/#breadcrumb\"},\"inLanguage\":\"pt-BR\",\"potentialAction\":[{\"@type\":\"ReadAction\",\"target\":[\"https:\/\/www.blogsoestado.com\/joaquimhaickel\/2017\/02\/04\/uma-analise-sobre-2018\/\"]}]},{\"@type\":\"BreadcrumbList\",\"@id\":\"https:\/\/www.blogsoestado.com\/joaquimhaickel\/2017\/02\/04\/uma-analise-sobre-2018\/#breadcrumb\",\"itemListElement\":[{\"@type\":\"ListItem\",\"position\":1,\"name\":\"In\u00edcio\",\"item\":\"https:\/\/www.blogsoestado.com\/joaquimhaickel\/\"},{\"@type\":\"ListItem\",\"position\":2,\"name\":\"Uma an\u00e1lise sobre 2018\"}]},{\"@type\":\"WebSite\",\"@id\":\"https:\/\/www.blogsoestado.com\/joaquimhaickel\/#website\",\"url\":\"https:\/\/www.blogsoestado.com\/joaquimhaickel\/\",\"name\":\"Joaquim Haickel\",\"description\":\"\",\"potentialAction\":[{\"@type\":\"SearchAction\",\"target\":{\"@type\":\"EntryPoint\",\"urlTemplate\":\"https:\/\/www.blogsoestado.com\/joaquimhaickel\/?s={search_term_string}\"},\"query-input\":{\"@type\":\"PropertyValueSpecification\",\"valueRequired\":true,\"valueName\":\"search_term_string\"}}],\"inLanguage\":\"pt-BR\"},{\"@type\":\"Person\",\"@id\":\"https:\/\/www.blogsoestado.com\/joaquimhaickel\/#\/schema\/person\/4a711644aff28245c6c2c3452d66d325\",\"name\":\"Joaquim Haickel\",\"image\":{\"@type\":\"ImageObject\",\"inLanguage\":\"pt-BR\",\"@id\":\"https:\/\/www.blogsoestado.com\/joaquimhaickel\/#\/schema\/person\/image\/\",\"url\":\"https:\/\/secure.gravatar.com\/avatar\/473d89339b9f8ec089adb8d5778363eb5a2ba2319956bcf0298bfd8cca04684a?s=96&d=mm&r=g\",\"contentUrl\":\"https:\/\/secure.gravatar.com\/avatar\/473d89339b9f8ec089adb8d5778363eb5a2ba2319956bcf0298bfd8cca04684a?s=96&d=mm&r=g\",\"caption\":\"Joaquim Haickel\"},\"url\":\"https:\/\/www.blogsoestado.com\/joaquimhaickel\/author\/joaquimhaickel\/\"}]}<\/script>\n<!-- \/ Yoast SEO plugin. -->","yoast_head_json":{"title":"Uma an\u00e1lise sobre 2018 - Joaquim Haickel","robots":{"index":"index","follow":"follow","max-snippet":"max-snippet:-1","max-image-preview":"max-image-preview:large","max-video-preview":"max-video-preview:-1"},"canonical":"https:\/\/www.blogsoestado.com\/joaquimhaickel\/2017\/02\/04\/uma-analise-sobre-2018\/","og_locale":"pt_BR","og_type":"article","og_title":"Uma an\u00e1lise sobre 2018 - Joaquim Haickel","og_description":"Tenho recebido de alguns amigos, insistentes pedidos no sentido de que eu fa\u00e7a uma an\u00e1lise sobre os poss\u00edveis cen\u00e1rios pol\u00edticos [&hellip;]","og_url":"https:\/\/www.blogsoestado.com\/joaquimhaickel\/2017\/02\/04\/uma-analise-sobre-2018\/","og_site_name":"Joaquim Haickel","article_published_time":"2017-02-04T07:51:30+00:00","author":"Joaquim Haickel","twitter_card":"summary_large_image","twitter_misc":{"Escrito por":"Joaquim Haickel","Est. tempo de leitura":"4 minutos"},"schema":{"@context":"https:\/\/schema.org","@graph":[{"@type":"WebPage","@id":"https:\/\/www.blogsoestado.com\/joaquimhaickel\/2017\/02\/04\/uma-analise-sobre-2018\/","url":"https:\/\/www.blogsoestado.com\/joaquimhaickel\/2017\/02\/04\/uma-analise-sobre-2018\/","name":"Uma an\u00e1lise sobre 2018 - Joaquim Haickel","isPartOf":{"@id":"https:\/\/www.blogsoestado.com\/joaquimhaickel\/#website"},"datePublished":"2017-02-04T07:51:30+00:00","author":{"@id":"https:\/\/www.blogsoestado.com\/joaquimhaickel\/#\/schema\/person\/4a711644aff28245c6c2c3452d66d325"},"breadcrumb":{"@id":"https:\/\/www.blogsoestado.com\/joaquimhaickel\/2017\/02\/04\/uma-analise-sobre-2018\/#breadcrumb"},"inLanguage":"pt-BR","potentialAction":[{"@type":"ReadAction","target":["https:\/\/www.blogsoestado.com\/joaquimhaickel\/2017\/02\/04\/uma-analise-sobre-2018\/"]}]},{"@type":"BreadcrumbList","@id":"https:\/\/www.blogsoestado.com\/joaquimhaickel\/2017\/02\/04\/uma-analise-sobre-2018\/#breadcrumb","itemListElement":[{"@type":"ListItem","position":1,"name":"In\u00edcio","item":"https:\/\/www.blogsoestado.com\/joaquimhaickel\/"},{"@type":"ListItem","position":2,"name":"Uma an\u00e1lise sobre 2018"}]},{"@type":"WebSite","@id":"https:\/\/www.blogsoestado.com\/joaquimhaickel\/#website","url":"https:\/\/www.blogsoestado.com\/joaquimhaickel\/","name":"Joaquim Haickel","description":"","potentialAction":[{"@type":"SearchAction","target":{"@type":"EntryPoint","urlTemplate":"https:\/\/www.blogsoestado.com\/joaquimhaickel\/?s={search_term_string}"},"query-input":{"@type":"PropertyValueSpecification","valueRequired":true,"valueName":"search_term_string"}}],"inLanguage":"pt-BR"},{"@type":"Person","@id":"https:\/\/www.blogsoestado.com\/joaquimhaickel\/#\/schema\/person\/4a711644aff28245c6c2c3452d66d325","name":"Joaquim Haickel","image":{"@type":"ImageObject","inLanguage":"pt-BR","@id":"https:\/\/www.blogsoestado.com\/joaquimhaickel\/#\/schema\/person\/image\/","url":"https:\/\/secure.gravatar.com\/avatar\/473d89339b9f8ec089adb8d5778363eb5a2ba2319956bcf0298bfd8cca04684a?s=96&d=mm&r=g","contentUrl":"https:\/\/secure.gravatar.com\/avatar\/473d89339b9f8ec089adb8d5778363eb5a2ba2319956bcf0298bfd8cca04684a?s=96&d=mm&r=g","caption":"Joaquim Haickel"},"url":"https:\/\/www.blogsoestado.com\/joaquimhaickel\/author\/joaquimhaickel\/"}]}},"jetpack_featured_media_url":"","_links":{"self":[{"href":"https:\/\/www.blogsoestado.com\/joaquimhaickel\/wp-json\/wp\/v2\/posts\/1777","targetHints":{"allow":["GET"]}}],"collection":[{"href":"https:\/\/www.blogsoestado.com\/joaquimhaickel\/wp-json\/wp\/v2\/posts"}],"about":[{"href":"https:\/\/www.blogsoestado.com\/joaquimhaickel\/wp-json\/wp\/v2\/types\/post"}],"author":[{"embeddable":true,"href":"https:\/\/www.blogsoestado.com\/joaquimhaickel\/wp-json\/wp\/v2\/users\/7"}],"replies":[{"embeddable":true,"href":"https:\/\/www.blogsoestado.com\/joaquimhaickel\/wp-json\/wp\/v2\/comments?post=1777"}],"version-history":[{"count":0,"href":"https:\/\/www.blogsoestado.com\/joaquimhaickel\/wp-json\/wp\/v2\/posts\/1777\/revisions"}],"wp:attachment":[{"href":"https:\/\/www.blogsoestado.com\/joaquimhaickel\/wp-json\/wp\/v2\/media?parent=1777"}],"wp:term":[{"taxonomy":"category","embeddable":true,"href":"https:\/\/www.blogsoestado.com\/joaquimhaickel\/wp-json\/wp\/v2\/categories?post=1777"},{"taxonomy":"post_tag","embeddable":true,"href":"https:\/\/www.blogsoestado.com\/joaquimhaickel\/wp-json\/wp\/v2\/tags?post=1777"}],"curies":[{"name":"wp","href":"https:\/\/api.w.org\/{rel}","templated":true}]}}