{"id":1794,"date":"2017-03-25T00:05:08","date_gmt":"2017-03-25T03:05:08","guid":{"rendered":"https:\/\/www.blogsoestado.com\/joaquimhaickel\/?p=1794"},"modified":"2017-03-25T00:05:08","modified_gmt":"2017-03-25T03:05:08","slug":"reconheco-me-preconceituoso","status":"publish","type":"post","link":"https:\/\/www.blogsoestado.com\/joaquimhaickel\/2017\/03\/25\/reconheco-me-preconceituoso\/","title":{"rendered":"Reconhe\u00e7o-me preconceituoso!"},"content":{"rendered":"<p>Durante um daqueles movimentados almo\u00e7os de domingo, quando nossa fam\u00edlia se re\u00fane na casa de minha m\u00e3e, surgiu o assunto que acabou por resultar no texto de hoje.<\/p>\n<p>Depois daquele dia reconheci perante todos que eu sou preconceituoso. N\u00e3o que eu exer\u00e7a qualquer tipo dos preconceitos usualmente existentes no dia a dia.<\/p>\n<p>Reconheci praticar preconceito religioso. N\u00e3o que eu abomine esta ou aquela pessoa por sua cren\u00e7a. Respeito igualmente cat\u00f3licos, evang\u00e9licos, judeus, mu\u00e7ulmanos, budistas, hindu\u00edstas e os adeptos de qualquer religi\u00e3o, em que pese, mesmo eu crendo em uma for\u00e7a superior, eu n\u00e3o professar nenhuma religi\u00e3o especificamente.<\/p>\n<p>O preconceito que eu tenho em rela\u00e7\u00e3o \u00e0 religi\u00e3o \u00e9 no que diz respeito \u00e0queles que as usam para manipular as pessoas. Al\u00e9m disso, sinto pena dos que se deixam manipular.<\/p>\n<p>Reconheci que tenho preconceito de g\u00eanero. N\u00e3o que eu valorize mais os homens que as mulheres. Descobri que na verdade eu tenho preconceito em rela\u00e7\u00e3o a como as pessoas desses g\u00eaneros se colocam em rela\u00e7\u00e3o a si mesmas e \u00e0 sociedade em que vivem.<\/p>\n<p>Homens que precisem reafirmar a sua condi\u00e7\u00e3o masculina ou a sua macheza s\u00e3o t\u00e3o dignos de restri\u00e7\u00e3o quanto mulheres que precisem sensibilizar as pessoas por sua condi\u00e7\u00e3o feminina e \u201cfr\u00e1gil\u201d. Homens e mulheres devem ser simplesmente pessoas!<\/p>\n<p>Bem junto ao preconceito de g\u00eanero aparece o preconceito de sexo. N\u00e3o tenho nenhuma restri\u00e7\u00e3o a pessoas que escolham se realizar sexualmente como bem entendam. Nada tenho contra quem deseje ser bissexual, gay, l\u00e9sbica, travesti, transexual, transg\u00eanero ou qualquer outra forma de manifesta\u00e7\u00e3o da escolha sexual do indiv\u00edduo.<\/p>\n<p>Sobre isso, devo dizer que tenho amigos e parentes gays e l\u00e9sbicas e que os amo e respeito muito! Eles s\u00e3o pessoas inteligentes, competentes, produtivas e respons\u00e1veis. Cidad\u00e3os na melhor concep\u00e7\u00e3o da palavra. O que eu acho errado \u00e9 quem usa a sua condi\u00e7\u00e3o sexual apenas para agredir a fam\u00edlia e a sociedade, que de forma igualmente constitucional, n\u00e3o os compreendam ou aceitam. Abomino tamb\u00e9m quem usa sua condi\u00e7\u00e3o sexual para tirar proveito dos desavisados.<\/p>\n<p>N\u00e3o fui criado em um ambiente racial segregador, logo convivo com brancos, pretos, amarelos e vermelhos da mesma maneira.<\/p>\n<p>Mas pra n\u00e3o ser hip\u00f3crita, certa vez fiz um teste comigo mesmo. Coloquei-me a imaginar minha filha casando com um afrodescendente! Fiquei incomodado com o que pensei, at\u00e9 que um dia ela me apareceu namorando um japon\u00eas! Convivendo com o rapaz, sublimei o fato de que meus netos pudessem vir a ter os olhos apertadinhos e serem mais baixos que os jogadores de basquete eu gostaria que fossem. O rapaz era t\u00e3o gente boa que o fato de sua ra\u00e7a pouco importava.<\/p>\n<p>Quanto ao preconceito em rela\u00e7\u00e3o \u00e0 classe social, sempre convivi com pessoas menos abastadas que eu. N\u00e3o sei se ao dizer \u201cgra\u00e7as a Deus\u201d vou parecer arrogante, n\u00e3o \u00e9 essa minha inten\u00e7\u00e3o, mas dizendo isso reafirmo o que todos j\u00e1 sabem: \u201cN\u00e3o ter\u201d, \u00e9 muito dif\u00edcil. \u201cTer\u201d \u00e9 imprescind\u00edvel. Todos deveriam possuir pelo menos iguais condi\u00e7\u00f5es de lutar pela possibilidade de \u201cter\u201d. H\u00e1, no entanto, um verbo, palavra que indica a a\u00e7\u00e3o do sujeito, capaz de fazer com que pessoas que n\u00e3o \u201ct\u00eam\u201d se igualem e at\u00e9 superem aquelas que apenas \u201ct\u00eam\u201d. Trata-se do verbo \u201cser\u201d. De que adianta \u201cter\u201d, sem \u201cser\u201d!? Mais vale \u201cser\u201d, sem \u201cter\u201d. Quem \u201c\u00e9\u201d pode chegar a \u201cter\u201d, mas quem apenas \u201ctem\u201d sem \u201cser\u201d, jamais \u201cter\u00e1\u201d nada, pois nada \u201cser\u00e1\u201d.<\/p>\n<p>Naquele almo\u00e7o comprovei o que eu j\u00e1 imaginava! Eu n\u00e3o tenho nenhum desses preconceitos que existem por a\u00ed. O meu preconceito \u00e9 muito mais elementar, bem mais primordial que os que comumente enfrentamos. Meu preconceito \u00e9 quanto ao tipo do car\u00e1ter, da personalidade, da forma com que o indiv\u00edduo encara e exerce a vida.<\/p>\n<p>&nbsp;<\/p>\n<p>PS: H\u00e1 um outro preconceito do qual n\u00e3o consegui me desvencilhar. \u00c9 em rela\u00e7\u00e3o aos hip\u00f3critas, sect\u00e1rios e manique\u00edstas.<\/p>\n<p>&nbsp;<\/p>\n<p>&nbsp;<\/p>\n","protected":false},"excerpt":{"rendered":"<p>Durante um daqueles movimentados almo\u00e7os de domingo, quando nossa fam\u00edlia se re\u00fane na casa de minha m\u00e3e, surgiu o assunto [&hellip;]<\/p>\n","protected":false},"author":7,"featured_media":0,"comment_status":"open","ping_status":"open","sticky":false,"template":"","format":"standard","meta":{"site-sidebar-layout":"default","site-content-layout":"","ast-site-content-layout":"default","site-content-style":"default","site-sidebar-style":"default","ast-global-header-display":"","ast-banner-title-visibility":"","ast-main-header-display":"","ast-hfb-above-header-display":"","ast-hfb-below-header-display":"","ast-hfb-mobile-header-display":"","site-post-title":"","ast-breadcrumbs-content":"","ast-featured-img":"","footer-sml-layout":"","ast-disable-related-posts":"","theme-transparent-header-meta":"","adv-header-id-meta":"","stick-header-meta":"","header-above-stick-meta":"","header-main-stick-meta":"","header-below-stick-meta":"","astra-migrate-meta-layouts":"default","ast-page-background-enabled":"default","ast-page-background-meta":{"desktop":{"background-color":"var(--ast-global-color-5)","background-image":"","background-repeat":"repeat","background-position":"center center","background-size":"auto","background-attachment":"scroll","background-type":"","background-media":"","overlay-type":"","overlay-color":"","overlay-opacity":"","overlay-gradient":""},"tablet":{"background-color":"","background-image":"","background-repeat":"repeat","background-position":"center center","background-size":"auto","background-attachment":"scroll","background-type":"","background-media":"","overlay-type":"","overlay-color":"","overlay-opacity":"","overlay-gradient":""},"mobile":{"background-color":"","background-image":"","background-repeat":"repeat","background-position":"center center","background-size":"auto","background-attachment":"scroll","background-type":"","background-media":"","overlay-type":"","overlay-color":"","overlay-opacity":"","overlay-gradient":""}},"ast-content-background-meta":{"desktop":{"background-color":"var(--ast-global-color-4)","background-image":"","background-repeat":"repeat","background-position":"center center","background-size":"auto","background-attachment":"scroll","background-type":"","background-media":"","overlay-type":"","overlay-color":"","overlay-opacity":"","overlay-gradient":""},"tablet":{"background-color":"var(--ast-global-color-4)","background-image":"","background-repeat":"repeat","background-position":"center center","background-size":"auto","background-attachment":"scroll","background-type":"","background-media":"","overlay-type":"","overlay-color":"","overlay-opacity":"","overlay-gradient":""},"mobile":{"background-color":"var(--ast-global-color-4)","background-image":"","background-repeat":"repeat","background-position":"center center","background-size":"auto","background-attachment":"scroll","background-type":"","background-media":"","overlay-type":"","overlay-color":"","overlay-opacity":"","overlay-gradient":""}},"footnotes":""},"categories":[1],"tags":[],"class_list":["post-1794","post","type-post","status-publish","format-standard","hentry","category-sem-categoria"],"yoast_head":"<!-- This site is optimized with the Yoast SEO plugin v26.6 - https:\/\/yoast.com\/wordpress\/plugins\/seo\/ -->\n<title>Reconhe\u00e7o-me preconceituoso! - Joaquim Haickel<\/title>\n<meta name=\"robots\" content=\"index, follow, max-snippet:-1, max-image-preview:large, max-video-preview:-1\" \/>\n<link rel=\"canonical\" href=\"https:\/\/www.blogsoestado.com\/joaquimhaickel\/2017\/03\/25\/reconheco-me-preconceituoso\/\" \/>\n<meta property=\"og:locale\" content=\"pt_BR\" \/>\n<meta property=\"og:type\" content=\"article\" \/>\n<meta property=\"og:title\" content=\"Reconhe\u00e7o-me preconceituoso! - Joaquim Haickel\" \/>\n<meta property=\"og:description\" content=\"Durante um daqueles movimentados almo\u00e7os de domingo, quando nossa fam\u00edlia se re\u00fane na casa de minha m\u00e3e, surgiu o assunto [&hellip;]\" \/>\n<meta property=\"og:url\" content=\"https:\/\/www.blogsoestado.com\/joaquimhaickel\/2017\/03\/25\/reconheco-me-preconceituoso\/\" \/>\n<meta property=\"og:site_name\" content=\"Joaquim Haickel\" \/>\n<meta property=\"article:published_time\" content=\"2017-03-25T03:05:08+00:00\" \/>\n<meta name=\"author\" content=\"Joaquim Haickel\" \/>\n<meta name=\"twitter:card\" content=\"summary_large_image\" \/>\n<meta name=\"twitter:label1\" content=\"Escrito por\" \/>\n\t<meta name=\"twitter:data1\" content=\"Joaquim Haickel\" \/>\n\t<meta name=\"twitter:label2\" content=\"Est. tempo de leitura\" \/>\n\t<meta name=\"twitter:data2\" content=\"3 minutos\" \/>\n<script type=\"application\/ld+json\" class=\"yoast-schema-graph\">{\"@context\":\"https:\/\/schema.org\",\"@graph\":[{\"@type\":\"WebPage\",\"@id\":\"https:\/\/www.blogsoestado.com\/joaquimhaickel\/2017\/03\/25\/reconheco-me-preconceituoso\/\",\"url\":\"https:\/\/www.blogsoestado.com\/joaquimhaickel\/2017\/03\/25\/reconheco-me-preconceituoso\/\",\"name\":\"Reconhe\u00e7o-me preconceituoso! - Joaquim Haickel\",\"isPartOf\":{\"@id\":\"https:\/\/www.blogsoestado.com\/joaquimhaickel\/#website\"},\"datePublished\":\"2017-03-25T03:05:08+00:00\",\"author\":{\"@id\":\"https:\/\/www.blogsoestado.com\/joaquimhaickel\/#\/schema\/person\/4a711644aff28245c6c2c3452d66d325\"},\"breadcrumb\":{\"@id\":\"https:\/\/www.blogsoestado.com\/joaquimhaickel\/2017\/03\/25\/reconheco-me-preconceituoso\/#breadcrumb\"},\"inLanguage\":\"pt-BR\",\"potentialAction\":[{\"@type\":\"ReadAction\",\"target\":[\"https:\/\/www.blogsoestado.com\/joaquimhaickel\/2017\/03\/25\/reconheco-me-preconceituoso\/\"]}]},{\"@type\":\"BreadcrumbList\",\"@id\":\"https:\/\/www.blogsoestado.com\/joaquimhaickel\/2017\/03\/25\/reconheco-me-preconceituoso\/#breadcrumb\",\"itemListElement\":[{\"@type\":\"ListItem\",\"position\":1,\"name\":\"In\u00edcio\",\"item\":\"https:\/\/www.blogsoestado.com\/joaquimhaickel\/\"},{\"@type\":\"ListItem\",\"position\":2,\"name\":\"Reconhe\u00e7o-me preconceituoso!\"}]},{\"@type\":\"WebSite\",\"@id\":\"https:\/\/www.blogsoestado.com\/joaquimhaickel\/#website\",\"url\":\"https:\/\/www.blogsoestado.com\/joaquimhaickel\/\",\"name\":\"Joaquim Haickel\",\"description\":\"\",\"potentialAction\":[{\"@type\":\"SearchAction\",\"target\":{\"@type\":\"EntryPoint\",\"urlTemplate\":\"https:\/\/www.blogsoestado.com\/joaquimhaickel\/?s={search_term_string}\"},\"query-input\":{\"@type\":\"PropertyValueSpecification\",\"valueRequired\":true,\"valueName\":\"search_term_string\"}}],\"inLanguage\":\"pt-BR\"},{\"@type\":\"Person\",\"@id\":\"https:\/\/www.blogsoestado.com\/joaquimhaickel\/#\/schema\/person\/4a711644aff28245c6c2c3452d66d325\",\"name\":\"Joaquim Haickel\",\"image\":{\"@type\":\"ImageObject\",\"inLanguage\":\"pt-BR\",\"@id\":\"https:\/\/www.blogsoestado.com\/joaquimhaickel\/#\/schema\/person\/image\/\",\"url\":\"https:\/\/secure.gravatar.com\/avatar\/473d89339b9f8ec089adb8d5778363eb5a2ba2319956bcf0298bfd8cca04684a?s=96&d=mm&r=g\",\"contentUrl\":\"https:\/\/secure.gravatar.com\/avatar\/473d89339b9f8ec089adb8d5778363eb5a2ba2319956bcf0298bfd8cca04684a?s=96&d=mm&r=g\",\"caption\":\"Joaquim Haickel\"},\"url\":\"https:\/\/www.blogsoestado.com\/joaquimhaickel\/author\/joaquimhaickel\/\"}]}<\/script>\n<!-- \/ Yoast SEO plugin. -->","yoast_head_json":{"title":"Reconhe\u00e7o-me preconceituoso! - Joaquim Haickel","robots":{"index":"index","follow":"follow","max-snippet":"max-snippet:-1","max-image-preview":"max-image-preview:large","max-video-preview":"max-video-preview:-1"},"canonical":"https:\/\/www.blogsoestado.com\/joaquimhaickel\/2017\/03\/25\/reconheco-me-preconceituoso\/","og_locale":"pt_BR","og_type":"article","og_title":"Reconhe\u00e7o-me preconceituoso! - Joaquim Haickel","og_description":"Durante um daqueles movimentados almo\u00e7os de domingo, quando nossa fam\u00edlia se re\u00fane na casa de minha m\u00e3e, surgiu o assunto [&hellip;]","og_url":"https:\/\/www.blogsoestado.com\/joaquimhaickel\/2017\/03\/25\/reconheco-me-preconceituoso\/","og_site_name":"Joaquim Haickel","article_published_time":"2017-03-25T03:05:08+00:00","author":"Joaquim Haickel","twitter_card":"summary_large_image","twitter_misc":{"Escrito por":"Joaquim Haickel","Est. tempo de leitura":"3 minutos"},"schema":{"@context":"https:\/\/schema.org","@graph":[{"@type":"WebPage","@id":"https:\/\/www.blogsoestado.com\/joaquimhaickel\/2017\/03\/25\/reconheco-me-preconceituoso\/","url":"https:\/\/www.blogsoestado.com\/joaquimhaickel\/2017\/03\/25\/reconheco-me-preconceituoso\/","name":"Reconhe\u00e7o-me preconceituoso! - Joaquim Haickel","isPartOf":{"@id":"https:\/\/www.blogsoestado.com\/joaquimhaickel\/#website"},"datePublished":"2017-03-25T03:05:08+00:00","author":{"@id":"https:\/\/www.blogsoestado.com\/joaquimhaickel\/#\/schema\/person\/4a711644aff28245c6c2c3452d66d325"},"breadcrumb":{"@id":"https:\/\/www.blogsoestado.com\/joaquimhaickel\/2017\/03\/25\/reconheco-me-preconceituoso\/#breadcrumb"},"inLanguage":"pt-BR","potentialAction":[{"@type":"ReadAction","target":["https:\/\/www.blogsoestado.com\/joaquimhaickel\/2017\/03\/25\/reconheco-me-preconceituoso\/"]}]},{"@type":"BreadcrumbList","@id":"https:\/\/www.blogsoestado.com\/joaquimhaickel\/2017\/03\/25\/reconheco-me-preconceituoso\/#breadcrumb","itemListElement":[{"@type":"ListItem","position":1,"name":"In\u00edcio","item":"https:\/\/www.blogsoestado.com\/joaquimhaickel\/"},{"@type":"ListItem","position":2,"name":"Reconhe\u00e7o-me preconceituoso!"}]},{"@type":"WebSite","@id":"https:\/\/www.blogsoestado.com\/joaquimhaickel\/#website","url":"https:\/\/www.blogsoestado.com\/joaquimhaickel\/","name":"Joaquim Haickel","description":"","potentialAction":[{"@type":"SearchAction","target":{"@type":"EntryPoint","urlTemplate":"https:\/\/www.blogsoestado.com\/joaquimhaickel\/?s={search_term_string}"},"query-input":{"@type":"PropertyValueSpecification","valueRequired":true,"valueName":"search_term_string"}}],"inLanguage":"pt-BR"},{"@type":"Person","@id":"https:\/\/www.blogsoestado.com\/joaquimhaickel\/#\/schema\/person\/4a711644aff28245c6c2c3452d66d325","name":"Joaquim Haickel","image":{"@type":"ImageObject","inLanguage":"pt-BR","@id":"https:\/\/www.blogsoestado.com\/joaquimhaickel\/#\/schema\/person\/image\/","url":"https:\/\/secure.gravatar.com\/avatar\/473d89339b9f8ec089adb8d5778363eb5a2ba2319956bcf0298bfd8cca04684a?s=96&d=mm&r=g","contentUrl":"https:\/\/secure.gravatar.com\/avatar\/473d89339b9f8ec089adb8d5778363eb5a2ba2319956bcf0298bfd8cca04684a?s=96&d=mm&r=g","caption":"Joaquim Haickel"},"url":"https:\/\/www.blogsoestado.com\/joaquimhaickel\/author\/joaquimhaickel\/"}]}},"jetpack_featured_media_url":"","_links":{"self":[{"href":"https:\/\/www.blogsoestado.com\/joaquimhaickel\/wp-json\/wp\/v2\/posts\/1794","targetHints":{"allow":["GET"]}}],"collection":[{"href":"https:\/\/www.blogsoestado.com\/joaquimhaickel\/wp-json\/wp\/v2\/posts"}],"about":[{"href":"https:\/\/www.blogsoestado.com\/joaquimhaickel\/wp-json\/wp\/v2\/types\/post"}],"author":[{"embeddable":true,"href":"https:\/\/www.blogsoestado.com\/joaquimhaickel\/wp-json\/wp\/v2\/users\/7"}],"replies":[{"embeddable":true,"href":"https:\/\/www.blogsoestado.com\/joaquimhaickel\/wp-json\/wp\/v2\/comments?post=1794"}],"version-history":[{"count":0,"href":"https:\/\/www.blogsoestado.com\/joaquimhaickel\/wp-json\/wp\/v2\/posts\/1794\/revisions"}],"wp:attachment":[{"href":"https:\/\/www.blogsoestado.com\/joaquimhaickel\/wp-json\/wp\/v2\/media?parent=1794"}],"wp:term":[{"taxonomy":"category","embeddable":true,"href":"https:\/\/www.blogsoestado.com\/joaquimhaickel\/wp-json\/wp\/v2\/categories?post=1794"},{"taxonomy":"post_tag","embeddable":true,"href":"https:\/\/www.blogsoestado.com\/joaquimhaickel\/wp-json\/wp\/v2\/tags?post=1794"}],"curies":[{"name":"wp","href":"https:\/\/api.w.org\/{rel}","templated":true}]}}