{"id":1819,"date":"2017-06-03T00:17:39","date_gmt":"2017-06-03T03:17:39","guid":{"rendered":"https:\/\/www.blogsoestado.com\/joaquimhaickel\/?p=1819"},"modified":"2017-06-03T00:17:39","modified_gmt":"2017-06-03T03:17:39","slug":"vamo-arreuni-vamo-guarnice","status":"publish","type":"post","link":"https:\/\/www.blogsoestado.com\/joaquimhaickel\/2017\/06\/03\/vamo-arreuni-vamo-guarnice\/","title":{"rendered":"\u201cVamo Arreun\u00ed, Vamo Guarnic\u00ea&#8230;\u201d"},"content":{"rendered":"<p>O Festival Guarnic\u00ea de Cinema completa em 2017, 40 anos de exist\u00eancia, e resolvi contar pra voc\u00ea um pouco de minha rela\u00e7\u00e3o com este que \u00e9 um dos mais antigos festivais de cinema do Brasil.<br \/>\nNo in\u00edcio dos anos 1980, mais precisamente em 1983, eu, Celso Borges, Roberto Kenard, Paulinho Coelho e \u00c9rico Junqueira Aryes, secundados pelo cartunista Cordeiro Filho, pela jornalista Dulce Brito e pelo m\u00fasico Ronaldo Braga, criamos a Revista Guarnic\u00ea, publica\u00e7\u00e3o voltada para a cultura de modo geral, com foco na literatura. Na Guarnic\u00ea havia espa\u00e7o para tudo e todos, tanto que em 1984, para apoiar um parceiro de aventuras, o jornalista e cineasta Jo\u00e3o Ubaldo de Moraes, eu criei a Guarnic\u00ea Produ\u00e7\u00f5es, que a princ\u00edpio s\u00f3 existia como marca de fantasia.<br \/>\nEm parceria com Ubaldo e incentivado por Ivan Sarney, realizei meus primeiros trabalhos em super 8. Depois, tamb\u00e9m Z\u00e9 Louzeiro passou a nos apoiar.<br \/>\nComprei uma c\u00e2mera, um projetor, uma moviolazinha&#8230; Aprendi o of\u00edcio de fazer cinema da maneira mais rudimentar que poderia existir, mas era algo maravilhoso. Para mim era melhor que a literatura, que tanto exigia de mim, um disl\u00e9xico.<br \/>\nA primeira realiza\u00e7\u00e3o da Guarnic\u00ea Produ\u00e7\u00f5es, tendo eu e Ubaldo como roteiristas, diretores, produtores, editores, sonoplastas&#8230; S\u00f3 n\u00e3o fomos neste filme, atores&#8230; Estou falando de \u201cThe Best Friend &#8211; O Amig\u00e3o\u201d, um filme que se pode chamar de experimental, uma vez que se utiliza da m\u00edmica para contar sua hist\u00f3ria.<br \/>\nNesta pel\u00edcula, duas m\u00e3os se relacionam! Uma m\u00e3o brasileira e uma m\u00e3o americana, ambas identificadas pelas cores nos punhos de suas luvas brancas e pelas m\u00fasicas que cantarolam, quando elas aparecem.<br \/>\nAqueles ainda eram os tais anos de chumbo. O FMI estava em todas as not\u00edcias dos telejornais e o nosso filme falava exatamente disso.<br \/>\nA m\u00e3o americana oferecia dinheiro \u00e0 m\u00e3o brasileira, que aceitava e pagava juros exorbitantes, como se via acontecer na telinha.<br \/>\nA hist\u00f3ria se desenrola e h\u00e1 um \u201cgrand finale\u201d que ainda hoje, quando o assunto n\u00e3o est\u00e1 mais em voga, ainda surpreende por sua originalidade.<br \/>\nDevo dizer, para ser justo, que, para aquela \u00e9poca, aquela foi uma boa produ\u00e7\u00e3o, mas vendo alguns detalhes referentes exatamente \u00e0 produ\u00e7\u00e3o daquele filme, hoje, tenho vontade de chorar!<br \/>\nResultado: \u201cThe Best Friend &#8211; O Amig\u00e3o\u201d ganhou dois pr\u00eamios. O de melhor filme maranhense, pelo j\u00fari t\u00e9cnico e o de melhor filme do ano, pelo j\u00fari popular, que compareceu \u00e0s sess\u00f5es do festival naquele ano de 1984.<br \/>\nDepois disso continuamos, eu e Ubaldo produzindo outros filmes.<br \/>\nAcabada a Revista Guarnic\u00ea, eu que naquela \u00e9poca j\u00e1 estava na pol\u00edtica, j\u00e1 era deputado estadual, resolvi ser deputado federal constituinte, o que me afastou de S\u00e3o Lu\u00eds e das atividades art\u00edsticas e culturais.<br \/>\nMesmo que n\u00e3o estivesse totalmente afastado, pois n\u00e3o parei de participar da vida art\u00edstica, liter\u00e1ria e cultural de modo geral, demorou 23 anos para que eu voltasse a me atrever a fazer cinema, formalmente.<br \/>\nEm 2007 realizei \u201cPadre Nosso\u201d, que na verdade foi um ensaio, para que pudesse me familiarizar com as novas tecnologias, agora j\u00e1 t\u00e3o avan\u00e7adas.<br \/>\nEm 2008 realizei \u201cPelo Ouvido\u201d, filme com o qual repetiria a fa\u00e7anha de ganhar mais dois pr\u00eamios no Festival Guarnic\u00ea de Cinema, melhor atriz para Amanda Acosta e mais uma vez, melhor filme do festival, pelo j\u00fari popular.<br \/>\nO \u201cPelo Ouvido\u201d saiu daqui e foi selecionado para mais de 120 festivais de cinema do Brasil e do exterior, onde no final de dois anos tinha ganhado 21 pr\u00eamios.<br \/>\nEm 2016 duas produ\u00e7\u00f5es das quais fui coprodutor sagraram-se campe\u00e3s em suas categorias. \u201cMacap\u00e1\u201d, cujo diretor \u00e9 o jovem promissor cineasta Marcos Ponts e \u201cJoca e a Estrela\u201d, em parceria com a Dupla Cria\u00e7\u00e3o, que tem feito trabalhos primorosos em anima\u00e7\u00e3o.<br \/>\nA minha hist\u00f3ria com o Guarnic\u00ea \u00e9 essa, mas a hist\u00f3ria do Guarnic\u00ea com a cidade de S\u00e3o Lu\u00eds e com o cinema do Maranh\u00e3o \u00e9 algo muito maior.<br \/>\nViva o Festival Guarnic\u00ea! Viva o cinema Maranhense!<\/p>\n","protected":false},"excerpt":{"rendered":"<p>O Festival Guarnic\u00ea de Cinema completa em 2017, 40 anos de exist\u00eancia, e resolvi contar pra voc\u00ea um pouco de [&hellip;]<\/p>\n","protected":false},"author":7,"featured_media":0,"comment_status":"open","ping_status":"open","sticky":false,"template":"","format":"standard","meta":{"site-sidebar-layout":"default","site-content-layout":"","ast-site-content-layout":"default","site-content-style":"default","site-sidebar-style":"default","ast-global-header-display":"","ast-banner-title-visibility":"","ast-main-header-display":"","ast-hfb-above-header-display":"","ast-hfb-below-header-display":"","ast-hfb-mobile-header-display":"","site-post-title":"","ast-breadcrumbs-content":"","ast-featured-img":"","footer-sml-layout":"","ast-disable-related-posts":"","theme-transparent-header-meta":"","adv-header-id-meta":"","stick-header-meta":"","header-above-stick-meta":"","header-main-stick-meta":"","header-below-stick-meta":"","astra-migrate-meta-layouts":"default","ast-page-background-enabled":"default","ast-page-background-meta":{"desktop":{"background-color":"var(--ast-global-color-5)","background-image":"","background-repeat":"repeat","background-position":"center center","background-size":"auto","background-attachment":"scroll","background-type":"","background-media":"","overlay-type":"","overlay-color":"","overlay-opacity":"","overlay-gradient":""},"tablet":{"background-color":"","background-image":"","background-repeat":"repeat","background-position":"center center","background-size":"auto","background-attachment":"scroll","background-type":"","background-media":"","overlay-type":"","overlay-color":"","overlay-opacity":"","overlay-gradient":""},"mobile":{"background-color":"","background-image":"","background-repeat":"repeat","background-position":"center center","background-size":"auto","background-attachment":"scroll","background-type":"","background-media":"","overlay-type":"","overlay-color":"","overlay-opacity":"","overlay-gradient":""}},"ast-content-background-meta":{"desktop":{"background-color":"var(--ast-global-color-4)","background-image":"","background-repeat":"repeat","background-position":"center center","background-size":"auto","background-attachment":"scroll","background-type":"","background-media":"","overlay-type":"","overlay-color":"","overlay-opacity":"","overlay-gradient":""},"tablet":{"background-color":"var(--ast-global-color-4)","background-image":"","background-repeat":"repeat","background-position":"center center","background-size":"auto","background-attachment":"scroll","background-type":"","background-media":"","overlay-type":"","overlay-color":"","overlay-opacity":"","overlay-gradient":""},"mobile":{"background-color":"var(--ast-global-color-4)","background-image":"","background-repeat":"repeat","background-position":"center center","background-size":"auto","background-attachment":"scroll","background-type":"","background-media":"","overlay-type":"","overlay-color":"","overlay-opacity":"","overlay-gradient":""}},"footnotes":""},"categories":[1],"tags":[],"class_list":["post-1819","post","type-post","status-publish","format-standard","hentry","category-sem-categoria"],"yoast_head":"<!-- This site is optimized with the Yoast SEO plugin v26.6 - https:\/\/yoast.com\/wordpress\/plugins\/seo\/ -->\n<title>\u201cVamo Arreun\u00ed, Vamo Guarnic\u00ea...\u201d - Joaquim Haickel<\/title>\n<meta name=\"robots\" content=\"index, follow, max-snippet:-1, max-image-preview:large, max-video-preview:-1\" \/>\n<link rel=\"canonical\" href=\"https:\/\/www.blogsoestado.com\/joaquimhaickel\/2017\/06\/03\/vamo-arreuni-vamo-guarnice\/\" \/>\n<meta property=\"og:locale\" content=\"pt_BR\" \/>\n<meta property=\"og:type\" content=\"article\" \/>\n<meta property=\"og:title\" content=\"\u201cVamo Arreun\u00ed, Vamo Guarnic\u00ea...\u201d - Joaquim Haickel\" \/>\n<meta property=\"og:description\" content=\"O Festival Guarnic\u00ea de Cinema completa em 2017, 40 anos de exist\u00eancia, e resolvi contar pra voc\u00ea um pouco de [&hellip;]\" \/>\n<meta property=\"og:url\" content=\"https:\/\/www.blogsoestado.com\/joaquimhaickel\/2017\/06\/03\/vamo-arreuni-vamo-guarnice\/\" \/>\n<meta property=\"og:site_name\" content=\"Joaquim Haickel\" \/>\n<meta property=\"article:published_time\" content=\"2017-06-03T03:17:39+00:00\" \/>\n<meta name=\"author\" content=\"Joaquim Haickel\" \/>\n<meta name=\"twitter:card\" content=\"summary_large_image\" \/>\n<meta name=\"twitter:label1\" content=\"Escrito por\" \/>\n\t<meta name=\"twitter:data1\" content=\"Joaquim Haickel\" \/>\n\t<meta name=\"twitter:label2\" content=\"Est. tempo de leitura\" \/>\n\t<meta name=\"twitter:data2\" content=\"3 minutos\" \/>\n<script type=\"application\/ld+json\" class=\"yoast-schema-graph\">{\"@context\":\"https:\/\/schema.org\",\"@graph\":[{\"@type\":\"WebPage\",\"@id\":\"https:\/\/www.blogsoestado.com\/joaquimhaickel\/2017\/06\/03\/vamo-arreuni-vamo-guarnice\/\",\"url\":\"https:\/\/www.blogsoestado.com\/joaquimhaickel\/2017\/06\/03\/vamo-arreuni-vamo-guarnice\/\",\"name\":\"\u201cVamo Arreun\u00ed, Vamo Guarnic\u00ea...\u201d - Joaquim Haickel\",\"isPartOf\":{\"@id\":\"https:\/\/www.blogsoestado.com\/joaquimhaickel\/#website\"},\"datePublished\":\"2017-06-03T03:17:39+00:00\",\"author\":{\"@id\":\"https:\/\/www.blogsoestado.com\/joaquimhaickel\/#\/schema\/person\/4a711644aff28245c6c2c3452d66d325\"},\"breadcrumb\":{\"@id\":\"https:\/\/www.blogsoestado.com\/joaquimhaickel\/2017\/06\/03\/vamo-arreuni-vamo-guarnice\/#breadcrumb\"},\"inLanguage\":\"pt-BR\",\"potentialAction\":[{\"@type\":\"ReadAction\",\"target\":[\"https:\/\/www.blogsoestado.com\/joaquimhaickel\/2017\/06\/03\/vamo-arreuni-vamo-guarnice\/\"]}]},{\"@type\":\"BreadcrumbList\",\"@id\":\"https:\/\/www.blogsoestado.com\/joaquimhaickel\/2017\/06\/03\/vamo-arreuni-vamo-guarnice\/#breadcrumb\",\"itemListElement\":[{\"@type\":\"ListItem\",\"position\":1,\"name\":\"In\u00edcio\",\"item\":\"https:\/\/www.blogsoestado.com\/joaquimhaickel\/\"},{\"@type\":\"ListItem\",\"position\":2,\"name\":\"\u201cVamo Arreun\u00ed, Vamo Guarnic\u00ea&#8230;\u201d\"}]},{\"@type\":\"WebSite\",\"@id\":\"https:\/\/www.blogsoestado.com\/joaquimhaickel\/#website\",\"url\":\"https:\/\/www.blogsoestado.com\/joaquimhaickel\/\",\"name\":\"Joaquim Haickel\",\"description\":\"\",\"potentialAction\":[{\"@type\":\"SearchAction\",\"target\":{\"@type\":\"EntryPoint\",\"urlTemplate\":\"https:\/\/www.blogsoestado.com\/joaquimhaickel\/?s={search_term_string}\"},\"query-input\":{\"@type\":\"PropertyValueSpecification\",\"valueRequired\":true,\"valueName\":\"search_term_string\"}}],\"inLanguage\":\"pt-BR\"},{\"@type\":\"Person\",\"@id\":\"https:\/\/www.blogsoestado.com\/joaquimhaickel\/#\/schema\/person\/4a711644aff28245c6c2c3452d66d325\",\"name\":\"Joaquim Haickel\",\"image\":{\"@type\":\"ImageObject\",\"inLanguage\":\"pt-BR\",\"@id\":\"https:\/\/www.blogsoestado.com\/joaquimhaickel\/#\/schema\/person\/image\/\",\"url\":\"https:\/\/secure.gravatar.com\/avatar\/473d89339b9f8ec089adb8d5778363eb5a2ba2319956bcf0298bfd8cca04684a?s=96&d=mm&r=g\",\"contentUrl\":\"https:\/\/secure.gravatar.com\/avatar\/473d89339b9f8ec089adb8d5778363eb5a2ba2319956bcf0298bfd8cca04684a?s=96&d=mm&r=g\",\"caption\":\"Joaquim Haickel\"},\"url\":\"https:\/\/www.blogsoestado.com\/joaquimhaickel\/author\/joaquimhaickel\/\"}]}<\/script>\n<!-- \/ Yoast SEO plugin. -->","yoast_head_json":{"title":"\u201cVamo Arreun\u00ed, Vamo Guarnic\u00ea...\u201d - Joaquim Haickel","robots":{"index":"index","follow":"follow","max-snippet":"max-snippet:-1","max-image-preview":"max-image-preview:large","max-video-preview":"max-video-preview:-1"},"canonical":"https:\/\/www.blogsoestado.com\/joaquimhaickel\/2017\/06\/03\/vamo-arreuni-vamo-guarnice\/","og_locale":"pt_BR","og_type":"article","og_title":"\u201cVamo Arreun\u00ed, Vamo Guarnic\u00ea...\u201d - Joaquim Haickel","og_description":"O Festival Guarnic\u00ea de Cinema completa em 2017, 40 anos de exist\u00eancia, e resolvi contar pra voc\u00ea um pouco de [&hellip;]","og_url":"https:\/\/www.blogsoestado.com\/joaquimhaickel\/2017\/06\/03\/vamo-arreuni-vamo-guarnice\/","og_site_name":"Joaquim Haickel","article_published_time":"2017-06-03T03:17:39+00:00","author":"Joaquim Haickel","twitter_card":"summary_large_image","twitter_misc":{"Escrito por":"Joaquim Haickel","Est. tempo de leitura":"3 minutos"},"schema":{"@context":"https:\/\/schema.org","@graph":[{"@type":"WebPage","@id":"https:\/\/www.blogsoestado.com\/joaquimhaickel\/2017\/06\/03\/vamo-arreuni-vamo-guarnice\/","url":"https:\/\/www.blogsoestado.com\/joaquimhaickel\/2017\/06\/03\/vamo-arreuni-vamo-guarnice\/","name":"\u201cVamo Arreun\u00ed, Vamo Guarnic\u00ea...\u201d - Joaquim Haickel","isPartOf":{"@id":"https:\/\/www.blogsoestado.com\/joaquimhaickel\/#website"},"datePublished":"2017-06-03T03:17:39+00:00","author":{"@id":"https:\/\/www.blogsoestado.com\/joaquimhaickel\/#\/schema\/person\/4a711644aff28245c6c2c3452d66d325"},"breadcrumb":{"@id":"https:\/\/www.blogsoestado.com\/joaquimhaickel\/2017\/06\/03\/vamo-arreuni-vamo-guarnice\/#breadcrumb"},"inLanguage":"pt-BR","potentialAction":[{"@type":"ReadAction","target":["https:\/\/www.blogsoestado.com\/joaquimhaickel\/2017\/06\/03\/vamo-arreuni-vamo-guarnice\/"]}]},{"@type":"BreadcrumbList","@id":"https:\/\/www.blogsoestado.com\/joaquimhaickel\/2017\/06\/03\/vamo-arreuni-vamo-guarnice\/#breadcrumb","itemListElement":[{"@type":"ListItem","position":1,"name":"In\u00edcio","item":"https:\/\/www.blogsoestado.com\/joaquimhaickel\/"},{"@type":"ListItem","position":2,"name":"\u201cVamo Arreun\u00ed, Vamo Guarnic\u00ea&#8230;\u201d"}]},{"@type":"WebSite","@id":"https:\/\/www.blogsoestado.com\/joaquimhaickel\/#website","url":"https:\/\/www.blogsoestado.com\/joaquimhaickel\/","name":"Joaquim Haickel","description":"","potentialAction":[{"@type":"SearchAction","target":{"@type":"EntryPoint","urlTemplate":"https:\/\/www.blogsoestado.com\/joaquimhaickel\/?s={search_term_string}"},"query-input":{"@type":"PropertyValueSpecification","valueRequired":true,"valueName":"search_term_string"}}],"inLanguage":"pt-BR"},{"@type":"Person","@id":"https:\/\/www.blogsoestado.com\/joaquimhaickel\/#\/schema\/person\/4a711644aff28245c6c2c3452d66d325","name":"Joaquim Haickel","image":{"@type":"ImageObject","inLanguage":"pt-BR","@id":"https:\/\/www.blogsoestado.com\/joaquimhaickel\/#\/schema\/person\/image\/","url":"https:\/\/secure.gravatar.com\/avatar\/473d89339b9f8ec089adb8d5778363eb5a2ba2319956bcf0298bfd8cca04684a?s=96&d=mm&r=g","contentUrl":"https:\/\/secure.gravatar.com\/avatar\/473d89339b9f8ec089adb8d5778363eb5a2ba2319956bcf0298bfd8cca04684a?s=96&d=mm&r=g","caption":"Joaquim Haickel"},"url":"https:\/\/www.blogsoestado.com\/joaquimhaickel\/author\/joaquimhaickel\/"}]}},"jetpack_featured_media_url":"","_links":{"self":[{"href":"https:\/\/www.blogsoestado.com\/joaquimhaickel\/wp-json\/wp\/v2\/posts\/1819","targetHints":{"allow":["GET"]}}],"collection":[{"href":"https:\/\/www.blogsoestado.com\/joaquimhaickel\/wp-json\/wp\/v2\/posts"}],"about":[{"href":"https:\/\/www.blogsoestado.com\/joaquimhaickel\/wp-json\/wp\/v2\/types\/post"}],"author":[{"embeddable":true,"href":"https:\/\/www.blogsoestado.com\/joaquimhaickel\/wp-json\/wp\/v2\/users\/7"}],"replies":[{"embeddable":true,"href":"https:\/\/www.blogsoestado.com\/joaquimhaickel\/wp-json\/wp\/v2\/comments?post=1819"}],"version-history":[{"count":0,"href":"https:\/\/www.blogsoestado.com\/joaquimhaickel\/wp-json\/wp\/v2\/posts\/1819\/revisions"}],"wp:attachment":[{"href":"https:\/\/www.blogsoestado.com\/joaquimhaickel\/wp-json\/wp\/v2\/media?parent=1819"}],"wp:term":[{"taxonomy":"category","embeddable":true,"href":"https:\/\/www.blogsoestado.com\/joaquimhaickel\/wp-json\/wp\/v2\/categories?post=1819"},{"taxonomy":"post_tag","embeddable":true,"href":"https:\/\/www.blogsoestado.com\/joaquimhaickel\/wp-json\/wp\/v2\/tags?post=1819"}],"curies":[{"name":"wp","href":"https:\/\/api.w.org\/{rel}","templated":true}]}}