{"id":1823,"date":"2017-06-17T00:03:18","date_gmt":"2017-06-17T03:03:18","guid":{"rendered":"https:\/\/www.blogsoestado.com\/joaquimhaickel\/?p=1823"},"modified":"2017-06-17T00:03:18","modified_gmt":"2017-06-17T03:03:18","slug":"o-fator-roseana","status":"publish","type":"post","link":"https:\/\/www.blogsoestado.com\/joaquimhaickel\/2017\/06\/17\/o-fator-roseana\/","title":{"rendered":"O fator Roseana"},"content":{"rendered":"<p>Um ex-prefeito, intimamente ligado ao governador Fl\u00e1vio Dino, ao encontrar-se comigo no restaurante preferido dos pol\u00edticos, em S\u00e3o Lu\u00eds, colocou a m\u00e3o no meu ombro, puxou-me para o lado, afastando-me dos demais, e me perguntou meio que sorrateiramente se eu acredito que Roseana ser\u00e1 candidata a governadora do Maranh\u00e3o na elei\u00e7\u00e3o de 2018.<br \/>\nVi em seus olhos a chama de uma curiosidade honesta. Curiosidade que se justifica plenamente, uma vez que informa\u00e7\u00e3o \u00e9 um capital important\u00edssimo, ainda mais em tempos toscos como esses pelos quais estamos passando.<br \/>\nO erro dele foi imaginar que eu pudesse realmente saber a verdadeira inten\u00e7\u00e3o de Roseana no que diz respeito a seu destino pol\u00edtico e eleitoral. Ele, bem como outros, nem imaginam que eu devo ser a pessoa menos qualificada para prestar um depoimento confi\u00e1vel, pelo menos do ponto de vista da pessoa em quest\u00e3o. Eu s\u00f3 sei o que eu faria no lugar dela!<br \/>\nO motivo daquela pergunta se deve ao fato de que o quadro pol\u00edtico-eleitoral maranhense ser\u00e1 um com Roseana disputando a elei\u00e7\u00e3o e outro completamente diferente sem ela na disputa. Todo mundo sabe, inclusive os correligion\u00e1rios de Fl\u00e1vio Dino, que caso Roseana seja candidata, muita gente ficar\u00e1 com os \u201cpasses\u201d supervalorizados!<br \/>\nAcredito que faz muito tempo que Roseana n\u00e3o se sente t\u00e3o feliz! Na verdade n\u00e3o lembro quando ela tenha sido assim t\u00e3o paparicada por pol\u00edticos e pelo povo em geral, exatamente para ser candidata!<br \/>\nLembro-me de alguns momentos de gloria pelos quais ela passou: Quando seu pai era presidente da Rep\u00fablica; Quando ela encabe\u00e7ava um grupo de deputados favor\u00e1veis ao impeachment de Collor; durante seu primeiro mandato como governadora; e quando, mesmo doente, venceu uma elei\u00e7\u00e3o sem sair da cama do hospital.<br \/>\nFora esses momentos, apenas este agora, quando ela \u00e9 conclamada a ser candidata ao governo do Maranh\u00e3o, como sendo a \u00fanica pessoa capaz de enfrentar Fl\u00e1vio Dino com chance de vencer, pode ser inscrito em sua biografia como momentos de verdadeira felicidade e grande contentamento.<br \/>\nApenas em horas como estas \u00e9 que o pol\u00edtico se sente realmente realizado. Quando seus correligion\u00e1rios imploram para que ele entre numa disputa, quando o povo diz que ele \u00e9 a \u00fanica op\u00e7\u00e3o a se contrapor ao status quo, quando at\u00e9 seus ocasionais advers\u00e1rios gostariam que ele se candidatasse, pois assim eles seriam mais valorizados pelo poder dominante.<br \/>\n\u00c9!&#8230; Tenho certeza que Roseana est\u00e1 muito feliz com todas essas manifesta\u00e7\u00f5es de apoio e solidariedade, e com a grande quantidade de apelos que ela tem recebido para se candidatar ao governo em 2018.<br \/>\n\u00c9 a\u00ed que come\u00e7o a pensar e me pergunto. Por que ser\u00e1 que Roseana n\u00e3o foi candidata a senadora em 2014? Se tivesse sido teria ganhado, mesmo que com certa dificuldade. Seria a primeira vez no Maranh\u00e3o que uma chapa majorit\u00e1ria elegeria o governador e a outra o senador. Teria feito hist\u00f3ria e teria estabelecido claramente que aquele pleito n\u00e3o foi hegem\u00f4nico.<br \/>\nSe ela se afastou da pol\u00edtica eleitoral em 2014, quando todos precisavam tanto dela, por que voltar agora, em uma situa\u00e7\u00e3o desfavor\u00e1vel? Parece incoerente!&#8230;<br \/>\nTalvez o meu racioc\u00ednio extremamente pragm\u00e1tico n\u00e3o consiga ver o que h\u00e1 por tr\u00e1s de toda essa hist\u00f3ria. Talvez eu entenda menos de pol\u00edtica que eu e algumas pessoas imaginamos. Ou talvez eu esteja certo e Roseana realmente n\u00e3o ser\u00e1 candidata a governadora.<br \/>\nCaso realmente ela n\u00e3o venha a ser candidata, o pleito ser\u00e1 g\u00e9lido, a vit\u00f3ria do atual governador ser\u00e1 certa, os correligion\u00e1rios dele valer\u00e3o menos que seus opositores, exatamente como ocorria quando o grupo Sarney mandava no Maranh\u00e3o.<br \/>\nCaso ela seja candidata o cen\u00e1rio ficar\u00e1 bastante movimentado. O seu grupo poder\u00e1 garantir a elei\u00e7\u00e3o de um senador, suas bancadas estadual e federal se fortalecer\u00e3o para a disputa e at\u00e9 os advers\u00e1rios de seus aliados, nos munic\u00edpios, ficar\u00e3o mais valorizados pelo atual governo, que como os governos de antes, relega os pol\u00edticos a um terceiro plano.<br \/>\nS\u00f3 Flavio Dino tem algo a perder se Roseana for candidata ao governo em 2018.<\/p>\n","protected":false},"excerpt":{"rendered":"<p>Um ex-prefeito, intimamente ligado ao governador Fl\u00e1vio Dino, ao encontrar-se comigo no restaurante preferido dos pol\u00edticos, em S\u00e3o Lu\u00eds, colocou [&hellip;]<\/p>\n","protected":false},"author":7,"featured_media":0,"comment_status":"open","ping_status":"open","sticky":false,"template":"","format":"standard","meta":{"site-sidebar-layout":"default","site-content-layout":"","ast-site-content-layout":"default","site-content-style":"default","site-sidebar-style":"default","ast-global-header-display":"","ast-banner-title-visibility":"","ast-main-header-display":"","ast-hfb-above-header-display":"","ast-hfb-below-header-display":"","ast-hfb-mobile-header-display":"","site-post-title":"","ast-breadcrumbs-content":"","ast-featured-img":"","footer-sml-layout":"","ast-disable-related-posts":"","theme-transparent-header-meta":"","adv-header-id-meta":"","stick-header-meta":"","header-above-stick-meta":"","header-main-stick-meta":"","header-below-stick-meta":"","astra-migrate-meta-layouts":"default","ast-page-background-enabled":"default","ast-page-background-meta":{"desktop":{"background-color":"var(--ast-global-color-5)","background-image":"","background-repeat":"repeat","background-position":"center center","background-size":"auto","background-attachment":"scroll","background-type":"","background-media":"","overlay-type":"","overlay-color":"","overlay-opacity":"","overlay-gradient":""},"tablet":{"background-color":"","background-image":"","background-repeat":"repeat","background-position":"center center","background-size":"auto","background-attachment":"scroll","background-type":"","background-media":"","overlay-type":"","overlay-color":"","overlay-opacity":"","overlay-gradient":""},"mobile":{"background-color":"","background-image":"","background-repeat":"repeat","background-position":"center center","background-size":"auto","background-attachment":"scroll","background-type":"","background-media":"","overlay-type":"","overlay-color":"","overlay-opacity":"","overlay-gradient":""}},"ast-content-background-meta":{"desktop":{"background-color":"var(--ast-global-color-4)","background-image":"","background-repeat":"repeat","background-position":"center center","background-size":"auto","background-attachment":"scroll","background-type":"","background-media":"","overlay-type":"","overlay-color":"","overlay-opacity":"","overlay-gradient":""},"tablet":{"background-color":"var(--ast-global-color-4)","background-image":"","background-repeat":"repeat","background-position":"center center","background-size":"auto","background-attachment":"scroll","background-type":"","background-media":"","overlay-type":"","overlay-color":"","overlay-opacity":"","overlay-gradient":""},"mobile":{"background-color":"var(--ast-global-color-4)","background-image":"","background-repeat":"repeat","background-position":"center center","background-size":"auto","background-attachment":"scroll","background-type":"","background-media":"","overlay-type":"","overlay-color":"","overlay-opacity":"","overlay-gradient":""}},"footnotes":""},"categories":[1],"tags":[],"class_list":["post-1823","post","type-post","status-publish","format-standard","hentry","category-sem-categoria"],"yoast_head":"<!-- This site is optimized with the Yoast SEO plugin v26.6 - https:\/\/yoast.com\/wordpress\/plugins\/seo\/ -->\n<title>O fator Roseana - Joaquim Haickel<\/title>\n<meta name=\"robots\" content=\"index, follow, max-snippet:-1, max-image-preview:large, max-video-preview:-1\" \/>\n<link rel=\"canonical\" href=\"https:\/\/www.blogsoestado.com\/joaquimhaickel\/2017\/06\/17\/o-fator-roseana\/\" \/>\n<meta property=\"og:locale\" content=\"pt_BR\" \/>\n<meta property=\"og:type\" content=\"article\" \/>\n<meta property=\"og:title\" content=\"O fator Roseana - Joaquim Haickel\" \/>\n<meta property=\"og:description\" content=\"Um ex-prefeito, intimamente ligado ao governador Fl\u00e1vio Dino, ao encontrar-se comigo no restaurante preferido dos pol\u00edticos, em S\u00e3o Lu\u00eds, colocou [&hellip;]\" \/>\n<meta property=\"og:url\" content=\"https:\/\/www.blogsoestado.com\/joaquimhaickel\/2017\/06\/17\/o-fator-roseana\/\" \/>\n<meta property=\"og:site_name\" content=\"Joaquim Haickel\" \/>\n<meta property=\"article:published_time\" content=\"2017-06-17T03:03:18+00:00\" \/>\n<meta name=\"author\" content=\"Joaquim Haickel\" \/>\n<meta name=\"twitter:card\" content=\"summary_large_image\" \/>\n<meta name=\"twitter:label1\" content=\"Escrito por\" \/>\n\t<meta name=\"twitter:data1\" content=\"Joaquim Haickel\" \/>\n\t<meta name=\"twitter:label2\" content=\"Est. tempo de leitura\" \/>\n\t<meta name=\"twitter:data2\" content=\"4 minutos\" \/>\n<script type=\"application\/ld+json\" class=\"yoast-schema-graph\">{\"@context\":\"https:\/\/schema.org\",\"@graph\":[{\"@type\":\"WebPage\",\"@id\":\"https:\/\/www.blogsoestado.com\/joaquimhaickel\/2017\/06\/17\/o-fator-roseana\/\",\"url\":\"https:\/\/www.blogsoestado.com\/joaquimhaickel\/2017\/06\/17\/o-fator-roseana\/\",\"name\":\"O fator Roseana - Joaquim Haickel\",\"isPartOf\":{\"@id\":\"https:\/\/www.blogsoestado.com\/joaquimhaickel\/#website\"},\"datePublished\":\"2017-06-17T03:03:18+00:00\",\"author\":{\"@id\":\"https:\/\/www.blogsoestado.com\/joaquimhaickel\/#\/schema\/person\/4a711644aff28245c6c2c3452d66d325\"},\"breadcrumb\":{\"@id\":\"https:\/\/www.blogsoestado.com\/joaquimhaickel\/2017\/06\/17\/o-fator-roseana\/#breadcrumb\"},\"inLanguage\":\"pt-BR\",\"potentialAction\":[{\"@type\":\"ReadAction\",\"target\":[\"https:\/\/www.blogsoestado.com\/joaquimhaickel\/2017\/06\/17\/o-fator-roseana\/\"]}]},{\"@type\":\"BreadcrumbList\",\"@id\":\"https:\/\/www.blogsoestado.com\/joaquimhaickel\/2017\/06\/17\/o-fator-roseana\/#breadcrumb\",\"itemListElement\":[{\"@type\":\"ListItem\",\"position\":1,\"name\":\"In\u00edcio\",\"item\":\"https:\/\/www.blogsoestado.com\/joaquimhaickel\/\"},{\"@type\":\"ListItem\",\"position\":2,\"name\":\"O fator Roseana\"}]},{\"@type\":\"WebSite\",\"@id\":\"https:\/\/www.blogsoestado.com\/joaquimhaickel\/#website\",\"url\":\"https:\/\/www.blogsoestado.com\/joaquimhaickel\/\",\"name\":\"Joaquim Haickel\",\"description\":\"\",\"potentialAction\":[{\"@type\":\"SearchAction\",\"target\":{\"@type\":\"EntryPoint\",\"urlTemplate\":\"https:\/\/www.blogsoestado.com\/joaquimhaickel\/?s={search_term_string}\"},\"query-input\":{\"@type\":\"PropertyValueSpecification\",\"valueRequired\":true,\"valueName\":\"search_term_string\"}}],\"inLanguage\":\"pt-BR\"},{\"@type\":\"Person\",\"@id\":\"https:\/\/www.blogsoestado.com\/joaquimhaickel\/#\/schema\/person\/4a711644aff28245c6c2c3452d66d325\",\"name\":\"Joaquim Haickel\",\"image\":{\"@type\":\"ImageObject\",\"inLanguage\":\"pt-BR\",\"@id\":\"https:\/\/www.blogsoestado.com\/joaquimhaickel\/#\/schema\/person\/image\/\",\"url\":\"https:\/\/secure.gravatar.com\/avatar\/473d89339b9f8ec089adb8d5778363eb5a2ba2319956bcf0298bfd8cca04684a?s=96&d=mm&r=g\",\"contentUrl\":\"https:\/\/secure.gravatar.com\/avatar\/473d89339b9f8ec089adb8d5778363eb5a2ba2319956bcf0298bfd8cca04684a?s=96&d=mm&r=g\",\"caption\":\"Joaquim Haickel\"},\"url\":\"https:\/\/www.blogsoestado.com\/joaquimhaickel\/author\/joaquimhaickel\/\"}]}<\/script>\n<!-- \/ Yoast SEO plugin. -->","yoast_head_json":{"title":"O fator Roseana - Joaquim Haickel","robots":{"index":"index","follow":"follow","max-snippet":"max-snippet:-1","max-image-preview":"max-image-preview:large","max-video-preview":"max-video-preview:-1"},"canonical":"https:\/\/www.blogsoestado.com\/joaquimhaickel\/2017\/06\/17\/o-fator-roseana\/","og_locale":"pt_BR","og_type":"article","og_title":"O fator Roseana - Joaquim Haickel","og_description":"Um ex-prefeito, intimamente ligado ao governador Fl\u00e1vio Dino, ao encontrar-se comigo no restaurante preferido dos pol\u00edticos, em S\u00e3o Lu\u00eds, colocou [&hellip;]","og_url":"https:\/\/www.blogsoestado.com\/joaquimhaickel\/2017\/06\/17\/o-fator-roseana\/","og_site_name":"Joaquim Haickel","article_published_time":"2017-06-17T03:03:18+00:00","author":"Joaquim Haickel","twitter_card":"summary_large_image","twitter_misc":{"Escrito por":"Joaquim Haickel","Est. tempo de leitura":"4 minutos"},"schema":{"@context":"https:\/\/schema.org","@graph":[{"@type":"WebPage","@id":"https:\/\/www.blogsoestado.com\/joaquimhaickel\/2017\/06\/17\/o-fator-roseana\/","url":"https:\/\/www.blogsoestado.com\/joaquimhaickel\/2017\/06\/17\/o-fator-roseana\/","name":"O fator Roseana - Joaquim Haickel","isPartOf":{"@id":"https:\/\/www.blogsoestado.com\/joaquimhaickel\/#website"},"datePublished":"2017-06-17T03:03:18+00:00","author":{"@id":"https:\/\/www.blogsoestado.com\/joaquimhaickel\/#\/schema\/person\/4a711644aff28245c6c2c3452d66d325"},"breadcrumb":{"@id":"https:\/\/www.blogsoestado.com\/joaquimhaickel\/2017\/06\/17\/o-fator-roseana\/#breadcrumb"},"inLanguage":"pt-BR","potentialAction":[{"@type":"ReadAction","target":["https:\/\/www.blogsoestado.com\/joaquimhaickel\/2017\/06\/17\/o-fator-roseana\/"]}]},{"@type":"BreadcrumbList","@id":"https:\/\/www.blogsoestado.com\/joaquimhaickel\/2017\/06\/17\/o-fator-roseana\/#breadcrumb","itemListElement":[{"@type":"ListItem","position":1,"name":"In\u00edcio","item":"https:\/\/www.blogsoestado.com\/joaquimhaickel\/"},{"@type":"ListItem","position":2,"name":"O fator Roseana"}]},{"@type":"WebSite","@id":"https:\/\/www.blogsoestado.com\/joaquimhaickel\/#website","url":"https:\/\/www.blogsoestado.com\/joaquimhaickel\/","name":"Joaquim Haickel","description":"","potentialAction":[{"@type":"SearchAction","target":{"@type":"EntryPoint","urlTemplate":"https:\/\/www.blogsoestado.com\/joaquimhaickel\/?s={search_term_string}"},"query-input":{"@type":"PropertyValueSpecification","valueRequired":true,"valueName":"search_term_string"}}],"inLanguage":"pt-BR"},{"@type":"Person","@id":"https:\/\/www.blogsoestado.com\/joaquimhaickel\/#\/schema\/person\/4a711644aff28245c6c2c3452d66d325","name":"Joaquim Haickel","image":{"@type":"ImageObject","inLanguage":"pt-BR","@id":"https:\/\/www.blogsoestado.com\/joaquimhaickel\/#\/schema\/person\/image\/","url":"https:\/\/secure.gravatar.com\/avatar\/473d89339b9f8ec089adb8d5778363eb5a2ba2319956bcf0298bfd8cca04684a?s=96&d=mm&r=g","contentUrl":"https:\/\/secure.gravatar.com\/avatar\/473d89339b9f8ec089adb8d5778363eb5a2ba2319956bcf0298bfd8cca04684a?s=96&d=mm&r=g","caption":"Joaquim Haickel"},"url":"https:\/\/www.blogsoestado.com\/joaquimhaickel\/author\/joaquimhaickel\/"}]}},"jetpack_featured_media_url":"","_links":{"self":[{"href":"https:\/\/www.blogsoestado.com\/joaquimhaickel\/wp-json\/wp\/v2\/posts\/1823","targetHints":{"allow":["GET"]}}],"collection":[{"href":"https:\/\/www.blogsoestado.com\/joaquimhaickel\/wp-json\/wp\/v2\/posts"}],"about":[{"href":"https:\/\/www.blogsoestado.com\/joaquimhaickel\/wp-json\/wp\/v2\/types\/post"}],"author":[{"embeddable":true,"href":"https:\/\/www.blogsoestado.com\/joaquimhaickel\/wp-json\/wp\/v2\/users\/7"}],"replies":[{"embeddable":true,"href":"https:\/\/www.blogsoestado.com\/joaquimhaickel\/wp-json\/wp\/v2\/comments?post=1823"}],"version-history":[{"count":0,"href":"https:\/\/www.blogsoestado.com\/joaquimhaickel\/wp-json\/wp\/v2\/posts\/1823\/revisions"}],"wp:attachment":[{"href":"https:\/\/www.blogsoestado.com\/joaquimhaickel\/wp-json\/wp\/v2\/media?parent=1823"}],"wp:term":[{"taxonomy":"category","embeddable":true,"href":"https:\/\/www.blogsoestado.com\/joaquimhaickel\/wp-json\/wp\/v2\/categories?post=1823"},{"taxonomy":"post_tag","embeddable":true,"href":"https:\/\/www.blogsoestado.com\/joaquimhaickel\/wp-json\/wp\/v2\/tags?post=1823"}],"curies":[{"name":"wp","href":"https:\/\/api.w.org\/{rel}","templated":true}]}}