{"id":183,"date":"2007-08-19T00:00:00","date_gmt":"2007-08-19T00:00:00","guid":{"rendered":"https:\/\/www.blogsoestado.com\/joaquimhaickel\/2007\/08\/19\/de-olho-em-2008-i\/"},"modified":"2007-08-19T00:00:00","modified_gmt":"2007-08-19T00:00:00","slug":"de-olho-em-2008-i","status":"publish","type":"post","link":"https:\/\/www.blogsoestado.com\/joaquimhaickel\/2007\/08\/19\/de-olho-em-2008-i\/","title":{"rendered":"De olho em 2008 I"},"content":{"rendered":"<p><b><font size=\"4\"><\/font><\/b> <\/p>\n<p><font size=\"3\">N\u00e3o tenho escrito nem publicado cr\u00f4nicas nas ultimas semanas porque tenho andado bastante ocupado com outros afazeres t\u00e3o prazerosos quanto escrever, e pelo andar da carruagem tais afazeres ainda v\u00e3o me ocupar por bastante tempo, porem sempre que conseguir um f\u00f4legozinho extra eu apare\u00e7o por aqui pra comentar algo que eu ache relevante.<\/p>\n<p>Algumas pessoas me cobraram que n\u00e3o tenho comentado nada sobre pol\u00edtica. Realmente. N\u00e3o tenho feito isso porque o clima de sectarismo que j\u00e1 era grande em nosso estado, tornou-se insuport\u00e1vel. O que se imagina \u00e9 que os membros de cada um dos dois grupos pol\u00edticos, ou s\u00e3o anjos ou s\u00e3o dem\u00f4nios, e com isso, se eu n\u00e3o concordava antes, n\u00e3o posso pactuar agora.<\/p>\n<p>Mas hoje quero tratar de um tema pol\u00edtico mais amplo e que tem tempo de validade. \u00c9 que se aproxima o prazo limite para filia\u00e7\u00e3o dos candidatos a prefeitos e vereadores nas pr\u00f3ximas elei\u00e7\u00f5es. Esta \u00e9 na verdade a largada para as elei\u00e7\u00f5es municipais de 2008. <\/p>\n<p>Quem n\u00e3o estiver filiado a um partido que possibilite sua candidatura ao pleito do ano que vem, at\u00e9 30 de setembro, n\u00e3o poder\u00e1 ser candidato. <\/p>\n<p>Para os pretensos candidatos a vereador, essa \u00e9 uma corrida quase t\u00e3o importante quanto \u00e0 gincana pelo voto do eleitor.  \u00c9 neste momento que muita gente se elege ou perde elei\u00e7\u00e3o. Tenho um exemplo disso dentro de minha pr\u00f3pria fam\u00edlia. Um primo meu filiou-se a um partido que dificilmente alcan\u00e7aria o coeficiente capaz de eleger um \u00fanico vereador e que n\u00e3o tendo se coligado com ningu\u00e9m ficou com a responsabilidade de obter quase que sozinho o numero de votos necess\u00e1rio para se eleger. O que era uma elei\u00e7\u00e3o proporcional, para ele transformou-se numa elei\u00e7\u00e3o majorit\u00e1ria. Resultado, ele foi o terceiro vereador mais votado, mas seu partido obteve 48 votos a menos do que precisava para eleger um vereador. Ele n\u00e3o se elegeu e viu pessoas com menos da metade de seus votos conseguirem seu intento. <\/p>\n<p>H\u00e1 um outro fator importante a ser ressaltado. Uma pergunta que deve ser feita e que precisa ser respondida objetivamente, no mais tardar em trinta dias. Sob que regras acontecer\u00e3o a elei\u00e7\u00e3o do ano que vem? O que pode ser feito e o que n\u00e3o pode? Como \u00e9 que podemos desenhar os poss\u00edveis cen\u00e1rios se n\u00e3o sabemos com certeza quais tintas poder\u00e3o ser usadas, quais ser\u00e3o as regras do jogo!?<\/p>\n<p>Nessa incerteza deve-se ser ortodoxo, conservador e pragm\u00e1tico. Se preparar para o pior cen\u00e1rio poss\u00edvel, pois se vier um menos pior, melhor.<\/p>\n<p>Nos casos de candidaturas majorit\u00e1rias, para prefeitos, a coisa \u00e9 um pouco menos complicada. Basta o pretenso candidato est\u00e1 filiado e ter certeza que tem o controle do diret\u00f3rio municipal e a simpatia do comando estadual do partido para ser candidato. Os casos mais complicados s\u00e3o nas grandes cidades ou onde haja propaganda eleitoral atrav\u00e9s das emissoras de r\u00e1dio e televis\u00e3o. Nestes casos, caso a legisla\u00e7\u00e3o permita o agrupamento de partidos, as tais coliga\u00e7\u00f5es, haver\u00e1 a soma dos tempos dos partidos em beneficio de um candidato comum. <\/p>\n<p>A elei\u00e7\u00e3o municipal entre duas elei\u00e7\u00f5es estaduais serve de pesquisa sobre o presente e de previa para o futuro. Em 2008 se travar\u00e1 a primeira batalha da pr\u00f3xima elei\u00e7\u00e3o para governador do estado e muitas fichas ser\u00e3o colocadas na mesa, muitos ases e coringas v\u00e3o ter que sair das mangas dos jogadores mais poderosos e importantes. <\/p>\n<p>Sou daqueles que advogam elei\u00e7\u00f5es gerais, onde se escolha de uma \u00fanica vez todos os nossos representantes para os tr\u00eas n\u00edveis. Essa medida por si s\u00f3 j\u00e1 reduzira em muito a incid\u00eancia de desvio de fun\u00e7\u00e3o e o mau uso dos recursos eleitorais.   <\/p>\n<p>Timom, Caxias, Cod\u00f3, Coroat\u00e1, Pedreiras, Presidente Dutra, Barra do Corda, Bacabal, Santa In\u00eas, Z\u00e9 Doca, Santa Luzia, Viana, Pinheiro, Itapecuru, Chapadinha, Barreirinhas e mais Imperatriz, A\u00e7ailandia, Porto Franco, Estreito, Graja\u00fa e Balsas ser\u00e3o os maiores campos de batalha. Haver\u00e1, no entanto, dois outros tipos de batalha. As de sobreviv\u00eancia onde os deputados e seus grupos pol\u00edticos municipais far\u00e3o o poss\u00edvel para permanecerem no poder ou passarem a t\u00ea-lo pelo voto popular e a luta pela capital, a j\u00f3ia da coroa, a cabe\u00e7a de praia que quem controlar ter\u00e1 importante e decisiva vantagem estrat\u00e9gica na peleja.<\/p>\n<p>S\u00e3o Luis j\u00e1 \u00e9 uma outra hist\u00f3ria e sobre ela falaremos na semana que vem.<\/font><\/p>\n","protected":false},"excerpt":{"rendered":"<p>N\u00e3o tenho escrito nem publicado cr\u00f4nicas nas ultimas semanas porque tenho andado bastante ocupado com outros afazeres t\u00e3o prazerosos quanto [&hellip;]<\/p>\n","protected":false},"author":7,"featured_media":0,"comment_status":"open","ping_status":"open","sticky":false,"template":"","format":"standard","meta":{"site-sidebar-layout":"default","site-content-layout":"","ast-site-content-layout":"default","site-content-style":"default","site-sidebar-style":"default","ast-global-header-display":"","ast-banner-title-visibility":"","ast-main-header-display":"","ast-hfb-above-header-display":"","ast-hfb-below-header-display":"","ast-hfb-mobile-header-display":"","site-post-title":"","ast-breadcrumbs-content":"","ast-featured-img":"","footer-sml-layout":"","ast-disable-related-posts":"","theme-transparent-header-meta":"","adv-header-id-meta":"","stick-header-meta":"","header-above-stick-meta":"","header-main-stick-meta":"","header-below-stick-meta":"","astra-migrate-meta-layouts":"default","ast-page-background-enabled":"default","ast-page-background-meta":{"desktop":{"background-color":"var(--ast-global-color-5)","background-image":"","background-repeat":"repeat","background-position":"center center","background-size":"auto","background-attachment":"scroll","background-type":"","background-media":"","overlay-type":"","overlay-color":"","overlay-opacity":"","overlay-gradient":""},"tablet":{"background-color":"","background-image":"","background-repeat":"repeat","background-position":"center center","background-size":"auto","background-attachment":"scroll","background-type":"","background-media":"","overlay-type":"","overlay-color":"","overlay-opacity":"","overlay-gradient":""},"mobile":{"background-color":"","background-image":"","background-repeat":"repeat","background-position":"center center","background-size":"auto","background-attachment":"scroll","background-type":"","background-media":"","overlay-type":"","overlay-color":"","overlay-opacity":"","overlay-gradient":""}},"ast-content-background-meta":{"desktop":{"background-color":"var(--ast-global-color-4)","background-image":"","background-repeat":"repeat","background-position":"center center","background-size":"auto","background-attachment":"scroll","background-type":"","background-media":"","overlay-type":"","overlay-color":"","overlay-opacity":"","overlay-gradient":""},"tablet":{"background-color":"var(--ast-global-color-4)","background-image":"","background-repeat":"repeat","background-position":"center center","background-size":"auto","background-attachment":"scroll","background-type":"","background-media":"","overlay-type":"","overlay-color":"","overlay-opacity":"","overlay-gradient":""},"mobile":{"background-color":"var(--ast-global-color-4)","background-image":"","background-repeat":"repeat","background-position":"center center","background-size":"auto","background-attachment":"scroll","background-type":"","background-media":"","overlay-type":"","overlay-color":"","overlay-opacity":"","overlay-gradient":""}},"footnotes":""},"categories":[3],"tags":[],"class_list":["post-183","post","type-post","status-publish","format-standard","hentry","category-geral"],"yoast_head":"<!-- This site is optimized with the Yoast SEO plugin v26.6 - https:\/\/yoast.com\/wordpress\/plugins\/seo\/ -->\n<title>De olho em 2008 I - Joaquim Haickel<\/title>\n<meta name=\"robots\" content=\"index, follow, max-snippet:-1, max-image-preview:large, max-video-preview:-1\" \/>\n<link rel=\"canonical\" href=\"https:\/\/www.blogsoestado.com\/joaquimhaickel\/2007\/08\/19\/de-olho-em-2008-i\/\" \/>\n<meta property=\"og:locale\" content=\"pt_BR\" \/>\n<meta property=\"og:type\" content=\"article\" \/>\n<meta property=\"og:title\" content=\"De olho em 2008 I - Joaquim Haickel\" \/>\n<meta property=\"og:description\" content=\"N\u00e3o tenho escrito nem publicado cr\u00f4nicas nas ultimas semanas porque tenho andado bastante ocupado com outros afazeres t\u00e3o prazerosos quanto [&hellip;]\" \/>\n<meta property=\"og:url\" content=\"https:\/\/www.blogsoestado.com\/joaquimhaickel\/2007\/08\/19\/de-olho-em-2008-i\/\" \/>\n<meta property=\"og:site_name\" content=\"Joaquim Haickel\" \/>\n<meta property=\"article:published_time\" content=\"2007-08-19T00:00:00+00:00\" \/>\n<meta name=\"author\" content=\"Joaquim Haickel\" \/>\n<meta name=\"twitter:card\" content=\"summary_large_image\" \/>\n<meta name=\"twitter:label1\" content=\"Escrito por\" \/>\n\t<meta name=\"twitter:data1\" content=\"Joaquim Haickel\" \/>\n\t<meta name=\"twitter:label2\" content=\"Est. tempo de leitura\" \/>\n\t<meta name=\"twitter:data2\" content=\"4 minutos\" \/>\n<script type=\"application\/ld+json\" class=\"yoast-schema-graph\">{\"@context\":\"https:\/\/schema.org\",\"@graph\":[{\"@type\":\"WebPage\",\"@id\":\"https:\/\/www.blogsoestado.com\/joaquimhaickel\/2007\/08\/19\/de-olho-em-2008-i\/\",\"url\":\"https:\/\/www.blogsoestado.com\/joaquimhaickel\/2007\/08\/19\/de-olho-em-2008-i\/\",\"name\":\"De olho em 2008 I - Joaquim Haickel\",\"isPartOf\":{\"@id\":\"https:\/\/www.blogsoestado.com\/joaquimhaickel\/#website\"},\"datePublished\":\"2007-08-19T00:00:00+00:00\",\"author\":{\"@id\":\"https:\/\/www.blogsoestado.com\/joaquimhaickel\/#\/schema\/person\/4a711644aff28245c6c2c3452d66d325\"},\"breadcrumb\":{\"@id\":\"https:\/\/www.blogsoestado.com\/joaquimhaickel\/2007\/08\/19\/de-olho-em-2008-i\/#breadcrumb\"},\"inLanguage\":\"pt-BR\",\"potentialAction\":[{\"@type\":\"ReadAction\",\"target\":[\"https:\/\/www.blogsoestado.com\/joaquimhaickel\/2007\/08\/19\/de-olho-em-2008-i\/\"]}]},{\"@type\":\"BreadcrumbList\",\"@id\":\"https:\/\/www.blogsoestado.com\/joaquimhaickel\/2007\/08\/19\/de-olho-em-2008-i\/#breadcrumb\",\"itemListElement\":[{\"@type\":\"ListItem\",\"position\":1,\"name\":\"In\u00edcio\",\"item\":\"https:\/\/www.blogsoestado.com\/joaquimhaickel\/\"},{\"@type\":\"ListItem\",\"position\":2,\"name\":\"De olho em 2008 I\"}]},{\"@type\":\"WebSite\",\"@id\":\"https:\/\/www.blogsoestado.com\/joaquimhaickel\/#website\",\"url\":\"https:\/\/www.blogsoestado.com\/joaquimhaickel\/\",\"name\":\"Joaquim Haickel\",\"description\":\"\",\"potentialAction\":[{\"@type\":\"SearchAction\",\"target\":{\"@type\":\"EntryPoint\",\"urlTemplate\":\"https:\/\/www.blogsoestado.com\/joaquimhaickel\/?s={search_term_string}\"},\"query-input\":{\"@type\":\"PropertyValueSpecification\",\"valueRequired\":true,\"valueName\":\"search_term_string\"}}],\"inLanguage\":\"pt-BR\"},{\"@type\":\"Person\",\"@id\":\"https:\/\/www.blogsoestado.com\/joaquimhaickel\/#\/schema\/person\/4a711644aff28245c6c2c3452d66d325\",\"name\":\"Joaquim Haickel\",\"image\":{\"@type\":\"ImageObject\",\"inLanguage\":\"pt-BR\",\"@id\":\"https:\/\/www.blogsoestado.com\/joaquimhaickel\/#\/schema\/person\/image\/\",\"url\":\"https:\/\/secure.gravatar.com\/avatar\/473d89339b9f8ec089adb8d5778363eb5a2ba2319956bcf0298bfd8cca04684a?s=96&d=mm&r=g\",\"contentUrl\":\"https:\/\/secure.gravatar.com\/avatar\/473d89339b9f8ec089adb8d5778363eb5a2ba2319956bcf0298bfd8cca04684a?s=96&d=mm&r=g\",\"caption\":\"Joaquim Haickel\"},\"url\":\"https:\/\/www.blogsoestado.com\/joaquimhaickel\/author\/joaquimhaickel\/\"}]}<\/script>\n<!-- \/ Yoast SEO plugin. -->","yoast_head_json":{"title":"De olho em 2008 I - Joaquim Haickel","robots":{"index":"index","follow":"follow","max-snippet":"max-snippet:-1","max-image-preview":"max-image-preview:large","max-video-preview":"max-video-preview:-1"},"canonical":"https:\/\/www.blogsoestado.com\/joaquimhaickel\/2007\/08\/19\/de-olho-em-2008-i\/","og_locale":"pt_BR","og_type":"article","og_title":"De olho em 2008 I - Joaquim Haickel","og_description":"N\u00e3o tenho escrito nem publicado cr\u00f4nicas nas ultimas semanas porque tenho andado bastante ocupado com outros afazeres t\u00e3o prazerosos quanto [&hellip;]","og_url":"https:\/\/www.blogsoestado.com\/joaquimhaickel\/2007\/08\/19\/de-olho-em-2008-i\/","og_site_name":"Joaquim Haickel","article_published_time":"2007-08-19T00:00:00+00:00","author":"Joaquim Haickel","twitter_card":"summary_large_image","twitter_misc":{"Escrito por":"Joaquim Haickel","Est. tempo de leitura":"4 minutos"},"schema":{"@context":"https:\/\/schema.org","@graph":[{"@type":"WebPage","@id":"https:\/\/www.blogsoestado.com\/joaquimhaickel\/2007\/08\/19\/de-olho-em-2008-i\/","url":"https:\/\/www.blogsoestado.com\/joaquimhaickel\/2007\/08\/19\/de-olho-em-2008-i\/","name":"De olho em 2008 I - Joaquim Haickel","isPartOf":{"@id":"https:\/\/www.blogsoestado.com\/joaquimhaickel\/#website"},"datePublished":"2007-08-19T00:00:00+00:00","author":{"@id":"https:\/\/www.blogsoestado.com\/joaquimhaickel\/#\/schema\/person\/4a711644aff28245c6c2c3452d66d325"},"breadcrumb":{"@id":"https:\/\/www.blogsoestado.com\/joaquimhaickel\/2007\/08\/19\/de-olho-em-2008-i\/#breadcrumb"},"inLanguage":"pt-BR","potentialAction":[{"@type":"ReadAction","target":["https:\/\/www.blogsoestado.com\/joaquimhaickel\/2007\/08\/19\/de-olho-em-2008-i\/"]}]},{"@type":"BreadcrumbList","@id":"https:\/\/www.blogsoestado.com\/joaquimhaickel\/2007\/08\/19\/de-olho-em-2008-i\/#breadcrumb","itemListElement":[{"@type":"ListItem","position":1,"name":"In\u00edcio","item":"https:\/\/www.blogsoestado.com\/joaquimhaickel\/"},{"@type":"ListItem","position":2,"name":"De olho em 2008 I"}]},{"@type":"WebSite","@id":"https:\/\/www.blogsoestado.com\/joaquimhaickel\/#website","url":"https:\/\/www.blogsoestado.com\/joaquimhaickel\/","name":"Joaquim Haickel","description":"","potentialAction":[{"@type":"SearchAction","target":{"@type":"EntryPoint","urlTemplate":"https:\/\/www.blogsoestado.com\/joaquimhaickel\/?s={search_term_string}"},"query-input":{"@type":"PropertyValueSpecification","valueRequired":true,"valueName":"search_term_string"}}],"inLanguage":"pt-BR"},{"@type":"Person","@id":"https:\/\/www.blogsoestado.com\/joaquimhaickel\/#\/schema\/person\/4a711644aff28245c6c2c3452d66d325","name":"Joaquim Haickel","image":{"@type":"ImageObject","inLanguage":"pt-BR","@id":"https:\/\/www.blogsoestado.com\/joaquimhaickel\/#\/schema\/person\/image\/","url":"https:\/\/secure.gravatar.com\/avatar\/473d89339b9f8ec089adb8d5778363eb5a2ba2319956bcf0298bfd8cca04684a?s=96&d=mm&r=g","contentUrl":"https:\/\/secure.gravatar.com\/avatar\/473d89339b9f8ec089adb8d5778363eb5a2ba2319956bcf0298bfd8cca04684a?s=96&d=mm&r=g","caption":"Joaquim Haickel"},"url":"https:\/\/www.blogsoestado.com\/joaquimhaickel\/author\/joaquimhaickel\/"}]}},"jetpack_featured_media_url":"","_links":{"self":[{"href":"https:\/\/www.blogsoestado.com\/joaquimhaickel\/wp-json\/wp\/v2\/posts\/183","targetHints":{"allow":["GET"]}}],"collection":[{"href":"https:\/\/www.blogsoestado.com\/joaquimhaickel\/wp-json\/wp\/v2\/posts"}],"about":[{"href":"https:\/\/www.blogsoestado.com\/joaquimhaickel\/wp-json\/wp\/v2\/types\/post"}],"author":[{"embeddable":true,"href":"https:\/\/www.blogsoestado.com\/joaquimhaickel\/wp-json\/wp\/v2\/users\/7"}],"replies":[{"embeddable":true,"href":"https:\/\/www.blogsoestado.com\/joaquimhaickel\/wp-json\/wp\/v2\/comments?post=183"}],"version-history":[{"count":0,"href":"https:\/\/www.blogsoestado.com\/joaquimhaickel\/wp-json\/wp\/v2\/posts\/183\/revisions"}],"wp:attachment":[{"href":"https:\/\/www.blogsoestado.com\/joaquimhaickel\/wp-json\/wp\/v2\/media?parent=183"}],"wp:term":[{"taxonomy":"category","embeddable":true,"href":"https:\/\/www.blogsoestado.com\/joaquimhaickel\/wp-json\/wp\/v2\/categories?post=183"},{"taxonomy":"post_tag","embeddable":true,"href":"https:\/\/www.blogsoestado.com\/joaquimhaickel\/wp-json\/wp\/v2\/tags?post=183"}],"curies":[{"name":"wp","href":"https:\/\/api.w.org\/{rel}","templated":true}]}}