{"id":1833,"date":"2017-07-15T03:59:32","date_gmt":"2017-07-15T06:59:32","guid":{"rendered":"https:\/\/www.blogsoestado.com\/joaquimhaickel\/?p=1833"},"modified":"2017-07-15T03:59:32","modified_gmt":"2017-07-15T06:59:32","slug":"uma-analise-politica-espacial","status":"publish","type":"post","link":"https:\/\/www.blogsoestado.com\/joaquimhaickel\/2017\/07\/15\/uma-analise-politica-espacial\/","title":{"rendered":"Uma an\u00e1lise pol\u00edtica espacial"},"content":{"rendered":"<p>De um tempo pra c\u00e1 notei que eu perdi qualquer vergonha que pudesse ter em assumir meus pensamentos filos\u00f3ficos e meus posicionamentos pol\u00edticos considerados de direita.<\/p>\n<p>Durante toda minha vida sofri imensa press\u00e3o, dos outros e at\u00e9 mesmo de mim, para que me travestisse de esquerdista, como aquelas pessoas que est\u00e3o sempre insatisfeitas com tudo, sempre preparadas para reformar algumas coisas. Coisas que, na maioria das vezes, elas nem realmente conhecem ou entendem.<\/p>\n<p>Se durante quase toda a hist\u00f3ria da humanidade a sociedade foi regida por regimes fortes, absolutistas, conservadores de sua situa\u00e7\u00e3o original, desde o s\u00e9culo XVIII as ideias iluministas e libert\u00e1rias passaram a nos trazer, n\u00e3o s\u00f3 novas formas de pensar, mas novas formas de agir atrav\u00e9s desses pensamentos.<\/p>\n<p>Se analisarmos os 200 anos dos s\u00e9culos XIX e XX, veremos que dois ter\u00e7os deles foram dominados ainda por ideologias conservadoras ou de direita e que em apenas em um ter\u00e7o desse tempo, o predom\u00ednio foi das ideologias reformadoras ou de esquerda. Ocorre que \u00e9 ineg\u00e1vel que o charme e o apelo do segundo grupo s\u00e3o muito maiores que o do primeiro.<\/p>\n<p>Nem vou tentar justificar o motivo de ser mais charmoso e sedutor o fato de algu\u00e9m professar uma ideologia ou pertencer a um partido de esquerda. Para exemplificar bem esse fato vou apenas citar os dois grandes, para n\u00e3o dizer os dois \u00fanicos partidos dos Estados Unidos, o republicano, de direita e o democrata, de esquerda, se \u00e9 que eles possam ser analizados por essas perspectivas!<\/p>\n<p>Ocorre que em uma democracia consolidada como a americana, a dist\u00e2ncia entre essas duas posi\u00e7\u00f5es ideol\u00f3gicas s\u00e3o t\u00e3o t\u00eanues, s\u00e3o t\u00e3o finas, t\u00e3o impercept\u00edveis, que s\u00f3 as identificamos atrav\u00e9s de a\u00e7\u00f5es espec\u00edficas de gest\u00e3o e administra\u00e7\u00e3o da economia, de projetos sociais espec\u00edficos, da forma como encaram os conflitos diplom\u00e1ticos ou b\u00e9licos&#8230;<\/p>\n<p>Para o povo brasileiro em geral, ou para qualquer outro povo que n\u00e3o tenha um conhecimento ou uma conviv\u00eancia maior no sistema democr\u00e1tico, como hoje \u00e9 o caso do povo venezuelano, n\u00e3o h\u00e1 diferen\u00e7as vis\u00edveis ou importantes entre os republicanos e os democratas americanos.<\/p>\n<p>A vis\u00edvel e palp\u00e1vel diferen\u00e7a entre o democrata Obama e o republicano Trump, no comando dos Estados Unidos, mostra bem a simpatia de um e a antipatia do outro. A forma cordial de um agir e a arrog\u00e2ncia do outro tratar as pessoas. Vendo isso at\u00e9 nos faz pensar que os democratas s\u00e3o os bons e os republicanos s\u00e3o os maus nessa hist\u00f3ria, o que n\u00e3o \u00e9 verdade. N\u00e3o \u00e9 o partido ou a ideologia que faz com que algu\u00e9m seja bom ou mau<\/p>\n<p>Para comprovar que isso n\u00e3o \u00e9 verdade, basta dizer que um dos melhores presidentes americanos, Abraham Lincoln, era republicano, partido tido como de direita, e que mesmo assim ele foi o respons\u00e1vel pela liberta\u00e7\u00e3o dos escravos daquele pa\u00eds, coisa que diversos presidentes democratas, ou seja, de esquerda, que vieram antes dele, n\u00e3o fizeram.<\/p>\n<p>Herry Truman, presidente democrata e em tese de esquerda, n\u00e3o afeito a atos violentos ou maus, ordenou o \u00fanico ataque nuclear da hist\u00f3ria da humanidade contra uma popula\u00e7\u00e3o civil. Ele nem por isso ele \u00e9 considerado um sujeito \u201cmau\u201d.<\/p>\n<p>No outro polo, o presidente comunista da Uni\u00e3o Sovi\u00e9tica, Joseph Stalin, tido como de esquerda, \u00e9 o respons\u00e1vel pela morte de milh\u00f5es de pessoas que estavam em desacordo com a sua ideologia.<\/p>\n<p>No caso do Brasil, podemos exemplificar em nossa hist\u00f3ria recente, o caso do presidente Itamar Franco que estaria bem \u00e0 direita de Dilma, e guiou o Brasil para fora da crise que o afligia naquele momento, enquanto a citada esquerdista jogou-nos num abismo.<\/p>\n<p>Hoje, liberto das press\u00f5es abjetas dos anos 70 e 80, onde se dizia que s\u00f3 sendo de esquerda voc\u00ea poderia estar do lado certo, do lado do bem, posso declarar que tenho pensamentos e a\u00e7\u00f5es de direita e n\u00e3o tenho vergonha disso, pois tanto meus pensamentos quanto minhas a\u00e7\u00f5es s\u00e3o verdadeiras, leg\u00edtimas e honestas, t\u00e3o ou mais que a de qualquer um que professe pensamentos ou realize a\u00e7\u00f5es de esquerda.<\/p>\n<p>Aproveito a oportunidade para reafirmar que no Maranh\u00e3o sempre militei no grupo pol\u00edtico liderado por Jos\u00e9 Sarney, a quem muito respeito e admiro, mas que nunca deixei de cultivar um agudo senso cr\u00edtico em rela\u00e7\u00e3o n\u00e3o apenas ao grupo, mas tamb\u00e9m a tudo que diz respeito \u00e0s a\u00e7\u00f5es pol\u00edticas das quais eu viesse a participar.<\/p>\n<p>&nbsp;<\/p>\n<p>PS: Semana passada, fui informado que uma pessoa do alto escal\u00e3o do grupo do qual fa\u00e7o parte, declarou-me fora dele. N\u00e3o me sinto fora, mas se eu por acaso for \u201cgentilmente convidado\u201d a me retirar, eles perdem muito mais do que eu!<\/p>\n<p>O pensamento livre e independente de um membro nunca \u00e9 bem aceito em um grupo, que imagina que somente a subservi\u00eancia e a obedi\u00eancia canina de todos, interessam para a manuten\u00e7\u00e3o e a continuidade do poder pol\u00edtico.<\/p>\n","protected":false},"excerpt":{"rendered":"<p>De um tempo pra c\u00e1 notei que eu perdi qualquer vergonha que pudesse ter em assumir meus pensamentos filos\u00f3ficos e [&hellip;]<\/p>\n","protected":false},"author":7,"featured_media":0,"comment_status":"open","ping_status":"open","sticky":false,"template":"","format":"standard","meta":{"site-sidebar-layout":"default","site-content-layout":"","ast-site-content-layout":"default","site-content-style":"default","site-sidebar-style":"default","ast-global-header-display":"","ast-banner-title-visibility":"","ast-main-header-display":"","ast-hfb-above-header-display":"","ast-hfb-below-header-display":"","ast-hfb-mobile-header-display":"","site-post-title":"","ast-breadcrumbs-content":"","ast-featured-img":"","footer-sml-layout":"","ast-disable-related-posts":"","theme-transparent-header-meta":"","adv-header-id-meta":"","stick-header-meta":"","header-above-stick-meta":"","header-main-stick-meta":"","header-below-stick-meta":"","astra-migrate-meta-layouts":"default","ast-page-background-enabled":"default","ast-page-background-meta":{"desktop":{"background-color":"var(--ast-global-color-5)","background-image":"","background-repeat":"repeat","background-position":"center center","background-size":"auto","background-attachment":"scroll","background-type":"","background-media":"","overlay-type":"","overlay-color":"","overlay-opacity":"","overlay-gradient":""},"tablet":{"background-color":"","background-image":"","background-repeat":"repeat","background-position":"center center","background-size":"auto","background-attachment":"scroll","background-type":"","background-media":"","overlay-type":"","overlay-color":"","overlay-opacity":"","overlay-gradient":""},"mobile":{"background-color":"","background-image":"","background-repeat":"repeat","background-position":"center center","background-size":"auto","background-attachment":"scroll","background-type":"","background-media":"","overlay-type":"","overlay-color":"","overlay-opacity":"","overlay-gradient":""}},"ast-content-background-meta":{"desktop":{"background-color":"var(--ast-global-color-4)","background-image":"","background-repeat":"repeat","background-position":"center center","background-size":"auto","background-attachment":"scroll","background-type":"","background-media":"","overlay-type":"","overlay-color":"","overlay-opacity":"","overlay-gradient":""},"tablet":{"background-color":"var(--ast-global-color-4)","background-image":"","background-repeat":"repeat","background-position":"center center","background-size":"auto","background-attachment":"scroll","background-type":"","background-media":"","overlay-type":"","overlay-color":"","overlay-opacity":"","overlay-gradient":""},"mobile":{"background-color":"var(--ast-global-color-4)","background-image":"","background-repeat":"repeat","background-position":"center center","background-size":"auto","background-attachment":"scroll","background-type":"","background-media":"","overlay-type":"","overlay-color":"","overlay-opacity":"","overlay-gradient":""}},"footnotes":""},"categories":[1],"tags":[],"class_list":["post-1833","post","type-post","status-publish","format-standard","hentry","category-sem-categoria"],"yoast_head":"<!-- This site is optimized with the Yoast SEO plugin v26.6 - https:\/\/yoast.com\/wordpress\/plugins\/seo\/ -->\n<title>Uma an\u00e1lise pol\u00edtica espacial - Joaquim Haickel<\/title>\n<meta name=\"robots\" content=\"index, follow, max-snippet:-1, max-image-preview:large, max-video-preview:-1\" \/>\n<link rel=\"canonical\" href=\"https:\/\/www.blogsoestado.com\/joaquimhaickel\/2017\/07\/15\/uma-analise-politica-espacial\/\" \/>\n<meta property=\"og:locale\" content=\"pt_BR\" \/>\n<meta property=\"og:type\" content=\"article\" \/>\n<meta property=\"og:title\" content=\"Uma an\u00e1lise pol\u00edtica espacial - Joaquim Haickel\" \/>\n<meta property=\"og:description\" content=\"De um tempo pra c\u00e1 notei que eu perdi qualquer vergonha que pudesse ter em assumir meus pensamentos filos\u00f3ficos e [&hellip;]\" \/>\n<meta property=\"og:url\" content=\"https:\/\/www.blogsoestado.com\/joaquimhaickel\/2017\/07\/15\/uma-analise-politica-espacial\/\" \/>\n<meta property=\"og:site_name\" content=\"Joaquim Haickel\" \/>\n<meta property=\"article:published_time\" content=\"2017-07-15T06:59:32+00:00\" \/>\n<meta name=\"author\" content=\"Joaquim Haickel\" \/>\n<meta name=\"twitter:card\" content=\"summary_large_image\" \/>\n<meta name=\"twitter:label1\" content=\"Escrito por\" \/>\n\t<meta name=\"twitter:data1\" content=\"Joaquim Haickel\" \/>\n\t<meta name=\"twitter:label2\" content=\"Est. tempo de leitura\" \/>\n\t<meta name=\"twitter:data2\" content=\"4 minutos\" \/>\n<script type=\"application\/ld+json\" class=\"yoast-schema-graph\">{\"@context\":\"https:\/\/schema.org\",\"@graph\":[{\"@type\":\"WebPage\",\"@id\":\"https:\/\/www.blogsoestado.com\/joaquimhaickel\/2017\/07\/15\/uma-analise-politica-espacial\/\",\"url\":\"https:\/\/www.blogsoestado.com\/joaquimhaickel\/2017\/07\/15\/uma-analise-politica-espacial\/\",\"name\":\"Uma an\u00e1lise pol\u00edtica espacial - Joaquim Haickel\",\"isPartOf\":{\"@id\":\"https:\/\/www.blogsoestado.com\/joaquimhaickel\/#website\"},\"datePublished\":\"2017-07-15T06:59:32+00:00\",\"author\":{\"@id\":\"https:\/\/www.blogsoestado.com\/joaquimhaickel\/#\/schema\/person\/4a711644aff28245c6c2c3452d66d325\"},\"breadcrumb\":{\"@id\":\"https:\/\/www.blogsoestado.com\/joaquimhaickel\/2017\/07\/15\/uma-analise-politica-espacial\/#breadcrumb\"},\"inLanguage\":\"pt-BR\",\"potentialAction\":[{\"@type\":\"ReadAction\",\"target\":[\"https:\/\/www.blogsoestado.com\/joaquimhaickel\/2017\/07\/15\/uma-analise-politica-espacial\/\"]}]},{\"@type\":\"BreadcrumbList\",\"@id\":\"https:\/\/www.blogsoestado.com\/joaquimhaickel\/2017\/07\/15\/uma-analise-politica-espacial\/#breadcrumb\",\"itemListElement\":[{\"@type\":\"ListItem\",\"position\":1,\"name\":\"In\u00edcio\",\"item\":\"https:\/\/www.blogsoestado.com\/joaquimhaickel\/\"},{\"@type\":\"ListItem\",\"position\":2,\"name\":\"Uma an\u00e1lise pol\u00edtica espacial\"}]},{\"@type\":\"WebSite\",\"@id\":\"https:\/\/www.blogsoestado.com\/joaquimhaickel\/#website\",\"url\":\"https:\/\/www.blogsoestado.com\/joaquimhaickel\/\",\"name\":\"Joaquim Haickel\",\"description\":\"\",\"potentialAction\":[{\"@type\":\"SearchAction\",\"target\":{\"@type\":\"EntryPoint\",\"urlTemplate\":\"https:\/\/www.blogsoestado.com\/joaquimhaickel\/?s={search_term_string}\"},\"query-input\":{\"@type\":\"PropertyValueSpecification\",\"valueRequired\":true,\"valueName\":\"search_term_string\"}}],\"inLanguage\":\"pt-BR\"},{\"@type\":\"Person\",\"@id\":\"https:\/\/www.blogsoestado.com\/joaquimhaickel\/#\/schema\/person\/4a711644aff28245c6c2c3452d66d325\",\"name\":\"Joaquim Haickel\",\"image\":{\"@type\":\"ImageObject\",\"inLanguage\":\"pt-BR\",\"@id\":\"https:\/\/www.blogsoestado.com\/joaquimhaickel\/#\/schema\/person\/image\/\",\"url\":\"https:\/\/secure.gravatar.com\/avatar\/473d89339b9f8ec089adb8d5778363eb5a2ba2319956bcf0298bfd8cca04684a?s=96&d=mm&r=g\",\"contentUrl\":\"https:\/\/secure.gravatar.com\/avatar\/473d89339b9f8ec089adb8d5778363eb5a2ba2319956bcf0298bfd8cca04684a?s=96&d=mm&r=g\",\"caption\":\"Joaquim Haickel\"},\"url\":\"https:\/\/www.blogsoestado.com\/joaquimhaickel\/author\/joaquimhaickel\/\"}]}<\/script>\n<!-- \/ Yoast SEO plugin. -->","yoast_head_json":{"title":"Uma an\u00e1lise pol\u00edtica espacial - Joaquim Haickel","robots":{"index":"index","follow":"follow","max-snippet":"max-snippet:-1","max-image-preview":"max-image-preview:large","max-video-preview":"max-video-preview:-1"},"canonical":"https:\/\/www.blogsoestado.com\/joaquimhaickel\/2017\/07\/15\/uma-analise-politica-espacial\/","og_locale":"pt_BR","og_type":"article","og_title":"Uma an\u00e1lise pol\u00edtica espacial - Joaquim Haickel","og_description":"De um tempo pra c\u00e1 notei que eu perdi qualquer vergonha que pudesse ter em assumir meus pensamentos filos\u00f3ficos e [&hellip;]","og_url":"https:\/\/www.blogsoestado.com\/joaquimhaickel\/2017\/07\/15\/uma-analise-politica-espacial\/","og_site_name":"Joaquim Haickel","article_published_time":"2017-07-15T06:59:32+00:00","author":"Joaquim Haickel","twitter_card":"summary_large_image","twitter_misc":{"Escrito por":"Joaquim Haickel","Est. tempo de leitura":"4 minutos"},"schema":{"@context":"https:\/\/schema.org","@graph":[{"@type":"WebPage","@id":"https:\/\/www.blogsoestado.com\/joaquimhaickel\/2017\/07\/15\/uma-analise-politica-espacial\/","url":"https:\/\/www.blogsoestado.com\/joaquimhaickel\/2017\/07\/15\/uma-analise-politica-espacial\/","name":"Uma an\u00e1lise pol\u00edtica espacial - Joaquim Haickel","isPartOf":{"@id":"https:\/\/www.blogsoestado.com\/joaquimhaickel\/#website"},"datePublished":"2017-07-15T06:59:32+00:00","author":{"@id":"https:\/\/www.blogsoestado.com\/joaquimhaickel\/#\/schema\/person\/4a711644aff28245c6c2c3452d66d325"},"breadcrumb":{"@id":"https:\/\/www.blogsoestado.com\/joaquimhaickel\/2017\/07\/15\/uma-analise-politica-espacial\/#breadcrumb"},"inLanguage":"pt-BR","potentialAction":[{"@type":"ReadAction","target":["https:\/\/www.blogsoestado.com\/joaquimhaickel\/2017\/07\/15\/uma-analise-politica-espacial\/"]}]},{"@type":"BreadcrumbList","@id":"https:\/\/www.blogsoestado.com\/joaquimhaickel\/2017\/07\/15\/uma-analise-politica-espacial\/#breadcrumb","itemListElement":[{"@type":"ListItem","position":1,"name":"In\u00edcio","item":"https:\/\/www.blogsoestado.com\/joaquimhaickel\/"},{"@type":"ListItem","position":2,"name":"Uma an\u00e1lise pol\u00edtica espacial"}]},{"@type":"WebSite","@id":"https:\/\/www.blogsoestado.com\/joaquimhaickel\/#website","url":"https:\/\/www.blogsoestado.com\/joaquimhaickel\/","name":"Joaquim Haickel","description":"","potentialAction":[{"@type":"SearchAction","target":{"@type":"EntryPoint","urlTemplate":"https:\/\/www.blogsoestado.com\/joaquimhaickel\/?s={search_term_string}"},"query-input":{"@type":"PropertyValueSpecification","valueRequired":true,"valueName":"search_term_string"}}],"inLanguage":"pt-BR"},{"@type":"Person","@id":"https:\/\/www.blogsoestado.com\/joaquimhaickel\/#\/schema\/person\/4a711644aff28245c6c2c3452d66d325","name":"Joaquim Haickel","image":{"@type":"ImageObject","inLanguage":"pt-BR","@id":"https:\/\/www.blogsoestado.com\/joaquimhaickel\/#\/schema\/person\/image\/","url":"https:\/\/secure.gravatar.com\/avatar\/473d89339b9f8ec089adb8d5778363eb5a2ba2319956bcf0298bfd8cca04684a?s=96&d=mm&r=g","contentUrl":"https:\/\/secure.gravatar.com\/avatar\/473d89339b9f8ec089adb8d5778363eb5a2ba2319956bcf0298bfd8cca04684a?s=96&d=mm&r=g","caption":"Joaquim Haickel"},"url":"https:\/\/www.blogsoestado.com\/joaquimhaickel\/author\/joaquimhaickel\/"}]}},"jetpack_featured_media_url":"","_links":{"self":[{"href":"https:\/\/www.blogsoestado.com\/joaquimhaickel\/wp-json\/wp\/v2\/posts\/1833","targetHints":{"allow":["GET"]}}],"collection":[{"href":"https:\/\/www.blogsoestado.com\/joaquimhaickel\/wp-json\/wp\/v2\/posts"}],"about":[{"href":"https:\/\/www.blogsoestado.com\/joaquimhaickel\/wp-json\/wp\/v2\/types\/post"}],"author":[{"embeddable":true,"href":"https:\/\/www.blogsoestado.com\/joaquimhaickel\/wp-json\/wp\/v2\/users\/7"}],"replies":[{"embeddable":true,"href":"https:\/\/www.blogsoestado.com\/joaquimhaickel\/wp-json\/wp\/v2\/comments?post=1833"}],"version-history":[{"count":0,"href":"https:\/\/www.blogsoestado.com\/joaquimhaickel\/wp-json\/wp\/v2\/posts\/1833\/revisions"}],"wp:attachment":[{"href":"https:\/\/www.blogsoestado.com\/joaquimhaickel\/wp-json\/wp\/v2\/media?parent=1833"}],"wp:term":[{"taxonomy":"category","embeddable":true,"href":"https:\/\/www.blogsoestado.com\/joaquimhaickel\/wp-json\/wp\/v2\/categories?post=1833"},{"taxonomy":"post_tag","embeddable":true,"href":"https:\/\/www.blogsoestado.com\/joaquimhaickel\/wp-json\/wp\/v2\/tags?post=1833"}],"curies":[{"name":"wp","href":"https:\/\/api.w.org\/{rel}","templated":true}]}}