{"id":188,"date":"2007-08-26T00:00:00","date_gmt":"2007-08-26T00:00:00","guid":{"rendered":"https:\/\/www.blogsoestado.com\/joaquimhaickel\/2007\/08\/26\/de-olho-em-2008-ii\/"},"modified":"2007-08-26T00:00:00","modified_gmt":"2007-08-26T00:00:00","slug":"de-olho-em-2008-ii","status":"publish","type":"post","link":"https:\/\/www.blogsoestado.com\/joaquimhaickel\/2007\/08\/26\/de-olho-em-2008-ii\/","title":{"rendered":"De olho em 2008 II"},"content":{"rendered":"<p><b><font size=\"4\"><\/font><\/b><\/p>\n<p><font size=\"3\">Domingo passado, comecei abordar um tema que suscitou muitas conversas durante toda a semana, principalmente em torno de algo que n\u00e3o foi nem sequer aprofundado por mim. Apenas disse que a elei\u00e7\u00e3o de S\u00e3o Luis era um capitulo aparte e que sobre ela falarei nesta semana, mas foi o suficiente para abrir a discuss\u00e3o a respeito da sucess\u00e3o municipal em nossa capital.  <\/p>\n<p>Como disse antes, S\u00e3o Luis \u00e9 a j\u00f3ia da coroa e a disputa pelo pal\u00e1cio Daniel de la Touche ser\u00e1 uma das maiores contendas jamais realizadas em nosso estado.<\/p>\n<p>Os motivos para isso s\u00e3o diversos. Vai desde a aus\u00eancia de um nome hegem\u00f4nico ou imbat\u00edvel eleitoralmente, o que \u00e9 muito bom e saud\u00e1vel para o processo eleitoral, at\u00e9 a necessidade de sobreviv\u00eancia de alguns partidos ou pol\u00edticos de qualidade que precisam de uma oportunidade para mostrar suas propostas, sob pena de envelhecerem sem ter uma chance para faz\u00ea-lo.<\/p>\n<p>Mas n\u00e3o \u00e9 s\u00f3 isso. A coisa \u00e9 muito mais complicada do que possa parecer.   <\/p>\n<p>A primeira grande quest\u00e3o ser\u00e1 saber quais ser\u00e3o as regras a serem seguidas. Haver\u00e1 coliga\u00e7\u00f5es. Em tendo ser\u00e1 s\u00f3 para prefeitos? E para os vereadores, como ser\u00e1? <\/p>\n<p>Vamos imaginar que as regras sejam a mesma da ultima elei\u00e7\u00e3o.<\/p>\n<p>Pela primeira vez em muitos anos governador e prefeito da capital s\u00e3o do mesmo partido e mesmo tendo suas diferen\u00e7as, se partirem unidos, dificilmente perder\u00e3o a disputa. Isso se, por pior que as coisas estejam agora, nada mudar at\u00e9 l\u00e1. O problema ser\u00e1 saber quem ser\u00e1 o candidato do PDT. S\u00e3o varias as op\u00e7\u00f5es: Juli\u00e3o Amim, Clodomir Paz, Canind\u00e9 Barros e Sandra Torres. Qualquer um, desde se apoiado pelo governador e pelo prefeito, tem vit\u00f3ria quase certa. O problema acontecer\u00e1 na escolha do nome e no empenho dos apoiadores. Nessa engenharia consiste o sucesso ou o desastre deste projeto. <\/p>\n<p>Por fora corre o PSB que antes tem que resolver quem ser\u00e1 seu candidato, Z\u00e9 Reinaldo ou Vidigal. Depois disso a dificuldade ser\u00e1 convencer Jackson dar o m\u00ednimo de apoio \u00e0 candidatura do partido.<\/p>\n<p>Tamb\u00e9m indefinida \u00e9 a situa\u00e7\u00e3o do PSDB. H\u00e1 quem aposte que Castelo queira disputar mais uma vez a prefeitura de S\u00e3o Luis. Eu creio que n\u00e3o. Ficam ent\u00e3o Pinto e Evangelista como postulantes pelo partido. O fato de no ninho tucano n\u00e3o ficar bem claro qual das correntes internas controla o partido, faz com que a situa\u00e7\u00e3o dos bicudos emplumados seja a mais complicada entre todos os partidos. <\/p>\n<p>H\u00e1 tamb\u00e9m o PT e o PC do B que trazem os fortes nomes de Bira do Pindar\u00e9 e Flavio Dino para a disputa. <\/p>\n<p>Fechando o grupo de partidos ligados ao governo do estado, aparece o PR que deve ir de Kleber Verde.<\/p>\n<p>Ainda alinhados ao governo devem ficar PPS, PSC, PMN, PTC, PT do B, PHS, PSL e PSC. Resta saber se eles v\u00e3o se aventurar a ter candidatos pr\u00f3prios ou se coligaram, caso a legisla\u00e7\u00e3o permita. <\/p>\n<p>Do outro lado, os cinco grandes partidos que formam a oposi\u00e7\u00e3o, PMDB, Dem, PTB, PV e PP dever\u00e3o antes decidir qual ser\u00e1 a melhor estrat\u00e9gia pra tentar chegar ao segundo turno com alguma chance na disputa. Se sa\u00edrem com um candidato \u00fanico ou tentarem a sorte individualmente no primeiro turno e agruparem-se apenas na segunda etapa da disputa.<\/p>\n<p>Gast\u00e3o Vieira \u00e9 pra mim o melhor nome no PMDB. No Dem, Raimundo Cutrim aparece como favorito. E Pedro Fernandes deve ser o \u00fanico pretendente no PTB. <\/p>\n<p>PV e PP devem acompanhar PMDB e Dem respectivamente, at\u00e9 para garantir a chance de eleger algum vereador.<\/p>\n<p>Nesse quadro vemos nove candidatos, seis ligados ao governo e tr\u00eas contr\u00e1rios a ele.<\/p>\n<p>H\u00e1 tamb\u00e9m outros partidos que possivelmente ter\u00e3o candidatos, e que atiraram para todos os lados, como \u00e9 o caso do PSTU, do PSOL, do PCB e do PCO. Talvez se juntassem for\u00e7as, resultasse em uma candidatura menos surreal.  <\/p>\n<p>N\u00e3o se pode prever as posi\u00e7\u00f5es de pequenos partidos, como PRP, PRTB e PSDC. <\/p>\n<p>Existem alguns partidos que nem se sabe se ainda existem e cada partido que entrar na disputa agravar\u00e1 ainda mais a situa\u00e7\u00e3o do cen\u00e1rio eleitoral de S\u00e3o Luis.<\/p>\n<p>Jackson e Tadeu com a palavra. Dessa conversa depende todo o quadro eleitoral de S\u00e3o Luis. Caso eles n\u00e3o cheguem a um bom entendimento as chances da oposi\u00e7\u00e3o cresceram enormemente.  <\/p>\n<p>Das decis\u00f5es pendentes na justi\u00e7a eleitoral depende todo o quadro sucess\u00f3rio de nosso estado, principalmente o da capital.<\/p>\n<p>Como dizia um grande pol\u00edtico do passado: \u0093Quem viver, ver\u00e1\u0094.<\/font><\/p>\n","protected":false},"excerpt":{"rendered":"<p>Domingo passado, comecei abordar um tema que suscitou muitas conversas durante toda a semana, principalmente em torno de algo que [&hellip;]<\/p>\n","protected":false},"author":7,"featured_media":0,"comment_status":"open","ping_status":"open","sticky":false,"template":"","format":"standard","meta":{"site-sidebar-layout":"default","site-content-layout":"","ast-site-content-layout":"default","site-content-style":"default","site-sidebar-style":"default","ast-global-header-display":"","ast-banner-title-visibility":"","ast-main-header-display":"","ast-hfb-above-header-display":"","ast-hfb-below-header-display":"","ast-hfb-mobile-header-display":"","site-post-title":"","ast-breadcrumbs-content":"","ast-featured-img":"","footer-sml-layout":"","ast-disable-related-posts":"","theme-transparent-header-meta":"","adv-header-id-meta":"","stick-header-meta":"","header-above-stick-meta":"","header-main-stick-meta":"","header-below-stick-meta":"","astra-migrate-meta-layouts":"default","ast-page-background-enabled":"default","ast-page-background-meta":{"desktop":{"background-color":"var(--ast-global-color-5)","background-image":"","background-repeat":"repeat","background-position":"center center","background-size":"auto","background-attachment":"scroll","background-type":"","background-media":"","overlay-type":"","overlay-color":"","overlay-opacity":"","overlay-gradient":""},"tablet":{"background-color":"","background-image":"","background-repeat":"repeat","background-position":"center center","background-size":"auto","background-attachment":"scroll","background-type":"","background-media":"","overlay-type":"","overlay-color":"","overlay-opacity":"","overlay-gradient":""},"mobile":{"background-color":"","background-image":"","background-repeat":"repeat","background-position":"center center","background-size":"auto","background-attachment":"scroll","background-type":"","background-media":"","overlay-type":"","overlay-color":"","overlay-opacity":"","overlay-gradient":""}},"ast-content-background-meta":{"desktop":{"background-color":"var(--ast-global-color-4)","background-image":"","background-repeat":"repeat","background-position":"center center","background-size":"auto","background-attachment":"scroll","background-type":"","background-media":"","overlay-type":"","overlay-color":"","overlay-opacity":"","overlay-gradient":""},"tablet":{"background-color":"var(--ast-global-color-4)","background-image":"","background-repeat":"repeat","background-position":"center center","background-size":"auto","background-attachment":"scroll","background-type":"","background-media":"","overlay-type":"","overlay-color":"","overlay-opacity":"","overlay-gradient":""},"mobile":{"background-color":"var(--ast-global-color-4)","background-image":"","background-repeat":"repeat","background-position":"center center","background-size":"auto","background-attachment":"scroll","background-type":"","background-media":"","overlay-type":"","overlay-color":"","overlay-opacity":"","overlay-gradient":""}},"footnotes":""},"categories":[3],"tags":[],"class_list":["post-188","post","type-post","status-publish","format-standard","hentry","category-geral"],"yoast_head":"<!-- This site is optimized with the Yoast SEO plugin v26.6 - https:\/\/yoast.com\/wordpress\/plugins\/seo\/ -->\n<title>De olho em 2008 II - Joaquim Haickel<\/title>\n<meta name=\"robots\" content=\"index, follow, max-snippet:-1, max-image-preview:large, max-video-preview:-1\" \/>\n<link rel=\"canonical\" href=\"https:\/\/www.blogsoestado.com\/joaquimhaickel\/2007\/08\/26\/de-olho-em-2008-ii\/\" \/>\n<meta property=\"og:locale\" content=\"pt_BR\" \/>\n<meta property=\"og:type\" content=\"article\" \/>\n<meta property=\"og:title\" content=\"De olho em 2008 II - Joaquim Haickel\" \/>\n<meta property=\"og:description\" content=\"Domingo passado, comecei abordar um tema que suscitou muitas conversas durante toda a semana, principalmente em torno de algo que [&hellip;]\" \/>\n<meta property=\"og:url\" content=\"https:\/\/www.blogsoestado.com\/joaquimhaickel\/2007\/08\/26\/de-olho-em-2008-ii\/\" \/>\n<meta property=\"og:site_name\" content=\"Joaquim Haickel\" \/>\n<meta property=\"article:published_time\" content=\"2007-08-26T00:00:00+00:00\" \/>\n<meta name=\"author\" content=\"Joaquim Haickel\" \/>\n<meta name=\"twitter:card\" content=\"summary_large_image\" \/>\n<meta name=\"twitter:label1\" content=\"Escrito por\" \/>\n\t<meta name=\"twitter:data1\" content=\"Joaquim Haickel\" \/>\n\t<meta name=\"twitter:label2\" content=\"Est. tempo de leitura\" \/>\n\t<meta name=\"twitter:data2\" content=\"4 minutos\" \/>\n<script type=\"application\/ld+json\" class=\"yoast-schema-graph\">{\"@context\":\"https:\/\/schema.org\",\"@graph\":[{\"@type\":\"WebPage\",\"@id\":\"https:\/\/www.blogsoestado.com\/joaquimhaickel\/2007\/08\/26\/de-olho-em-2008-ii\/\",\"url\":\"https:\/\/www.blogsoestado.com\/joaquimhaickel\/2007\/08\/26\/de-olho-em-2008-ii\/\",\"name\":\"De olho em 2008 II - Joaquim Haickel\",\"isPartOf\":{\"@id\":\"https:\/\/www.blogsoestado.com\/joaquimhaickel\/#website\"},\"datePublished\":\"2007-08-26T00:00:00+00:00\",\"author\":{\"@id\":\"https:\/\/www.blogsoestado.com\/joaquimhaickel\/#\/schema\/person\/4a711644aff28245c6c2c3452d66d325\"},\"breadcrumb\":{\"@id\":\"https:\/\/www.blogsoestado.com\/joaquimhaickel\/2007\/08\/26\/de-olho-em-2008-ii\/#breadcrumb\"},\"inLanguage\":\"pt-BR\",\"potentialAction\":[{\"@type\":\"ReadAction\",\"target\":[\"https:\/\/www.blogsoestado.com\/joaquimhaickel\/2007\/08\/26\/de-olho-em-2008-ii\/\"]}]},{\"@type\":\"BreadcrumbList\",\"@id\":\"https:\/\/www.blogsoestado.com\/joaquimhaickel\/2007\/08\/26\/de-olho-em-2008-ii\/#breadcrumb\",\"itemListElement\":[{\"@type\":\"ListItem\",\"position\":1,\"name\":\"In\u00edcio\",\"item\":\"https:\/\/www.blogsoestado.com\/joaquimhaickel\/\"},{\"@type\":\"ListItem\",\"position\":2,\"name\":\"De olho em 2008 II\"}]},{\"@type\":\"WebSite\",\"@id\":\"https:\/\/www.blogsoestado.com\/joaquimhaickel\/#website\",\"url\":\"https:\/\/www.blogsoestado.com\/joaquimhaickel\/\",\"name\":\"Joaquim Haickel\",\"description\":\"\",\"potentialAction\":[{\"@type\":\"SearchAction\",\"target\":{\"@type\":\"EntryPoint\",\"urlTemplate\":\"https:\/\/www.blogsoestado.com\/joaquimhaickel\/?s={search_term_string}\"},\"query-input\":{\"@type\":\"PropertyValueSpecification\",\"valueRequired\":true,\"valueName\":\"search_term_string\"}}],\"inLanguage\":\"pt-BR\"},{\"@type\":\"Person\",\"@id\":\"https:\/\/www.blogsoestado.com\/joaquimhaickel\/#\/schema\/person\/4a711644aff28245c6c2c3452d66d325\",\"name\":\"Joaquim Haickel\",\"image\":{\"@type\":\"ImageObject\",\"inLanguage\":\"pt-BR\",\"@id\":\"https:\/\/www.blogsoestado.com\/joaquimhaickel\/#\/schema\/person\/image\/\",\"url\":\"https:\/\/secure.gravatar.com\/avatar\/473d89339b9f8ec089adb8d5778363eb5a2ba2319956bcf0298bfd8cca04684a?s=96&d=mm&r=g\",\"contentUrl\":\"https:\/\/secure.gravatar.com\/avatar\/473d89339b9f8ec089adb8d5778363eb5a2ba2319956bcf0298bfd8cca04684a?s=96&d=mm&r=g\",\"caption\":\"Joaquim Haickel\"},\"url\":\"https:\/\/www.blogsoestado.com\/joaquimhaickel\/author\/joaquimhaickel\/\"}]}<\/script>\n<!-- \/ Yoast SEO plugin. -->","yoast_head_json":{"title":"De olho em 2008 II - Joaquim Haickel","robots":{"index":"index","follow":"follow","max-snippet":"max-snippet:-1","max-image-preview":"max-image-preview:large","max-video-preview":"max-video-preview:-1"},"canonical":"https:\/\/www.blogsoestado.com\/joaquimhaickel\/2007\/08\/26\/de-olho-em-2008-ii\/","og_locale":"pt_BR","og_type":"article","og_title":"De olho em 2008 II - Joaquim Haickel","og_description":"Domingo passado, comecei abordar um tema que suscitou muitas conversas durante toda a semana, principalmente em torno de algo que [&hellip;]","og_url":"https:\/\/www.blogsoestado.com\/joaquimhaickel\/2007\/08\/26\/de-olho-em-2008-ii\/","og_site_name":"Joaquim Haickel","article_published_time":"2007-08-26T00:00:00+00:00","author":"Joaquim Haickel","twitter_card":"summary_large_image","twitter_misc":{"Escrito por":"Joaquim Haickel","Est. tempo de leitura":"4 minutos"},"schema":{"@context":"https:\/\/schema.org","@graph":[{"@type":"WebPage","@id":"https:\/\/www.blogsoestado.com\/joaquimhaickel\/2007\/08\/26\/de-olho-em-2008-ii\/","url":"https:\/\/www.blogsoestado.com\/joaquimhaickel\/2007\/08\/26\/de-olho-em-2008-ii\/","name":"De olho em 2008 II - Joaquim Haickel","isPartOf":{"@id":"https:\/\/www.blogsoestado.com\/joaquimhaickel\/#website"},"datePublished":"2007-08-26T00:00:00+00:00","author":{"@id":"https:\/\/www.blogsoestado.com\/joaquimhaickel\/#\/schema\/person\/4a711644aff28245c6c2c3452d66d325"},"breadcrumb":{"@id":"https:\/\/www.blogsoestado.com\/joaquimhaickel\/2007\/08\/26\/de-olho-em-2008-ii\/#breadcrumb"},"inLanguage":"pt-BR","potentialAction":[{"@type":"ReadAction","target":["https:\/\/www.blogsoestado.com\/joaquimhaickel\/2007\/08\/26\/de-olho-em-2008-ii\/"]}]},{"@type":"BreadcrumbList","@id":"https:\/\/www.blogsoestado.com\/joaquimhaickel\/2007\/08\/26\/de-olho-em-2008-ii\/#breadcrumb","itemListElement":[{"@type":"ListItem","position":1,"name":"In\u00edcio","item":"https:\/\/www.blogsoestado.com\/joaquimhaickel\/"},{"@type":"ListItem","position":2,"name":"De olho em 2008 II"}]},{"@type":"WebSite","@id":"https:\/\/www.blogsoestado.com\/joaquimhaickel\/#website","url":"https:\/\/www.blogsoestado.com\/joaquimhaickel\/","name":"Joaquim Haickel","description":"","potentialAction":[{"@type":"SearchAction","target":{"@type":"EntryPoint","urlTemplate":"https:\/\/www.blogsoestado.com\/joaquimhaickel\/?s={search_term_string}"},"query-input":{"@type":"PropertyValueSpecification","valueRequired":true,"valueName":"search_term_string"}}],"inLanguage":"pt-BR"},{"@type":"Person","@id":"https:\/\/www.blogsoestado.com\/joaquimhaickel\/#\/schema\/person\/4a711644aff28245c6c2c3452d66d325","name":"Joaquim Haickel","image":{"@type":"ImageObject","inLanguage":"pt-BR","@id":"https:\/\/www.blogsoestado.com\/joaquimhaickel\/#\/schema\/person\/image\/","url":"https:\/\/secure.gravatar.com\/avatar\/473d89339b9f8ec089adb8d5778363eb5a2ba2319956bcf0298bfd8cca04684a?s=96&d=mm&r=g","contentUrl":"https:\/\/secure.gravatar.com\/avatar\/473d89339b9f8ec089adb8d5778363eb5a2ba2319956bcf0298bfd8cca04684a?s=96&d=mm&r=g","caption":"Joaquim Haickel"},"url":"https:\/\/www.blogsoestado.com\/joaquimhaickel\/author\/joaquimhaickel\/"}]}},"jetpack_featured_media_url":"","_links":{"self":[{"href":"https:\/\/www.blogsoestado.com\/joaquimhaickel\/wp-json\/wp\/v2\/posts\/188","targetHints":{"allow":["GET"]}}],"collection":[{"href":"https:\/\/www.blogsoestado.com\/joaquimhaickel\/wp-json\/wp\/v2\/posts"}],"about":[{"href":"https:\/\/www.blogsoestado.com\/joaquimhaickel\/wp-json\/wp\/v2\/types\/post"}],"author":[{"embeddable":true,"href":"https:\/\/www.blogsoestado.com\/joaquimhaickel\/wp-json\/wp\/v2\/users\/7"}],"replies":[{"embeddable":true,"href":"https:\/\/www.blogsoestado.com\/joaquimhaickel\/wp-json\/wp\/v2\/comments?post=188"}],"version-history":[{"count":0,"href":"https:\/\/www.blogsoestado.com\/joaquimhaickel\/wp-json\/wp\/v2\/posts\/188\/revisions"}],"wp:attachment":[{"href":"https:\/\/www.blogsoestado.com\/joaquimhaickel\/wp-json\/wp\/v2\/media?parent=188"}],"wp:term":[{"taxonomy":"category","embeddable":true,"href":"https:\/\/www.blogsoestado.com\/joaquimhaickel\/wp-json\/wp\/v2\/categories?post=188"},{"taxonomy":"post_tag","embeddable":true,"href":"https:\/\/www.blogsoestado.com\/joaquimhaickel\/wp-json\/wp\/v2\/tags?post=188"}],"curies":[{"name":"wp","href":"https:\/\/api.w.org\/{rel}","templated":true}]}}