{"id":1889,"date":"2017-12-30T02:31:29","date_gmt":"2017-12-30T05:31:29","guid":{"rendered":"https:\/\/www.blogsoestado.com\/joaquimhaickel\/?p=1889"},"modified":"2017-12-30T02:31:29","modified_gmt":"2017-12-30T05:31:29","slug":"carta-para-theo","status":"publish","type":"post","link":"https:\/\/www.blogsoestado.com\/joaquimhaickel\/2017\/12\/30\/carta-para-theo\/","title":{"rendered":"Carta para Theo"},"content":{"rendered":"<p>Nem imagino quantos anos voc\u00ea ter\u00e1 no momento em que estiver lendo esta carta! S\u00f3 espero que voc\u00ea j\u00e1 tenha maturidade suficiente para entender a mensagem contida nestas palavras, arrumadas por mim assim, desta maneira.<\/p>\n<p>Em que pese voc\u00ea me chamar t\u00e3o carinhosa e amorosamente de vov\u00f4, n\u00e3o temos nenhum v\u00ednculo sangu\u00edneo, mas nossa rela\u00e7\u00e3o extrapola corpo e sangue, e \u00e9 exatamente por causa de uma hist\u00f3ria que envolve corpo e sangue que lhe escrevo esta carta.<\/p>\n<p>No dia do seu batizado, voc\u00ea j\u00e1 tinha um ano e oito meses, eu senti algo muito profundo, uma emo\u00e7\u00e3o avassaladora, algo que me secou a garganta, disparou meu cora\u00e7\u00e3o, encheu meus olhos d\u00b4\u00e1gua&#8230; S\u00f3 minha sobrinha Pillar, uma pessoa hipersens\u00edvel notou o que estava acontecendo comigo.<\/p>\n<p>Padre Cl\u00e1udio, grande amigo de minha m\u00e3e, oficiava a liturgia do batismo e voc\u00ea, como sempre, estava radiante! Eu costumava dizer que sua alegria e sua simpatia foram herdadas de um av\u00f4 que em nada contribuiu em sua gen\u00e9tica!<\/p>\n<p>A cerim\u00f4nia foi simples, como deveriam ser todas as cerim\u00f4nias religiosas, de qualquer que fosse a f\u00e9. Cl\u00e1udio, al\u00e9m de padre \u00e9 psic\u00f3logo, e como tal sabe se comunicar e atingir seu objetivo, falando diretamente aos cora\u00e7\u00f5es e \u00e0s mentes das pessoas.<\/p>\n<p>Tudo transcorreu na maior das perfei\u00e7\u00f5es, at\u00e9 que num dos rituais do batismo cat\u00f3lico o sacerdote pede que os pais e os padrinhos respondam pela crian\u00e7a que est\u00e1 sendo batizada, no caso voc\u00ea, as perguntas que ele far\u00e1. Para as primeiras perguntas, as respostas devem ser \u201crenuncio\u201d. O padre faz perguntas claras e todas as respostas s\u00e3o plenamente satisfat\u00f3rias, inclusive eu tamb\u00e9m respondi a elas, por voc\u00ea e por tamb\u00e9m mim! \u201cRenuncio!\u201d<\/p>\n<p>Para a segunda bateria de perguntas, a respostas devem ser \u201ccreio\u201d. Foi neste momento que a minha emo\u00e7\u00e3o que j\u00e1 estava aflorada, explodiu e transbordou.<\/p>\n<p>A cada pergunta que Cl\u00e1udio fazia para voc\u00ea, prontamente respondidas com \u201ccreio\u201d por seus pais e padrinhos, o n\u00f3 em minha garganta apertava ainda mais. \u00c0quelas perguntas eu n\u00e3o pude responder&#8230;<\/p>\n<p>Foram momentos de grande ang\u00fastia para mim. Fiquei aflito&#8230; Mas ao olhar para o mural pintado na parede por detr\u00e1s daquele altar, vi que havia a figura de Jesus sentado ao centro, ladeado por dois homens que logo identifiquei como sendo Marcus, que d\u00e1 nome \u00e0quela igreja, e Pedro. Marcus, o mais jovem, \u00e0 direita, trazia na m\u00e3o um pergaminho e um le\u00e3o \u00e0s suas pernas. \u00c0 esquerda, Pedro, aparecia carregando um cajado.<\/p>\n<p>Repentinamente comecei a ouvir uma voz que pensei ser do pr\u00f3prio Jesus. A princ\u00edpio imaginei que estava tendo um surto de esquizofrenia, mas esquizofr\u00eanicos n\u00e3o acham que o s\u00e3o! A voz era de minha raz\u00e3o! Vinha de minha consci\u00eancia, me dizendo que o fato de eu n\u00e3o acreditar que Jesus tenha nascido de uma virgem, que depois de morto e sepultado ele ressuscitou e subiu ao c\u00e9u, que pelo fato de n\u00e3o crer na Santa Igreja Cat\u00f3lica, na comunh\u00e3o dos santos, na ressurrei\u00e7\u00e3o da carne ou na vida eterna, que nada disso impede que eu ame meu pr\u00f3ximo como a mim mesmo, que eu seja piedoso, generoso, pac\u00edfico, que eu respeite as pessoas indistintamente&#8230; Que o fato de eu n\u00e3o acreditar nos dogmas dessa religi\u00e3o, me impede de seguir com alegria os ensinamentos de seu profeta!<\/p>\n<p>Meu amado Theo! O fato \u00e9 que em seu batizado, de certa forma, eu me rebatizei. Se n\u00e3o tive padrinho nem madrinha, n\u00e3o importa. Voc\u00ea foi o ve\u00edculo para que eu, de uma vez por todas, entendesse e aceitasse a minha condi\u00e7\u00e3o de seguidor incondicional dos ensinamentos de Jesus, mesmo que n\u00e3o me vincule a nenhuma igreja, de nenhuma denomina\u00e7\u00e3o.<\/p>\n<p>Ao final da cerim\u00f4nia de seu batismo, fui at\u00e9 voc\u00ea que j\u00e1 estava dormindo no colo de seu pai, dei um beijo em sua cabecinha e lhe agradeci.<\/p>\n<p>Depois fui at\u00e9 padre Cl\u00e1udio, o abracei e chorei compulsivamente. N\u00e3o consegui dizer-lhe uma s\u00f3 palavra, mas ele, sens\u00edvel, entendeu e me confortou.<\/p>\n<p>Ao sair da igreja de bra\u00e7o dado com minha m\u00e3e e m\u00e3e Tet\u00e9, aquela voz voltou e me disse: \u201cAproveite todos os momentos que voc\u00ea puder do lado das pessoas que voc\u00ea ama, principalmente de suas m\u00e3es\u201d. Naquele momento eu n\u00e3o chorei, pois sabia que n\u00e3o tinha como lutar contra o tempo.<\/p>\n<p>&nbsp;<\/p>\n<p>PS: N\u00e3o importa que muitas outras pessoas tenham lido esta carta que lhe escrevi, antes de voc\u00ea! O que importa \u00e9 que hoje voc\u00ea a est\u00e1 lendo, e espero que possa entender que mesmo n\u00e3o sendo seu av\u00f4 de verdade, te amo como se fosse e que em seu batizado eu pude definitivamente aceitar minha condi\u00e7\u00e3o de homem de pouca f\u00e9 nas igrejas, mas com muita vontade de seguir os ensinamentos e os exemplos do homem Jesus.<\/p>\n<p>&nbsp;<\/p>\n","protected":false},"excerpt":{"rendered":"<p>Nem imagino quantos anos voc\u00ea ter\u00e1 no momento em que estiver lendo esta carta! S\u00f3 espero que voc\u00ea j\u00e1 tenha [&hellip;]<\/p>\n","protected":false},"author":7,"featured_media":0,"comment_status":"open","ping_status":"open","sticky":false,"template":"","format":"standard","meta":{"site-sidebar-layout":"default","site-content-layout":"","ast-site-content-layout":"default","site-content-style":"default","site-sidebar-style":"default","ast-global-header-display":"","ast-banner-title-visibility":"","ast-main-header-display":"","ast-hfb-above-header-display":"","ast-hfb-below-header-display":"","ast-hfb-mobile-header-display":"","site-post-title":"","ast-breadcrumbs-content":"","ast-featured-img":"","footer-sml-layout":"","ast-disable-related-posts":"","theme-transparent-header-meta":"","adv-header-id-meta":"","stick-header-meta":"","header-above-stick-meta":"","header-main-stick-meta":"","header-below-stick-meta":"","astra-migrate-meta-layouts":"default","ast-page-background-enabled":"default","ast-page-background-meta":{"desktop":{"background-color":"var(--ast-global-color-5)","background-image":"","background-repeat":"repeat","background-position":"center center","background-size":"auto","background-attachment":"scroll","background-type":"","background-media":"","overlay-type":"","overlay-color":"","overlay-opacity":"","overlay-gradient":""},"tablet":{"background-color":"","background-image":"","background-repeat":"repeat","background-position":"center center","background-size":"auto","background-attachment":"scroll","background-type":"","background-media":"","overlay-type":"","overlay-color":"","overlay-opacity":"","overlay-gradient":""},"mobile":{"background-color":"","background-image":"","background-repeat":"repeat","background-position":"center center","background-size":"auto","background-attachment":"scroll","background-type":"","background-media":"","overlay-type":"","overlay-color":"","overlay-opacity":"","overlay-gradient":""}},"ast-content-background-meta":{"desktop":{"background-color":"var(--ast-global-color-4)","background-image":"","background-repeat":"repeat","background-position":"center center","background-size":"auto","background-attachment":"scroll","background-type":"","background-media":"","overlay-type":"","overlay-color":"","overlay-opacity":"","overlay-gradient":""},"tablet":{"background-color":"var(--ast-global-color-4)","background-image":"","background-repeat":"repeat","background-position":"center center","background-size":"auto","background-attachment":"scroll","background-type":"","background-media":"","overlay-type":"","overlay-color":"","overlay-opacity":"","overlay-gradient":""},"mobile":{"background-color":"var(--ast-global-color-4)","background-image":"","background-repeat":"repeat","background-position":"center center","background-size":"auto","background-attachment":"scroll","background-type":"","background-media":"","overlay-type":"","overlay-color":"","overlay-opacity":"","overlay-gradient":""}},"footnotes":""},"categories":[1],"tags":[],"class_list":["post-1889","post","type-post","status-publish","format-standard","hentry","category-sem-categoria"],"yoast_head":"<!-- This site is optimized with the Yoast SEO plugin v26.6 - https:\/\/yoast.com\/wordpress\/plugins\/seo\/ -->\n<title>Carta para Theo - Joaquim Haickel<\/title>\n<meta name=\"robots\" content=\"index, follow, max-snippet:-1, max-image-preview:large, max-video-preview:-1\" \/>\n<link rel=\"canonical\" href=\"https:\/\/www.blogsoestado.com\/joaquimhaickel\/2017\/12\/30\/carta-para-theo\/\" \/>\n<meta property=\"og:locale\" content=\"pt_BR\" \/>\n<meta property=\"og:type\" content=\"article\" \/>\n<meta property=\"og:title\" content=\"Carta para Theo - Joaquim Haickel\" \/>\n<meta property=\"og:description\" content=\"Nem imagino quantos anos voc\u00ea ter\u00e1 no momento em que estiver lendo esta carta! S\u00f3 espero que voc\u00ea j\u00e1 tenha [&hellip;]\" \/>\n<meta property=\"og:url\" content=\"https:\/\/www.blogsoestado.com\/joaquimhaickel\/2017\/12\/30\/carta-para-theo\/\" \/>\n<meta property=\"og:site_name\" content=\"Joaquim Haickel\" \/>\n<meta property=\"article:published_time\" content=\"2017-12-30T05:31:29+00:00\" \/>\n<meta name=\"author\" content=\"Joaquim Haickel\" \/>\n<meta name=\"twitter:card\" content=\"summary_large_image\" \/>\n<meta name=\"twitter:label1\" content=\"Escrito por\" \/>\n\t<meta name=\"twitter:data1\" content=\"Joaquim Haickel\" \/>\n\t<meta name=\"twitter:label2\" content=\"Est. tempo de leitura\" \/>\n\t<meta name=\"twitter:data2\" content=\"4 minutos\" \/>\n<script type=\"application\/ld+json\" class=\"yoast-schema-graph\">{\"@context\":\"https:\/\/schema.org\",\"@graph\":[{\"@type\":\"WebPage\",\"@id\":\"https:\/\/www.blogsoestado.com\/joaquimhaickel\/2017\/12\/30\/carta-para-theo\/\",\"url\":\"https:\/\/www.blogsoestado.com\/joaquimhaickel\/2017\/12\/30\/carta-para-theo\/\",\"name\":\"Carta para Theo - Joaquim Haickel\",\"isPartOf\":{\"@id\":\"https:\/\/www.blogsoestado.com\/joaquimhaickel\/#website\"},\"datePublished\":\"2017-12-30T05:31:29+00:00\",\"author\":{\"@id\":\"https:\/\/www.blogsoestado.com\/joaquimhaickel\/#\/schema\/person\/4a711644aff28245c6c2c3452d66d325\"},\"breadcrumb\":{\"@id\":\"https:\/\/www.blogsoestado.com\/joaquimhaickel\/2017\/12\/30\/carta-para-theo\/#breadcrumb\"},\"inLanguage\":\"pt-BR\",\"potentialAction\":[{\"@type\":\"ReadAction\",\"target\":[\"https:\/\/www.blogsoestado.com\/joaquimhaickel\/2017\/12\/30\/carta-para-theo\/\"]}]},{\"@type\":\"BreadcrumbList\",\"@id\":\"https:\/\/www.blogsoestado.com\/joaquimhaickel\/2017\/12\/30\/carta-para-theo\/#breadcrumb\",\"itemListElement\":[{\"@type\":\"ListItem\",\"position\":1,\"name\":\"In\u00edcio\",\"item\":\"https:\/\/www.blogsoestado.com\/joaquimhaickel\/\"},{\"@type\":\"ListItem\",\"position\":2,\"name\":\"Carta para Theo\"}]},{\"@type\":\"WebSite\",\"@id\":\"https:\/\/www.blogsoestado.com\/joaquimhaickel\/#website\",\"url\":\"https:\/\/www.blogsoestado.com\/joaquimhaickel\/\",\"name\":\"Joaquim Haickel\",\"description\":\"\",\"potentialAction\":[{\"@type\":\"SearchAction\",\"target\":{\"@type\":\"EntryPoint\",\"urlTemplate\":\"https:\/\/www.blogsoestado.com\/joaquimhaickel\/?s={search_term_string}\"},\"query-input\":{\"@type\":\"PropertyValueSpecification\",\"valueRequired\":true,\"valueName\":\"search_term_string\"}}],\"inLanguage\":\"pt-BR\"},{\"@type\":\"Person\",\"@id\":\"https:\/\/www.blogsoestado.com\/joaquimhaickel\/#\/schema\/person\/4a711644aff28245c6c2c3452d66d325\",\"name\":\"Joaquim Haickel\",\"image\":{\"@type\":\"ImageObject\",\"inLanguage\":\"pt-BR\",\"@id\":\"https:\/\/www.blogsoestado.com\/joaquimhaickel\/#\/schema\/person\/image\/\",\"url\":\"https:\/\/secure.gravatar.com\/avatar\/473d89339b9f8ec089adb8d5778363eb5a2ba2319956bcf0298bfd8cca04684a?s=96&d=mm&r=g\",\"contentUrl\":\"https:\/\/secure.gravatar.com\/avatar\/473d89339b9f8ec089adb8d5778363eb5a2ba2319956bcf0298bfd8cca04684a?s=96&d=mm&r=g\",\"caption\":\"Joaquim Haickel\"},\"url\":\"https:\/\/www.blogsoestado.com\/joaquimhaickel\/author\/joaquimhaickel\/\"}]}<\/script>\n<!-- \/ Yoast SEO plugin. -->","yoast_head_json":{"title":"Carta para Theo - Joaquim Haickel","robots":{"index":"index","follow":"follow","max-snippet":"max-snippet:-1","max-image-preview":"max-image-preview:large","max-video-preview":"max-video-preview:-1"},"canonical":"https:\/\/www.blogsoestado.com\/joaquimhaickel\/2017\/12\/30\/carta-para-theo\/","og_locale":"pt_BR","og_type":"article","og_title":"Carta para Theo - Joaquim Haickel","og_description":"Nem imagino quantos anos voc\u00ea ter\u00e1 no momento em que estiver lendo esta carta! S\u00f3 espero que voc\u00ea j\u00e1 tenha [&hellip;]","og_url":"https:\/\/www.blogsoestado.com\/joaquimhaickel\/2017\/12\/30\/carta-para-theo\/","og_site_name":"Joaquim Haickel","article_published_time":"2017-12-30T05:31:29+00:00","author":"Joaquim Haickel","twitter_card":"summary_large_image","twitter_misc":{"Escrito por":"Joaquim Haickel","Est. tempo de leitura":"4 minutos"},"schema":{"@context":"https:\/\/schema.org","@graph":[{"@type":"WebPage","@id":"https:\/\/www.blogsoestado.com\/joaquimhaickel\/2017\/12\/30\/carta-para-theo\/","url":"https:\/\/www.blogsoestado.com\/joaquimhaickel\/2017\/12\/30\/carta-para-theo\/","name":"Carta para Theo - Joaquim Haickel","isPartOf":{"@id":"https:\/\/www.blogsoestado.com\/joaquimhaickel\/#website"},"datePublished":"2017-12-30T05:31:29+00:00","author":{"@id":"https:\/\/www.blogsoestado.com\/joaquimhaickel\/#\/schema\/person\/4a711644aff28245c6c2c3452d66d325"},"breadcrumb":{"@id":"https:\/\/www.blogsoestado.com\/joaquimhaickel\/2017\/12\/30\/carta-para-theo\/#breadcrumb"},"inLanguage":"pt-BR","potentialAction":[{"@type":"ReadAction","target":["https:\/\/www.blogsoestado.com\/joaquimhaickel\/2017\/12\/30\/carta-para-theo\/"]}]},{"@type":"BreadcrumbList","@id":"https:\/\/www.blogsoestado.com\/joaquimhaickel\/2017\/12\/30\/carta-para-theo\/#breadcrumb","itemListElement":[{"@type":"ListItem","position":1,"name":"In\u00edcio","item":"https:\/\/www.blogsoestado.com\/joaquimhaickel\/"},{"@type":"ListItem","position":2,"name":"Carta para Theo"}]},{"@type":"WebSite","@id":"https:\/\/www.blogsoestado.com\/joaquimhaickel\/#website","url":"https:\/\/www.blogsoestado.com\/joaquimhaickel\/","name":"Joaquim Haickel","description":"","potentialAction":[{"@type":"SearchAction","target":{"@type":"EntryPoint","urlTemplate":"https:\/\/www.blogsoestado.com\/joaquimhaickel\/?s={search_term_string}"},"query-input":{"@type":"PropertyValueSpecification","valueRequired":true,"valueName":"search_term_string"}}],"inLanguage":"pt-BR"},{"@type":"Person","@id":"https:\/\/www.blogsoestado.com\/joaquimhaickel\/#\/schema\/person\/4a711644aff28245c6c2c3452d66d325","name":"Joaquim Haickel","image":{"@type":"ImageObject","inLanguage":"pt-BR","@id":"https:\/\/www.blogsoestado.com\/joaquimhaickel\/#\/schema\/person\/image\/","url":"https:\/\/secure.gravatar.com\/avatar\/473d89339b9f8ec089adb8d5778363eb5a2ba2319956bcf0298bfd8cca04684a?s=96&d=mm&r=g","contentUrl":"https:\/\/secure.gravatar.com\/avatar\/473d89339b9f8ec089adb8d5778363eb5a2ba2319956bcf0298bfd8cca04684a?s=96&d=mm&r=g","caption":"Joaquim Haickel"},"url":"https:\/\/www.blogsoestado.com\/joaquimhaickel\/author\/joaquimhaickel\/"}]}},"jetpack_featured_media_url":"","_links":{"self":[{"href":"https:\/\/www.blogsoestado.com\/joaquimhaickel\/wp-json\/wp\/v2\/posts\/1889","targetHints":{"allow":["GET"]}}],"collection":[{"href":"https:\/\/www.blogsoestado.com\/joaquimhaickel\/wp-json\/wp\/v2\/posts"}],"about":[{"href":"https:\/\/www.blogsoestado.com\/joaquimhaickel\/wp-json\/wp\/v2\/types\/post"}],"author":[{"embeddable":true,"href":"https:\/\/www.blogsoestado.com\/joaquimhaickel\/wp-json\/wp\/v2\/users\/7"}],"replies":[{"embeddable":true,"href":"https:\/\/www.blogsoestado.com\/joaquimhaickel\/wp-json\/wp\/v2\/comments?post=1889"}],"version-history":[{"count":0,"href":"https:\/\/www.blogsoestado.com\/joaquimhaickel\/wp-json\/wp\/v2\/posts\/1889\/revisions"}],"wp:attachment":[{"href":"https:\/\/www.blogsoestado.com\/joaquimhaickel\/wp-json\/wp\/v2\/media?parent=1889"}],"wp:term":[{"taxonomy":"category","embeddable":true,"href":"https:\/\/www.blogsoestado.com\/joaquimhaickel\/wp-json\/wp\/v2\/categories?post=1889"},{"taxonomy":"post_tag","embeddable":true,"href":"https:\/\/www.blogsoestado.com\/joaquimhaickel\/wp-json\/wp\/v2\/tags?post=1889"}],"curies":[{"name":"wp","href":"https:\/\/api.w.org\/{rel}","templated":true}]}}