{"id":1918,"date":"2018-02-24T18:46:06","date_gmt":"2018-02-24T21:46:06","guid":{"rendered":"https:\/\/www.blogsoestado.com\/joaquimhaickel\/?p=1918"},"modified":"2018-02-24T18:46:06","modified_gmt":"2018-02-24T21:46:06","slug":"com-a-palavra-roberto-rocha-e-o-psdb","status":"publish","type":"post","link":"https:\/\/www.blogsoestado.com\/joaquimhaickel\/2018\/02\/24\/com-a-palavra-roberto-rocha-e-o-psdb\/","title":{"rendered":"Com a Palavra, Roberto Rocha e o PSDB!"},"content":{"rendered":"<p><a href=\"https:\/\/www.blogsoestado.com\/joaquimhaickel\/wp-content\/uploads\/sites\/6\/2018\/02\/2-1.jpg\"><img fetchpriority=\"high\" decoding=\"async\" class=\"alignnone size-full wp-image-1919\" src=\"https:\/\/www.blogsoestado.com\/joaquimhaickel\/wp-content\/uploads\/sites\/6\/2018\/02\/2-1.jpg\" alt=\"\" width=\"249\" height=\"203\" \/><\/a><\/p>\n<p>Iria publicar o texto abaixo no pr\u00f3ximo s\u00e1bado, 3 de mar\u00e7o, em minha coluna semanal de O Estado do Maranh\u00e3o, mas por saber que o assunto nele abordado tem compromisso com o momento atual, resolvi antecipar sua publica\u00e7\u00e3o e post\u00e1-lo hoje mesmo, em minhas redes sociais, meu Blog, Twitter e Facebook, mesmo que n\u00e3o costume publicar este tipo de material neste \u00faltimo.<\/p>\n<p>Sirvo-me destas mal tra\u00e7adas linhas para expor meu pensamento sobre o momento pol\u00edtico maranhense, sobre aquilo que acredito possa vir a ser o melhor caminho para pessoas bem intencionadas que querem o melhor para nosso estado e para nossa gente, no momento em que muitos de n\u00f3s estamos descrentes da possibilidade de dias melhores.<\/p>\n<p>O PSDB \u00e9 o coringa desta elei\u00e7\u00e3o e ele est\u00e1 sob o comando do Senador Roberto Rocha que al\u00e9m de direito, tem legitimidade e plenas condi\u00e7\u00f5es de almejar o intento de vir a ser candidato a governador.<\/p>\n<p>Roberto milita na pol\u00edtica h\u00e1 bastante tempo, j\u00e1 foi deputado estadual e deputado federal in\u00fameras vezes, sempre tendo grandes atua\u00e7\u00f5es no desenvolver de suas fun\u00e7\u00f5es. Em 2006 sagrou-se o deputado federal mais votado do Maranh\u00e3o gra\u00e7as ao excelente trabalho que desenvolveu no Congresso Nacional em defesa de nosso estado.<\/p>\n<p>\u00c9 bem verdade que a vantagem de quem est\u00e1 encastelado no Pal\u00e1cio dos Le\u00f5es \u00e9 imensa! Basta que vejamos a elei\u00e7\u00e3o de Roseana em 1998 e a de Jackson em 2006! Isso faz com que a possibilidade de Fl\u00e1vio Dino ser derrotado no primeiro turno \u00e9 nula. S\u00f3 \u00e9 poss\u00edvel venc\u00ea-lo em um eventual segundo turno e este n\u00e3o existir\u00e1 se n\u00e3o houverem candidatos que juntos possam angariar mais de 50% dos votos v\u00e1lidos no primeiro turno. Parece ser f\u00e1cil, mas n\u00e3o \u00e9, n\u00e3o.<\/p>\n<p>Em meu ponto de vista, Fl\u00e1vio Dino ter\u00e1 garantidamente, um percentual em torno de no m\u00ednimo 45% dos votos. O fato \u00e9 que ele n\u00e3o ter\u00e1 50%, desde que o PMDB tenha como sua candidata Roseana Sarney e que o PSDB tenha um candidato que possa ter pelo menos 20% da prefer\u00eancia do eleitor.<\/p>\n<p>Acredito que Roseana, se realmente for candidata, dever\u00e1 atingir o patamar de 25% dos eleitores, o que deixar\u00e1 10% do eleitorado para ser disputado por Maura, Ricardo e os candidatos da extrema esquerda.<\/p>\n<p>Veja, deixei propositalmente de fora os nomes de Roberto Rocha e de Eduardo Braide, como poss\u00edveis candidatos a governador, porque \u00e9 bem aqui que acredito, pode estar a solu\u00e7\u00e3o para a elei\u00e7\u00e3o de 2018 no Maranh\u00e3o.<\/p>\n<p>Imaginem o PSDB tendo como candidato a governador o jovem deputado Eduardo Braide, com chances reais de suplantar aquela marca de 20% estabelecida anteriormente para este partido nas pr\u00f3ximas elei\u00e7\u00f5es. Quem sabe at\u00e9 superando os 25% do PMDB de Roseana e consequentemente indo para o segundo turno contra um Fl\u00e1vio Dino desmoralizado e enfraquecido!&#8230;<\/p>\n<p>Imaginem todas as for\u00e7as pol\u00edticas de oposi\u00e7\u00e3o ao atual governo, somadas a alguns que certamente debandar\u00e3o do covil comunista quando sentirem a derrota se aproximar!&#8230;<\/p>\n<p>\u00c9 neste momento que o t\u00edtulo deste artigo se justifica! Somente Roberto Rocha e seu PSDB, tem a possibilidade de nos oferecer um futuro melhor!<\/p>\n<p>Se Braide e\/ou Roseana n\u00e3o forem candidatos a governador, Fl\u00e1vio vencer\u00e1 a elei\u00e7\u00e3o no primeiro turno e seu segundo mandato ser\u00e1 ainda mais cheio de persegui\u00e7\u00e3o que o primeiro!<\/p>\n<p>H\u00e1 tamb\u00e9m a possibilidade de chamar o DEM para uma coliga\u00e7\u00e3o trazendo a candidatura de Z\u00e9 Reinaldo ao Senado. Caso o DEM n\u00e3o queira juntar-se a este projeto, que v\u00e1 apenas o candidato, que assim ter\u00e1 reais chances de elei\u00e7\u00e3o, eliminando a possibilidade de Fl\u00e1vio Dino eleger algum senador nestas elei\u00e7\u00f5es.<\/p>\n<p>Este \u00e9 um momento muito delicado, onde um pol\u00edtico tem que pensar na melhor forma de subir de patamar e passar a ser reconhecido por todos como um verdadeiro l\u00edder. \u00c9 disso que o Maranh\u00e3o precisa! Algu\u00e9m capaz de abrir m\u00e3o de um projeto pessoal em nome de um projeto coletivo. L\u00edder \u00e9 hoje um artigo de luxo que est\u00e1 em falta no mercado.<\/p>\n<p>As a\u00e7\u00f5es aqui propostas por mim devem ser implementadas por um grupo maior que possa ter objetivos comuns, entre eles o de vencer a elei\u00e7\u00e3o de governador em 2018, e em minha modesta opini\u00e3o, Roberto Rocha \u00e9 uma das tr\u00eas pe\u00e7as fundamentais neste tabuleiro de xadrez pol\u00edtico, sendo o \u00fanico que tem algo palp\u00e1vel para oferecer: O partido que dever\u00e1 eleger o pr\u00f3ximo presidente da republica.<\/p>\n<p>&nbsp;<\/p>\n<p>PS: Apenas para motivar ainda mais as especula\u00e7\u00f5es, imagine que para a vaga de vice-governador e as duas vagas de suplente de senador, possam ser escolhidos, Lu\u00eds Rocha Neto, Ribamar Cunha Filho e Hilton Gon\u00e7alo! (A cita\u00e7\u00e3o dos nomes n\u00e3o guardam necessariamente respectividade com a ordem dos cargos citados).<\/p>\n","protected":false},"excerpt":{"rendered":"<p>Iria publicar o texto abaixo no pr\u00f3ximo s\u00e1bado, 3 de mar\u00e7o, em minha coluna semanal de O Estado do Maranh\u00e3o, [&hellip;]<\/p>\n","protected":false},"author":7,"featured_media":0,"comment_status":"open","ping_status":"open","sticky":false,"template":"","format":"standard","meta":{"site-sidebar-layout":"default","site-content-layout":"","ast-site-content-layout":"default","site-content-style":"default","site-sidebar-style":"default","ast-global-header-display":"","ast-banner-title-visibility":"","ast-main-header-display":"","ast-hfb-above-header-display":"","ast-hfb-below-header-display":"","ast-hfb-mobile-header-display":"","site-post-title":"","ast-breadcrumbs-content":"","ast-featured-img":"","footer-sml-layout":"","ast-disable-related-posts":"","theme-transparent-header-meta":"","adv-header-id-meta":"","stick-header-meta":"","header-above-stick-meta":"","header-main-stick-meta":"","header-below-stick-meta":"","astra-migrate-meta-layouts":"default","ast-page-background-enabled":"default","ast-page-background-meta":{"desktop":{"background-color":"var(--ast-global-color-5)","background-image":"","background-repeat":"repeat","background-position":"center center","background-size":"auto","background-attachment":"scroll","background-type":"","background-media":"","overlay-type":"","overlay-color":"","overlay-opacity":"","overlay-gradient":""},"tablet":{"background-color":"","background-image":"","background-repeat":"repeat","background-position":"center center","background-size":"auto","background-attachment":"scroll","background-type":"","background-media":"","overlay-type":"","overlay-color":"","overlay-opacity":"","overlay-gradient":""},"mobile":{"background-color":"","background-image":"","background-repeat":"repeat","background-position":"center center","background-size":"auto","background-attachment":"scroll","background-type":"","background-media":"","overlay-type":"","overlay-color":"","overlay-opacity":"","overlay-gradient":""}},"ast-content-background-meta":{"desktop":{"background-color":"var(--ast-global-color-4)","background-image":"","background-repeat":"repeat","background-position":"center center","background-size":"auto","background-attachment":"scroll","background-type":"","background-media":"","overlay-type":"","overlay-color":"","overlay-opacity":"","overlay-gradient":""},"tablet":{"background-color":"var(--ast-global-color-4)","background-image":"","background-repeat":"repeat","background-position":"center center","background-size":"auto","background-attachment":"scroll","background-type":"","background-media":"","overlay-type":"","overlay-color":"","overlay-opacity":"","overlay-gradient":""},"mobile":{"background-color":"var(--ast-global-color-4)","background-image":"","background-repeat":"repeat","background-position":"center center","background-size":"auto","background-attachment":"scroll","background-type":"","background-media":"","overlay-type":"","overlay-color":"","overlay-opacity":"","overlay-gradient":""}},"footnotes":""},"categories":[1],"tags":[],"class_list":["post-1918","post","type-post","status-publish","format-standard","hentry","category-sem-categoria"],"yoast_head":"<!-- This site is optimized with the Yoast SEO plugin v26.6 - https:\/\/yoast.com\/wordpress\/plugins\/seo\/ -->\n<title>Com a Palavra, Roberto Rocha e o PSDB! - Joaquim Haickel<\/title>\n<meta name=\"robots\" content=\"index, follow, max-snippet:-1, max-image-preview:large, max-video-preview:-1\" \/>\n<link rel=\"canonical\" href=\"https:\/\/www.blogsoestado.com\/joaquimhaickel\/2018\/02\/24\/com-a-palavra-roberto-rocha-e-o-psdb\/\" \/>\n<meta property=\"og:locale\" content=\"pt_BR\" \/>\n<meta property=\"og:type\" content=\"article\" \/>\n<meta property=\"og:title\" content=\"Com a Palavra, Roberto Rocha e o PSDB! - Joaquim Haickel\" \/>\n<meta property=\"og:description\" content=\"Iria publicar o texto abaixo no pr\u00f3ximo s\u00e1bado, 3 de mar\u00e7o, em minha coluna semanal de O Estado do Maranh\u00e3o, [&hellip;]\" \/>\n<meta property=\"og:url\" content=\"https:\/\/www.blogsoestado.com\/joaquimhaickel\/2018\/02\/24\/com-a-palavra-roberto-rocha-e-o-psdb\/\" \/>\n<meta property=\"og:site_name\" content=\"Joaquim Haickel\" \/>\n<meta property=\"article:published_time\" content=\"2018-02-24T21:46:06+00:00\" \/>\n<meta property=\"og:image\" content=\"https:\/\/www.blogsoestado.com\/joaquimhaickel\/wp-content\/uploads\/sites\/6\/2018\/02\/2-1.jpg\" \/>\n<meta name=\"author\" content=\"Joaquim Haickel\" \/>\n<meta name=\"twitter:card\" content=\"summary_large_image\" \/>\n<meta name=\"twitter:label1\" content=\"Escrito por\" \/>\n\t<meta name=\"twitter:data1\" content=\"Joaquim Haickel\" \/>\n\t<meta name=\"twitter:label2\" content=\"Est. tempo de leitura\" \/>\n\t<meta name=\"twitter:data2\" content=\"4 minutos\" \/>\n<script type=\"application\/ld+json\" class=\"yoast-schema-graph\">{\"@context\":\"https:\/\/schema.org\",\"@graph\":[{\"@type\":\"WebPage\",\"@id\":\"https:\/\/www.blogsoestado.com\/joaquimhaickel\/2018\/02\/24\/com-a-palavra-roberto-rocha-e-o-psdb\/\",\"url\":\"https:\/\/www.blogsoestado.com\/joaquimhaickel\/2018\/02\/24\/com-a-palavra-roberto-rocha-e-o-psdb\/\",\"name\":\"Com a Palavra, Roberto Rocha e o PSDB! - Joaquim Haickel\",\"isPartOf\":{\"@id\":\"https:\/\/www.blogsoestado.com\/joaquimhaickel\/#website\"},\"primaryImageOfPage\":{\"@id\":\"https:\/\/www.blogsoestado.com\/joaquimhaickel\/2018\/02\/24\/com-a-palavra-roberto-rocha-e-o-psdb\/#primaryimage\"},\"image\":{\"@id\":\"https:\/\/www.blogsoestado.com\/joaquimhaickel\/2018\/02\/24\/com-a-palavra-roberto-rocha-e-o-psdb\/#primaryimage\"},\"thumbnailUrl\":\"https:\/\/www.blogsoestado.com\/joaquimhaickel\/wp-content\/uploads\/sites\/6\/2018\/02\/2-1.jpg\",\"datePublished\":\"2018-02-24T21:46:06+00:00\",\"author\":{\"@id\":\"https:\/\/www.blogsoestado.com\/joaquimhaickel\/#\/schema\/person\/4a711644aff28245c6c2c3452d66d325\"},\"breadcrumb\":{\"@id\":\"https:\/\/www.blogsoestado.com\/joaquimhaickel\/2018\/02\/24\/com-a-palavra-roberto-rocha-e-o-psdb\/#breadcrumb\"},\"inLanguage\":\"pt-BR\",\"potentialAction\":[{\"@type\":\"ReadAction\",\"target\":[\"https:\/\/www.blogsoestado.com\/joaquimhaickel\/2018\/02\/24\/com-a-palavra-roberto-rocha-e-o-psdb\/\"]}]},{\"@type\":\"ImageObject\",\"inLanguage\":\"pt-BR\",\"@id\":\"https:\/\/www.blogsoestado.com\/joaquimhaickel\/2018\/02\/24\/com-a-palavra-roberto-rocha-e-o-psdb\/#primaryimage\",\"url\":\"https:\/\/www.blogsoestado.com\/joaquimhaickel\/wp-content\/uploads\/sites\/6\/2018\/02\/2-1.jpg\",\"contentUrl\":\"https:\/\/www.blogsoestado.com\/joaquimhaickel\/wp-content\/uploads\/sites\/6\/2018\/02\/2-1.jpg\",\"width\":249,\"height\":203},{\"@type\":\"BreadcrumbList\",\"@id\":\"https:\/\/www.blogsoestado.com\/joaquimhaickel\/2018\/02\/24\/com-a-palavra-roberto-rocha-e-o-psdb\/#breadcrumb\",\"itemListElement\":[{\"@type\":\"ListItem\",\"position\":1,\"name\":\"In\u00edcio\",\"item\":\"https:\/\/www.blogsoestado.com\/joaquimhaickel\/\"},{\"@type\":\"ListItem\",\"position\":2,\"name\":\"Com a Palavra, Roberto Rocha e o PSDB!\"}]},{\"@type\":\"WebSite\",\"@id\":\"https:\/\/www.blogsoestado.com\/joaquimhaickel\/#website\",\"url\":\"https:\/\/www.blogsoestado.com\/joaquimhaickel\/\",\"name\":\"Joaquim Haickel\",\"description\":\"\",\"potentialAction\":[{\"@type\":\"SearchAction\",\"target\":{\"@type\":\"EntryPoint\",\"urlTemplate\":\"https:\/\/www.blogsoestado.com\/joaquimhaickel\/?s={search_term_string}\"},\"query-input\":{\"@type\":\"PropertyValueSpecification\",\"valueRequired\":true,\"valueName\":\"search_term_string\"}}],\"inLanguage\":\"pt-BR\"},{\"@type\":\"Person\",\"@id\":\"https:\/\/www.blogsoestado.com\/joaquimhaickel\/#\/schema\/person\/4a711644aff28245c6c2c3452d66d325\",\"name\":\"Joaquim Haickel\",\"image\":{\"@type\":\"ImageObject\",\"inLanguage\":\"pt-BR\",\"@id\":\"https:\/\/www.blogsoestado.com\/joaquimhaickel\/#\/schema\/person\/image\/\",\"url\":\"https:\/\/secure.gravatar.com\/avatar\/473d89339b9f8ec089adb8d5778363eb5a2ba2319956bcf0298bfd8cca04684a?s=96&d=mm&r=g\",\"contentUrl\":\"https:\/\/secure.gravatar.com\/avatar\/473d89339b9f8ec089adb8d5778363eb5a2ba2319956bcf0298bfd8cca04684a?s=96&d=mm&r=g\",\"caption\":\"Joaquim Haickel\"},\"url\":\"https:\/\/www.blogsoestado.com\/joaquimhaickel\/author\/joaquimhaickel\/\"}]}<\/script>\n<!-- \/ Yoast SEO plugin. -->","yoast_head_json":{"title":"Com a Palavra, Roberto Rocha e o PSDB! - Joaquim Haickel","robots":{"index":"index","follow":"follow","max-snippet":"max-snippet:-1","max-image-preview":"max-image-preview:large","max-video-preview":"max-video-preview:-1"},"canonical":"https:\/\/www.blogsoestado.com\/joaquimhaickel\/2018\/02\/24\/com-a-palavra-roberto-rocha-e-o-psdb\/","og_locale":"pt_BR","og_type":"article","og_title":"Com a Palavra, Roberto Rocha e o PSDB! - Joaquim Haickel","og_description":"Iria publicar o texto abaixo no pr\u00f3ximo s\u00e1bado, 3 de mar\u00e7o, em minha coluna semanal de O Estado do Maranh\u00e3o, [&hellip;]","og_url":"https:\/\/www.blogsoestado.com\/joaquimhaickel\/2018\/02\/24\/com-a-palavra-roberto-rocha-e-o-psdb\/","og_site_name":"Joaquim Haickel","article_published_time":"2018-02-24T21:46:06+00:00","og_image":[{"url":"https:\/\/www.blogsoestado.com\/joaquimhaickel\/wp-content\/uploads\/sites\/6\/2018\/02\/2-1.jpg","type":"","width":"","height":""}],"author":"Joaquim Haickel","twitter_card":"summary_large_image","twitter_misc":{"Escrito por":"Joaquim Haickel","Est. tempo de leitura":"4 minutos"},"schema":{"@context":"https:\/\/schema.org","@graph":[{"@type":"WebPage","@id":"https:\/\/www.blogsoestado.com\/joaquimhaickel\/2018\/02\/24\/com-a-palavra-roberto-rocha-e-o-psdb\/","url":"https:\/\/www.blogsoestado.com\/joaquimhaickel\/2018\/02\/24\/com-a-palavra-roberto-rocha-e-o-psdb\/","name":"Com a Palavra, Roberto Rocha e o PSDB! - Joaquim Haickel","isPartOf":{"@id":"https:\/\/www.blogsoestado.com\/joaquimhaickel\/#website"},"primaryImageOfPage":{"@id":"https:\/\/www.blogsoestado.com\/joaquimhaickel\/2018\/02\/24\/com-a-palavra-roberto-rocha-e-o-psdb\/#primaryimage"},"image":{"@id":"https:\/\/www.blogsoestado.com\/joaquimhaickel\/2018\/02\/24\/com-a-palavra-roberto-rocha-e-o-psdb\/#primaryimage"},"thumbnailUrl":"https:\/\/www.blogsoestado.com\/joaquimhaickel\/wp-content\/uploads\/sites\/6\/2018\/02\/2-1.jpg","datePublished":"2018-02-24T21:46:06+00:00","author":{"@id":"https:\/\/www.blogsoestado.com\/joaquimhaickel\/#\/schema\/person\/4a711644aff28245c6c2c3452d66d325"},"breadcrumb":{"@id":"https:\/\/www.blogsoestado.com\/joaquimhaickel\/2018\/02\/24\/com-a-palavra-roberto-rocha-e-o-psdb\/#breadcrumb"},"inLanguage":"pt-BR","potentialAction":[{"@type":"ReadAction","target":["https:\/\/www.blogsoestado.com\/joaquimhaickel\/2018\/02\/24\/com-a-palavra-roberto-rocha-e-o-psdb\/"]}]},{"@type":"ImageObject","inLanguage":"pt-BR","@id":"https:\/\/www.blogsoestado.com\/joaquimhaickel\/2018\/02\/24\/com-a-palavra-roberto-rocha-e-o-psdb\/#primaryimage","url":"https:\/\/www.blogsoestado.com\/joaquimhaickel\/wp-content\/uploads\/sites\/6\/2018\/02\/2-1.jpg","contentUrl":"https:\/\/www.blogsoestado.com\/joaquimhaickel\/wp-content\/uploads\/sites\/6\/2018\/02\/2-1.jpg","width":249,"height":203},{"@type":"BreadcrumbList","@id":"https:\/\/www.blogsoestado.com\/joaquimhaickel\/2018\/02\/24\/com-a-palavra-roberto-rocha-e-o-psdb\/#breadcrumb","itemListElement":[{"@type":"ListItem","position":1,"name":"In\u00edcio","item":"https:\/\/www.blogsoestado.com\/joaquimhaickel\/"},{"@type":"ListItem","position":2,"name":"Com a Palavra, Roberto Rocha e o PSDB!"}]},{"@type":"WebSite","@id":"https:\/\/www.blogsoestado.com\/joaquimhaickel\/#website","url":"https:\/\/www.blogsoestado.com\/joaquimhaickel\/","name":"Joaquim Haickel","description":"","potentialAction":[{"@type":"SearchAction","target":{"@type":"EntryPoint","urlTemplate":"https:\/\/www.blogsoestado.com\/joaquimhaickel\/?s={search_term_string}"},"query-input":{"@type":"PropertyValueSpecification","valueRequired":true,"valueName":"search_term_string"}}],"inLanguage":"pt-BR"},{"@type":"Person","@id":"https:\/\/www.blogsoestado.com\/joaquimhaickel\/#\/schema\/person\/4a711644aff28245c6c2c3452d66d325","name":"Joaquim Haickel","image":{"@type":"ImageObject","inLanguage":"pt-BR","@id":"https:\/\/www.blogsoestado.com\/joaquimhaickel\/#\/schema\/person\/image\/","url":"https:\/\/secure.gravatar.com\/avatar\/473d89339b9f8ec089adb8d5778363eb5a2ba2319956bcf0298bfd8cca04684a?s=96&d=mm&r=g","contentUrl":"https:\/\/secure.gravatar.com\/avatar\/473d89339b9f8ec089adb8d5778363eb5a2ba2319956bcf0298bfd8cca04684a?s=96&d=mm&r=g","caption":"Joaquim Haickel"},"url":"https:\/\/www.blogsoestado.com\/joaquimhaickel\/author\/joaquimhaickel\/"}]}},"jetpack_featured_media_url":"","_links":{"self":[{"href":"https:\/\/www.blogsoestado.com\/joaquimhaickel\/wp-json\/wp\/v2\/posts\/1918","targetHints":{"allow":["GET"]}}],"collection":[{"href":"https:\/\/www.blogsoestado.com\/joaquimhaickel\/wp-json\/wp\/v2\/posts"}],"about":[{"href":"https:\/\/www.blogsoestado.com\/joaquimhaickel\/wp-json\/wp\/v2\/types\/post"}],"author":[{"embeddable":true,"href":"https:\/\/www.blogsoestado.com\/joaquimhaickel\/wp-json\/wp\/v2\/users\/7"}],"replies":[{"embeddable":true,"href":"https:\/\/www.blogsoestado.com\/joaquimhaickel\/wp-json\/wp\/v2\/comments?post=1918"}],"version-history":[{"count":0,"href":"https:\/\/www.blogsoestado.com\/joaquimhaickel\/wp-json\/wp\/v2\/posts\/1918\/revisions"}],"wp:attachment":[{"href":"https:\/\/www.blogsoestado.com\/joaquimhaickel\/wp-json\/wp\/v2\/media?parent=1918"}],"wp:term":[{"taxonomy":"category","embeddable":true,"href":"https:\/\/www.blogsoestado.com\/joaquimhaickel\/wp-json\/wp\/v2\/categories?post=1918"},{"taxonomy":"post_tag","embeddable":true,"href":"https:\/\/www.blogsoestado.com\/joaquimhaickel\/wp-json\/wp\/v2\/tags?post=1918"}],"curies":[{"name":"wp","href":"https:\/\/api.w.org\/{rel}","templated":true}]}}