{"id":1933,"date":"2018-03-10T07:00:25","date_gmt":"2018-03-10T10:00:25","guid":{"rendered":"https:\/\/www.blogsoestado.com\/joaquimhaickel\/?p=1933"},"modified":"2018-03-10T07:00:25","modified_gmt":"2018-03-10T10:00:25","slug":"caduco-mas-ja-foi-importante","status":"publish","type":"post","link":"https:\/\/www.blogsoestado.com\/joaquimhaickel\/2018\/03\/10\/caduco-mas-ja-foi-importante\/","title":{"rendered":"Caduco, mas j\u00e1 foi importante!"},"content":{"rendered":"<p><a href=\"https:\/\/www.blogsoestado.com\/joaquimhaickel\/wp-content\/uploads\/sites\/6\/2018\/03\/8-1.jpg\"><img fetchpriority=\"high\" decoding=\"async\" class=\"alignnone size-full wp-image-1938\" src=\"https:\/\/www.blogsoestado.com\/joaquimhaickel\/wp-content\/uploads\/sites\/6\/2018\/03\/8-1.jpg\" alt=\"\" width=\"275\" height=\"183\" \/><\/a><\/p>\n<p>H\u00e1 170 anos, no dia 21 de fevereiro de 1848, era publicado pela primeira vez, o\u00a0\u201cManifesto do Partido Comunista\u201d, documento que expressa os prop\u00f3sitos da ent\u00e3o Liga dos Trabalhadores, escrito pelos te\u00f3ricos fundadores do socialismo cient\u00edfico, Karl Marx e Friedrich Engels.<\/p>\n<p>O documento, escrito em meio ao conturbado processo de lutas urbanas que ficou conhecido como \u201cAs Revolu\u00e7\u00f5es de 1848\u201d, tamb\u00e9m conhecida como \u201cPrimavera dos Povos\u201d, processo revolucion\u00e1rio de quase um ano que atingiu os principais pa\u00edses europeus e tinha como foco principal fazer uma an\u00e1lise cr\u00edtica profunda sobre a Revolu\u00e7\u00e3o Industrial, que estava em seu apogeu naquele momento. Duas das maiores reivindica\u00e7\u00f5es contidas naquele documento eram as reformas sociais e trabalhistas e o voto universal, mesmo que naquele momento, apenas para os homens.<\/p>\n<p>Os principais pontos do manifesto eram: aboli\u00e7\u00e3o da propriedade da terra e a proibi\u00e7\u00e3o de arrendamento; tributa\u00e7\u00e3o progressiva; extin\u00e7\u00e3o dos direitos sobre a heran\u00e7a; centraliza\u00e7\u00e3o do cr\u00e9dito pelo atacado nas m\u00e3os do Estado em apoio \u00e0 cooperativas de microcr\u00e9dito; estatiza\u00e7\u00e3o total das empresas de transporte e comunica\u00e7\u00e3o; estatiza\u00e7\u00e3o dos meios de produ\u00e7\u00e3o, da agricultura e das f\u00e1bricas; a igualdade entre todas as formas de trabalho al\u00e9m da cria\u00e7\u00e3o de um corpo de funcion\u00e1rios p\u00fablicos voltados para a agricultura; integra\u00e7\u00e3o completa entre campo e cidade; educa\u00e7\u00e3o infantil universal em escolas p\u00fablicas; proibi\u00e7\u00e3o do trabalho infantil; e integra\u00e7\u00e3o\u00a0entre mundo fabril e mundo escolar.<\/p>\n<p>Visto em retrospectiva, quase tudo o que foi defendido pelo Manifesto Comunista era correto e justo, pois havia algumas incoer\u00eancias do ponto de vista jur\u00eddico, como a total aboli\u00e7\u00e3o do direito \u00e0 propriedade e \u00e0 heran\u00e7a. Taxar propriedade e heran\u00e7a \u00e9 uma coisa aceit\u00e1vel, extinguir esse direito \u00e9 um absurdo!<\/p>\n<p>Ocorre que h\u00e1 170 anos, tudo aquilo que foi sonhado e idealizado por pessoas de mentes extraordin\u00e1rias, naquele momento era necess\u00e1rio, mas envelheceu! O verbo envelhecer aqui usado n\u00e3o tem nenhuma conota\u00e7\u00e3o negativa al\u00e9m de seu pr\u00f3prio significado, algo que o tempo de apogeu j\u00e1 passou. O comunismo envelheceu gra\u00e7as ao sucesso prim\u00e1rio das ideias basilares difundidas e absorvidas pela sociedade, pelos fil\u00f3sofos que as idealizaram e propagaram. O comunismo como ideologia pol\u00edtica se provou manco e caolho, mas como plataforma de conquistas de direitos das pessoas e das comunidades, se mostrou indispens\u00e1vel e eficaz.<\/p>\n<p>Como regime pol\u00edtico institucionalizado, o comunismo nunca, em nenhum lugar em que foi implantado, teve o sucesso projetado por seus idealizadores, pois h\u00e1 uma diferen\u00e7a enorme entre a tese filos\u00f3fica elaborada por g\u00eanios como Marx e Engels e a executabilidade delas por pol\u00edticos autorit\u00e1rios, antidemocr\u00e1ticos, sect\u00e1rios e manique\u00edstas como Lenin, Stalin, Mao ou Fidel.<\/p>\n<p>Reconhe\u00e7o a import\u00e2ncia das ideias filos\u00f3ficas em que se baseia o comunismo, mas repudio peremptoriamente a aplica\u00e7\u00e3o delas de forma pr\u00e1tica, como regime pol\u00edtico, como forma de governo.<\/p>\n<p>Muitos dos pensamentos e dos anseios de Marx e Engels, a maioria das coisas pelas quais eles lutavam para conquistar para o proletariado eram coisas pelas quais valiam \u00e0 pena e precisavam ser conquistadas. N\u00e3o estamos mais em 1848, as circunst\u00e2ncias sociais n\u00e3o s\u00e3o mais as mesmas, mesmo que a l\u00f3gica do mercado e da sociedade n\u00e3o tenha mudado em sua ess\u00eancia, e \u00e9 por isso que o comunismo como idealizado h\u00e1 170 anos n\u00e3o tem nenhum sentido. Quem insiste nessa utopia nem pode ser chamado simplesmente de doido, mas deve ser reconhecido como embusteiro.<\/p>\n<p>A luta pelos direitos civis, sociais e comunit\u00e1rios das pessoas \u00e9 bela e nobre, mas n\u00e3o pode ser realizada com messianismo, coisa que n\u00e3o existia da parte dos ateus idealizadores do comunismo.<\/p>\n<p>&nbsp;<\/p>\n","protected":false},"excerpt":{"rendered":"<p>H\u00e1 170 anos, no dia 21 de fevereiro de 1848, era publicado pela primeira vez, o\u00a0\u201cManifesto do Partido Comunista\u201d, documento [&hellip;]<\/p>\n","protected":false},"author":7,"featured_media":0,"comment_status":"open","ping_status":"open","sticky":false,"template":"","format":"standard","meta":{"site-sidebar-layout":"default","site-content-layout":"","ast-site-content-layout":"default","site-content-style":"default","site-sidebar-style":"default","ast-global-header-display":"","ast-banner-title-visibility":"","ast-main-header-display":"","ast-hfb-above-header-display":"","ast-hfb-below-header-display":"","ast-hfb-mobile-header-display":"","site-post-title":"","ast-breadcrumbs-content":"","ast-featured-img":"","footer-sml-layout":"","ast-disable-related-posts":"","theme-transparent-header-meta":"","adv-header-id-meta":"","stick-header-meta":"","header-above-stick-meta":"","header-main-stick-meta":"","header-below-stick-meta":"","astra-migrate-meta-layouts":"default","ast-page-background-enabled":"default","ast-page-background-meta":{"desktop":{"background-color":"var(--ast-global-color-5)","background-image":"","background-repeat":"repeat","background-position":"center center","background-size":"auto","background-attachment":"scroll","background-type":"","background-media":"","overlay-type":"","overlay-color":"","overlay-opacity":"","overlay-gradient":""},"tablet":{"background-color":"","background-image":"","background-repeat":"repeat","background-position":"center center","background-size":"auto","background-attachment":"scroll","background-type":"","background-media":"","overlay-type":"","overlay-color":"","overlay-opacity":"","overlay-gradient":""},"mobile":{"background-color":"","background-image":"","background-repeat":"repeat","background-position":"center center","background-size":"auto","background-attachment":"scroll","background-type":"","background-media":"","overlay-type":"","overlay-color":"","overlay-opacity":"","overlay-gradient":""}},"ast-content-background-meta":{"desktop":{"background-color":"var(--ast-global-color-4)","background-image":"","background-repeat":"repeat","background-position":"center center","background-size":"auto","background-attachment":"scroll","background-type":"","background-media":"","overlay-type":"","overlay-color":"","overlay-opacity":"","overlay-gradient":""},"tablet":{"background-color":"var(--ast-global-color-4)","background-image":"","background-repeat":"repeat","background-position":"center center","background-size":"auto","background-attachment":"scroll","background-type":"","background-media":"","overlay-type":"","overlay-color":"","overlay-opacity":"","overlay-gradient":""},"mobile":{"background-color":"var(--ast-global-color-4)","background-image":"","background-repeat":"repeat","background-position":"center center","background-size":"auto","background-attachment":"scroll","background-type":"","background-media":"","overlay-type":"","overlay-color":"","overlay-opacity":"","overlay-gradient":""}},"footnotes":""},"categories":[1],"tags":[],"class_list":["post-1933","post","type-post","status-publish","format-standard","hentry","category-sem-categoria"],"yoast_head":"<!-- This site is optimized with the Yoast SEO plugin v26.6 - https:\/\/yoast.com\/wordpress\/plugins\/seo\/ -->\n<title>Caduco, mas j\u00e1 foi importante! - Joaquim Haickel<\/title>\n<meta name=\"robots\" content=\"index, follow, max-snippet:-1, max-image-preview:large, max-video-preview:-1\" \/>\n<link rel=\"canonical\" href=\"https:\/\/www.blogsoestado.com\/joaquimhaickel\/2018\/03\/10\/caduco-mas-ja-foi-importante\/\" \/>\n<meta property=\"og:locale\" content=\"pt_BR\" \/>\n<meta property=\"og:type\" content=\"article\" \/>\n<meta property=\"og:title\" content=\"Caduco, mas j\u00e1 foi importante! - Joaquim Haickel\" \/>\n<meta property=\"og:description\" content=\"H\u00e1 170 anos, no dia 21 de fevereiro de 1848, era publicado pela primeira vez, o\u00a0\u201cManifesto do Partido Comunista\u201d, documento [&hellip;]\" \/>\n<meta property=\"og:url\" content=\"https:\/\/www.blogsoestado.com\/joaquimhaickel\/2018\/03\/10\/caduco-mas-ja-foi-importante\/\" \/>\n<meta property=\"og:site_name\" content=\"Joaquim Haickel\" \/>\n<meta property=\"article:published_time\" content=\"2018-03-10T10:00:25+00:00\" \/>\n<meta property=\"og:image\" content=\"https:\/\/www.blogsoestado.com\/joaquimhaickel\/wp-content\/uploads\/sites\/6\/2018\/03\/8-1.jpg\" \/>\n<meta name=\"author\" content=\"Joaquim Haickel\" \/>\n<meta name=\"twitter:card\" content=\"summary_large_image\" \/>\n<meta name=\"twitter:label1\" content=\"Escrito por\" \/>\n\t<meta name=\"twitter:data1\" content=\"Joaquim Haickel\" \/>\n\t<meta name=\"twitter:label2\" content=\"Est. tempo de leitura\" \/>\n\t<meta name=\"twitter:data2\" content=\"3 minutos\" \/>\n<script type=\"application\/ld+json\" class=\"yoast-schema-graph\">{\"@context\":\"https:\/\/schema.org\",\"@graph\":[{\"@type\":\"WebPage\",\"@id\":\"https:\/\/www.blogsoestado.com\/joaquimhaickel\/2018\/03\/10\/caduco-mas-ja-foi-importante\/\",\"url\":\"https:\/\/www.blogsoestado.com\/joaquimhaickel\/2018\/03\/10\/caduco-mas-ja-foi-importante\/\",\"name\":\"Caduco, mas j\u00e1 foi importante! - Joaquim Haickel\",\"isPartOf\":{\"@id\":\"https:\/\/www.blogsoestado.com\/joaquimhaickel\/#website\"},\"primaryImageOfPage\":{\"@id\":\"https:\/\/www.blogsoestado.com\/joaquimhaickel\/2018\/03\/10\/caduco-mas-ja-foi-importante\/#primaryimage\"},\"image\":{\"@id\":\"https:\/\/www.blogsoestado.com\/joaquimhaickel\/2018\/03\/10\/caduco-mas-ja-foi-importante\/#primaryimage\"},\"thumbnailUrl\":\"https:\/\/www.blogsoestado.com\/joaquimhaickel\/wp-content\/uploads\/sites\/6\/2018\/03\/8-1.jpg\",\"datePublished\":\"2018-03-10T10:00:25+00:00\",\"author\":{\"@id\":\"https:\/\/www.blogsoestado.com\/joaquimhaickel\/#\/schema\/person\/4a711644aff28245c6c2c3452d66d325\"},\"breadcrumb\":{\"@id\":\"https:\/\/www.blogsoestado.com\/joaquimhaickel\/2018\/03\/10\/caduco-mas-ja-foi-importante\/#breadcrumb\"},\"inLanguage\":\"pt-BR\",\"potentialAction\":[{\"@type\":\"ReadAction\",\"target\":[\"https:\/\/www.blogsoestado.com\/joaquimhaickel\/2018\/03\/10\/caduco-mas-ja-foi-importante\/\"]}]},{\"@type\":\"ImageObject\",\"inLanguage\":\"pt-BR\",\"@id\":\"https:\/\/www.blogsoestado.com\/joaquimhaickel\/2018\/03\/10\/caduco-mas-ja-foi-importante\/#primaryimage\",\"url\":\"https:\/\/www.blogsoestado.com\/joaquimhaickel\/wp-content\/uploads\/sites\/6\/2018\/03\/8-1.jpg\",\"contentUrl\":\"https:\/\/www.blogsoestado.com\/joaquimhaickel\/wp-content\/uploads\/sites\/6\/2018\/03\/8-1.jpg\",\"width\":275,\"height\":183},{\"@type\":\"BreadcrumbList\",\"@id\":\"https:\/\/www.blogsoestado.com\/joaquimhaickel\/2018\/03\/10\/caduco-mas-ja-foi-importante\/#breadcrumb\",\"itemListElement\":[{\"@type\":\"ListItem\",\"position\":1,\"name\":\"In\u00edcio\",\"item\":\"https:\/\/www.blogsoestado.com\/joaquimhaickel\/\"},{\"@type\":\"ListItem\",\"position\":2,\"name\":\"Caduco, mas j\u00e1 foi importante!\"}]},{\"@type\":\"WebSite\",\"@id\":\"https:\/\/www.blogsoestado.com\/joaquimhaickel\/#website\",\"url\":\"https:\/\/www.blogsoestado.com\/joaquimhaickel\/\",\"name\":\"Joaquim Haickel\",\"description\":\"\",\"potentialAction\":[{\"@type\":\"SearchAction\",\"target\":{\"@type\":\"EntryPoint\",\"urlTemplate\":\"https:\/\/www.blogsoestado.com\/joaquimhaickel\/?s={search_term_string}\"},\"query-input\":{\"@type\":\"PropertyValueSpecification\",\"valueRequired\":true,\"valueName\":\"search_term_string\"}}],\"inLanguage\":\"pt-BR\"},{\"@type\":\"Person\",\"@id\":\"https:\/\/www.blogsoestado.com\/joaquimhaickel\/#\/schema\/person\/4a711644aff28245c6c2c3452d66d325\",\"name\":\"Joaquim Haickel\",\"image\":{\"@type\":\"ImageObject\",\"inLanguage\":\"pt-BR\",\"@id\":\"https:\/\/www.blogsoestado.com\/joaquimhaickel\/#\/schema\/person\/image\/\",\"url\":\"https:\/\/secure.gravatar.com\/avatar\/473d89339b9f8ec089adb8d5778363eb5a2ba2319956bcf0298bfd8cca04684a?s=96&d=mm&r=g\",\"contentUrl\":\"https:\/\/secure.gravatar.com\/avatar\/473d89339b9f8ec089adb8d5778363eb5a2ba2319956bcf0298bfd8cca04684a?s=96&d=mm&r=g\",\"caption\":\"Joaquim Haickel\"},\"url\":\"https:\/\/www.blogsoestado.com\/joaquimhaickel\/author\/joaquimhaickel\/\"}]}<\/script>\n<!-- \/ Yoast SEO plugin. -->","yoast_head_json":{"title":"Caduco, mas j\u00e1 foi importante! - Joaquim Haickel","robots":{"index":"index","follow":"follow","max-snippet":"max-snippet:-1","max-image-preview":"max-image-preview:large","max-video-preview":"max-video-preview:-1"},"canonical":"https:\/\/www.blogsoestado.com\/joaquimhaickel\/2018\/03\/10\/caduco-mas-ja-foi-importante\/","og_locale":"pt_BR","og_type":"article","og_title":"Caduco, mas j\u00e1 foi importante! - Joaquim Haickel","og_description":"H\u00e1 170 anos, no dia 21 de fevereiro de 1848, era publicado pela primeira vez, o\u00a0\u201cManifesto do Partido Comunista\u201d, documento [&hellip;]","og_url":"https:\/\/www.blogsoestado.com\/joaquimhaickel\/2018\/03\/10\/caduco-mas-ja-foi-importante\/","og_site_name":"Joaquim Haickel","article_published_time":"2018-03-10T10:00:25+00:00","og_image":[{"url":"https:\/\/www.blogsoestado.com\/joaquimhaickel\/wp-content\/uploads\/sites\/6\/2018\/03\/8-1.jpg","type":"","width":"","height":""}],"author":"Joaquim Haickel","twitter_card":"summary_large_image","twitter_misc":{"Escrito por":"Joaquim Haickel","Est. tempo de leitura":"3 minutos"},"schema":{"@context":"https:\/\/schema.org","@graph":[{"@type":"WebPage","@id":"https:\/\/www.blogsoestado.com\/joaquimhaickel\/2018\/03\/10\/caduco-mas-ja-foi-importante\/","url":"https:\/\/www.blogsoestado.com\/joaquimhaickel\/2018\/03\/10\/caduco-mas-ja-foi-importante\/","name":"Caduco, mas j\u00e1 foi importante! - Joaquim Haickel","isPartOf":{"@id":"https:\/\/www.blogsoestado.com\/joaquimhaickel\/#website"},"primaryImageOfPage":{"@id":"https:\/\/www.blogsoestado.com\/joaquimhaickel\/2018\/03\/10\/caduco-mas-ja-foi-importante\/#primaryimage"},"image":{"@id":"https:\/\/www.blogsoestado.com\/joaquimhaickel\/2018\/03\/10\/caduco-mas-ja-foi-importante\/#primaryimage"},"thumbnailUrl":"https:\/\/www.blogsoestado.com\/joaquimhaickel\/wp-content\/uploads\/sites\/6\/2018\/03\/8-1.jpg","datePublished":"2018-03-10T10:00:25+00:00","author":{"@id":"https:\/\/www.blogsoestado.com\/joaquimhaickel\/#\/schema\/person\/4a711644aff28245c6c2c3452d66d325"},"breadcrumb":{"@id":"https:\/\/www.blogsoestado.com\/joaquimhaickel\/2018\/03\/10\/caduco-mas-ja-foi-importante\/#breadcrumb"},"inLanguage":"pt-BR","potentialAction":[{"@type":"ReadAction","target":["https:\/\/www.blogsoestado.com\/joaquimhaickel\/2018\/03\/10\/caduco-mas-ja-foi-importante\/"]}]},{"@type":"ImageObject","inLanguage":"pt-BR","@id":"https:\/\/www.blogsoestado.com\/joaquimhaickel\/2018\/03\/10\/caduco-mas-ja-foi-importante\/#primaryimage","url":"https:\/\/www.blogsoestado.com\/joaquimhaickel\/wp-content\/uploads\/sites\/6\/2018\/03\/8-1.jpg","contentUrl":"https:\/\/www.blogsoestado.com\/joaquimhaickel\/wp-content\/uploads\/sites\/6\/2018\/03\/8-1.jpg","width":275,"height":183},{"@type":"BreadcrumbList","@id":"https:\/\/www.blogsoestado.com\/joaquimhaickel\/2018\/03\/10\/caduco-mas-ja-foi-importante\/#breadcrumb","itemListElement":[{"@type":"ListItem","position":1,"name":"In\u00edcio","item":"https:\/\/www.blogsoestado.com\/joaquimhaickel\/"},{"@type":"ListItem","position":2,"name":"Caduco, mas j\u00e1 foi importante!"}]},{"@type":"WebSite","@id":"https:\/\/www.blogsoestado.com\/joaquimhaickel\/#website","url":"https:\/\/www.blogsoestado.com\/joaquimhaickel\/","name":"Joaquim Haickel","description":"","potentialAction":[{"@type":"SearchAction","target":{"@type":"EntryPoint","urlTemplate":"https:\/\/www.blogsoestado.com\/joaquimhaickel\/?s={search_term_string}"},"query-input":{"@type":"PropertyValueSpecification","valueRequired":true,"valueName":"search_term_string"}}],"inLanguage":"pt-BR"},{"@type":"Person","@id":"https:\/\/www.blogsoestado.com\/joaquimhaickel\/#\/schema\/person\/4a711644aff28245c6c2c3452d66d325","name":"Joaquim Haickel","image":{"@type":"ImageObject","inLanguage":"pt-BR","@id":"https:\/\/www.blogsoestado.com\/joaquimhaickel\/#\/schema\/person\/image\/","url":"https:\/\/secure.gravatar.com\/avatar\/473d89339b9f8ec089adb8d5778363eb5a2ba2319956bcf0298bfd8cca04684a?s=96&d=mm&r=g","contentUrl":"https:\/\/secure.gravatar.com\/avatar\/473d89339b9f8ec089adb8d5778363eb5a2ba2319956bcf0298bfd8cca04684a?s=96&d=mm&r=g","caption":"Joaquim Haickel"},"url":"https:\/\/www.blogsoestado.com\/joaquimhaickel\/author\/joaquimhaickel\/"}]}},"jetpack_featured_media_url":"","_links":{"self":[{"href":"https:\/\/www.blogsoestado.com\/joaquimhaickel\/wp-json\/wp\/v2\/posts\/1933","targetHints":{"allow":["GET"]}}],"collection":[{"href":"https:\/\/www.blogsoestado.com\/joaquimhaickel\/wp-json\/wp\/v2\/posts"}],"about":[{"href":"https:\/\/www.blogsoestado.com\/joaquimhaickel\/wp-json\/wp\/v2\/types\/post"}],"author":[{"embeddable":true,"href":"https:\/\/www.blogsoestado.com\/joaquimhaickel\/wp-json\/wp\/v2\/users\/7"}],"replies":[{"embeddable":true,"href":"https:\/\/www.blogsoestado.com\/joaquimhaickel\/wp-json\/wp\/v2\/comments?post=1933"}],"version-history":[{"count":0,"href":"https:\/\/www.blogsoestado.com\/joaquimhaickel\/wp-json\/wp\/v2\/posts\/1933\/revisions"}],"wp:attachment":[{"href":"https:\/\/www.blogsoestado.com\/joaquimhaickel\/wp-json\/wp\/v2\/media?parent=1933"}],"wp:term":[{"taxonomy":"category","embeddable":true,"href":"https:\/\/www.blogsoestado.com\/joaquimhaickel\/wp-json\/wp\/v2\/categories?post=1933"},{"taxonomy":"post_tag","embeddable":true,"href":"https:\/\/www.blogsoestado.com\/joaquimhaickel\/wp-json\/wp\/v2\/tags?post=1933"}],"curies":[{"name":"wp","href":"https:\/\/api.w.org\/{rel}","templated":true}]}}