{"id":1970,"date":"2018-05-12T04:06:43","date_gmt":"2018-05-12T07:06:43","guid":{"rendered":"https:\/\/www.blogsoestado.com\/joaquimhaickel\/?p=1970"},"modified":"2018-05-12T04:06:43","modified_gmt":"2018-05-12T07:06:43","slug":"a-iliada-impossivel","status":"publish","type":"post","link":"https:\/\/www.blogsoestado.com\/joaquimhaickel\/2018\/05\/12\/a-iliada-impossivel\/","title":{"rendered":"A Il\u00edada Imposs\u00edvel"},"content":{"rendered":"<p class=\"x_MsoNormal\"><a href=\"https:\/\/www.blogsoestado.com\/joaquimhaickel\/wp-content\/uploads\/sites\/6\/2018\/05\/hc3a9roes-de-la-ilc3adada-1-1.jpg\"><img decoding=\"async\" class=\"alignnone size-medium wp-image-1973\" src=\"https:\/\/www.blogsoestado.com\/joaquimhaickel\/wp-content\/uploads\/sites\/6\/2018\/05\/hc3a9roes-de-la-ilc3adada-1-1-300x163.jpg\" alt=\"\" width=\"300\" height=\"163\" srcset=\"https:\/\/www.blogsoestado.com\/joaquimhaickel\/wp-content\/uploads\/sites\/6\/2018\/05\/hc3a9roes-de-la-ilc3adada-1-1-300x163.jpg 300w, https:\/\/www.blogsoestado.com\/joaquimhaickel\/wp-content\/uploads\/sites\/6\/2018\/05\/hc3a9roes-de-la-ilc3adada-1-1-1024x557.jpg 1024w, https:\/\/www.blogsoestado.com\/joaquimhaickel\/wp-content\/uploads\/sites\/6\/2018\/05\/hc3a9roes-de-la-ilc3adada-1-1-768x418.jpg 768w, https:\/\/www.blogsoestado.com\/joaquimhaickel\/wp-content\/uploads\/sites\/6\/2018\/05\/hc3a9roes-de-la-ilc3adada-1-1-1536x835.jpg 1536w, https:\/\/www.blogsoestado.com\/joaquimhaickel\/wp-content\/uploads\/sites\/6\/2018\/05\/hc3a9roes-de-la-ilc3adada-1-1-2048x1114.jpg 2048w\" sizes=\"(max-width: 300px) 100vw, 300px\" \/><\/a><\/p>\n<p class=\"x_MsoNormal\">Quem conhece a Il\u00edada certamente sabe o que \u00e9 honra e respeito, pois Homero nos conta que um alquebrado rei Pr\u00edamo se esgueira pela noite para resgatar o corpo de seu filho Heitor das m\u00e3os de seu algoz, Aquiles, em uma das mais belas passagens da literatura universal.<\/p>\n<p class=\"x_MsoNormal\">Olho em volta e s\u00f3 vejo homens miser\u00e1veis, que pouco se assemelham a Agamenon, Menelau, P\u00e1ris ou En\u00e9as, personagens menores daquela trag\u00e9dia \u00e9pica, sendo que penso ser uma grande injusti\u00e7a querermos comparar aqueles bravos gregos e troianos aos homens de hoje.<\/p>\n<p class=\"x_MsoNormal\">Trago comigo, tatuados em cada um de meus bra\u00e7os, dois conjuntos de ideogramas chineses. No bra\u00e7o esquerdo, os desenhos simbolizam \u201csabedoria e intelig\u00eancia\u201d, enquanto no direito est\u00e3o representados \u201chonra e lealdade\u201d. Fiz isso para jamais esquecer meu roteiro.<\/p>\n<p class=\"x_MsoNormal\">Depois de revisitar a Il\u00edada sinto-me conformado com o pouco sucesso que obtive em minha vida, pois ele veio exatamente pela for\u00e7a de um pouco de sabedoria aliada a alguma intelig\u00eancia e pela a\u00e7\u00e3o sempre baseada na lealdade e na honra. Olho em volta, e mesmo ficando preocupado, sinto-me feliz e realizado.<\/p>\n<p class=\"x_MsoNormal\">Me pego tentando descobrir nos dias de hoje homens e mulheres que possam possuir os nobres sentimentos e as louv\u00e1veis atitudes demonstradas por personagens que se s\u00f3 existiram na mente de um g\u00eanio como Homero.<\/p>\n<p class=\"x_MsoNormal\">Amor e paix\u00e3o, respeito e considera\u00e7\u00e3o, coragem e desprendimento, lealdade e honra, sabedoria e intelig\u00eancia, paci\u00eancia e resigna\u00e7\u00e3o&#8230; H\u00e1 tamb\u00e9m nos personagens dessa hist\u00f3ria, que narra a guerra de Tr\u00f3ia, sentimentos e a\u00e7\u00f5es menos cit\u00e1veis como, medo e trai\u00e7\u00e3o, arrog\u00e2ncia e prepot\u00eancia, mitomania e crendices&#8230; Estes bem mais comuns em nossos dias.<\/p>\n<p class=\"x_MsoNormal\">N\u00e3o consigo resistir em fazer compara\u00e7\u00f5es. Ser\u00e1 que estamos mais ao n\u00edvel de um generoso Pr\u00edamo, ou nos colocamos mais na estatura de Agamenon, um rei obstinado, n\u00e3o em resgatar a mulher de seu irm\u00e3o, mas em tomar o estreito de Dardanelos dos troianos, sem se importar de como o fizesse.<\/p>\n<p class=\"x_MsoNormal\">Quem seria hoje P\u00e1ris e Helena!? Em toda essa nossa \u201cfauna\u201d n\u00e3o consigo identificar dois esp\u00e9cimes que possam ser minimamente comparados a eles.<\/p>\n<p class=\"x_MsoNormal\">Quanto a Menelau, consigo identificar diversos de seu tipo. Homens menores, por culpa de sua pr\u00f3pria pequenez.<\/p>\n<p class=\"x_MsoNormal\">Certamente n\u00e3o h\u00e1 por aqui quem possa encarnar Ulisses ou Aquiles, her\u00f3is na mais profunda acep\u00e7\u00e3o da palavra, mesmo que nesta narrativa, Ulisses demonstre mais ceder aos caprichos de Agamenon que deveria, n\u00e3o sendo t\u00e3o grandioso como em sua Odisseia. J\u00e1 Aquiles \u00e9 reto e rijo como uma lan\u00e7a grega. Imposs\u00edvel de comparar-se a outrem, mesmo que carregasse consigo suas idiossincrasias, como todos n\u00f3s carregamos as nossas.<\/p>\n<p class=\"x_MsoNormal\">Quanto a Heitor, desde a primeira vez em que tive acesso a essa hist\u00f3ria, sempre quis me espelhar nele e em suas atitudes. Sinto muito por n\u00e3o ter sido capaz.<\/p>\n<p class=\"x_MsoNormal\">Nobre, corajoso, resoluto, generoso&#8230; Homero erigiu nesse personagem todos os anseios que uma pessoa que se pretende boa, possa almejar. Seu triste destino s\u00f3 o engrandece ainda mais. \u00c9 uma pena que os homens que vieram depois dele, inclusive os de hoje, prefiram a hipocrisia e a perf\u00eddia.<\/p>\n<p class=\"x_MsoNormal\">Por causa da hist\u00f3ria de Heitor n\u00e3o tenho medo da morte! Temo sim \u00e9 ter uma vida vazia e oprimida, onde n\u00e3o possa ser quem eu desejo e agir como eu acredite ser melhor.<\/p>\n<p class=\"x_MsoNormal\">Tr\u00f3ia foi destru\u00edda, mas os gregos tamb\u00e9m n\u00e3o venceram aquela guerra. O que ficou daquilo tudo foram apenas as li\u00e7\u00f5es deixadas por Homero atrav\u00e9s de personagens de 3.000 anos de idade, com a\u00e7\u00f5es e sentimentos t\u00e3o atuais quanto o sinal digital que propicia voc\u00ea estar lendo agora este meu texto em um de seus dispositivos eletr\u00f4nicos.<\/p>\n<p class=\"x_MsoNormal\">PS: Neste Dia das M\u00e3es, meu presente para minha m\u00e3e, \u00e9 ser o mais honrado e leal, s\u00e1bio e inteligente, simples e generoso que eu puder, para que ela sinta orgulho do trabalho que ela realizou ao esculpir neste m\u00e1rmore, uma figura do bem.<\/p>\n","protected":false},"excerpt":{"rendered":"<p>Quem conhece a Il\u00edada certamente sabe o que \u00e9 honra e respeito, pois Homero nos conta que um alquebrado rei [&hellip;]<\/p>\n","protected":false},"author":7,"featured_media":0,"comment_status":"open","ping_status":"open","sticky":false,"template":"","format":"standard","meta":{"site-sidebar-layout":"default","site-content-layout":"","ast-site-content-layout":"default","site-content-style":"default","site-sidebar-style":"default","ast-global-header-display":"","ast-banner-title-visibility":"","ast-main-header-display":"","ast-hfb-above-header-display":"","ast-hfb-below-header-display":"","ast-hfb-mobile-header-display":"","site-post-title":"","ast-breadcrumbs-content":"","ast-featured-img":"","footer-sml-layout":"","ast-disable-related-posts":"","theme-transparent-header-meta":"","adv-header-id-meta":"","stick-header-meta":"","header-above-stick-meta":"","header-main-stick-meta":"","header-below-stick-meta":"","astra-migrate-meta-layouts":"default","ast-page-background-enabled":"default","ast-page-background-meta":{"desktop":{"background-color":"var(--ast-global-color-5)","background-image":"","background-repeat":"repeat","background-position":"center center","background-size":"auto","background-attachment":"scroll","background-type":"","background-media":"","overlay-type":"","overlay-color":"","overlay-opacity":"","overlay-gradient":""},"tablet":{"background-color":"","background-image":"","background-repeat":"repeat","background-position":"center center","background-size":"auto","background-attachment":"scroll","background-type":"","background-media":"","overlay-type":"","overlay-color":"","overlay-opacity":"","overlay-gradient":""},"mobile":{"background-color":"","background-image":"","background-repeat":"repeat","background-position":"center center","background-size":"auto","background-attachment":"scroll","background-type":"","background-media":"","overlay-type":"","overlay-color":"","overlay-opacity":"","overlay-gradient":""}},"ast-content-background-meta":{"desktop":{"background-color":"var(--ast-global-color-4)","background-image":"","background-repeat":"repeat","background-position":"center center","background-size":"auto","background-attachment":"scroll","background-type":"","background-media":"","overlay-type":"","overlay-color":"","overlay-opacity":"","overlay-gradient":""},"tablet":{"background-color":"var(--ast-global-color-4)","background-image":"","background-repeat":"repeat","background-position":"center center","background-size":"auto","background-attachment":"scroll","background-type":"","background-media":"","overlay-type":"","overlay-color":"","overlay-opacity":"","overlay-gradient":""},"mobile":{"background-color":"var(--ast-global-color-4)","background-image":"","background-repeat":"repeat","background-position":"center center","background-size":"auto","background-attachment":"scroll","background-type":"","background-media":"","overlay-type":"","overlay-color":"","overlay-opacity":"","overlay-gradient":""}},"footnotes":""},"categories":[1],"tags":[],"class_list":["post-1970","post","type-post","status-publish","format-standard","hentry","category-sem-categoria"],"yoast_head":"<!-- This site is optimized with the Yoast SEO plugin v26.6 - https:\/\/yoast.com\/wordpress\/plugins\/seo\/ -->\n<title>A Il\u00edada Imposs\u00edvel - Joaquim Haickel<\/title>\n<meta name=\"robots\" content=\"index, follow, max-snippet:-1, max-image-preview:large, max-video-preview:-1\" \/>\n<link rel=\"canonical\" href=\"https:\/\/www.blogsoestado.com\/joaquimhaickel\/2018\/05\/12\/a-iliada-impossivel\/\" \/>\n<meta property=\"og:locale\" content=\"pt_BR\" \/>\n<meta property=\"og:type\" content=\"article\" \/>\n<meta property=\"og:title\" content=\"A Il\u00edada Imposs\u00edvel - Joaquim Haickel\" \/>\n<meta property=\"og:description\" content=\"Quem conhece a Il\u00edada certamente sabe o que \u00e9 honra e respeito, pois Homero nos conta que um alquebrado rei [&hellip;]\" \/>\n<meta property=\"og:url\" content=\"https:\/\/www.blogsoestado.com\/joaquimhaickel\/2018\/05\/12\/a-iliada-impossivel\/\" \/>\n<meta property=\"og:site_name\" content=\"Joaquim Haickel\" \/>\n<meta property=\"article:published_time\" content=\"2018-05-12T07:06:43+00:00\" \/>\n<meta property=\"og:image\" content=\"https:\/\/www.blogsoestado.com\/joaquimhaickel\/wp-content\/uploads\/sites\/6\/2018\/05\/hc3a9roes-de-la-ilc3adada-1-1-300x163.jpg\" \/>\n<meta name=\"author\" content=\"Joaquim Haickel\" \/>\n<meta name=\"twitter:card\" content=\"summary_large_image\" \/>\n<meta name=\"twitter:label1\" content=\"Escrito por\" \/>\n\t<meta name=\"twitter:data1\" content=\"Joaquim Haickel\" \/>\n\t<meta name=\"twitter:label2\" content=\"Est. tempo de leitura\" \/>\n\t<meta name=\"twitter:data2\" content=\"3 minutos\" \/>\n<script type=\"application\/ld+json\" class=\"yoast-schema-graph\">{\"@context\":\"https:\/\/schema.org\",\"@graph\":[{\"@type\":\"WebPage\",\"@id\":\"https:\/\/www.blogsoestado.com\/joaquimhaickel\/2018\/05\/12\/a-iliada-impossivel\/\",\"url\":\"https:\/\/www.blogsoestado.com\/joaquimhaickel\/2018\/05\/12\/a-iliada-impossivel\/\",\"name\":\"A Il\u00edada Imposs\u00edvel - Joaquim Haickel\",\"isPartOf\":{\"@id\":\"https:\/\/www.blogsoestado.com\/joaquimhaickel\/#website\"},\"primaryImageOfPage\":{\"@id\":\"https:\/\/www.blogsoestado.com\/joaquimhaickel\/2018\/05\/12\/a-iliada-impossivel\/#primaryimage\"},\"image\":{\"@id\":\"https:\/\/www.blogsoestado.com\/joaquimhaickel\/2018\/05\/12\/a-iliada-impossivel\/#primaryimage\"},\"thumbnailUrl\":\"https:\/\/www.blogsoestado.com\/joaquimhaickel\/wp-content\/uploads\/sites\/6\/2018\/05\/hc3a9roes-de-la-ilc3adada-1-1-300x163.jpg\",\"datePublished\":\"2018-05-12T07:06:43+00:00\",\"author\":{\"@id\":\"https:\/\/www.blogsoestado.com\/joaquimhaickel\/#\/schema\/person\/4a711644aff28245c6c2c3452d66d325\"},\"breadcrumb\":{\"@id\":\"https:\/\/www.blogsoestado.com\/joaquimhaickel\/2018\/05\/12\/a-iliada-impossivel\/#breadcrumb\"},\"inLanguage\":\"pt-BR\",\"potentialAction\":[{\"@type\":\"ReadAction\",\"target\":[\"https:\/\/www.blogsoestado.com\/joaquimhaickel\/2018\/05\/12\/a-iliada-impossivel\/\"]}]},{\"@type\":\"ImageObject\",\"inLanguage\":\"pt-BR\",\"@id\":\"https:\/\/www.blogsoestado.com\/joaquimhaickel\/2018\/05\/12\/a-iliada-impossivel\/#primaryimage\",\"url\":\"https:\/\/www.blogsoestado.com\/joaquimhaickel\/wp-content\/uploads\/sites\/6\/2018\/05\/hc3a9roes-de-la-ilc3adada-1-1-scaled.jpg\",\"contentUrl\":\"https:\/\/www.blogsoestado.com\/joaquimhaickel\/wp-content\/uploads\/sites\/6\/2018\/05\/hc3a9roes-de-la-ilc3adada-1-1-scaled.jpg\",\"width\":2560,\"height\":1392},{\"@type\":\"BreadcrumbList\",\"@id\":\"https:\/\/www.blogsoestado.com\/joaquimhaickel\/2018\/05\/12\/a-iliada-impossivel\/#breadcrumb\",\"itemListElement\":[{\"@type\":\"ListItem\",\"position\":1,\"name\":\"In\u00edcio\",\"item\":\"https:\/\/www.blogsoestado.com\/joaquimhaickel\/\"},{\"@type\":\"ListItem\",\"position\":2,\"name\":\"A Il\u00edada Imposs\u00edvel\"}]},{\"@type\":\"WebSite\",\"@id\":\"https:\/\/www.blogsoestado.com\/joaquimhaickel\/#website\",\"url\":\"https:\/\/www.blogsoestado.com\/joaquimhaickel\/\",\"name\":\"Joaquim Haickel\",\"description\":\"\",\"potentialAction\":[{\"@type\":\"SearchAction\",\"target\":{\"@type\":\"EntryPoint\",\"urlTemplate\":\"https:\/\/www.blogsoestado.com\/joaquimhaickel\/?s={search_term_string}\"},\"query-input\":{\"@type\":\"PropertyValueSpecification\",\"valueRequired\":true,\"valueName\":\"search_term_string\"}}],\"inLanguage\":\"pt-BR\"},{\"@type\":\"Person\",\"@id\":\"https:\/\/www.blogsoestado.com\/joaquimhaickel\/#\/schema\/person\/4a711644aff28245c6c2c3452d66d325\",\"name\":\"Joaquim Haickel\",\"image\":{\"@type\":\"ImageObject\",\"inLanguage\":\"pt-BR\",\"@id\":\"https:\/\/www.blogsoestado.com\/joaquimhaickel\/#\/schema\/person\/image\/\",\"url\":\"https:\/\/secure.gravatar.com\/avatar\/473d89339b9f8ec089adb8d5778363eb5a2ba2319956bcf0298bfd8cca04684a?s=96&d=mm&r=g\",\"contentUrl\":\"https:\/\/secure.gravatar.com\/avatar\/473d89339b9f8ec089adb8d5778363eb5a2ba2319956bcf0298bfd8cca04684a?s=96&d=mm&r=g\",\"caption\":\"Joaquim Haickel\"},\"url\":\"https:\/\/www.blogsoestado.com\/joaquimhaickel\/author\/joaquimhaickel\/\"}]}<\/script>\n<!-- \/ Yoast SEO plugin. -->","yoast_head_json":{"title":"A Il\u00edada Imposs\u00edvel - Joaquim Haickel","robots":{"index":"index","follow":"follow","max-snippet":"max-snippet:-1","max-image-preview":"max-image-preview:large","max-video-preview":"max-video-preview:-1"},"canonical":"https:\/\/www.blogsoestado.com\/joaquimhaickel\/2018\/05\/12\/a-iliada-impossivel\/","og_locale":"pt_BR","og_type":"article","og_title":"A Il\u00edada Imposs\u00edvel - Joaquim Haickel","og_description":"Quem conhece a Il\u00edada certamente sabe o que \u00e9 honra e respeito, pois Homero nos conta que um alquebrado rei [&hellip;]","og_url":"https:\/\/www.blogsoestado.com\/joaquimhaickel\/2018\/05\/12\/a-iliada-impossivel\/","og_site_name":"Joaquim Haickel","article_published_time":"2018-05-12T07:06:43+00:00","og_image":[{"url":"https:\/\/www.blogsoestado.com\/joaquimhaickel\/wp-content\/uploads\/sites\/6\/2018\/05\/hc3a9roes-de-la-ilc3adada-1-1-300x163.jpg","type":"","width":"","height":""}],"author":"Joaquim Haickel","twitter_card":"summary_large_image","twitter_misc":{"Escrito por":"Joaquim Haickel","Est. tempo de leitura":"3 minutos"},"schema":{"@context":"https:\/\/schema.org","@graph":[{"@type":"WebPage","@id":"https:\/\/www.blogsoestado.com\/joaquimhaickel\/2018\/05\/12\/a-iliada-impossivel\/","url":"https:\/\/www.blogsoestado.com\/joaquimhaickel\/2018\/05\/12\/a-iliada-impossivel\/","name":"A Il\u00edada Imposs\u00edvel - Joaquim Haickel","isPartOf":{"@id":"https:\/\/www.blogsoestado.com\/joaquimhaickel\/#website"},"primaryImageOfPage":{"@id":"https:\/\/www.blogsoestado.com\/joaquimhaickel\/2018\/05\/12\/a-iliada-impossivel\/#primaryimage"},"image":{"@id":"https:\/\/www.blogsoestado.com\/joaquimhaickel\/2018\/05\/12\/a-iliada-impossivel\/#primaryimage"},"thumbnailUrl":"https:\/\/www.blogsoestado.com\/joaquimhaickel\/wp-content\/uploads\/sites\/6\/2018\/05\/hc3a9roes-de-la-ilc3adada-1-1-300x163.jpg","datePublished":"2018-05-12T07:06:43+00:00","author":{"@id":"https:\/\/www.blogsoestado.com\/joaquimhaickel\/#\/schema\/person\/4a711644aff28245c6c2c3452d66d325"},"breadcrumb":{"@id":"https:\/\/www.blogsoestado.com\/joaquimhaickel\/2018\/05\/12\/a-iliada-impossivel\/#breadcrumb"},"inLanguage":"pt-BR","potentialAction":[{"@type":"ReadAction","target":["https:\/\/www.blogsoestado.com\/joaquimhaickel\/2018\/05\/12\/a-iliada-impossivel\/"]}]},{"@type":"ImageObject","inLanguage":"pt-BR","@id":"https:\/\/www.blogsoestado.com\/joaquimhaickel\/2018\/05\/12\/a-iliada-impossivel\/#primaryimage","url":"https:\/\/www.blogsoestado.com\/joaquimhaickel\/wp-content\/uploads\/sites\/6\/2018\/05\/hc3a9roes-de-la-ilc3adada-1-1-scaled.jpg","contentUrl":"https:\/\/www.blogsoestado.com\/joaquimhaickel\/wp-content\/uploads\/sites\/6\/2018\/05\/hc3a9roes-de-la-ilc3adada-1-1-scaled.jpg","width":2560,"height":1392},{"@type":"BreadcrumbList","@id":"https:\/\/www.blogsoestado.com\/joaquimhaickel\/2018\/05\/12\/a-iliada-impossivel\/#breadcrumb","itemListElement":[{"@type":"ListItem","position":1,"name":"In\u00edcio","item":"https:\/\/www.blogsoestado.com\/joaquimhaickel\/"},{"@type":"ListItem","position":2,"name":"A Il\u00edada Imposs\u00edvel"}]},{"@type":"WebSite","@id":"https:\/\/www.blogsoestado.com\/joaquimhaickel\/#website","url":"https:\/\/www.blogsoestado.com\/joaquimhaickel\/","name":"Joaquim Haickel","description":"","potentialAction":[{"@type":"SearchAction","target":{"@type":"EntryPoint","urlTemplate":"https:\/\/www.blogsoestado.com\/joaquimhaickel\/?s={search_term_string}"},"query-input":{"@type":"PropertyValueSpecification","valueRequired":true,"valueName":"search_term_string"}}],"inLanguage":"pt-BR"},{"@type":"Person","@id":"https:\/\/www.blogsoestado.com\/joaquimhaickel\/#\/schema\/person\/4a711644aff28245c6c2c3452d66d325","name":"Joaquim Haickel","image":{"@type":"ImageObject","inLanguage":"pt-BR","@id":"https:\/\/www.blogsoestado.com\/joaquimhaickel\/#\/schema\/person\/image\/","url":"https:\/\/secure.gravatar.com\/avatar\/473d89339b9f8ec089adb8d5778363eb5a2ba2319956bcf0298bfd8cca04684a?s=96&d=mm&r=g","contentUrl":"https:\/\/secure.gravatar.com\/avatar\/473d89339b9f8ec089adb8d5778363eb5a2ba2319956bcf0298bfd8cca04684a?s=96&d=mm&r=g","caption":"Joaquim Haickel"},"url":"https:\/\/www.blogsoestado.com\/joaquimhaickel\/author\/joaquimhaickel\/"}]}},"jetpack_featured_media_url":"","_links":{"self":[{"href":"https:\/\/www.blogsoestado.com\/joaquimhaickel\/wp-json\/wp\/v2\/posts\/1970","targetHints":{"allow":["GET"]}}],"collection":[{"href":"https:\/\/www.blogsoestado.com\/joaquimhaickel\/wp-json\/wp\/v2\/posts"}],"about":[{"href":"https:\/\/www.blogsoestado.com\/joaquimhaickel\/wp-json\/wp\/v2\/types\/post"}],"author":[{"embeddable":true,"href":"https:\/\/www.blogsoestado.com\/joaquimhaickel\/wp-json\/wp\/v2\/users\/7"}],"replies":[{"embeddable":true,"href":"https:\/\/www.blogsoestado.com\/joaquimhaickel\/wp-json\/wp\/v2\/comments?post=1970"}],"version-history":[{"count":0,"href":"https:\/\/www.blogsoestado.com\/joaquimhaickel\/wp-json\/wp\/v2\/posts\/1970\/revisions"}],"wp:attachment":[{"href":"https:\/\/www.blogsoestado.com\/joaquimhaickel\/wp-json\/wp\/v2\/media?parent=1970"}],"wp:term":[{"taxonomy":"category","embeddable":true,"href":"https:\/\/www.blogsoestado.com\/joaquimhaickel\/wp-json\/wp\/v2\/categories?post=1970"},{"taxonomy":"post_tag","embeddable":true,"href":"https:\/\/www.blogsoestado.com\/joaquimhaickel\/wp-json\/wp\/v2\/tags?post=1970"}],"curies":[{"name":"wp","href":"https:\/\/api.w.org\/{rel}","templated":true}]}}