{"id":2004,"date":"2018-06-30T01:44:45","date_gmt":"2018-06-30T04:44:45","guid":{"rendered":"https:\/\/www.blogsoestado.com\/joaquimhaickel\/?p=2004"},"modified":"2018-06-30T01:44:45","modified_gmt":"2018-06-30T04:44:45","slug":"uns-nao-querem-e-outros-nao-sabem","status":"publish","type":"post","link":"https:\/\/www.blogsoestado.com\/joaquimhaickel\/2018\/06\/30\/uns-nao-querem-e-outros-nao-sabem\/","title":{"rendered":"Uns n\u00e3o querem e outros n\u00e3o sabem!&#8230;"},"content":{"rendered":"<p><a href=\"https:\/\/www.blogsoestado.com\/joaquimhaickel\/wp-content\/uploads\/sites\/6\/2018\/06\/images7-1.jpg\"><img fetchpriority=\"high\" decoding=\"async\" class=\"alignnone size-full wp-image-2005\" src=\"https:\/\/www.blogsoestado.com\/joaquimhaickel\/wp-content\/uploads\/sites\/6\/2018\/06\/images7-1.jpg\" alt=\"\" width=\"225\" height=\"225\" srcset=\"https:\/\/www.blogsoestado.com\/joaquimhaickel\/wp-content\/uploads\/sites\/6\/2018\/06\/images7-1.jpg 225w, https:\/\/www.blogsoestado.com\/joaquimhaickel\/wp-content\/uploads\/sites\/6\/2018\/06\/images7-1-150x150.jpg 150w\" sizes=\"(max-width: 225px) 100vw, 225px\" \/><\/a><\/p>\n<p>A recente crise interna do grupo Sarney no que diz respeito \u00e0s candidaturas ao Senado, mais que expor os problemas internos deste lado da pol\u00edtica maranhense, exp\u00f5e profundamente a falta de capacidade e de vis\u00e3o pol\u00edtica de Fl\u00e1vio Dino, j\u00e1 que n\u00e3o se pode falar em um grupo dele, uma vez que tal agremia\u00e7\u00e3o \u00e9 uma mera jun\u00e7\u00e3o de interesses em torno do poder que emana do Pal\u00e1cio dos Le\u00f5es. Prova disso \u00e9 a lista de seus apoiadores, quase todos oriundos de outros grupos e apenas momentaneamente alojados sob a bandeira comunista.<\/p>\n<p>Pensando bem as fraturas expostas dos lados do conflito pol\u00edtico maranhense precisam ser radiografadas! Vou tentar!<\/p>\n<p>Do lado dinista fica clara a incapacidade de executar opera\u00e7\u00f5es simples, como soma e multiplica\u00e7\u00e3o. Equa\u00e7\u00f5es para eles s\u00e3o coisas impens\u00e1veis!<\/p>\n<p>Se quisesse realmente destruir o grupo Sarney, neste momento, Fl\u00e1vio Dino precisaria apenas apoiar um dos dois candidatos a senador daquele grupo, mas ele n\u00e3o tem nem capacidade de ter esse racioc\u00ednio, nem grandeza estrat\u00e9gica para tanto, at\u00e9 porque sua arrog\u00e2ncia e sua prepot\u00eancia n\u00e3o permitem!<\/p>\n<p>Se Dino declarasse apoio a Lob\u00e3o, como sendo o segundo senador para o voto de seus correligion\u00e1rios, poderia soterrar a candidatura de Sarney Filho, \u00faltima esperan\u00e7a de recupera\u00e7\u00e3o pessoal de poder do grupo Sarney! Por outro lado, se ele resolvesse que para quebrar o grupo advers\u00e1rio, deveria apoiar Sarney Filho como o segundo voto de seu time para o Senado, isto geraria um caos t\u00e3o grande no grupo antagonista, que certamente culminaria com a decis\u00e3o, logo no primeiro turno, da elei\u00e7\u00e3o do governo, a seu favor.<\/p>\n<p>Digo isso sem nenhum medo de que ele possa vir a executar uma dessas estrat\u00e9gias, pois como j\u00e1 disse, ele apesar de tentar imitar Z\u00e9 Sarney em quase tudo, n\u00e3o consegue se igualar nem ao dedo mindinho do p\u00e9 do ex-presidente da Rep\u00fablica.<\/p>\n<p>Veja! Essas possibilidades n\u00e3o foram inventadas por mim, elas existem livremente nos poss\u00edveis e at\u00e9 nos imposs\u00edveis cen\u00e1rios da nossa pol\u00edtica.<\/p>\n<p>Ter grandeza para pensar como agir na pol\u00edtica \u00e9 apenas uma etapa. Ter grandeza para executar esses pensamentos \u00e9 outra.<\/p>\n<p>Se de um lado, aqueles que se encontram com o poder da m\u00e1quina estatal na m\u00e3o, a incompet\u00eancia \u00e9 clara, do outro lado, onde se encontram aqueles que tiveram durante muito tempo o poder em suas m\u00e3os, fica patente que n\u00e3o sabem jogar sem ele.<\/p>\n<p>A vis\u00edvel falta de comando e a inexist\u00eancia de um di\u00e1logo franco, aberto e direto entre as quatro ou cinco for\u00e7as de oposi\u00e7\u00e3o do estado, demonstram que o seu jogo \u00e9 quase de amador, mesmo os jogadores sendo profissionais tarimbados.<\/p>\n<p>Fico de longe observando e vendo os erros se amontoarem de um lado e de outro, e acredito c\u00e1 comigo, que o desempate desse jogo mal jogado e feio vai acabar sendo feito pela for\u00e7a bruta, onde o poder do estado, da mesma forma que em vezes anteriores, ser\u00e1 decisivo no resultado.<\/p>\n<p>Como a esperan\u00e7a \u00e9 a \u00faltima que morre, rezo para que dos males aconte\u00e7a o menor, em beneficio de nosso Estado e de nossa gente, que n\u00e3o aguenta mais os hip\u00f3critas, arrogantes e prepotentes de um lado e os soberbos, autossuficientes e inapetentes do outro.<\/p>\n","protected":false},"excerpt":{"rendered":"<p>A recente crise interna do grupo Sarney no que diz respeito \u00e0s candidaturas ao Senado, mais que expor os problemas [&hellip;]<\/p>\n","protected":false},"author":7,"featured_media":0,"comment_status":"open","ping_status":"open","sticky":false,"template":"","format":"standard","meta":{"site-sidebar-layout":"default","site-content-layout":"","ast-site-content-layout":"default","site-content-style":"default","site-sidebar-style":"default","ast-global-header-display":"","ast-banner-title-visibility":"","ast-main-header-display":"","ast-hfb-above-header-display":"","ast-hfb-below-header-display":"","ast-hfb-mobile-header-display":"","site-post-title":"","ast-breadcrumbs-content":"","ast-featured-img":"","footer-sml-layout":"","ast-disable-related-posts":"","theme-transparent-header-meta":"","adv-header-id-meta":"","stick-header-meta":"","header-above-stick-meta":"","header-main-stick-meta":"","header-below-stick-meta":"","astra-migrate-meta-layouts":"default","ast-page-background-enabled":"default","ast-page-background-meta":{"desktop":{"background-color":"var(--ast-global-color-5)","background-image":"","background-repeat":"repeat","background-position":"center center","background-size":"auto","background-attachment":"scroll","background-type":"","background-media":"","overlay-type":"","overlay-color":"","overlay-opacity":"","overlay-gradient":""},"tablet":{"background-color":"","background-image":"","background-repeat":"repeat","background-position":"center center","background-size":"auto","background-attachment":"scroll","background-type":"","background-media":"","overlay-type":"","overlay-color":"","overlay-opacity":"","overlay-gradient":""},"mobile":{"background-color":"","background-image":"","background-repeat":"repeat","background-position":"center center","background-size":"auto","background-attachment":"scroll","background-type":"","background-media":"","overlay-type":"","overlay-color":"","overlay-opacity":"","overlay-gradient":""}},"ast-content-background-meta":{"desktop":{"background-color":"var(--ast-global-color-4)","background-image":"","background-repeat":"repeat","background-position":"center center","background-size":"auto","background-attachment":"scroll","background-type":"","background-media":"","overlay-type":"","overlay-color":"","overlay-opacity":"","overlay-gradient":""},"tablet":{"background-color":"var(--ast-global-color-4)","background-image":"","background-repeat":"repeat","background-position":"center center","background-size":"auto","background-attachment":"scroll","background-type":"","background-media":"","overlay-type":"","overlay-color":"","overlay-opacity":"","overlay-gradient":""},"mobile":{"background-color":"var(--ast-global-color-4)","background-image":"","background-repeat":"repeat","background-position":"center center","background-size":"auto","background-attachment":"scroll","background-type":"","background-media":"","overlay-type":"","overlay-color":"","overlay-opacity":"","overlay-gradient":""}},"footnotes":""},"categories":[1],"tags":[],"class_list":["post-2004","post","type-post","status-publish","format-standard","hentry","category-sem-categoria"],"yoast_head":"<!-- This site is optimized with the Yoast SEO plugin v26.6 - https:\/\/yoast.com\/wordpress\/plugins\/seo\/ -->\n<title>Uns n\u00e3o querem e outros n\u00e3o sabem!... - Joaquim Haickel<\/title>\n<meta name=\"robots\" content=\"index, follow, max-snippet:-1, max-image-preview:large, max-video-preview:-1\" \/>\n<link rel=\"canonical\" href=\"https:\/\/www.blogsoestado.com\/joaquimhaickel\/2018\/06\/30\/uns-nao-querem-e-outros-nao-sabem\/\" \/>\n<meta property=\"og:locale\" content=\"pt_BR\" \/>\n<meta property=\"og:type\" content=\"article\" \/>\n<meta property=\"og:title\" content=\"Uns n\u00e3o querem e outros n\u00e3o sabem!... - Joaquim Haickel\" \/>\n<meta property=\"og:description\" content=\"A recente crise interna do grupo Sarney no que diz respeito \u00e0s candidaturas ao Senado, mais que expor os problemas [&hellip;]\" \/>\n<meta property=\"og:url\" content=\"https:\/\/www.blogsoestado.com\/joaquimhaickel\/2018\/06\/30\/uns-nao-querem-e-outros-nao-sabem\/\" \/>\n<meta property=\"og:site_name\" content=\"Joaquim Haickel\" \/>\n<meta property=\"article:published_time\" content=\"2018-06-30T04:44:45+00:00\" \/>\n<meta property=\"og:image\" content=\"https:\/\/www.blogsoestado.com\/joaquimhaickel\/wp-content\/uploads\/sites\/6\/2018\/06\/images7-1.jpg\" \/>\n<meta name=\"author\" content=\"Joaquim Haickel\" \/>\n<meta name=\"twitter:card\" content=\"summary_large_image\" \/>\n<meta name=\"twitter:label1\" content=\"Escrito por\" \/>\n\t<meta name=\"twitter:data1\" content=\"Joaquim Haickel\" \/>\n\t<meta name=\"twitter:label2\" content=\"Est. tempo de leitura\" \/>\n\t<meta name=\"twitter:data2\" content=\"3 minutos\" \/>\n<script type=\"application\/ld+json\" class=\"yoast-schema-graph\">{\"@context\":\"https:\/\/schema.org\",\"@graph\":[{\"@type\":\"WebPage\",\"@id\":\"https:\/\/www.blogsoestado.com\/joaquimhaickel\/2018\/06\/30\/uns-nao-querem-e-outros-nao-sabem\/\",\"url\":\"https:\/\/www.blogsoestado.com\/joaquimhaickel\/2018\/06\/30\/uns-nao-querem-e-outros-nao-sabem\/\",\"name\":\"Uns n\u00e3o querem e outros n\u00e3o sabem!... - Joaquim Haickel\",\"isPartOf\":{\"@id\":\"https:\/\/www.blogsoestado.com\/joaquimhaickel\/#website\"},\"primaryImageOfPage\":{\"@id\":\"https:\/\/www.blogsoestado.com\/joaquimhaickel\/2018\/06\/30\/uns-nao-querem-e-outros-nao-sabem\/#primaryimage\"},\"image\":{\"@id\":\"https:\/\/www.blogsoestado.com\/joaquimhaickel\/2018\/06\/30\/uns-nao-querem-e-outros-nao-sabem\/#primaryimage\"},\"thumbnailUrl\":\"https:\/\/www.blogsoestado.com\/joaquimhaickel\/wp-content\/uploads\/sites\/6\/2018\/06\/images7-1.jpg\",\"datePublished\":\"2018-06-30T04:44:45+00:00\",\"author\":{\"@id\":\"https:\/\/www.blogsoestado.com\/joaquimhaickel\/#\/schema\/person\/4a711644aff28245c6c2c3452d66d325\"},\"breadcrumb\":{\"@id\":\"https:\/\/www.blogsoestado.com\/joaquimhaickel\/2018\/06\/30\/uns-nao-querem-e-outros-nao-sabem\/#breadcrumb\"},\"inLanguage\":\"pt-BR\",\"potentialAction\":[{\"@type\":\"ReadAction\",\"target\":[\"https:\/\/www.blogsoestado.com\/joaquimhaickel\/2018\/06\/30\/uns-nao-querem-e-outros-nao-sabem\/\"]}]},{\"@type\":\"ImageObject\",\"inLanguage\":\"pt-BR\",\"@id\":\"https:\/\/www.blogsoestado.com\/joaquimhaickel\/2018\/06\/30\/uns-nao-querem-e-outros-nao-sabem\/#primaryimage\",\"url\":\"https:\/\/www.blogsoestado.com\/joaquimhaickel\/wp-content\/uploads\/sites\/6\/2018\/06\/images7-1.jpg\",\"contentUrl\":\"https:\/\/www.blogsoestado.com\/joaquimhaickel\/wp-content\/uploads\/sites\/6\/2018\/06\/images7-1.jpg\",\"width\":225,\"height\":225},{\"@type\":\"BreadcrumbList\",\"@id\":\"https:\/\/www.blogsoestado.com\/joaquimhaickel\/2018\/06\/30\/uns-nao-querem-e-outros-nao-sabem\/#breadcrumb\",\"itemListElement\":[{\"@type\":\"ListItem\",\"position\":1,\"name\":\"In\u00edcio\",\"item\":\"https:\/\/www.blogsoestado.com\/joaquimhaickel\/\"},{\"@type\":\"ListItem\",\"position\":2,\"name\":\"Uns n\u00e3o querem e outros n\u00e3o sabem!&#8230;\"}]},{\"@type\":\"WebSite\",\"@id\":\"https:\/\/www.blogsoestado.com\/joaquimhaickel\/#website\",\"url\":\"https:\/\/www.blogsoestado.com\/joaquimhaickel\/\",\"name\":\"Joaquim Haickel\",\"description\":\"\",\"potentialAction\":[{\"@type\":\"SearchAction\",\"target\":{\"@type\":\"EntryPoint\",\"urlTemplate\":\"https:\/\/www.blogsoestado.com\/joaquimhaickel\/?s={search_term_string}\"},\"query-input\":{\"@type\":\"PropertyValueSpecification\",\"valueRequired\":true,\"valueName\":\"search_term_string\"}}],\"inLanguage\":\"pt-BR\"},{\"@type\":\"Person\",\"@id\":\"https:\/\/www.blogsoestado.com\/joaquimhaickel\/#\/schema\/person\/4a711644aff28245c6c2c3452d66d325\",\"name\":\"Joaquim Haickel\",\"image\":{\"@type\":\"ImageObject\",\"inLanguage\":\"pt-BR\",\"@id\":\"https:\/\/www.blogsoestado.com\/joaquimhaickel\/#\/schema\/person\/image\/\",\"url\":\"https:\/\/secure.gravatar.com\/avatar\/473d89339b9f8ec089adb8d5778363eb5a2ba2319956bcf0298bfd8cca04684a?s=96&d=mm&r=g\",\"contentUrl\":\"https:\/\/secure.gravatar.com\/avatar\/473d89339b9f8ec089adb8d5778363eb5a2ba2319956bcf0298bfd8cca04684a?s=96&d=mm&r=g\",\"caption\":\"Joaquim Haickel\"},\"url\":\"https:\/\/www.blogsoestado.com\/joaquimhaickel\/author\/joaquimhaickel\/\"}]}<\/script>\n<!-- \/ Yoast SEO plugin. -->","yoast_head_json":{"title":"Uns n\u00e3o querem e outros n\u00e3o sabem!... - Joaquim Haickel","robots":{"index":"index","follow":"follow","max-snippet":"max-snippet:-1","max-image-preview":"max-image-preview:large","max-video-preview":"max-video-preview:-1"},"canonical":"https:\/\/www.blogsoestado.com\/joaquimhaickel\/2018\/06\/30\/uns-nao-querem-e-outros-nao-sabem\/","og_locale":"pt_BR","og_type":"article","og_title":"Uns n\u00e3o querem e outros n\u00e3o sabem!... - Joaquim Haickel","og_description":"A recente crise interna do grupo Sarney no que diz respeito \u00e0s candidaturas ao Senado, mais que expor os problemas [&hellip;]","og_url":"https:\/\/www.blogsoestado.com\/joaquimhaickel\/2018\/06\/30\/uns-nao-querem-e-outros-nao-sabem\/","og_site_name":"Joaquim Haickel","article_published_time":"2018-06-30T04:44:45+00:00","og_image":[{"url":"https:\/\/www.blogsoestado.com\/joaquimhaickel\/wp-content\/uploads\/sites\/6\/2018\/06\/images7-1.jpg","type":"","width":"","height":""}],"author":"Joaquim Haickel","twitter_card":"summary_large_image","twitter_misc":{"Escrito por":"Joaquim Haickel","Est. tempo de leitura":"3 minutos"},"schema":{"@context":"https:\/\/schema.org","@graph":[{"@type":"WebPage","@id":"https:\/\/www.blogsoestado.com\/joaquimhaickel\/2018\/06\/30\/uns-nao-querem-e-outros-nao-sabem\/","url":"https:\/\/www.blogsoestado.com\/joaquimhaickel\/2018\/06\/30\/uns-nao-querem-e-outros-nao-sabem\/","name":"Uns n\u00e3o querem e outros n\u00e3o sabem!... - Joaquim Haickel","isPartOf":{"@id":"https:\/\/www.blogsoestado.com\/joaquimhaickel\/#website"},"primaryImageOfPage":{"@id":"https:\/\/www.blogsoestado.com\/joaquimhaickel\/2018\/06\/30\/uns-nao-querem-e-outros-nao-sabem\/#primaryimage"},"image":{"@id":"https:\/\/www.blogsoestado.com\/joaquimhaickel\/2018\/06\/30\/uns-nao-querem-e-outros-nao-sabem\/#primaryimage"},"thumbnailUrl":"https:\/\/www.blogsoestado.com\/joaquimhaickel\/wp-content\/uploads\/sites\/6\/2018\/06\/images7-1.jpg","datePublished":"2018-06-30T04:44:45+00:00","author":{"@id":"https:\/\/www.blogsoestado.com\/joaquimhaickel\/#\/schema\/person\/4a711644aff28245c6c2c3452d66d325"},"breadcrumb":{"@id":"https:\/\/www.blogsoestado.com\/joaquimhaickel\/2018\/06\/30\/uns-nao-querem-e-outros-nao-sabem\/#breadcrumb"},"inLanguage":"pt-BR","potentialAction":[{"@type":"ReadAction","target":["https:\/\/www.blogsoestado.com\/joaquimhaickel\/2018\/06\/30\/uns-nao-querem-e-outros-nao-sabem\/"]}]},{"@type":"ImageObject","inLanguage":"pt-BR","@id":"https:\/\/www.blogsoestado.com\/joaquimhaickel\/2018\/06\/30\/uns-nao-querem-e-outros-nao-sabem\/#primaryimage","url":"https:\/\/www.blogsoestado.com\/joaquimhaickel\/wp-content\/uploads\/sites\/6\/2018\/06\/images7-1.jpg","contentUrl":"https:\/\/www.blogsoestado.com\/joaquimhaickel\/wp-content\/uploads\/sites\/6\/2018\/06\/images7-1.jpg","width":225,"height":225},{"@type":"BreadcrumbList","@id":"https:\/\/www.blogsoestado.com\/joaquimhaickel\/2018\/06\/30\/uns-nao-querem-e-outros-nao-sabem\/#breadcrumb","itemListElement":[{"@type":"ListItem","position":1,"name":"In\u00edcio","item":"https:\/\/www.blogsoestado.com\/joaquimhaickel\/"},{"@type":"ListItem","position":2,"name":"Uns n\u00e3o querem e outros n\u00e3o sabem!&#8230;"}]},{"@type":"WebSite","@id":"https:\/\/www.blogsoestado.com\/joaquimhaickel\/#website","url":"https:\/\/www.blogsoestado.com\/joaquimhaickel\/","name":"Joaquim Haickel","description":"","potentialAction":[{"@type":"SearchAction","target":{"@type":"EntryPoint","urlTemplate":"https:\/\/www.blogsoestado.com\/joaquimhaickel\/?s={search_term_string}"},"query-input":{"@type":"PropertyValueSpecification","valueRequired":true,"valueName":"search_term_string"}}],"inLanguage":"pt-BR"},{"@type":"Person","@id":"https:\/\/www.blogsoestado.com\/joaquimhaickel\/#\/schema\/person\/4a711644aff28245c6c2c3452d66d325","name":"Joaquim Haickel","image":{"@type":"ImageObject","inLanguage":"pt-BR","@id":"https:\/\/www.blogsoestado.com\/joaquimhaickel\/#\/schema\/person\/image\/","url":"https:\/\/secure.gravatar.com\/avatar\/473d89339b9f8ec089adb8d5778363eb5a2ba2319956bcf0298bfd8cca04684a?s=96&d=mm&r=g","contentUrl":"https:\/\/secure.gravatar.com\/avatar\/473d89339b9f8ec089adb8d5778363eb5a2ba2319956bcf0298bfd8cca04684a?s=96&d=mm&r=g","caption":"Joaquim Haickel"},"url":"https:\/\/www.blogsoestado.com\/joaquimhaickel\/author\/joaquimhaickel\/"}]}},"jetpack_featured_media_url":"","_links":{"self":[{"href":"https:\/\/www.blogsoestado.com\/joaquimhaickel\/wp-json\/wp\/v2\/posts\/2004","targetHints":{"allow":["GET"]}}],"collection":[{"href":"https:\/\/www.blogsoestado.com\/joaquimhaickel\/wp-json\/wp\/v2\/posts"}],"about":[{"href":"https:\/\/www.blogsoestado.com\/joaquimhaickel\/wp-json\/wp\/v2\/types\/post"}],"author":[{"embeddable":true,"href":"https:\/\/www.blogsoestado.com\/joaquimhaickel\/wp-json\/wp\/v2\/users\/7"}],"replies":[{"embeddable":true,"href":"https:\/\/www.blogsoestado.com\/joaquimhaickel\/wp-json\/wp\/v2\/comments?post=2004"}],"version-history":[{"count":0,"href":"https:\/\/www.blogsoestado.com\/joaquimhaickel\/wp-json\/wp\/v2\/posts\/2004\/revisions"}],"wp:attachment":[{"href":"https:\/\/www.blogsoestado.com\/joaquimhaickel\/wp-json\/wp\/v2\/media?parent=2004"}],"wp:term":[{"taxonomy":"category","embeddable":true,"href":"https:\/\/www.blogsoestado.com\/joaquimhaickel\/wp-json\/wp\/v2\/categories?post=2004"},{"taxonomy":"post_tag","embeddable":true,"href":"https:\/\/www.blogsoestado.com\/joaquimhaickel\/wp-json\/wp\/v2\/tags?post=2004"}],"curies":[{"name":"wp","href":"https:\/\/api.w.org\/{rel}","templated":true}]}}