{"id":2050,"date":"2018-10-08T09:08:59","date_gmt":"2018-10-08T12:08:59","guid":{"rendered":"https:\/\/www.blogsoestado.com\/joaquimhaickel\/?p=2050"},"modified":"2018-10-08T09:08:59","modified_gmt":"2018-10-08T12:08:59","slug":"de-como-os-erros-do-passado-determinam-o-futuro","status":"publish","type":"post","link":"https:\/\/www.blogsoestado.com\/joaquimhaickel\/2018\/10\/08\/de-como-os-erros-do-passado-determinam-o-futuro\/","title":{"rendered":"De como os erros do passado determinam o futuro"},"content":{"rendered":"<p><a href=\"https:\/\/www.blogsoestado.com\/joaquimhaickel\/wp-content\/uploads\/sites\/6\/2018\/10\/ghgjhjj-1.jpg\"><img decoding=\"async\" class=\"alignnone size-medium wp-image-2051\" src=\"https:\/\/www.blogsoestado.com\/joaquimhaickel\/wp-content\/uploads\/sites\/6\/2018\/10\/ghgjhjj-1-300x125.jpg\" alt=\"\" width=\"300\" height=\"125\" srcset=\"https:\/\/www.blogsoestado.com\/joaquimhaickel\/wp-content\/uploads\/sites\/6\/2018\/10\/ghgjhjj-1-300x125.jpg 300w, https:\/\/www.blogsoestado.com\/joaquimhaickel\/wp-content\/uploads\/sites\/6\/2018\/10\/ghgjhjj-1.jpg 349w\" sizes=\"(max-width: 300px) 100vw, 300px\" \/><\/a><\/p>\n<p>Na verdade eu nem precisaria desenvolver o texto que voc\u00ea, tudo indica, vai ler a seguir, uma vez que o t\u00edtulo dele resume e explica pontual, objetiva, filos\u00f3fica e pragmaticamente, tudo!<\/p>\n<p>Entre os princ\u00edpios b\u00e1sicos da f\u00edsica, est\u00e1 a incapacidade do tempo parar ou dele retroceder, ou mesmo de viajarmos atrav\u00e9s dele, apesar da fic\u00e7\u00e3o cient\u00edfica insistir em criar pe\u00e7as que vira e mexe faz com que seus personagens viajem no tempo, como \u00e9 o caso do livro de 1895, \u201cA M\u00e1quina do Tempo\u201d, de HG Wells, ou do filme de Robert Zemeckis, \u201cDe volta para o futuro\u201d realizado noventa anos depois, em 1985.<\/p>\n<p>O certo \u00e9 que na realidade n\u00e3o conseguimos parar o tempo, ou viajar por ele. Se isso fosse poss\u00edvel eu iria dar passagens para duas pessoas voltarem para os idos de 2014 para que pudessem desfazer os erros imperdo\u00e1veis que cometeram.<\/p>\n<p>A primeira passagem no Expresso 2014 eu daria para Roseana Sarney, para que ela desfizesse a maior bobagem de toda sua vida pol\u00edtica, e se afastasse do mandato de governadora em tempo h\u00e1bil para concorrer ao senado, fato que certamente mudaria o futuro de todos n\u00f3s.<\/p>\n<p>Fazendo isso, do ponto de vista eminentemente pol\u00edtico, Roseana n\u00e3o garantiria a vit\u00f3ria de Lu\u00eds Fernando Silva, seu candidato naquela elei\u00e7\u00e3o, mas pelo menos garantiria sua vit\u00f3ria como senadora.<\/p>\n<p>Conhecendo Roseana como eu acredito que conhe\u00e7a, ela bem que poderia n\u00e3o aceitar meu presente e bater p\u00e9 para fazer a tolice que acabou fazendo. Assim sendo eu daria o outro bilhete de viagem no Expresso 2014 para meu querido amigo Edson Lob\u00e3o Filho.<\/p>\n<p>Edinho jamais poderia ter aceitado ser candidato a governador naquelas circunst\u00e2ncias! Ele acabara de sair de quase um m\u00eas de coma! Ele tinha obriga\u00e7\u00e3o de ter autocr\u00edtica e saber que quando a esmola \u00e9 demais, se o santo n\u00e3o desconfiar, o sacrist\u00e3o tem obriga\u00e7\u00e3o de ficar atento, pois algo de errado certamente h\u00e1!<\/p>\n<p>Como Roseana n\u00e3o se habilitou a disputar o senado naquela ocasi\u00e3o, Edinho deveria ter se candidatado, deixando Gast\u00e3o Vieira, at\u00e9 ent\u00e3o deputado e ministro, que desejava muito concorrer ao governo, o s\u00ea-lo. Posso estar enganado, mas tenho quase certeza que para senador Lob\u00e3o Filho teria naquela ocasi\u00e3o vencido Roberto Rocha, e agora, em 2018, talvez tivesse alguma chance de competir contra Fl\u00e1vio Dino. Alertei a todos quanto a isso naquela ocasi\u00e3o.<\/p>\n<p>Resumindo para quem possa ter ficado confuso: A elei\u00e7\u00e3o de 2018 foi decidida no momento em que erros, imperdo\u00e1veis, foram cometidos em 2014. Erro de n\u00e3o termos elegido Lu\u00eds Fernando na Assembleia Legislativa como substituto legal de Roseana, uma vez que seu vice-governador assumiu um cargo no Tribunal de Contas; Erro, de mesmo n\u00e3o sendo poss\u00edvel realizar a a\u00e7\u00e3o anterior, n\u00e3o se desincompatibilizar e se candidatar ao senado, estando praticamente eleita e podendo hoje estar mais forte; Erro, de ter aceitado ser candidato a governador sem a menor chance de vencer; Erro, de ao inv\u00e9s de se candidatar ao governo, concorrer ao senado, onde certamente sairia vitorioso.<\/p>\n<p>Tantos erros assim, praticados por pessoas que tinham a obriga\u00e7\u00e3o de jamais comet\u00ea-los, causaram ao Maranh\u00e3o um governo hip\u00f3crita, arrogante, prepotente, sect\u00e1rio, manique\u00edsta, messi\u00e2nico, tir\u00e2nico e perseguidor.<\/p>\n<p>Que fique claro, portanto, que a derrota na elei\u00e7\u00e3o deste ano de 2018, foi sacramentada pelos erros cometidos por soberba, inapet\u00eancia e vaidade, nos idos de 2014.<\/p>\n<p>Pensando bem, poderia conseguir inclusive um bilhete para viagem no tempo para Eduardo Braide, que cometeu outro erro imperdo\u00e1vel, esse em 2016, ao rejeitar apoio eleitoral em sua campanha pela prefeitura de S\u00e3o Lu\u00eds, fato que culminou com sua derrota e s\u00f3 fortaleceu o PC do B e o PDT.<\/p>\n<p>Quanto aos erros cometidos na elei\u00e7\u00e3o de 2018, estes ficam por conta, \u00fanica e exclusivamente, da tola insist\u00eancia de Roberto Rocha querer ser candidato a governador, quando deveria ter apoiado Eduardo Braide para concorrer ao cargo, fato que certamente levaria \u00e0 elei\u00e7\u00e3o para o segundo turno.<\/p>\n<p>&nbsp;<\/p>\n<p>PS1: Saiba voc\u00ea que me l\u00ea agora que este texto, foi concebido e escrito no dia 2 de setembro passado para ser publicado exatamente na data de hoje, 8 de outubro de 2018. Logo, ele n\u00e3o \u00e9 um mero reflexo do resultado da elei\u00e7\u00e3o de ontem no Maranh\u00e3o. Este texto \u00e9 na verdade a reafirma\u00e7\u00e3o de opini\u00f5es datadas de mais de quatro anos, ele \u00e9 uma reflex\u00e3o sobre a falta de aptid\u00e3o para a pr\u00e1tica eficiente, eficaz e efetiva da pol\u00edtica.<\/p>\n<p>PS2: Voc\u00ea pode imaginar que eu n\u00e3o esteja falando a verdade quanto ao fato de ter escrito esse texto h\u00e1 mais de um m\u00eas, mas comentei sobre ele com diversos amigos e disse a eles que o publicaria depois da elei\u00e7\u00e3o. Eles podem confirmar!&#8230;<\/p>\n<p>&nbsp;<\/p>\n","protected":false},"excerpt":{"rendered":"<p>Na verdade eu nem precisaria desenvolver o texto que voc\u00ea, tudo indica, vai ler a seguir, uma vez que o [&hellip;]<\/p>\n","protected":false},"author":7,"featured_media":0,"comment_status":"open","ping_status":"open","sticky":false,"template":"","format":"standard","meta":{"site-sidebar-layout":"default","site-content-layout":"","ast-site-content-layout":"default","site-content-style":"default","site-sidebar-style":"default","ast-global-header-display":"","ast-banner-title-visibility":"","ast-main-header-display":"","ast-hfb-above-header-display":"","ast-hfb-below-header-display":"","ast-hfb-mobile-header-display":"","site-post-title":"","ast-breadcrumbs-content":"","ast-featured-img":"","footer-sml-layout":"","ast-disable-related-posts":"","theme-transparent-header-meta":"","adv-header-id-meta":"","stick-header-meta":"","header-above-stick-meta":"","header-main-stick-meta":"","header-below-stick-meta":"","astra-migrate-meta-layouts":"default","ast-page-background-enabled":"default","ast-page-background-meta":{"desktop":{"background-color":"var(--ast-global-color-5)","background-image":"","background-repeat":"repeat","background-position":"center center","background-size":"auto","background-attachment":"scroll","background-type":"","background-media":"","overlay-type":"","overlay-color":"","overlay-opacity":"","overlay-gradient":""},"tablet":{"background-color":"","background-image":"","background-repeat":"repeat","background-position":"center center","background-size":"auto","background-attachment":"scroll","background-type":"","background-media":"","overlay-type":"","overlay-color":"","overlay-opacity":"","overlay-gradient":""},"mobile":{"background-color":"","background-image":"","background-repeat":"repeat","background-position":"center center","background-size":"auto","background-attachment":"scroll","background-type":"","background-media":"","overlay-type":"","overlay-color":"","overlay-opacity":"","overlay-gradient":""}},"ast-content-background-meta":{"desktop":{"background-color":"var(--ast-global-color-4)","background-image":"","background-repeat":"repeat","background-position":"center center","background-size":"auto","background-attachment":"scroll","background-type":"","background-media":"","overlay-type":"","overlay-color":"","overlay-opacity":"","overlay-gradient":""},"tablet":{"background-color":"var(--ast-global-color-4)","background-image":"","background-repeat":"repeat","background-position":"center center","background-size":"auto","background-attachment":"scroll","background-type":"","background-media":"","overlay-type":"","overlay-color":"","overlay-opacity":"","overlay-gradient":""},"mobile":{"background-color":"var(--ast-global-color-4)","background-image":"","background-repeat":"repeat","background-position":"center center","background-size":"auto","background-attachment":"scroll","background-type":"","background-media":"","overlay-type":"","overlay-color":"","overlay-opacity":"","overlay-gradient":""}},"footnotes":""},"categories":[1],"tags":[],"class_list":["post-2050","post","type-post","status-publish","format-standard","hentry","category-sem-categoria"],"yoast_head":"<!-- This site is optimized with the Yoast SEO plugin v26.6 - https:\/\/yoast.com\/wordpress\/plugins\/seo\/ -->\n<title>De como os erros do passado determinam o futuro - Joaquim Haickel<\/title>\n<meta name=\"robots\" content=\"index, follow, max-snippet:-1, max-image-preview:large, max-video-preview:-1\" \/>\n<link rel=\"canonical\" href=\"https:\/\/www.blogsoestado.com\/joaquimhaickel\/2018\/10\/08\/de-como-os-erros-do-passado-determinam-o-futuro\/\" \/>\n<meta property=\"og:locale\" content=\"pt_BR\" \/>\n<meta property=\"og:type\" content=\"article\" \/>\n<meta property=\"og:title\" content=\"De como os erros do passado determinam o futuro - Joaquim Haickel\" \/>\n<meta property=\"og:description\" content=\"Na verdade eu nem precisaria desenvolver o texto que voc\u00ea, tudo indica, vai ler a seguir, uma vez que o [&hellip;]\" \/>\n<meta property=\"og:url\" content=\"https:\/\/www.blogsoestado.com\/joaquimhaickel\/2018\/10\/08\/de-como-os-erros-do-passado-determinam-o-futuro\/\" \/>\n<meta property=\"og:site_name\" content=\"Joaquim Haickel\" \/>\n<meta property=\"article:published_time\" content=\"2018-10-08T12:08:59+00:00\" \/>\n<meta property=\"og:image\" content=\"https:\/\/www.blogsoestado.com\/joaquimhaickel\/wp-content\/uploads\/sites\/6\/2018\/10\/ghgjhjj-1-300x125.jpg\" \/>\n<meta name=\"author\" content=\"Joaquim Haickel\" \/>\n<meta name=\"twitter:card\" content=\"summary_large_image\" \/>\n<meta name=\"twitter:label1\" content=\"Escrito por\" \/>\n\t<meta name=\"twitter:data1\" content=\"Joaquim Haickel\" \/>\n\t<meta name=\"twitter:label2\" content=\"Est. tempo de leitura\" \/>\n\t<meta name=\"twitter:data2\" content=\"4 minutos\" \/>\n<script type=\"application\/ld+json\" class=\"yoast-schema-graph\">{\"@context\":\"https:\/\/schema.org\",\"@graph\":[{\"@type\":\"WebPage\",\"@id\":\"https:\/\/www.blogsoestado.com\/joaquimhaickel\/2018\/10\/08\/de-como-os-erros-do-passado-determinam-o-futuro\/\",\"url\":\"https:\/\/www.blogsoestado.com\/joaquimhaickel\/2018\/10\/08\/de-como-os-erros-do-passado-determinam-o-futuro\/\",\"name\":\"De como os erros do passado determinam o futuro - Joaquim Haickel\",\"isPartOf\":{\"@id\":\"https:\/\/www.blogsoestado.com\/joaquimhaickel\/#website\"},\"primaryImageOfPage\":{\"@id\":\"https:\/\/www.blogsoestado.com\/joaquimhaickel\/2018\/10\/08\/de-como-os-erros-do-passado-determinam-o-futuro\/#primaryimage\"},\"image\":{\"@id\":\"https:\/\/www.blogsoestado.com\/joaquimhaickel\/2018\/10\/08\/de-como-os-erros-do-passado-determinam-o-futuro\/#primaryimage\"},\"thumbnailUrl\":\"https:\/\/www.blogsoestado.com\/joaquimhaickel\/wp-content\/uploads\/sites\/6\/2018\/10\/ghgjhjj-1-300x125.jpg\",\"datePublished\":\"2018-10-08T12:08:59+00:00\",\"author\":{\"@id\":\"https:\/\/www.blogsoestado.com\/joaquimhaickel\/#\/schema\/person\/4a711644aff28245c6c2c3452d66d325\"},\"breadcrumb\":{\"@id\":\"https:\/\/www.blogsoestado.com\/joaquimhaickel\/2018\/10\/08\/de-como-os-erros-do-passado-determinam-o-futuro\/#breadcrumb\"},\"inLanguage\":\"pt-BR\",\"potentialAction\":[{\"@type\":\"ReadAction\",\"target\":[\"https:\/\/www.blogsoestado.com\/joaquimhaickel\/2018\/10\/08\/de-como-os-erros-do-passado-determinam-o-futuro\/\"]}]},{\"@type\":\"ImageObject\",\"inLanguage\":\"pt-BR\",\"@id\":\"https:\/\/www.blogsoestado.com\/joaquimhaickel\/2018\/10\/08\/de-como-os-erros-do-passado-determinam-o-futuro\/#primaryimage\",\"url\":\"https:\/\/www.blogsoestado.com\/joaquimhaickel\/wp-content\/uploads\/sites\/6\/2018\/10\/ghgjhjj-1.jpg\",\"contentUrl\":\"https:\/\/www.blogsoestado.com\/joaquimhaickel\/wp-content\/uploads\/sites\/6\/2018\/10\/ghgjhjj-1.jpg\",\"width\":349,\"height\":145},{\"@type\":\"BreadcrumbList\",\"@id\":\"https:\/\/www.blogsoestado.com\/joaquimhaickel\/2018\/10\/08\/de-como-os-erros-do-passado-determinam-o-futuro\/#breadcrumb\",\"itemListElement\":[{\"@type\":\"ListItem\",\"position\":1,\"name\":\"In\u00edcio\",\"item\":\"https:\/\/www.blogsoestado.com\/joaquimhaickel\/\"},{\"@type\":\"ListItem\",\"position\":2,\"name\":\"De como os erros do passado determinam o futuro\"}]},{\"@type\":\"WebSite\",\"@id\":\"https:\/\/www.blogsoestado.com\/joaquimhaickel\/#website\",\"url\":\"https:\/\/www.blogsoestado.com\/joaquimhaickel\/\",\"name\":\"Joaquim Haickel\",\"description\":\"\",\"potentialAction\":[{\"@type\":\"SearchAction\",\"target\":{\"@type\":\"EntryPoint\",\"urlTemplate\":\"https:\/\/www.blogsoestado.com\/joaquimhaickel\/?s={search_term_string}\"},\"query-input\":{\"@type\":\"PropertyValueSpecification\",\"valueRequired\":true,\"valueName\":\"search_term_string\"}}],\"inLanguage\":\"pt-BR\"},{\"@type\":\"Person\",\"@id\":\"https:\/\/www.blogsoestado.com\/joaquimhaickel\/#\/schema\/person\/4a711644aff28245c6c2c3452d66d325\",\"name\":\"Joaquim Haickel\",\"image\":{\"@type\":\"ImageObject\",\"inLanguage\":\"pt-BR\",\"@id\":\"https:\/\/www.blogsoestado.com\/joaquimhaickel\/#\/schema\/person\/image\/\",\"url\":\"https:\/\/secure.gravatar.com\/avatar\/473d89339b9f8ec089adb8d5778363eb5a2ba2319956bcf0298bfd8cca04684a?s=96&d=mm&r=g\",\"contentUrl\":\"https:\/\/secure.gravatar.com\/avatar\/473d89339b9f8ec089adb8d5778363eb5a2ba2319956bcf0298bfd8cca04684a?s=96&d=mm&r=g\",\"caption\":\"Joaquim Haickel\"},\"url\":\"https:\/\/www.blogsoestado.com\/joaquimhaickel\/author\/joaquimhaickel\/\"}]}<\/script>\n<!-- \/ Yoast SEO plugin. -->","yoast_head_json":{"title":"De como os erros do passado determinam o futuro - Joaquim Haickel","robots":{"index":"index","follow":"follow","max-snippet":"max-snippet:-1","max-image-preview":"max-image-preview:large","max-video-preview":"max-video-preview:-1"},"canonical":"https:\/\/www.blogsoestado.com\/joaquimhaickel\/2018\/10\/08\/de-como-os-erros-do-passado-determinam-o-futuro\/","og_locale":"pt_BR","og_type":"article","og_title":"De como os erros do passado determinam o futuro - Joaquim Haickel","og_description":"Na verdade eu nem precisaria desenvolver o texto que voc\u00ea, tudo indica, vai ler a seguir, uma vez que o [&hellip;]","og_url":"https:\/\/www.blogsoestado.com\/joaquimhaickel\/2018\/10\/08\/de-como-os-erros-do-passado-determinam-o-futuro\/","og_site_name":"Joaquim Haickel","article_published_time":"2018-10-08T12:08:59+00:00","og_image":[{"url":"https:\/\/www.blogsoestado.com\/joaquimhaickel\/wp-content\/uploads\/sites\/6\/2018\/10\/ghgjhjj-1-300x125.jpg","type":"","width":"","height":""}],"author":"Joaquim Haickel","twitter_card":"summary_large_image","twitter_misc":{"Escrito por":"Joaquim Haickel","Est. tempo de leitura":"4 minutos"},"schema":{"@context":"https:\/\/schema.org","@graph":[{"@type":"WebPage","@id":"https:\/\/www.blogsoestado.com\/joaquimhaickel\/2018\/10\/08\/de-como-os-erros-do-passado-determinam-o-futuro\/","url":"https:\/\/www.blogsoestado.com\/joaquimhaickel\/2018\/10\/08\/de-como-os-erros-do-passado-determinam-o-futuro\/","name":"De como os erros do passado determinam o futuro - Joaquim Haickel","isPartOf":{"@id":"https:\/\/www.blogsoestado.com\/joaquimhaickel\/#website"},"primaryImageOfPage":{"@id":"https:\/\/www.blogsoestado.com\/joaquimhaickel\/2018\/10\/08\/de-como-os-erros-do-passado-determinam-o-futuro\/#primaryimage"},"image":{"@id":"https:\/\/www.blogsoestado.com\/joaquimhaickel\/2018\/10\/08\/de-como-os-erros-do-passado-determinam-o-futuro\/#primaryimage"},"thumbnailUrl":"https:\/\/www.blogsoestado.com\/joaquimhaickel\/wp-content\/uploads\/sites\/6\/2018\/10\/ghgjhjj-1-300x125.jpg","datePublished":"2018-10-08T12:08:59+00:00","author":{"@id":"https:\/\/www.blogsoestado.com\/joaquimhaickel\/#\/schema\/person\/4a711644aff28245c6c2c3452d66d325"},"breadcrumb":{"@id":"https:\/\/www.blogsoestado.com\/joaquimhaickel\/2018\/10\/08\/de-como-os-erros-do-passado-determinam-o-futuro\/#breadcrumb"},"inLanguage":"pt-BR","potentialAction":[{"@type":"ReadAction","target":["https:\/\/www.blogsoestado.com\/joaquimhaickel\/2018\/10\/08\/de-como-os-erros-do-passado-determinam-o-futuro\/"]}]},{"@type":"ImageObject","inLanguage":"pt-BR","@id":"https:\/\/www.blogsoestado.com\/joaquimhaickel\/2018\/10\/08\/de-como-os-erros-do-passado-determinam-o-futuro\/#primaryimage","url":"https:\/\/www.blogsoestado.com\/joaquimhaickel\/wp-content\/uploads\/sites\/6\/2018\/10\/ghgjhjj-1.jpg","contentUrl":"https:\/\/www.blogsoestado.com\/joaquimhaickel\/wp-content\/uploads\/sites\/6\/2018\/10\/ghgjhjj-1.jpg","width":349,"height":145},{"@type":"BreadcrumbList","@id":"https:\/\/www.blogsoestado.com\/joaquimhaickel\/2018\/10\/08\/de-como-os-erros-do-passado-determinam-o-futuro\/#breadcrumb","itemListElement":[{"@type":"ListItem","position":1,"name":"In\u00edcio","item":"https:\/\/www.blogsoestado.com\/joaquimhaickel\/"},{"@type":"ListItem","position":2,"name":"De como os erros do passado determinam o futuro"}]},{"@type":"WebSite","@id":"https:\/\/www.blogsoestado.com\/joaquimhaickel\/#website","url":"https:\/\/www.blogsoestado.com\/joaquimhaickel\/","name":"Joaquim Haickel","description":"","potentialAction":[{"@type":"SearchAction","target":{"@type":"EntryPoint","urlTemplate":"https:\/\/www.blogsoestado.com\/joaquimhaickel\/?s={search_term_string}"},"query-input":{"@type":"PropertyValueSpecification","valueRequired":true,"valueName":"search_term_string"}}],"inLanguage":"pt-BR"},{"@type":"Person","@id":"https:\/\/www.blogsoestado.com\/joaquimhaickel\/#\/schema\/person\/4a711644aff28245c6c2c3452d66d325","name":"Joaquim Haickel","image":{"@type":"ImageObject","inLanguage":"pt-BR","@id":"https:\/\/www.blogsoestado.com\/joaquimhaickel\/#\/schema\/person\/image\/","url":"https:\/\/secure.gravatar.com\/avatar\/473d89339b9f8ec089adb8d5778363eb5a2ba2319956bcf0298bfd8cca04684a?s=96&d=mm&r=g","contentUrl":"https:\/\/secure.gravatar.com\/avatar\/473d89339b9f8ec089adb8d5778363eb5a2ba2319956bcf0298bfd8cca04684a?s=96&d=mm&r=g","caption":"Joaquim Haickel"},"url":"https:\/\/www.blogsoestado.com\/joaquimhaickel\/author\/joaquimhaickel\/"}]}},"jetpack_featured_media_url":"","_links":{"self":[{"href":"https:\/\/www.blogsoestado.com\/joaquimhaickel\/wp-json\/wp\/v2\/posts\/2050","targetHints":{"allow":["GET"]}}],"collection":[{"href":"https:\/\/www.blogsoestado.com\/joaquimhaickel\/wp-json\/wp\/v2\/posts"}],"about":[{"href":"https:\/\/www.blogsoestado.com\/joaquimhaickel\/wp-json\/wp\/v2\/types\/post"}],"author":[{"embeddable":true,"href":"https:\/\/www.blogsoestado.com\/joaquimhaickel\/wp-json\/wp\/v2\/users\/7"}],"replies":[{"embeddable":true,"href":"https:\/\/www.blogsoestado.com\/joaquimhaickel\/wp-json\/wp\/v2\/comments?post=2050"}],"version-history":[{"count":0,"href":"https:\/\/www.blogsoestado.com\/joaquimhaickel\/wp-json\/wp\/v2\/posts\/2050\/revisions"}],"wp:attachment":[{"href":"https:\/\/www.blogsoestado.com\/joaquimhaickel\/wp-json\/wp\/v2\/media?parent=2050"}],"wp:term":[{"taxonomy":"category","embeddable":true,"href":"https:\/\/www.blogsoestado.com\/joaquimhaickel\/wp-json\/wp\/v2\/categories?post=2050"},{"taxonomy":"post_tag","embeddable":true,"href":"https:\/\/www.blogsoestado.com\/joaquimhaickel\/wp-json\/wp\/v2\/tags?post=2050"}],"curies":[{"name":"wp","href":"https:\/\/api.w.org\/{rel}","templated":true}]}}