{"id":2058,"date":"2018-10-27T02:20:11","date_gmt":"2018-10-27T05:20:11","guid":{"rendered":"https:\/\/www.blogsoestado.com\/joaquimhaickel\/?p=2058"},"modified":"2018-10-27T02:20:11","modified_gmt":"2018-10-27T05:20:11","slug":"aval-dado-cobranca-antecipada","status":"publish","type":"post","link":"https:\/\/www.blogsoestado.com\/joaquimhaickel\/2018\/10\/27\/aval-dado-cobranca-antecipada\/","title":{"rendered":"Aval dado&#8230; Cobran\u00e7a antecipada!"},"content":{"rendered":"<p><a href=\"https:\/\/www.blogsoestado.com\/joaquimhaickel\/wp-content\/uploads\/sites\/6\/2018\/10\/readin-young-man_ignat-bednarik-1.jpg\"><img fetchpriority=\"high\" decoding=\"async\" class=\"alignnone size-medium wp-image-2059\" src=\"https:\/\/www.blogsoestado.com\/joaquimhaickel\/wp-content\/uploads\/sites\/6\/2018\/10\/readin-young-man_ignat-bednarik-1-300x279.jpg\" alt=\"\" width=\"300\" height=\"279\" srcset=\"https:\/\/www.blogsoestado.com\/joaquimhaickel\/wp-content\/uploads\/sites\/6\/2018\/10\/readin-young-man_ignat-bednarik-1-300x279.jpg 300w, https:\/\/www.blogsoestado.com\/joaquimhaickel\/wp-content\/uploads\/sites\/6\/2018\/10\/readin-young-man_ignat-bednarik-1-768x713.jpg 768w, https:\/\/www.blogsoestado.com\/joaquimhaickel\/wp-content\/uploads\/sites\/6\/2018\/10\/readin-young-man_ignat-bednarik-1.jpg 1014w\" sizes=\"(max-width: 300px) 100vw, 300px\" \/><\/a><\/p>\n<p>Neste domingo, 28 de outubro de 2018, o povo brasileiro vai eleger seu futuro presidente da\u00a0Rep\u00fablica, e tudo indica que o eleito ser\u00e1 o candidato de um pequenino partido, que muitas vezes foi legenda de aluguel, servindo a interesses de outras lideran\u00e7as. Desta vez o PSL se imp\u00f4s e lan\u00e7ou um candidato que mesmo sem recursos pol\u00edticos e financeiros, serviu como ve\u00edculo que possibilitou a maioria do nosso povo embarcar em sua proposta, que n\u00e3o sendo a melhor, at\u00e9 porque nenhuma que foi colocada para julgamento eleitoral o era, acabou por tornar-se a \u00fanica esperan\u00e7a dos brasileiros, de dizer um retumbante N\u00c3O, um BASTA ao grupo de esquerdistas compulsivos e doentios, que inclui o PT, o PC do B, o Psol dentre outros.<\/p>\n<p>Em seu favor, o ainda hoje candidato, tem o fato de o povo ter se identificado com suas posi\u00e7\u00f5es, contr\u00e1rias \u00e0 roubalheira e favor\u00e1veis \u00e0 reconstru\u00e7\u00e3o de nossa sociedade, que foi destru\u00edda pelo aparelhamento e a doutrina\u00e7\u00e3o gramschista de suas institui\u00e7\u00f5es.<\/p>\n<p>Quando for proclamado o resultado da elei\u00e7\u00e3o, tudo indica que Jair Bolsonaro ter\u00e1 sido eleito pelo soberano desejo do povo brasileiro. \u00c9 bem verdade que isso se dar\u00e1, menos por seus m\u00e9ritos e mais pelos inaceit\u00e1veis dem\u00e9ritos de seus advers\u00e1rios.<\/p>\n<p>\u00c9 exatamente aqui que sustento o meu texto. Nele, desejo chamar a aten\u00e7\u00e3o do senhor futuro presidente, o ainda deputado Jair Bolsonaro, que como diriam algumas pessoas, \u201c\u00e9 melhor j\u00e1 ir se acostumando\u201d com o fato deste pa\u00eds n\u00e3o ser sua caserna. O senhor n\u00e3o ser\u00e1 eleito para ser nosso capit\u00e3o, mas para ser nosso presidente da Rep\u00fablica, e como tal tem que se comportar.<\/p>\n<p>Da mesma forma como eu apoiei a sua candidatura, sempre deixando claro que a d\u00favida que pairava e ainda paira sobre sua futura administra\u00e7\u00e3o \u00e9 muito menos perigosa e nociva\u00a0do\u00a0que a certeza da continuidade da safadeza sist\u00eamica dos esquerdopatas, atrav\u00e9s do aparelhamento do estado e do desmonte das mais importantes institui\u00e7\u00f5es de nossa sociedade, como a fam\u00edlia, a escola, a igreja, a academia, a imprensa, os meios art\u00edsticos e culturais, desta mesma forma, me oporei radicalmente ao senhor ou a qualquer um que pretenda levar nosso pa\u00eds a trilhar por caminhos antidemocr\u00e1ticos.<\/p>\n<p>Sendo bastante objetivo, senhor futuro presidente, da mesma maneira que me engajei na luta para retirar do poder, o PT e seus asseclas, serei o primeiro a me alistar na luta contra quem pensar a atacar a normalidade democr\u00e1tica de nosso pa\u00eds, quem se atrever a subverter a ordem constitucional, quem agir por quaisquer meios para implantar um regime ditatorial no Brasil.<\/p>\n<p>Digo-lhe tudo isso, mas acredito na sua sinceridade de prop\u00f3sitos. Acredito que mesmo usando mal as palavras, expressando-se de maneira desajeitada e \u00e0s vezes dando margem para ser mal interpretado, o senhor honrar\u00e1 a procura\u00e7\u00e3o que tudo indica mais de 60% do povo brasileiro lhe outorgar\u00e1. Acredito que por baixo desta sua casca grossa, desta rudeza, por tr\u00e1s dessa figura que n\u00e3o faz muita quest\u00e3o de ser sutil ou polido, h\u00e1 um homem que deseja entrar para\u00a0a\u00a0hist\u00f3ria do Brasil como algu\u00e9m que fez de tudo por nossa gente. Acredito que algu\u00e9m que morreria pela p\u00e1tria, n\u00e3o ira querer entrar para sua hist\u00f3ria como um louco usurpador.<\/p>\n<p>Reservo o \u00faltimo par\u00e1grafo desta fatura, para me dirigir \u00e0queles que chamaram a mim e a outras pessoas de fascistas, por preferirmos nos aventurar consigo que continuarmos a ver nosso pa\u00eds submerso na lama da desfa\u00e7atez e da corrup\u00e7\u00e3o. Digo a eles:\u00a0fascistas s\u00e3o voc\u00eas, por n\u00e3o aceitarem nem admitirem a livre diversidade de pensamento, e reafirmo que minha posi\u00e7\u00e3o sempre foi, \u00e9, e ser\u00e1 ao lado do regime democr\u00e1tico e atrav\u00e9s de um governo republicano.<\/p>\n<p>&nbsp;<\/p>\n","protected":false},"excerpt":{"rendered":"<p>Neste domingo, 28 de outubro de 2018, o povo brasileiro vai eleger seu futuro presidente da\u00a0Rep\u00fablica, e tudo indica que [&hellip;]<\/p>\n","protected":false},"author":7,"featured_media":0,"comment_status":"open","ping_status":"open","sticky":false,"template":"","format":"standard","meta":{"site-sidebar-layout":"default","site-content-layout":"","ast-site-content-layout":"default","site-content-style":"default","site-sidebar-style":"default","ast-global-header-display":"","ast-banner-title-visibility":"","ast-main-header-display":"","ast-hfb-above-header-display":"","ast-hfb-below-header-display":"","ast-hfb-mobile-header-display":"","site-post-title":"","ast-breadcrumbs-content":"","ast-featured-img":"","footer-sml-layout":"","ast-disable-related-posts":"","theme-transparent-header-meta":"","adv-header-id-meta":"","stick-header-meta":"","header-above-stick-meta":"","header-main-stick-meta":"","header-below-stick-meta":"","astra-migrate-meta-layouts":"default","ast-page-background-enabled":"default","ast-page-background-meta":{"desktop":{"background-color":"var(--ast-global-color-5)","background-image":"","background-repeat":"repeat","background-position":"center center","background-size":"auto","background-attachment":"scroll","background-type":"","background-media":"","overlay-type":"","overlay-color":"","overlay-opacity":"","overlay-gradient":""},"tablet":{"background-color":"","background-image":"","background-repeat":"repeat","background-position":"center center","background-size":"auto","background-attachment":"scroll","background-type":"","background-media":"","overlay-type":"","overlay-color":"","overlay-opacity":"","overlay-gradient":""},"mobile":{"background-color":"","background-image":"","background-repeat":"repeat","background-position":"center center","background-size":"auto","background-attachment":"scroll","background-type":"","background-media":"","overlay-type":"","overlay-color":"","overlay-opacity":"","overlay-gradient":""}},"ast-content-background-meta":{"desktop":{"background-color":"var(--ast-global-color-4)","background-image":"","background-repeat":"repeat","background-position":"center center","background-size":"auto","background-attachment":"scroll","background-type":"","background-media":"","overlay-type":"","overlay-color":"","overlay-opacity":"","overlay-gradient":""},"tablet":{"background-color":"var(--ast-global-color-4)","background-image":"","background-repeat":"repeat","background-position":"center center","background-size":"auto","background-attachment":"scroll","background-type":"","background-media":"","overlay-type":"","overlay-color":"","overlay-opacity":"","overlay-gradient":""},"mobile":{"background-color":"var(--ast-global-color-4)","background-image":"","background-repeat":"repeat","background-position":"center center","background-size":"auto","background-attachment":"scroll","background-type":"","background-media":"","overlay-type":"","overlay-color":"","overlay-opacity":"","overlay-gradient":""}},"footnotes":""},"categories":[1],"tags":[],"class_list":["post-2058","post","type-post","status-publish","format-standard","hentry","category-sem-categoria"],"yoast_head":"<!-- This site is optimized with the Yoast SEO plugin v26.6 - https:\/\/yoast.com\/wordpress\/plugins\/seo\/ -->\n<title>Aval dado... Cobran\u00e7a antecipada! - Joaquim Haickel<\/title>\n<meta name=\"robots\" content=\"index, follow, max-snippet:-1, max-image-preview:large, max-video-preview:-1\" \/>\n<link rel=\"canonical\" href=\"https:\/\/www.blogsoestado.com\/joaquimhaickel\/2018\/10\/27\/aval-dado-cobranca-antecipada\/\" \/>\n<meta property=\"og:locale\" content=\"pt_BR\" \/>\n<meta property=\"og:type\" content=\"article\" \/>\n<meta property=\"og:title\" content=\"Aval dado... Cobran\u00e7a antecipada! - Joaquim Haickel\" \/>\n<meta property=\"og:description\" content=\"Neste domingo, 28 de outubro de 2018, o povo brasileiro vai eleger seu futuro presidente da\u00a0Rep\u00fablica, e tudo indica que [&hellip;]\" \/>\n<meta property=\"og:url\" content=\"https:\/\/www.blogsoestado.com\/joaquimhaickel\/2018\/10\/27\/aval-dado-cobranca-antecipada\/\" \/>\n<meta property=\"og:site_name\" content=\"Joaquim Haickel\" \/>\n<meta property=\"article:published_time\" content=\"2018-10-27T05:20:11+00:00\" \/>\n<meta property=\"og:image\" content=\"https:\/\/www.blogsoestado.com\/joaquimhaickel\/wp-content\/uploads\/sites\/6\/2018\/10\/readin-young-man_ignat-bednarik-1-300x279.jpg\" \/>\n<meta name=\"author\" content=\"Joaquim Haickel\" \/>\n<meta name=\"twitter:card\" content=\"summary_large_image\" \/>\n<meta name=\"twitter:label1\" content=\"Escrito por\" \/>\n\t<meta name=\"twitter:data1\" content=\"Joaquim Haickel\" \/>\n\t<meta name=\"twitter:label2\" content=\"Est. tempo de leitura\" \/>\n\t<meta name=\"twitter:data2\" content=\"3 minutos\" \/>\n<script type=\"application\/ld+json\" class=\"yoast-schema-graph\">{\"@context\":\"https:\/\/schema.org\",\"@graph\":[{\"@type\":\"WebPage\",\"@id\":\"https:\/\/www.blogsoestado.com\/joaquimhaickel\/2018\/10\/27\/aval-dado-cobranca-antecipada\/\",\"url\":\"https:\/\/www.blogsoestado.com\/joaquimhaickel\/2018\/10\/27\/aval-dado-cobranca-antecipada\/\",\"name\":\"Aval dado... Cobran\u00e7a antecipada! - Joaquim Haickel\",\"isPartOf\":{\"@id\":\"https:\/\/www.blogsoestado.com\/joaquimhaickel\/#website\"},\"primaryImageOfPage\":{\"@id\":\"https:\/\/www.blogsoestado.com\/joaquimhaickel\/2018\/10\/27\/aval-dado-cobranca-antecipada\/#primaryimage\"},\"image\":{\"@id\":\"https:\/\/www.blogsoestado.com\/joaquimhaickel\/2018\/10\/27\/aval-dado-cobranca-antecipada\/#primaryimage\"},\"thumbnailUrl\":\"https:\/\/www.blogsoestado.com\/joaquimhaickel\/wp-content\/uploads\/sites\/6\/2018\/10\/readin-young-man_ignat-bednarik-1-300x279.jpg\",\"datePublished\":\"2018-10-27T05:20:11+00:00\",\"author\":{\"@id\":\"https:\/\/www.blogsoestado.com\/joaquimhaickel\/#\/schema\/person\/4a711644aff28245c6c2c3452d66d325\"},\"breadcrumb\":{\"@id\":\"https:\/\/www.blogsoestado.com\/joaquimhaickel\/2018\/10\/27\/aval-dado-cobranca-antecipada\/#breadcrumb\"},\"inLanguage\":\"pt-BR\",\"potentialAction\":[{\"@type\":\"ReadAction\",\"target\":[\"https:\/\/www.blogsoestado.com\/joaquimhaickel\/2018\/10\/27\/aval-dado-cobranca-antecipada\/\"]}]},{\"@type\":\"ImageObject\",\"inLanguage\":\"pt-BR\",\"@id\":\"https:\/\/www.blogsoestado.com\/joaquimhaickel\/2018\/10\/27\/aval-dado-cobranca-antecipada\/#primaryimage\",\"url\":\"https:\/\/www.blogsoestado.com\/joaquimhaickel\/wp-content\/uploads\/sites\/6\/2018\/10\/readin-young-man_ignat-bednarik-1.jpg\",\"contentUrl\":\"https:\/\/www.blogsoestado.com\/joaquimhaickel\/wp-content\/uploads\/sites\/6\/2018\/10\/readin-young-man_ignat-bednarik-1.jpg\",\"width\":1014,\"height\":942},{\"@type\":\"BreadcrumbList\",\"@id\":\"https:\/\/www.blogsoestado.com\/joaquimhaickel\/2018\/10\/27\/aval-dado-cobranca-antecipada\/#breadcrumb\",\"itemListElement\":[{\"@type\":\"ListItem\",\"position\":1,\"name\":\"In\u00edcio\",\"item\":\"https:\/\/www.blogsoestado.com\/joaquimhaickel\/\"},{\"@type\":\"ListItem\",\"position\":2,\"name\":\"Aval dado&#8230; Cobran\u00e7a antecipada!\"}]},{\"@type\":\"WebSite\",\"@id\":\"https:\/\/www.blogsoestado.com\/joaquimhaickel\/#website\",\"url\":\"https:\/\/www.blogsoestado.com\/joaquimhaickel\/\",\"name\":\"Joaquim Haickel\",\"description\":\"\",\"potentialAction\":[{\"@type\":\"SearchAction\",\"target\":{\"@type\":\"EntryPoint\",\"urlTemplate\":\"https:\/\/www.blogsoestado.com\/joaquimhaickel\/?s={search_term_string}\"},\"query-input\":{\"@type\":\"PropertyValueSpecification\",\"valueRequired\":true,\"valueName\":\"search_term_string\"}}],\"inLanguage\":\"pt-BR\"},{\"@type\":\"Person\",\"@id\":\"https:\/\/www.blogsoestado.com\/joaquimhaickel\/#\/schema\/person\/4a711644aff28245c6c2c3452d66d325\",\"name\":\"Joaquim Haickel\",\"image\":{\"@type\":\"ImageObject\",\"inLanguage\":\"pt-BR\",\"@id\":\"https:\/\/www.blogsoestado.com\/joaquimhaickel\/#\/schema\/person\/image\/\",\"url\":\"https:\/\/secure.gravatar.com\/avatar\/473d89339b9f8ec089adb8d5778363eb5a2ba2319956bcf0298bfd8cca04684a?s=96&d=mm&r=g\",\"contentUrl\":\"https:\/\/secure.gravatar.com\/avatar\/473d89339b9f8ec089adb8d5778363eb5a2ba2319956bcf0298bfd8cca04684a?s=96&d=mm&r=g\",\"caption\":\"Joaquim Haickel\"},\"url\":\"https:\/\/www.blogsoestado.com\/joaquimhaickel\/author\/joaquimhaickel\/\"}]}<\/script>\n<!-- \/ Yoast SEO plugin. -->","yoast_head_json":{"title":"Aval dado... Cobran\u00e7a antecipada! - Joaquim Haickel","robots":{"index":"index","follow":"follow","max-snippet":"max-snippet:-1","max-image-preview":"max-image-preview:large","max-video-preview":"max-video-preview:-1"},"canonical":"https:\/\/www.blogsoestado.com\/joaquimhaickel\/2018\/10\/27\/aval-dado-cobranca-antecipada\/","og_locale":"pt_BR","og_type":"article","og_title":"Aval dado... Cobran\u00e7a antecipada! - Joaquim Haickel","og_description":"Neste domingo, 28 de outubro de 2018, o povo brasileiro vai eleger seu futuro presidente da\u00a0Rep\u00fablica, e tudo indica que [&hellip;]","og_url":"https:\/\/www.blogsoestado.com\/joaquimhaickel\/2018\/10\/27\/aval-dado-cobranca-antecipada\/","og_site_name":"Joaquim Haickel","article_published_time":"2018-10-27T05:20:11+00:00","og_image":[{"url":"https:\/\/www.blogsoestado.com\/joaquimhaickel\/wp-content\/uploads\/sites\/6\/2018\/10\/readin-young-man_ignat-bednarik-1-300x279.jpg","type":"","width":"","height":""}],"author":"Joaquim Haickel","twitter_card":"summary_large_image","twitter_misc":{"Escrito por":"Joaquim Haickel","Est. tempo de leitura":"3 minutos"},"schema":{"@context":"https:\/\/schema.org","@graph":[{"@type":"WebPage","@id":"https:\/\/www.blogsoestado.com\/joaquimhaickel\/2018\/10\/27\/aval-dado-cobranca-antecipada\/","url":"https:\/\/www.blogsoestado.com\/joaquimhaickel\/2018\/10\/27\/aval-dado-cobranca-antecipada\/","name":"Aval dado... Cobran\u00e7a antecipada! - Joaquim Haickel","isPartOf":{"@id":"https:\/\/www.blogsoestado.com\/joaquimhaickel\/#website"},"primaryImageOfPage":{"@id":"https:\/\/www.blogsoestado.com\/joaquimhaickel\/2018\/10\/27\/aval-dado-cobranca-antecipada\/#primaryimage"},"image":{"@id":"https:\/\/www.blogsoestado.com\/joaquimhaickel\/2018\/10\/27\/aval-dado-cobranca-antecipada\/#primaryimage"},"thumbnailUrl":"https:\/\/www.blogsoestado.com\/joaquimhaickel\/wp-content\/uploads\/sites\/6\/2018\/10\/readin-young-man_ignat-bednarik-1-300x279.jpg","datePublished":"2018-10-27T05:20:11+00:00","author":{"@id":"https:\/\/www.blogsoestado.com\/joaquimhaickel\/#\/schema\/person\/4a711644aff28245c6c2c3452d66d325"},"breadcrumb":{"@id":"https:\/\/www.blogsoestado.com\/joaquimhaickel\/2018\/10\/27\/aval-dado-cobranca-antecipada\/#breadcrumb"},"inLanguage":"pt-BR","potentialAction":[{"@type":"ReadAction","target":["https:\/\/www.blogsoestado.com\/joaquimhaickel\/2018\/10\/27\/aval-dado-cobranca-antecipada\/"]}]},{"@type":"ImageObject","inLanguage":"pt-BR","@id":"https:\/\/www.blogsoestado.com\/joaquimhaickel\/2018\/10\/27\/aval-dado-cobranca-antecipada\/#primaryimage","url":"https:\/\/www.blogsoestado.com\/joaquimhaickel\/wp-content\/uploads\/sites\/6\/2018\/10\/readin-young-man_ignat-bednarik-1.jpg","contentUrl":"https:\/\/www.blogsoestado.com\/joaquimhaickel\/wp-content\/uploads\/sites\/6\/2018\/10\/readin-young-man_ignat-bednarik-1.jpg","width":1014,"height":942},{"@type":"BreadcrumbList","@id":"https:\/\/www.blogsoestado.com\/joaquimhaickel\/2018\/10\/27\/aval-dado-cobranca-antecipada\/#breadcrumb","itemListElement":[{"@type":"ListItem","position":1,"name":"In\u00edcio","item":"https:\/\/www.blogsoestado.com\/joaquimhaickel\/"},{"@type":"ListItem","position":2,"name":"Aval dado&#8230; Cobran\u00e7a antecipada!"}]},{"@type":"WebSite","@id":"https:\/\/www.blogsoestado.com\/joaquimhaickel\/#website","url":"https:\/\/www.blogsoestado.com\/joaquimhaickel\/","name":"Joaquim Haickel","description":"","potentialAction":[{"@type":"SearchAction","target":{"@type":"EntryPoint","urlTemplate":"https:\/\/www.blogsoestado.com\/joaquimhaickel\/?s={search_term_string}"},"query-input":{"@type":"PropertyValueSpecification","valueRequired":true,"valueName":"search_term_string"}}],"inLanguage":"pt-BR"},{"@type":"Person","@id":"https:\/\/www.blogsoestado.com\/joaquimhaickel\/#\/schema\/person\/4a711644aff28245c6c2c3452d66d325","name":"Joaquim Haickel","image":{"@type":"ImageObject","inLanguage":"pt-BR","@id":"https:\/\/www.blogsoestado.com\/joaquimhaickel\/#\/schema\/person\/image\/","url":"https:\/\/secure.gravatar.com\/avatar\/473d89339b9f8ec089adb8d5778363eb5a2ba2319956bcf0298bfd8cca04684a?s=96&d=mm&r=g","contentUrl":"https:\/\/secure.gravatar.com\/avatar\/473d89339b9f8ec089adb8d5778363eb5a2ba2319956bcf0298bfd8cca04684a?s=96&d=mm&r=g","caption":"Joaquim Haickel"},"url":"https:\/\/www.blogsoestado.com\/joaquimhaickel\/author\/joaquimhaickel\/"}]}},"jetpack_featured_media_url":"","_links":{"self":[{"href":"https:\/\/www.blogsoestado.com\/joaquimhaickel\/wp-json\/wp\/v2\/posts\/2058","targetHints":{"allow":["GET"]}}],"collection":[{"href":"https:\/\/www.blogsoestado.com\/joaquimhaickel\/wp-json\/wp\/v2\/posts"}],"about":[{"href":"https:\/\/www.blogsoestado.com\/joaquimhaickel\/wp-json\/wp\/v2\/types\/post"}],"author":[{"embeddable":true,"href":"https:\/\/www.blogsoestado.com\/joaquimhaickel\/wp-json\/wp\/v2\/users\/7"}],"replies":[{"embeddable":true,"href":"https:\/\/www.blogsoestado.com\/joaquimhaickel\/wp-json\/wp\/v2\/comments?post=2058"}],"version-history":[{"count":0,"href":"https:\/\/www.blogsoestado.com\/joaquimhaickel\/wp-json\/wp\/v2\/posts\/2058\/revisions"}],"wp:attachment":[{"href":"https:\/\/www.blogsoestado.com\/joaquimhaickel\/wp-json\/wp\/v2\/media?parent=2058"}],"wp:term":[{"taxonomy":"category","embeddable":true,"href":"https:\/\/www.blogsoestado.com\/joaquimhaickel\/wp-json\/wp\/v2\/categories?post=2058"},{"taxonomy":"post_tag","embeddable":true,"href":"https:\/\/www.blogsoestado.com\/joaquimhaickel\/wp-json\/wp\/v2\/tags?post=2058"}],"curies":[{"name":"wp","href":"https:\/\/api.w.org\/{rel}","templated":true}]}}