{"id":2201,"date":"2019-06-01T08:15:54","date_gmt":"2019-06-01T11:15:54","guid":{"rendered":"https:\/\/www.blogsoestado.com\/joaquimhaickel\/?p=2201"},"modified":"2019-06-01T08:15:54","modified_gmt":"2019-06-01T11:15:54","slug":"reforma-politica-ja","status":"publish","type":"post","link":"https:\/\/www.blogsoestado.com\/joaquimhaickel\/2019\/06\/01\/reforma-politica-ja\/","title":{"rendered":"\ufeffReforma pol\u00edtica j\u00e1!\u2026"},"content":{"rendered":"\n<figure class=\"wp-block-image\"><img fetchpriority=\"high\" decoding=\"async\" width=\"620\" height=\"455\" src=\"https:\/\/www.blogsoestado.com\/joaquimhaickel\/wp-content\/uploads\/sites\/6\/2019\/06\/obra-cimento-pa-martelo-1.jpg\" alt=\"\" class=\"wp-image-2202\" srcset=\"https:\/\/www.blogsoestado.com\/joaquimhaickel\/wp-content\/uploads\/sites\/6\/2019\/06\/obra-cimento-pa-martelo-1.jpg 620w, https:\/\/www.blogsoestado.com\/joaquimhaickel\/wp-content\/uploads\/sites\/6\/2019\/06\/obra-cimento-pa-martelo-1-300x220.jpg 300w\" sizes=\"(max-width: 620px) 100vw, 620px\" \/><\/figure>\n\n\n\n<p><strong><br><\/strong><\/p>\n\n\n\n<p>Todo mundo vive falando em reforma da previd\u00eancia, reforma\ntribut\u00e1ria e medidas de conten\u00e7\u00e3o da corrup\u00e7\u00e3o e da criminalidade, mas n\u00e3o\nescuto ningu\u00e9m falar na m\u00e3e de todas as reformas, sem a qual as demais ser\u00e3o\nin\u00f3cuas, pois sem ela o mal maior n\u00e3o ser\u00e1 combatido de forma eficiente, eficaz\ne efetiva, a reforma pol\u00edtica.<\/p>\n\n\n\n<p>Relaciono a seguir 11 pontos que em minha modesta opini\u00e3o n\u00e3o\npodem estar fora da pauta da urgente reforma pol\u00edtica que precisamos aprovar\npara que o Brasil volte a ser um pa\u00eds vi\u00e1vel.<\/p>\n\n\n\n<p>1 &#8211; Elei\u00e7\u00f5es gerais e coincidentes: Com vota\u00e7\u00e3o para\nrepresentantes populares para os poderes Legislativo federal, estaduais e\nmunicipais, num s\u00e1bado e para os candidatos a cargos dos poderes Executivo\nfederal, estaduais e municipais, no domingo imediatamente depois;<\/p>\n\n\n\n<p>2 &#8211; Mandato de seis anos para todos os cargos: Sem reelei\u00e7\u00e3o\npara os cargos executivos. Sendo que os mandatos dos senadores passar\u00e3o a ter a\nmesma dura\u00e7\u00e3o dos demais congressistas;<\/p>\n\n\n\n<p>3 &#8211; Voto universal, secreto, direto e majorit\u00e1rio para todos os\ncargos: como n\u00e3o poderia ser diferente, o voto tem que ser universal, secreto e\ndireto. A inova\u00e7\u00e3o neste quesito fica por conta do voto passar a ser\nmajorit\u00e1rio, acabando com a possibilidade de elegerem-se pessoas que n\u00e3o tenham\na devida representatividade eleitoral direta;<\/p>\n\n\n\n<p>4 &#8211; Elei\u00e7\u00f5es \u00fanicas para o Congresso: nossos representantes nas\ncasas do Congresso Nacional, Senado Federal e C\u00e2mara dos Deputados, passar\u00e3o a\nser eleitos juntos e em p\u00e9 de igualdade, s\u00f3 que os tr\u00eas congressistas mais votados\nde cada Estado ser\u00e3o eleitos senadores e os demais, ser\u00e3o eleitos deputados. Os\nsuplentes ser\u00e3o sempre os subsequentes;<\/p>\n\n\n\n<p>5 &#8211; Financiamento p\u00fablico de campanha: o financiamento das\ncampanhas eleitorais ser\u00e1 p\u00fablico, mas deve haver a possibilidade de empresas\nprivadas e pessoas f\u00edsicas contribu\u00edrem para um fundo que dever\u00e1 ser dividido,\npela Justi\u00e7a Eleitoral, entre os partidos pol\u00edticos, de uma forma a ser\nestudada, mas sempre de modo equ\u00e2nime e proporcional;<\/p>\n\n\n\n<p>6 &#8211; Fidelidade Partid\u00e1ria: o pol\u00edtico que se eleger por um\npartido s\u00f3 poder\u00e1 sair dele no final do mandato. N\u00e3o haver\u00e1 preju\u00edzo em caso de\nmudan\u00e7a partid\u00e1ria para uma nova candidatura por outro partido. No caso do voto\ndo parlamentar, este pertence a ele e \u00e0 sua consci\u00eancia, e n\u00e3o ao seu partido;<\/p>\n\n\n\n<p>7 &#8211; Uni\u00e3o, Federa\u00e7\u00e3o ou coliga\u00e7\u00e3o de partidos: deve haver a\npossibilidade de forma\u00e7\u00e3o de grupos ideol\u00f3gicos em torno de propostas pol\u00edticas\nque juntem for\u00e7a na elei\u00e7\u00e3o de seus membros, principalmente para a disputa de\ncargos executivos;<\/p>\n\n\n\n<p>8 &#8211; Cl\u00e1usula de barreira: os partidos dever\u00e3o ter um desempenho\nm\u00ednimo para continuar existindo. Esse desempenho deve respeitar os casos de\nUni\u00e3o, Federa\u00e7\u00e3o ou coliga\u00e7\u00e3o de partidos;<\/p>\n\n\n\n<p>9 &#8211; Candidaturas avulsas: estas devem ser aceitas, pois um\ncidad\u00e3o deve ter o direito de n\u00e3o desejar se filiar a nenhuma agremia\u00e7\u00e3o\npartid\u00e1ria e ainda assim vir a ser candidato a um cargo eletivo, principalmente\npelo fato da elei\u00e7\u00e3o passar a ser majorit\u00e1ria, o que nivela e igula todos os\ncandidatos independentemente de estarem em partidos ou fora deles;<\/p>\n\n\n\n<p>10 &#8211; Voto obrigat\u00f3rio: o voto facultativo s\u00f3 pode ocorrer em uma\nsociedade onde os cidad\u00e3os tenham consci\u00eancia da necessidade de votar e do \u00f4nus\nde n\u00e3o votar, de participar das decis\u00f5es sobre seus destinos ou deixar que\noutros tomem essas decis\u00f5es. Em uma sociedade fragilizada como a nossa se\nencontra, a obrigatoriedade do voto se faz necess\u00e1ria, ela \u00e9 uma etapa que n\u00e3o\npode ser simplesmente descartada na forma\u00e7\u00e3o da consci\u00eancia do cidad\u00e3o;<\/p>\n\n\n\n<p>11 &#8211; Ficha Limpa: se viv\u00e9ssemos em um pa\u00eds que tivesse uma cultura\nde respeito \u00e0s leis, esse tipo de precau\u00e7\u00e3o n\u00e3o seria necess\u00e1rio, por\u00e9m, at\u00e9\nque atinjamos este patamar, como na\u00e7\u00e3o e sociedade faz-se indispens\u00e1vel que se\nelimine peremptoriamente os que comprovadamente n\u00e3o tem capacidade de se manter\nem conformidade com as leis.<\/p>\n\n\n\n<p>Penso que algumas pessoas podem discordar de minhas opini\u00f5es\nexpressadas acima. Em defesa delas s\u00f3 tenho a dizer que s\u00e3o resultado de uma\nviv\u00eancia de mais de 40 anos na pol\u00edtica, da luta renhida entre a teoria e a\npr\u00e1tica, do inconformismo entre o que se deseja e o que \u00e9 poss\u00edvel.<\/p>\n\n\n\n<p>N\u00e3o sei o que o futuro nos reserva neste sentido, mas tenho\ncerteza que alguma coisa precisa acontecer para mudar a forma de se fazer\npol\u00edtica no Brasil. Se isso n\u00e3o ocorrer, n\u00e3o haver\u00e1 salva\u00e7\u00e3o. <\/p>\n","protected":false},"excerpt":{"rendered":"<p>Todo mundo vive falando em reforma da previd\u00eancia, reforma tribut\u00e1ria e medidas de conten\u00e7\u00e3o da corrup\u00e7\u00e3o e da criminalidade, mas [&hellip;]<\/p>\n","protected":false},"author":7,"featured_media":0,"comment_status":"open","ping_status":"open","sticky":false,"template":"","format":"standard","meta":{"site-sidebar-layout":"default","site-content-layout":"","ast-site-content-layout":"default","site-content-style":"default","site-sidebar-style":"default","ast-global-header-display":"","ast-banner-title-visibility":"","ast-main-header-display":"","ast-hfb-above-header-display":"","ast-hfb-below-header-display":"","ast-hfb-mobile-header-display":"","site-post-title":"","ast-breadcrumbs-content":"","ast-featured-img":"","footer-sml-layout":"","ast-disable-related-posts":"","theme-transparent-header-meta":"","adv-header-id-meta":"","stick-header-meta":"","header-above-stick-meta":"","header-main-stick-meta":"","header-below-stick-meta":"","astra-migrate-meta-layouts":"default","ast-page-background-enabled":"default","ast-page-background-meta":{"desktop":{"background-color":"var(--ast-global-color-5)","background-image":"","background-repeat":"repeat","background-position":"center center","background-size":"auto","background-attachment":"scroll","background-type":"","background-media":"","overlay-type":"","overlay-color":"","overlay-opacity":"","overlay-gradient":""},"tablet":{"background-color":"","background-image":"","background-repeat":"repeat","background-position":"center center","background-size":"auto","background-attachment":"scroll","background-type":"","background-media":"","overlay-type":"","overlay-color":"","overlay-opacity":"","overlay-gradient":""},"mobile":{"background-color":"","background-image":"","background-repeat":"repeat","background-position":"center center","background-size":"auto","background-attachment":"scroll","background-type":"","background-media":"","overlay-type":"","overlay-color":"","overlay-opacity":"","overlay-gradient":""}},"ast-content-background-meta":{"desktop":{"background-color":"var(--ast-global-color-4)","background-image":"","background-repeat":"repeat","background-position":"center center","background-size":"auto","background-attachment":"scroll","background-type":"","background-media":"","overlay-type":"","overlay-color":"","overlay-opacity":"","overlay-gradient":""},"tablet":{"background-color":"var(--ast-global-color-4)","background-image":"","background-repeat":"repeat","background-position":"center center","background-size":"auto","background-attachment":"scroll","background-type":"","background-media":"","overlay-type":"","overlay-color":"","overlay-opacity":"","overlay-gradient":""},"mobile":{"background-color":"var(--ast-global-color-4)","background-image":"","background-repeat":"repeat","background-position":"center center","background-size":"auto","background-attachment":"scroll","background-type":"","background-media":"","overlay-type":"","overlay-color":"","overlay-opacity":"","overlay-gradient":""}},"footnotes":""},"categories":[1],"tags":[],"class_list":["post-2201","post","type-post","status-publish","format-standard","hentry","category-sem-categoria"],"yoast_head":"<!-- This site is optimized with the Yoast SEO plugin v26.6 - https:\/\/yoast.com\/wordpress\/plugins\/seo\/ -->\n<title>\ufeffReforma pol\u00edtica j\u00e1!\u2026 - Joaquim Haickel<\/title>\n<meta name=\"robots\" content=\"index, follow, max-snippet:-1, max-image-preview:large, max-video-preview:-1\" \/>\n<link rel=\"canonical\" href=\"https:\/\/www.blogsoestado.com\/joaquimhaickel\/2019\/06\/01\/reforma-politica-ja\/\" \/>\n<meta property=\"og:locale\" content=\"pt_BR\" \/>\n<meta property=\"og:type\" content=\"article\" \/>\n<meta property=\"og:title\" content=\"\ufeffReforma pol\u00edtica j\u00e1!\u2026 - Joaquim Haickel\" \/>\n<meta property=\"og:description\" content=\"Todo mundo vive falando em reforma da previd\u00eancia, reforma tribut\u00e1ria e medidas de conten\u00e7\u00e3o da corrup\u00e7\u00e3o e da criminalidade, mas [&hellip;]\" \/>\n<meta property=\"og:url\" content=\"https:\/\/www.blogsoestado.com\/joaquimhaickel\/2019\/06\/01\/reforma-politica-ja\/\" \/>\n<meta property=\"og:site_name\" content=\"Joaquim Haickel\" \/>\n<meta property=\"article:published_time\" content=\"2019-06-01T11:15:54+00:00\" \/>\n<meta property=\"og:image\" content=\"https:\/\/www.blogsoestado.com\/joaquimhaickel\/wp-content\/uploads\/sites\/6\/2019\/06\/obra-cimento-pa-martelo-1.jpg\" \/>\n<meta name=\"author\" content=\"Joaquim Haickel\" \/>\n<meta name=\"twitter:card\" content=\"summary_large_image\" \/>\n<meta name=\"twitter:label1\" content=\"Escrito por\" \/>\n\t<meta name=\"twitter:data1\" content=\"Joaquim Haickel\" \/>\n\t<meta name=\"twitter:label2\" content=\"Est. tempo de leitura\" \/>\n\t<meta name=\"twitter:data2\" content=\"4 minutos\" \/>\n<script type=\"application\/ld+json\" class=\"yoast-schema-graph\">{\"@context\":\"https:\/\/schema.org\",\"@graph\":[{\"@type\":\"WebPage\",\"@id\":\"https:\/\/www.blogsoestado.com\/joaquimhaickel\/2019\/06\/01\/reforma-politica-ja\/\",\"url\":\"https:\/\/www.blogsoestado.com\/joaquimhaickel\/2019\/06\/01\/reforma-politica-ja\/\",\"name\":\"\ufeffReforma pol\u00edtica j\u00e1!\u2026 - Joaquim Haickel\",\"isPartOf\":{\"@id\":\"https:\/\/www.blogsoestado.com\/joaquimhaickel\/#website\"},\"primaryImageOfPage\":{\"@id\":\"https:\/\/www.blogsoestado.com\/joaquimhaickel\/2019\/06\/01\/reforma-politica-ja\/#primaryimage\"},\"image\":{\"@id\":\"https:\/\/www.blogsoestado.com\/joaquimhaickel\/2019\/06\/01\/reforma-politica-ja\/#primaryimage\"},\"thumbnailUrl\":\"https:\/\/www.blogsoestado.com\/joaquimhaickel\/wp-content\/uploads\/sites\/6\/2019\/06\/obra-cimento-pa-martelo-1.jpg\",\"datePublished\":\"2019-06-01T11:15:54+00:00\",\"author\":{\"@id\":\"https:\/\/www.blogsoestado.com\/joaquimhaickel\/#\/schema\/person\/4a711644aff28245c6c2c3452d66d325\"},\"breadcrumb\":{\"@id\":\"https:\/\/www.blogsoestado.com\/joaquimhaickel\/2019\/06\/01\/reforma-politica-ja\/#breadcrumb\"},\"inLanguage\":\"pt-BR\",\"potentialAction\":[{\"@type\":\"ReadAction\",\"target\":[\"https:\/\/www.blogsoestado.com\/joaquimhaickel\/2019\/06\/01\/reforma-politica-ja\/\"]}]},{\"@type\":\"ImageObject\",\"inLanguage\":\"pt-BR\",\"@id\":\"https:\/\/www.blogsoestado.com\/joaquimhaickel\/2019\/06\/01\/reforma-politica-ja\/#primaryimage\",\"url\":\"https:\/\/www.blogsoestado.com\/joaquimhaickel\/wp-content\/uploads\/sites\/6\/2019\/06\/obra-cimento-pa-martelo-1.jpg\",\"contentUrl\":\"https:\/\/www.blogsoestado.com\/joaquimhaickel\/wp-content\/uploads\/sites\/6\/2019\/06\/obra-cimento-pa-martelo-1.jpg\",\"width\":620,\"height\":455},{\"@type\":\"BreadcrumbList\",\"@id\":\"https:\/\/www.blogsoestado.com\/joaquimhaickel\/2019\/06\/01\/reforma-politica-ja\/#breadcrumb\",\"itemListElement\":[{\"@type\":\"ListItem\",\"position\":1,\"name\":\"In\u00edcio\",\"item\":\"https:\/\/www.blogsoestado.com\/joaquimhaickel\/\"},{\"@type\":\"ListItem\",\"position\":2,\"name\":\"\ufeffReforma pol\u00edtica j\u00e1!\u2026\"}]},{\"@type\":\"WebSite\",\"@id\":\"https:\/\/www.blogsoestado.com\/joaquimhaickel\/#website\",\"url\":\"https:\/\/www.blogsoestado.com\/joaquimhaickel\/\",\"name\":\"Joaquim Haickel\",\"description\":\"\",\"potentialAction\":[{\"@type\":\"SearchAction\",\"target\":{\"@type\":\"EntryPoint\",\"urlTemplate\":\"https:\/\/www.blogsoestado.com\/joaquimhaickel\/?s={search_term_string}\"},\"query-input\":{\"@type\":\"PropertyValueSpecification\",\"valueRequired\":true,\"valueName\":\"search_term_string\"}}],\"inLanguage\":\"pt-BR\"},{\"@type\":\"Person\",\"@id\":\"https:\/\/www.blogsoestado.com\/joaquimhaickel\/#\/schema\/person\/4a711644aff28245c6c2c3452d66d325\",\"name\":\"Joaquim Haickel\",\"image\":{\"@type\":\"ImageObject\",\"inLanguage\":\"pt-BR\",\"@id\":\"https:\/\/www.blogsoestado.com\/joaquimhaickel\/#\/schema\/person\/image\/\",\"url\":\"https:\/\/secure.gravatar.com\/avatar\/473d89339b9f8ec089adb8d5778363eb5a2ba2319956bcf0298bfd8cca04684a?s=96&d=mm&r=g\",\"contentUrl\":\"https:\/\/secure.gravatar.com\/avatar\/473d89339b9f8ec089adb8d5778363eb5a2ba2319956bcf0298bfd8cca04684a?s=96&d=mm&r=g\",\"caption\":\"Joaquim Haickel\"},\"url\":\"https:\/\/www.blogsoestado.com\/joaquimhaickel\/author\/joaquimhaickel\/\"}]}<\/script>\n<!-- \/ Yoast SEO plugin. -->","yoast_head_json":{"title":"\ufeffReforma pol\u00edtica j\u00e1!\u2026 - Joaquim Haickel","robots":{"index":"index","follow":"follow","max-snippet":"max-snippet:-1","max-image-preview":"max-image-preview:large","max-video-preview":"max-video-preview:-1"},"canonical":"https:\/\/www.blogsoestado.com\/joaquimhaickel\/2019\/06\/01\/reforma-politica-ja\/","og_locale":"pt_BR","og_type":"article","og_title":"\ufeffReforma pol\u00edtica j\u00e1!\u2026 - Joaquim Haickel","og_description":"Todo mundo vive falando em reforma da previd\u00eancia, reforma tribut\u00e1ria e medidas de conten\u00e7\u00e3o da corrup\u00e7\u00e3o e da criminalidade, mas [&hellip;]","og_url":"https:\/\/www.blogsoestado.com\/joaquimhaickel\/2019\/06\/01\/reforma-politica-ja\/","og_site_name":"Joaquim Haickel","article_published_time":"2019-06-01T11:15:54+00:00","og_image":[{"url":"https:\/\/www.blogsoestado.com\/joaquimhaickel\/wp-content\/uploads\/sites\/6\/2019\/06\/obra-cimento-pa-martelo-1.jpg","type":"","width":"","height":""}],"author":"Joaquim Haickel","twitter_card":"summary_large_image","twitter_misc":{"Escrito por":"Joaquim Haickel","Est. tempo de leitura":"4 minutos"},"schema":{"@context":"https:\/\/schema.org","@graph":[{"@type":"WebPage","@id":"https:\/\/www.blogsoestado.com\/joaquimhaickel\/2019\/06\/01\/reforma-politica-ja\/","url":"https:\/\/www.blogsoestado.com\/joaquimhaickel\/2019\/06\/01\/reforma-politica-ja\/","name":"\ufeffReforma pol\u00edtica j\u00e1!\u2026 - Joaquim Haickel","isPartOf":{"@id":"https:\/\/www.blogsoestado.com\/joaquimhaickel\/#website"},"primaryImageOfPage":{"@id":"https:\/\/www.blogsoestado.com\/joaquimhaickel\/2019\/06\/01\/reforma-politica-ja\/#primaryimage"},"image":{"@id":"https:\/\/www.blogsoestado.com\/joaquimhaickel\/2019\/06\/01\/reforma-politica-ja\/#primaryimage"},"thumbnailUrl":"https:\/\/www.blogsoestado.com\/joaquimhaickel\/wp-content\/uploads\/sites\/6\/2019\/06\/obra-cimento-pa-martelo-1.jpg","datePublished":"2019-06-01T11:15:54+00:00","author":{"@id":"https:\/\/www.blogsoestado.com\/joaquimhaickel\/#\/schema\/person\/4a711644aff28245c6c2c3452d66d325"},"breadcrumb":{"@id":"https:\/\/www.blogsoestado.com\/joaquimhaickel\/2019\/06\/01\/reforma-politica-ja\/#breadcrumb"},"inLanguage":"pt-BR","potentialAction":[{"@type":"ReadAction","target":["https:\/\/www.blogsoestado.com\/joaquimhaickel\/2019\/06\/01\/reforma-politica-ja\/"]}]},{"@type":"ImageObject","inLanguage":"pt-BR","@id":"https:\/\/www.blogsoestado.com\/joaquimhaickel\/2019\/06\/01\/reforma-politica-ja\/#primaryimage","url":"https:\/\/www.blogsoestado.com\/joaquimhaickel\/wp-content\/uploads\/sites\/6\/2019\/06\/obra-cimento-pa-martelo-1.jpg","contentUrl":"https:\/\/www.blogsoestado.com\/joaquimhaickel\/wp-content\/uploads\/sites\/6\/2019\/06\/obra-cimento-pa-martelo-1.jpg","width":620,"height":455},{"@type":"BreadcrumbList","@id":"https:\/\/www.blogsoestado.com\/joaquimhaickel\/2019\/06\/01\/reforma-politica-ja\/#breadcrumb","itemListElement":[{"@type":"ListItem","position":1,"name":"In\u00edcio","item":"https:\/\/www.blogsoestado.com\/joaquimhaickel\/"},{"@type":"ListItem","position":2,"name":"\ufeffReforma pol\u00edtica j\u00e1!\u2026"}]},{"@type":"WebSite","@id":"https:\/\/www.blogsoestado.com\/joaquimhaickel\/#website","url":"https:\/\/www.blogsoestado.com\/joaquimhaickel\/","name":"Joaquim Haickel","description":"","potentialAction":[{"@type":"SearchAction","target":{"@type":"EntryPoint","urlTemplate":"https:\/\/www.blogsoestado.com\/joaquimhaickel\/?s={search_term_string}"},"query-input":{"@type":"PropertyValueSpecification","valueRequired":true,"valueName":"search_term_string"}}],"inLanguage":"pt-BR"},{"@type":"Person","@id":"https:\/\/www.blogsoestado.com\/joaquimhaickel\/#\/schema\/person\/4a711644aff28245c6c2c3452d66d325","name":"Joaquim Haickel","image":{"@type":"ImageObject","inLanguage":"pt-BR","@id":"https:\/\/www.blogsoestado.com\/joaquimhaickel\/#\/schema\/person\/image\/","url":"https:\/\/secure.gravatar.com\/avatar\/473d89339b9f8ec089adb8d5778363eb5a2ba2319956bcf0298bfd8cca04684a?s=96&d=mm&r=g","contentUrl":"https:\/\/secure.gravatar.com\/avatar\/473d89339b9f8ec089adb8d5778363eb5a2ba2319956bcf0298bfd8cca04684a?s=96&d=mm&r=g","caption":"Joaquim Haickel"},"url":"https:\/\/www.blogsoestado.com\/joaquimhaickel\/author\/joaquimhaickel\/"}]}},"jetpack_featured_media_url":"","_links":{"self":[{"href":"https:\/\/www.blogsoestado.com\/joaquimhaickel\/wp-json\/wp\/v2\/posts\/2201","targetHints":{"allow":["GET"]}}],"collection":[{"href":"https:\/\/www.blogsoestado.com\/joaquimhaickel\/wp-json\/wp\/v2\/posts"}],"about":[{"href":"https:\/\/www.blogsoestado.com\/joaquimhaickel\/wp-json\/wp\/v2\/types\/post"}],"author":[{"embeddable":true,"href":"https:\/\/www.blogsoestado.com\/joaquimhaickel\/wp-json\/wp\/v2\/users\/7"}],"replies":[{"embeddable":true,"href":"https:\/\/www.blogsoestado.com\/joaquimhaickel\/wp-json\/wp\/v2\/comments?post=2201"}],"version-history":[{"count":0,"href":"https:\/\/www.blogsoestado.com\/joaquimhaickel\/wp-json\/wp\/v2\/posts\/2201\/revisions"}],"wp:attachment":[{"href":"https:\/\/www.blogsoestado.com\/joaquimhaickel\/wp-json\/wp\/v2\/media?parent=2201"}],"wp:term":[{"taxonomy":"category","embeddable":true,"href":"https:\/\/www.blogsoestado.com\/joaquimhaickel\/wp-json\/wp\/v2\/categories?post=2201"},{"taxonomy":"post_tag","embeddable":true,"href":"https:\/\/www.blogsoestado.com\/joaquimhaickel\/wp-json\/wp\/v2\/tags?post=2201"}],"curies":[{"name":"wp","href":"https:\/\/api.w.org\/{rel}","templated":true}]}}