{"id":2261,"date":"2019-08-17T00:08:32","date_gmt":"2019-08-17T03:08:32","guid":{"rendered":"https:\/\/www.blogsoestado.com\/joaquimhaickel\/?p=2261"},"modified":"2019-08-17T00:08:32","modified_gmt":"2019-08-17T03:08:32","slug":"sobre-politica-e-politicos","status":"publish","type":"post","link":"https:\/\/www.blogsoestado.com\/joaquimhaickel\/2019\/08\/17\/sobre-politica-e-politicos\/","title":{"rendered":"Sobre pol\u00edtica e pol\u00edticos"},"content":{"rendered":"\n<figure class=\"wp-block-image\"><img fetchpriority=\"high\" decoding=\"async\" width=\"532\" height=\"1024\" src=\"https:\/\/www.blogsoestado.com\/joaquimhaickel\/wp-content\/uploads\/sites\/6\/2019\/08\/COLAGEM-1-532x1024.jpg\" alt=\"\" class=\"wp-image-2262\" srcset=\"https:\/\/www.blogsoestado.com\/joaquimhaickel\/wp-content\/uploads\/sites\/6\/2019\/08\/COLAGEM-1-532x1024.jpg 532w, https:\/\/www.blogsoestado.com\/joaquimhaickel\/wp-content\/uploads\/sites\/6\/2019\/08\/COLAGEM-1-156x300.jpg 156w, https:\/\/www.blogsoestado.com\/joaquimhaickel\/wp-content\/uploads\/sites\/6\/2019\/08\/COLAGEM-1-768x1478.jpg 768w, https:\/\/www.blogsoestado.com\/joaquimhaickel\/wp-content\/uploads\/sites\/6\/2019\/08\/COLAGEM-1-798x1536.jpg 798w, https:\/\/www.blogsoestado.com\/joaquimhaickel\/wp-content\/uploads\/sites\/6\/2019\/08\/COLAGEM-1.jpg 886w\" sizes=\"(max-width: 532px) 100vw, 532px\" \/><\/figure>\n\n\n\n<p><\/p>\n\n\n\n<p>Estou ficando cansado!&#8230; Cansado de ver, de ouvir e de saber de\ntanta idiotice e barbaridade cometidas em nome do direito e da democracia,\nquando na verdade esses atos torpes s\u00e3o perpetrados simplesmente em nome de uma\n\u201cpol\u00edtica\u201d que na verdade deveria ser chamada de politicalha, que serve t\u00e3o\nsomente para levar uma pessoa, e o grupo em que ela se apoia, ao poder.<\/p>\n\n\n\n<p>O caso envolvendo os moradores do Cajueiro demonstrou isso de\nforma repugnante! Quem antes, na oposi\u00e7\u00e3o, defendia panfletariamente os\nmoradores e ocupantes daquela \u00e1rea, hoje, no governo, defende o direito de\npropriedade da empresa que ali ir\u00e1 construir um porto! Quem antes, no governo,\ndefendia os interesses da empresa propriet\u00e1ria, hoje defende os ocupantes das\nterras! Todos uns canalhas!\u2026<\/p>\n\n\n\n<p>A palavra pol\u00edtica, &#8220;politik\u00e9&#8221; em grego, abrange tudo\no que \u00e9 relacionado a grupos espec\u00edficos que integram a p\u00f3lis, a Cidade-Estado,\nque no apogeu da civiliza\u00e7\u00e3o grega cl\u00e1ssica, era o que hoje se entende\ncomumente como na\u00e7\u00e3o, como pa\u00eds.<br>\nUm pol\u00edtico, &#8220;politik\u00f3s&#8221; na l\u00edngua de meus amados tios Samuel e\nGiovane, deveria ser algo maior que isso que temos hoje. Deveria ser na pr\u00e1tica\no que prev\u00ea o sentido grego de sua concep\u00e7\u00e3o: \u201cCidad\u00e3o h\u00e1bil na administra\u00e7\u00e3o\nde neg\u00f3cios p\u00fablicos\u201d. E esta habilidade n\u00e3o deve ser entendida como a\nartimanha capaz de simplesmente levar o tal cidad\u00e3o ao poder, mas antes de\nqualquer coisa, precisa ser a capacidade desse cidad\u00e3o saber o que deve ser\nfeito para proporcionar seguran\u00e7a, crescimento, emancipa\u00e7\u00e3o e progresso para as\npessoas e para o Estado, como fizeram grandes homens a exemplo de Cl\u00edstenes,\nTem\u00edstocles e P\u00e9ricles.<br>\n<br>\n<\/p>\n\n\n\n<p>O termo pol\u00edtica \u00e9 derivado do grego antigo, polite\u00eda, que\nindicava todos os procedimentos relativos \u00e0 p\u00f3lis, que por extens\u00e3o poder\u00edamos\nentender como comunidade, coletividade ou sociedade.<br>\nPolite\u00eda \u00e9, curiosamente, o t\u00edtulo original do livro A Rep\u00fablica do grande\nfil\u00f3sofo grego Plat\u00e3o, do qual s\u00f3 tivemos conhecimento gra\u00e7as \u00e0 luz que seu\ndisc\u00edpulo, S\u00f3crates, aquele fil\u00f3sofo humilde que reconhecia que pouco ou nada\nsabia, colocou sobre suas ideias. J\u00e1 Arist\u00f3teles, o mais importante dos alunos\nde S\u00f3crates, acabaria por gravar em pele de carneiro e pedra, a frase que\nestabeleceria o nosso entendimento comum e banal sobre pol\u00edticos: \u201cO homem \u00e9,\nnaturalmente, um animal pol\u00edtico\u201d.<\/p>\n\n\n\n<p>Ao dizer isso, Arist\u00f3teles estabeleceu duas verdades soberanas\nem nossos dias: Todo homem QUER SER POL\u00cdTICO e todo homem \u00c9 ANIMAL,\ninfelizmente em suas concep\u00e7\u00f5es menos sofisticadas.<\/p>\n\n\n\n<p>Nos dias de hoje e no sentido comum, vago e \u00e0s vezes um tanto\nimpreciso, pol\u00edtica, como substantivo ou adjetivo, compreende a arte de guiar\nou influenciar o modo de governar e organizar um grupo ideol\u00f3gico ou partido\npol\u00edtico, pela influ\u00eancia da popula\u00e7\u00e3o, normalmente atrav\u00e9s de elei\u00e7\u00f5es.<\/p>\n\n\n\n<p>Na conceitua\u00e7\u00e3o erudita, lato sensu, pol\u00edtica, segundo Hobbes, \u00e9\na utiliza\u00e7\u00e3o dos meios adequados \u00e0 obten\u00e7\u00e3o de qualquer vantagem, ou &#8220;o\nconjunto de meios que permitem alcan\u00e7ar os efeitos desejados&#8221;. J\u00e1 para\nRussell, pol\u00edtica \u00e9 &#8220;a arte de conquistar, manter e exercer o poder&#8221;,\ntese que se baseia na no\u00e7\u00e3o dada, mas jamais dita explicitamente, por Maquiavel,\nem O Pr\u00edncipe.<\/p>\n\n\n\n<p>Numa conceitua\u00e7\u00e3o moderna, pol\u00edtica \u00e9 a ci\u00eancia moral, normativa\ndo governo e da sociedade.<\/p>\n\n\n\n<p>Depois de queimar as pestanas estudando, tenho que me contentar\ncom a realidade que esfrega em minha cara que a pol\u00edtica, como forma de\natividade ou de pr\u00e1xis humana, est\u00e1 estreitamente ligada ao poder. E que o\npoder pol\u00edtico \u00e9, em primeira e em \u00faltima an\u00e1lise, o poder de um homem sobre\noutro homem, ou pior que isso, de um homem \u00e0 frente de um grupo ideol\u00f3gico,\nsobre todos os homens de uma na\u00e7\u00e3o, de um pa\u00eds, de um Estado.<\/p>\n\n\n\n<p>Estou cansado! Principalmente por intuir que \u00e9 muito dif\u00edcil que se mude a realidade em que vivemos, pois aqueles que exercem a pol\u00edtica hoje em dia, al\u00e9m de n\u00e3o saberem nada disso, n\u00e3o est\u00e3o nem um pouco interessados em saber como transformar os enunciados do que \u00e9 pol\u00edtica e do que s\u00e3o os pol\u00edticos, em algo bom para a sociedade, pois eles visam somente chegar e se manterem no poder. O poder para eles \u00e9 o fim e n\u00e3o o meio para que fa\u00e7am como fizeram Cl\u00edstenes, Tem\u00edstocles e P\u00e9ricles&#8230; O que de melhor puderam fazer para protegerem e servirem os seus pares.<\/p>\n\n\n\n<p>PS:\nSe esses caras n\u00e3o sabem quem foram Cl\u00edstenes, Tem\u00edstocles e P\u00e9ricles, sem\nrecorrer ao Google, como v\u00e3o saber votar ou estabelecer metas governamentais,\nsobre qualquer assunto, em defesa dos cidad\u00e3os!?<\/p>\n","protected":false},"excerpt":{"rendered":"<p>Estou ficando cansado!&#8230; Cansado de ver, de ouvir e de saber de tanta idiotice e barbaridade cometidas em nome do [&hellip;]<\/p>\n","protected":false},"author":7,"featured_media":0,"comment_status":"open","ping_status":"open","sticky":false,"template":"","format":"standard","meta":{"site-sidebar-layout":"default","site-content-layout":"","ast-site-content-layout":"default","site-content-style":"default","site-sidebar-style":"default","ast-global-header-display":"","ast-banner-title-visibility":"","ast-main-header-display":"","ast-hfb-above-header-display":"","ast-hfb-below-header-display":"","ast-hfb-mobile-header-display":"","site-post-title":"","ast-breadcrumbs-content":"","ast-featured-img":"","footer-sml-layout":"","ast-disable-related-posts":"","theme-transparent-header-meta":"","adv-header-id-meta":"","stick-header-meta":"","header-above-stick-meta":"","header-main-stick-meta":"","header-below-stick-meta":"","astra-migrate-meta-layouts":"default","ast-page-background-enabled":"default","ast-page-background-meta":{"desktop":{"background-color":"var(--ast-global-color-5)","background-image":"","background-repeat":"repeat","background-position":"center center","background-size":"auto","background-attachment":"scroll","background-type":"","background-media":"","overlay-type":"","overlay-color":"","overlay-opacity":"","overlay-gradient":""},"tablet":{"background-color":"","background-image":"","background-repeat":"repeat","background-position":"center center","background-size":"auto","background-attachment":"scroll","background-type":"","background-media":"","overlay-type":"","overlay-color":"","overlay-opacity":"","overlay-gradient":""},"mobile":{"background-color":"","background-image":"","background-repeat":"repeat","background-position":"center center","background-size":"auto","background-attachment":"scroll","background-type":"","background-media":"","overlay-type":"","overlay-color":"","overlay-opacity":"","overlay-gradient":""}},"ast-content-background-meta":{"desktop":{"background-color":"var(--ast-global-color-4)","background-image":"","background-repeat":"repeat","background-position":"center center","background-size":"auto","background-attachment":"scroll","background-type":"","background-media":"","overlay-type":"","overlay-color":"","overlay-opacity":"","overlay-gradient":""},"tablet":{"background-color":"var(--ast-global-color-4)","background-image":"","background-repeat":"repeat","background-position":"center center","background-size":"auto","background-attachment":"scroll","background-type":"","background-media":"","overlay-type":"","overlay-color":"","overlay-opacity":"","overlay-gradient":""},"mobile":{"background-color":"var(--ast-global-color-4)","background-image":"","background-repeat":"repeat","background-position":"center center","background-size":"auto","background-attachment":"scroll","background-type":"","background-media":"","overlay-type":"","overlay-color":"","overlay-opacity":"","overlay-gradient":""}},"footnotes":""},"categories":[1],"tags":[],"class_list":["post-2261","post","type-post","status-publish","format-standard","hentry","category-sem-categoria"],"yoast_head":"<!-- This site is optimized with the Yoast SEO plugin v26.6 - https:\/\/yoast.com\/wordpress\/plugins\/seo\/ -->\n<title>Sobre pol\u00edtica e pol\u00edticos - Joaquim Haickel<\/title>\n<meta name=\"robots\" content=\"index, follow, max-snippet:-1, max-image-preview:large, max-video-preview:-1\" \/>\n<link rel=\"canonical\" href=\"https:\/\/www.blogsoestado.com\/joaquimhaickel\/2019\/08\/17\/sobre-politica-e-politicos\/\" \/>\n<meta property=\"og:locale\" content=\"pt_BR\" \/>\n<meta property=\"og:type\" content=\"article\" \/>\n<meta property=\"og:title\" content=\"Sobre pol\u00edtica e pol\u00edticos - Joaquim Haickel\" \/>\n<meta property=\"og:description\" content=\"Estou ficando cansado!&#8230; Cansado de ver, de ouvir e de saber de tanta idiotice e barbaridade cometidas em nome do [&hellip;]\" \/>\n<meta property=\"og:url\" content=\"https:\/\/www.blogsoestado.com\/joaquimhaickel\/2019\/08\/17\/sobre-politica-e-politicos\/\" \/>\n<meta property=\"og:site_name\" content=\"Joaquim Haickel\" \/>\n<meta property=\"article:published_time\" content=\"2019-08-17T03:08:32+00:00\" \/>\n<meta property=\"og:image\" content=\"https:\/\/www.blogsoestado.com\/joaquimhaickel\/wp-content\/uploads\/sites\/6\/2019\/08\/COLAGEM-1-532x1024.jpg\" \/>\n<meta name=\"author\" content=\"Joaquim Haickel\" \/>\n<meta name=\"twitter:card\" content=\"summary_large_image\" \/>\n<meta name=\"twitter:label1\" content=\"Escrito por\" \/>\n\t<meta name=\"twitter:data1\" content=\"Joaquim Haickel\" \/>\n\t<meta name=\"twitter:label2\" content=\"Est. tempo de leitura\" \/>\n\t<meta name=\"twitter:data2\" content=\"4 minutos\" \/>\n<script type=\"application\/ld+json\" class=\"yoast-schema-graph\">{\"@context\":\"https:\/\/schema.org\",\"@graph\":[{\"@type\":\"WebPage\",\"@id\":\"https:\/\/www.blogsoestado.com\/joaquimhaickel\/2019\/08\/17\/sobre-politica-e-politicos\/\",\"url\":\"https:\/\/www.blogsoestado.com\/joaquimhaickel\/2019\/08\/17\/sobre-politica-e-politicos\/\",\"name\":\"Sobre pol\u00edtica e pol\u00edticos - Joaquim Haickel\",\"isPartOf\":{\"@id\":\"https:\/\/www.blogsoestado.com\/joaquimhaickel\/#website\"},\"primaryImageOfPage\":{\"@id\":\"https:\/\/www.blogsoestado.com\/joaquimhaickel\/2019\/08\/17\/sobre-politica-e-politicos\/#primaryimage\"},\"image\":{\"@id\":\"https:\/\/www.blogsoestado.com\/joaquimhaickel\/2019\/08\/17\/sobre-politica-e-politicos\/#primaryimage\"},\"thumbnailUrl\":\"https:\/\/www.blogsoestado.com\/joaquimhaickel\/wp-content\/uploads\/sites\/6\/2019\/08\/COLAGEM-1-532x1024.jpg\",\"datePublished\":\"2019-08-17T03:08:32+00:00\",\"author\":{\"@id\":\"https:\/\/www.blogsoestado.com\/joaquimhaickel\/#\/schema\/person\/4a711644aff28245c6c2c3452d66d325\"},\"breadcrumb\":{\"@id\":\"https:\/\/www.blogsoestado.com\/joaquimhaickel\/2019\/08\/17\/sobre-politica-e-politicos\/#breadcrumb\"},\"inLanguage\":\"pt-BR\",\"potentialAction\":[{\"@type\":\"ReadAction\",\"target\":[\"https:\/\/www.blogsoestado.com\/joaquimhaickel\/2019\/08\/17\/sobre-politica-e-politicos\/\"]}]},{\"@type\":\"ImageObject\",\"inLanguage\":\"pt-BR\",\"@id\":\"https:\/\/www.blogsoestado.com\/joaquimhaickel\/2019\/08\/17\/sobre-politica-e-politicos\/#primaryimage\",\"url\":\"https:\/\/www.blogsoestado.com\/joaquimhaickel\/wp-content\/uploads\/sites\/6\/2019\/08\/COLAGEM-1.jpg\",\"contentUrl\":\"https:\/\/www.blogsoestado.com\/joaquimhaickel\/wp-content\/uploads\/sites\/6\/2019\/08\/COLAGEM-1.jpg\",\"width\":886,\"height\":1705},{\"@type\":\"BreadcrumbList\",\"@id\":\"https:\/\/www.blogsoestado.com\/joaquimhaickel\/2019\/08\/17\/sobre-politica-e-politicos\/#breadcrumb\",\"itemListElement\":[{\"@type\":\"ListItem\",\"position\":1,\"name\":\"In\u00edcio\",\"item\":\"https:\/\/www.blogsoestado.com\/joaquimhaickel\/\"},{\"@type\":\"ListItem\",\"position\":2,\"name\":\"Sobre pol\u00edtica e pol\u00edticos\"}]},{\"@type\":\"WebSite\",\"@id\":\"https:\/\/www.blogsoestado.com\/joaquimhaickel\/#website\",\"url\":\"https:\/\/www.blogsoestado.com\/joaquimhaickel\/\",\"name\":\"Joaquim Haickel\",\"description\":\"\",\"potentialAction\":[{\"@type\":\"SearchAction\",\"target\":{\"@type\":\"EntryPoint\",\"urlTemplate\":\"https:\/\/www.blogsoestado.com\/joaquimhaickel\/?s={search_term_string}\"},\"query-input\":{\"@type\":\"PropertyValueSpecification\",\"valueRequired\":true,\"valueName\":\"search_term_string\"}}],\"inLanguage\":\"pt-BR\"},{\"@type\":\"Person\",\"@id\":\"https:\/\/www.blogsoestado.com\/joaquimhaickel\/#\/schema\/person\/4a711644aff28245c6c2c3452d66d325\",\"name\":\"Joaquim Haickel\",\"image\":{\"@type\":\"ImageObject\",\"inLanguage\":\"pt-BR\",\"@id\":\"https:\/\/www.blogsoestado.com\/joaquimhaickel\/#\/schema\/person\/image\/\",\"url\":\"https:\/\/secure.gravatar.com\/avatar\/473d89339b9f8ec089adb8d5778363eb5a2ba2319956bcf0298bfd8cca04684a?s=96&d=mm&r=g\",\"contentUrl\":\"https:\/\/secure.gravatar.com\/avatar\/473d89339b9f8ec089adb8d5778363eb5a2ba2319956bcf0298bfd8cca04684a?s=96&d=mm&r=g\",\"caption\":\"Joaquim Haickel\"},\"url\":\"https:\/\/www.blogsoestado.com\/joaquimhaickel\/author\/joaquimhaickel\/\"}]}<\/script>\n<!-- \/ Yoast SEO plugin. -->","yoast_head_json":{"title":"Sobre pol\u00edtica e pol\u00edticos - Joaquim Haickel","robots":{"index":"index","follow":"follow","max-snippet":"max-snippet:-1","max-image-preview":"max-image-preview:large","max-video-preview":"max-video-preview:-1"},"canonical":"https:\/\/www.blogsoestado.com\/joaquimhaickel\/2019\/08\/17\/sobre-politica-e-politicos\/","og_locale":"pt_BR","og_type":"article","og_title":"Sobre pol\u00edtica e pol\u00edticos - Joaquim Haickel","og_description":"Estou ficando cansado!&#8230; Cansado de ver, de ouvir e de saber de tanta idiotice e barbaridade cometidas em nome do [&hellip;]","og_url":"https:\/\/www.blogsoestado.com\/joaquimhaickel\/2019\/08\/17\/sobre-politica-e-politicos\/","og_site_name":"Joaquim Haickel","article_published_time":"2019-08-17T03:08:32+00:00","og_image":[{"url":"https:\/\/www.blogsoestado.com\/joaquimhaickel\/wp-content\/uploads\/sites\/6\/2019\/08\/COLAGEM-1-532x1024.jpg","type":"","width":"","height":""}],"author":"Joaquim Haickel","twitter_card":"summary_large_image","twitter_misc":{"Escrito por":"Joaquim Haickel","Est. tempo de leitura":"4 minutos"},"schema":{"@context":"https:\/\/schema.org","@graph":[{"@type":"WebPage","@id":"https:\/\/www.blogsoestado.com\/joaquimhaickel\/2019\/08\/17\/sobre-politica-e-politicos\/","url":"https:\/\/www.blogsoestado.com\/joaquimhaickel\/2019\/08\/17\/sobre-politica-e-politicos\/","name":"Sobre pol\u00edtica e pol\u00edticos - Joaquim Haickel","isPartOf":{"@id":"https:\/\/www.blogsoestado.com\/joaquimhaickel\/#website"},"primaryImageOfPage":{"@id":"https:\/\/www.blogsoestado.com\/joaquimhaickel\/2019\/08\/17\/sobre-politica-e-politicos\/#primaryimage"},"image":{"@id":"https:\/\/www.blogsoestado.com\/joaquimhaickel\/2019\/08\/17\/sobre-politica-e-politicos\/#primaryimage"},"thumbnailUrl":"https:\/\/www.blogsoestado.com\/joaquimhaickel\/wp-content\/uploads\/sites\/6\/2019\/08\/COLAGEM-1-532x1024.jpg","datePublished":"2019-08-17T03:08:32+00:00","author":{"@id":"https:\/\/www.blogsoestado.com\/joaquimhaickel\/#\/schema\/person\/4a711644aff28245c6c2c3452d66d325"},"breadcrumb":{"@id":"https:\/\/www.blogsoestado.com\/joaquimhaickel\/2019\/08\/17\/sobre-politica-e-politicos\/#breadcrumb"},"inLanguage":"pt-BR","potentialAction":[{"@type":"ReadAction","target":["https:\/\/www.blogsoestado.com\/joaquimhaickel\/2019\/08\/17\/sobre-politica-e-politicos\/"]}]},{"@type":"ImageObject","inLanguage":"pt-BR","@id":"https:\/\/www.blogsoestado.com\/joaquimhaickel\/2019\/08\/17\/sobre-politica-e-politicos\/#primaryimage","url":"https:\/\/www.blogsoestado.com\/joaquimhaickel\/wp-content\/uploads\/sites\/6\/2019\/08\/COLAGEM-1.jpg","contentUrl":"https:\/\/www.blogsoestado.com\/joaquimhaickel\/wp-content\/uploads\/sites\/6\/2019\/08\/COLAGEM-1.jpg","width":886,"height":1705},{"@type":"BreadcrumbList","@id":"https:\/\/www.blogsoestado.com\/joaquimhaickel\/2019\/08\/17\/sobre-politica-e-politicos\/#breadcrumb","itemListElement":[{"@type":"ListItem","position":1,"name":"In\u00edcio","item":"https:\/\/www.blogsoestado.com\/joaquimhaickel\/"},{"@type":"ListItem","position":2,"name":"Sobre pol\u00edtica e pol\u00edticos"}]},{"@type":"WebSite","@id":"https:\/\/www.blogsoestado.com\/joaquimhaickel\/#website","url":"https:\/\/www.blogsoestado.com\/joaquimhaickel\/","name":"Joaquim Haickel","description":"","potentialAction":[{"@type":"SearchAction","target":{"@type":"EntryPoint","urlTemplate":"https:\/\/www.blogsoestado.com\/joaquimhaickel\/?s={search_term_string}"},"query-input":{"@type":"PropertyValueSpecification","valueRequired":true,"valueName":"search_term_string"}}],"inLanguage":"pt-BR"},{"@type":"Person","@id":"https:\/\/www.blogsoestado.com\/joaquimhaickel\/#\/schema\/person\/4a711644aff28245c6c2c3452d66d325","name":"Joaquim Haickel","image":{"@type":"ImageObject","inLanguage":"pt-BR","@id":"https:\/\/www.blogsoestado.com\/joaquimhaickel\/#\/schema\/person\/image\/","url":"https:\/\/secure.gravatar.com\/avatar\/473d89339b9f8ec089adb8d5778363eb5a2ba2319956bcf0298bfd8cca04684a?s=96&d=mm&r=g","contentUrl":"https:\/\/secure.gravatar.com\/avatar\/473d89339b9f8ec089adb8d5778363eb5a2ba2319956bcf0298bfd8cca04684a?s=96&d=mm&r=g","caption":"Joaquim Haickel"},"url":"https:\/\/www.blogsoestado.com\/joaquimhaickel\/author\/joaquimhaickel\/"}]}},"jetpack_featured_media_url":"","_links":{"self":[{"href":"https:\/\/www.blogsoestado.com\/joaquimhaickel\/wp-json\/wp\/v2\/posts\/2261","targetHints":{"allow":["GET"]}}],"collection":[{"href":"https:\/\/www.blogsoestado.com\/joaquimhaickel\/wp-json\/wp\/v2\/posts"}],"about":[{"href":"https:\/\/www.blogsoestado.com\/joaquimhaickel\/wp-json\/wp\/v2\/types\/post"}],"author":[{"embeddable":true,"href":"https:\/\/www.blogsoestado.com\/joaquimhaickel\/wp-json\/wp\/v2\/users\/7"}],"replies":[{"embeddable":true,"href":"https:\/\/www.blogsoestado.com\/joaquimhaickel\/wp-json\/wp\/v2\/comments?post=2261"}],"version-history":[{"count":0,"href":"https:\/\/www.blogsoestado.com\/joaquimhaickel\/wp-json\/wp\/v2\/posts\/2261\/revisions"}],"wp:attachment":[{"href":"https:\/\/www.blogsoestado.com\/joaquimhaickel\/wp-json\/wp\/v2\/media?parent=2261"}],"wp:term":[{"taxonomy":"category","embeddable":true,"href":"https:\/\/www.blogsoestado.com\/joaquimhaickel\/wp-json\/wp\/v2\/categories?post=2261"},{"taxonomy":"post_tag","embeddable":true,"href":"https:\/\/www.blogsoestado.com\/joaquimhaickel\/wp-json\/wp\/v2\/tags?post=2261"}],"curies":[{"name":"wp","href":"https:\/\/api.w.org\/{rel}","templated":true}]}}