{"id":230,"date":"2008-01-20T00:00:00","date_gmt":"2008-01-20T00:00:00","guid":{"rendered":"https:\/\/www.blogsoestado.com\/joaquimhaickel\/2008\/01\/20\/de-quem-e-a-culpa-2\/"},"modified":"2008-01-20T00:00:00","modified_gmt":"2008-01-20T00:00:00","slug":"de-quem-e-a-culpa-2","status":"publish","type":"post","link":"https:\/\/www.blogsoestado.com\/joaquimhaickel\/2008\/01\/20\/de-quem-e-a-culpa-2\/","title":{"rendered":"De quem \u00e9 a culpa?"},"content":{"rendered":"<p><b><font size=\"4\">?<\/font><\/b><\/p>\n<p><font size=\"3\">Se voc\u00ea \u00e9 bom em hist\u00f3ria geral ou pelo menos \u00e9 bom de mem\u00f3ria, ent\u00e3o me diga r\u00e1pido, de quem \u00e9 a culpa pela deflagra\u00e7\u00e3o da primeira guerra mundial? N\u00e3o sabe? N\u00e3o se lembra? N\u00e3o fique triste, n\u00e3o se sinta diminu\u00eddo, muito pouca gente ir\u00e1 se lembrar. Esse \u00e9 um episodio que muita gente acha pouco importante, \u00e9 um fato distante no tempo e no espa\u00e7o. Mas quem for realmente bom em hist\u00f3ria geral ou simplesmente tiver uma boa mem\u00f3ria vai se lembrar do que aprendeu na escola, vai se lembrar que foi o assassinato do arquiduque Francisco Ferdinando, herdeiro do trono austro-h\u00fangaro, e de sua mulher, Duquesa de Hohenberg que visitavam a cidade de Sarajevo, no dia 28 de junho de 1914, por Gavrilo Princip, um estudante de origem s\u00e9rvia, o que acendeu o rastilho de p\u00f3lvora que detonou a primeira grande guerra. Nenhum professor nunca nos ensinou que a conjuntura geopol\u00edtica da Europa e do mundo no inicio do s\u00e9culo XX propiciava as condi\u00e7\u00f5es para eclodir aquele conflito. Ningu\u00e9m nunca chamou a nossa aten\u00e7\u00e3o, para a grande parcela de culpa que tiveram as grandes potencias da \u00e9poca, Inglaterra e Fran\u00e7a, culpa essa motivada pela tentativa de manuten\u00e7\u00e3o de seu dom\u00ednio sobre aquele mundo novo, que logo fugiria do controle de suas m\u00e3os. Poucos ligam, de pronto, esse conflito como uma das causas ou das culpas que culminou com a revolu\u00e7\u00e3o Russa, quase que simultaneamente e com a segunda guerra mundial, mais de vinte anos depois.<\/p>\n<p>Voc\u00ea \u00e9 bom de cultura geral ou em curiosidades? Gosta de grandes desastres ou acidentes? Por acaso voc\u00ea saberia as causas ou de quem foi a culpa pelo naufr\u00e1gio do Titanic ou pela queda do zepelim Hindenburg? <\/p>\n<p>Dizem que na noite do dia 14 de abril de 1912, o comandante Edward J. Smith tinha ido dormir, mas pedira ao 1\u00ba oficial, William Murdoch, que assumisse o seu posto e o avisasse de qualquer imprevisto que ocorresse. Por volta de 23h40, o sino do cesto dos vigias tocou tr\u00eas vezes, indicando que algo estava no caminho do Titanic. Murdoch conseguiu ver que surgia \u00e0 frente do navio uma massa escura de gelo. A ordem foi que se virasse ao m\u00e1ximo a estibordo e se fizesse marcha \u00e0 r\u00e9 a toda pot\u00eancia. Entretanto, a medida n\u00e3o foi suficiente para evitar o encontro entre o barco e o iceberg. De quem ter\u00e1 sido a culpa? Do comandante? Do 1\u00ba oficial? Da companhia White Star Line, dona do barco? Aqui, ficam claras todas as culpas, uns com mais, outros com menos, mas a maior culpada pelas 1.521 mortes, que isso tamb\u00e9m fique muito claro, foi a arrog\u00e2ncia humana, a arrog\u00e2ncia do comandante, a arrog\u00e2ncia do 1\u00ba oficial e principalmente a arrog\u00e2ncia da companhia, que acreditando ser o navio insubmers\u00edvel, n\u00e3o disponibilizou nem botes nem coletes salva-vidas para todos os 2.227 passageiros da primeira e \u00fanica viagem daquele lend\u00e1rio colosso dos mares.<\/p>\n<p>No inicio de maio de 1937, o zepelim Hindenburg partiu da Alemanha, cruzou o Oceano Atl\u00e2ntico e chegou ao aeroporto de Lakehurst, em Nova York, nos Estados Unidos. No dia seis, durante a aterrissagem, com o atrito dos cabos de a\u00e7o de ancoragem, o material que cobria a parte traseira, pegou fogo. O inc\u00eandio dominou o compartimento principal de hidrog\u00eanio e provocou uma grande cat\u00e1strofe, causando a morte de 36 pessoas. Naquele tempo, a inflamabilidade do hidrog\u00eanio j\u00e1 era bem conhecida, e as medidas necess\u00e1rias de seguran\u00e7a, regularmente tomadas. Por\u00e9m, ningu\u00e9m conhecia ainda a periculosidade do material pl\u00e1stico da cobertura. A culpa foi do piloto, do manobrista ou dos engenheiros? <\/p>\n<p>Voc\u00ea \u00e9 bom de religi\u00e3o ou em pol\u00edtica? Gosta de biografias de grandes vultos da humanidade? Voc\u00ea sabe de quem \u00e9 a culpa pelas mortes de Alexandre Magno, de Jesus Cristo, de Ganhdi, de Malcolm X, de Martin Luther King e de John Kennedy? Suspeitava-se que Alexandre tinha sido envenenado, mas pesquisas recentes nos levam a crer que ele tenha morrido de uma doen\u00e7a que em sua \u00e9poca era conhecida como a peste do Nilo, a nossa velha conhecida dengue, talvez a hemorr\u00e1gica. H\u00e1 quem diga que o culpado pela morte de Jesus \u00e9 o povo Judeu, no que eu discordo totalmente. No entanto estou muito propenso a concordar com a culpa de um Judeu em especial, Caif\u00e1s, e a sua gangue do cinedrium. Quanto a Judas Iscariotes, pobre coitado, bode expiat\u00f3rio, a culpa dele foi ser um zelote tolo que queria mais um rei que um salvador, a culpa dele foi acreditar que Jesus quando perseguido se libertaria, a si e a todo o seu povo. Pilatos? Esse \u00e9 culpado literalmente por lavar as m\u00e3os, por ver a verdade e n\u00e3o julgar com base nela, mas sim com base numa diplomacia, numa pol\u00edtica, corrupta e criminosa. Todos culpados. <\/p>\n<p>A culpa pelo assassinato de Ganhdi, de Malcolm X e de Martin Luther King n\u00e3o \u00e9 muito diferente, \u00e9 culpa da intoler\u00e2ncia, do fanatismo, da loucura, da press\u00e3o pol\u00edtica e do homem que apertou os gatilhos. O caso de Kennedy s\u00f3 difere dos tr\u00eas anteriores por n\u00e3o trazer em si nenhum aspecto religioso, porem, esta repleto de fatores pol\u00edticos, de tramas e conspira\u00e7\u00f5es.<\/p>\n<p>Me fale a\u00ed! De quem \u00e9 aculpa?<\/font><\/p>\n","protected":false},"excerpt":{"rendered":"<p>? Se voc\u00ea \u00e9 bom em hist\u00f3ria geral ou pelo menos \u00e9 bom de mem\u00f3ria, ent\u00e3o me diga r\u00e1pido, de [&hellip;]<\/p>\n","protected":false},"author":7,"featured_media":0,"comment_status":"open","ping_status":"open","sticky":false,"template":"","format":"standard","meta":{"site-sidebar-layout":"default","site-content-layout":"","ast-site-content-layout":"default","site-content-style":"default","site-sidebar-style":"default","ast-global-header-display":"","ast-banner-title-visibility":"","ast-main-header-display":"","ast-hfb-above-header-display":"","ast-hfb-below-header-display":"","ast-hfb-mobile-header-display":"","site-post-title":"","ast-breadcrumbs-content":"","ast-featured-img":"","footer-sml-layout":"","ast-disable-related-posts":"","theme-transparent-header-meta":"","adv-header-id-meta":"","stick-header-meta":"","header-above-stick-meta":"","header-main-stick-meta":"","header-below-stick-meta":"","astra-migrate-meta-layouts":"default","ast-page-background-enabled":"default","ast-page-background-meta":{"desktop":{"background-color":"var(--ast-global-color-5)","background-image":"","background-repeat":"repeat","background-position":"center center","background-size":"auto","background-attachment":"scroll","background-type":"","background-media":"","overlay-type":"","overlay-color":"","overlay-opacity":"","overlay-gradient":""},"tablet":{"background-color":"","background-image":"","background-repeat":"repeat","background-position":"center center","background-size":"auto","background-attachment":"scroll","background-type":"","background-media":"","overlay-type":"","overlay-color":"","overlay-opacity":"","overlay-gradient":""},"mobile":{"background-color":"","background-image":"","background-repeat":"repeat","background-position":"center center","background-size":"auto","background-attachment":"scroll","background-type":"","background-media":"","overlay-type":"","overlay-color":"","overlay-opacity":"","overlay-gradient":""}},"ast-content-background-meta":{"desktop":{"background-color":"var(--ast-global-color-4)","background-image":"","background-repeat":"repeat","background-position":"center center","background-size":"auto","background-attachment":"scroll","background-type":"","background-media":"","overlay-type":"","overlay-color":"","overlay-opacity":"","overlay-gradient":""},"tablet":{"background-color":"var(--ast-global-color-4)","background-image":"","background-repeat":"repeat","background-position":"center center","background-size":"auto","background-attachment":"scroll","background-type":"","background-media":"","overlay-type":"","overlay-color":"","overlay-opacity":"","overlay-gradient":""},"mobile":{"background-color":"var(--ast-global-color-4)","background-image":"","background-repeat":"repeat","background-position":"center center","background-size":"auto","background-attachment":"scroll","background-type":"","background-media":"","overlay-type":"","overlay-color":"","overlay-opacity":"","overlay-gradient":""}},"footnotes":""},"categories":[3],"tags":[],"class_list":["post-230","post","type-post","status-publish","format-standard","hentry","category-geral"],"yoast_head":"<!-- This site is optimized with the Yoast SEO plugin v26.6 - https:\/\/yoast.com\/wordpress\/plugins\/seo\/ -->\n<title>De quem \u00e9 a culpa? - Joaquim Haickel<\/title>\n<meta name=\"robots\" content=\"index, follow, max-snippet:-1, max-image-preview:large, max-video-preview:-1\" \/>\n<link rel=\"canonical\" href=\"https:\/\/www.blogsoestado.com\/joaquimhaickel\/2008\/01\/20\/de-quem-e-a-culpa-2\/\" \/>\n<meta property=\"og:locale\" content=\"pt_BR\" \/>\n<meta property=\"og:type\" content=\"article\" \/>\n<meta property=\"og:title\" content=\"De quem \u00e9 a culpa? - Joaquim Haickel\" \/>\n<meta property=\"og:description\" content=\"? Se voc\u00ea \u00e9 bom em hist\u00f3ria geral ou pelo menos \u00e9 bom de mem\u00f3ria, ent\u00e3o me diga r\u00e1pido, de [&hellip;]\" \/>\n<meta property=\"og:url\" content=\"https:\/\/www.blogsoestado.com\/joaquimhaickel\/2008\/01\/20\/de-quem-e-a-culpa-2\/\" \/>\n<meta property=\"og:site_name\" content=\"Joaquim Haickel\" \/>\n<meta property=\"article:published_time\" content=\"2008-01-20T00:00:00+00:00\" \/>\n<meta name=\"author\" content=\"Joaquim Haickel\" \/>\n<meta name=\"twitter:card\" content=\"summary_large_image\" \/>\n<meta name=\"twitter:label1\" content=\"Escrito por\" \/>\n\t<meta name=\"twitter:data1\" content=\"Joaquim Haickel\" \/>\n\t<meta name=\"twitter:label2\" content=\"Est. tempo de leitura\" \/>\n\t<meta name=\"twitter:data2\" content=\"5 minutos\" \/>\n<script type=\"application\/ld+json\" class=\"yoast-schema-graph\">{\"@context\":\"https:\/\/schema.org\",\"@graph\":[{\"@type\":\"WebPage\",\"@id\":\"https:\/\/www.blogsoestado.com\/joaquimhaickel\/2008\/01\/20\/de-quem-e-a-culpa-2\/\",\"url\":\"https:\/\/www.blogsoestado.com\/joaquimhaickel\/2008\/01\/20\/de-quem-e-a-culpa-2\/\",\"name\":\"De quem \u00e9 a culpa? - Joaquim Haickel\",\"isPartOf\":{\"@id\":\"https:\/\/www.blogsoestado.com\/joaquimhaickel\/#website\"},\"datePublished\":\"2008-01-20T00:00:00+00:00\",\"author\":{\"@id\":\"https:\/\/www.blogsoestado.com\/joaquimhaickel\/#\/schema\/person\/4a711644aff28245c6c2c3452d66d325\"},\"breadcrumb\":{\"@id\":\"https:\/\/www.blogsoestado.com\/joaquimhaickel\/2008\/01\/20\/de-quem-e-a-culpa-2\/#breadcrumb\"},\"inLanguage\":\"pt-BR\",\"potentialAction\":[{\"@type\":\"ReadAction\",\"target\":[\"https:\/\/www.blogsoestado.com\/joaquimhaickel\/2008\/01\/20\/de-quem-e-a-culpa-2\/\"]}]},{\"@type\":\"BreadcrumbList\",\"@id\":\"https:\/\/www.blogsoestado.com\/joaquimhaickel\/2008\/01\/20\/de-quem-e-a-culpa-2\/#breadcrumb\",\"itemListElement\":[{\"@type\":\"ListItem\",\"position\":1,\"name\":\"In\u00edcio\",\"item\":\"https:\/\/www.blogsoestado.com\/joaquimhaickel\/\"},{\"@type\":\"ListItem\",\"position\":2,\"name\":\"De quem \u00e9 a culpa?\"}]},{\"@type\":\"WebSite\",\"@id\":\"https:\/\/www.blogsoestado.com\/joaquimhaickel\/#website\",\"url\":\"https:\/\/www.blogsoestado.com\/joaquimhaickel\/\",\"name\":\"Joaquim Haickel\",\"description\":\"\",\"potentialAction\":[{\"@type\":\"SearchAction\",\"target\":{\"@type\":\"EntryPoint\",\"urlTemplate\":\"https:\/\/www.blogsoestado.com\/joaquimhaickel\/?s={search_term_string}\"},\"query-input\":{\"@type\":\"PropertyValueSpecification\",\"valueRequired\":true,\"valueName\":\"search_term_string\"}}],\"inLanguage\":\"pt-BR\"},{\"@type\":\"Person\",\"@id\":\"https:\/\/www.blogsoestado.com\/joaquimhaickel\/#\/schema\/person\/4a711644aff28245c6c2c3452d66d325\",\"name\":\"Joaquim Haickel\",\"image\":{\"@type\":\"ImageObject\",\"inLanguage\":\"pt-BR\",\"@id\":\"https:\/\/www.blogsoestado.com\/joaquimhaickel\/#\/schema\/person\/image\/\",\"url\":\"https:\/\/secure.gravatar.com\/avatar\/473d89339b9f8ec089adb8d5778363eb5a2ba2319956bcf0298bfd8cca04684a?s=96&d=mm&r=g\",\"contentUrl\":\"https:\/\/secure.gravatar.com\/avatar\/473d89339b9f8ec089adb8d5778363eb5a2ba2319956bcf0298bfd8cca04684a?s=96&d=mm&r=g\",\"caption\":\"Joaquim Haickel\"},\"url\":\"https:\/\/www.blogsoestado.com\/joaquimhaickel\/author\/joaquimhaickel\/\"}]}<\/script>\n<!-- \/ Yoast SEO plugin. -->","yoast_head_json":{"title":"De quem \u00e9 a culpa? - Joaquim Haickel","robots":{"index":"index","follow":"follow","max-snippet":"max-snippet:-1","max-image-preview":"max-image-preview:large","max-video-preview":"max-video-preview:-1"},"canonical":"https:\/\/www.blogsoestado.com\/joaquimhaickel\/2008\/01\/20\/de-quem-e-a-culpa-2\/","og_locale":"pt_BR","og_type":"article","og_title":"De quem \u00e9 a culpa? - Joaquim Haickel","og_description":"? Se voc\u00ea \u00e9 bom em hist\u00f3ria geral ou pelo menos \u00e9 bom de mem\u00f3ria, ent\u00e3o me diga r\u00e1pido, de [&hellip;]","og_url":"https:\/\/www.blogsoestado.com\/joaquimhaickel\/2008\/01\/20\/de-quem-e-a-culpa-2\/","og_site_name":"Joaquim Haickel","article_published_time":"2008-01-20T00:00:00+00:00","author":"Joaquim Haickel","twitter_card":"summary_large_image","twitter_misc":{"Escrito por":"Joaquim Haickel","Est. tempo de leitura":"5 minutos"},"schema":{"@context":"https:\/\/schema.org","@graph":[{"@type":"WebPage","@id":"https:\/\/www.blogsoestado.com\/joaquimhaickel\/2008\/01\/20\/de-quem-e-a-culpa-2\/","url":"https:\/\/www.blogsoestado.com\/joaquimhaickel\/2008\/01\/20\/de-quem-e-a-culpa-2\/","name":"De quem \u00e9 a culpa? - Joaquim Haickel","isPartOf":{"@id":"https:\/\/www.blogsoestado.com\/joaquimhaickel\/#website"},"datePublished":"2008-01-20T00:00:00+00:00","author":{"@id":"https:\/\/www.blogsoestado.com\/joaquimhaickel\/#\/schema\/person\/4a711644aff28245c6c2c3452d66d325"},"breadcrumb":{"@id":"https:\/\/www.blogsoestado.com\/joaquimhaickel\/2008\/01\/20\/de-quem-e-a-culpa-2\/#breadcrumb"},"inLanguage":"pt-BR","potentialAction":[{"@type":"ReadAction","target":["https:\/\/www.blogsoestado.com\/joaquimhaickel\/2008\/01\/20\/de-quem-e-a-culpa-2\/"]}]},{"@type":"BreadcrumbList","@id":"https:\/\/www.blogsoestado.com\/joaquimhaickel\/2008\/01\/20\/de-quem-e-a-culpa-2\/#breadcrumb","itemListElement":[{"@type":"ListItem","position":1,"name":"In\u00edcio","item":"https:\/\/www.blogsoestado.com\/joaquimhaickel\/"},{"@type":"ListItem","position":2,"name":"De quem \u00e9 a culpa?"}]},{"@type":"WebSite","@id":"https:\/\/www.blogsoestado.com\/joaquimhaickel\/#website","url":"https:\/\/www.blogsoestado.com\/joaquimhaickel\/","name":"Joaquim Haickel","description":"","potentialAction":[{"@type":"SearchAction","target":{"@type":"EntryPoint","urlTemplate":"https:\/\/www.blogsoestado.com\/joaquimhaickel\/?s={search_term_string}"},"query-input":{"@type":"PropertyValueSpecification","valueRequired":true,"valueName":"search_term_string"}}],"inLanguage":"pt-BR"},{"@type":"Person","@id":"https:\/\/www.blogsoestado.com\/joaquimhaickel\/#\/schema\/person\/4a711644aff28245c6c2c3452d66d325","name":"Joaquim Haickel","image":{"@type":"ImageObject","inLanguage":"pt-BR","@id":"https:\/\/www.blogsoestado.com\/joaquimhaickel\/#\/schema\/person\/image\/","url":"https:\/\/secure.gravatar.com\/avatar\/473d89339b9f8ec089adb8d5778363eb5a2ba2319956bcf0298bfd8cca04684a?s=96&d=mm&r=g","contentUrl":"https:\/\/secure.gravatar.com\/avatar\/473d89339b9f8ec089adb8d5778363eb5a2ba2319956bcf0298bfd8cca04684a?s=96&d=mm&r=g","caption":"Joaquim Haickel"},"url":"https:\/\/www.blogsoestado.com\/joaquimhaickel\/author\/joaquimhaickel\/"}]}},"jetpack_featured_media_url":"","_links":{"self":[{"href":"https:\/\/www.blogsoestado.com\/joaquimhaickel\/wp-json\/wp\/v2\/posts\/230","targetHints":{"allow":["GET"]}}],"collection":[{"href":"https:\/\/www.blogsoestado.com\/joaquimhaickel\/wp-json\/wp\/v2\/posts"}],"about":[{"href":"https:\/\/www.blogsoestado.com\/joaquimhaickel\/wp-json\/wp\/v2\/types\/post"}],"author":[{"embeddable":true,"href":"https:\/\/www.blogsoestado.com\/joaquimhaickel\/wp-json\/wp\/v2\/users\/7"}],"replies":[{"embeddable":true,"href":"https:\/\/www.blogsoestado.com\/joaquimhaickel\/wp-json\/wp\/v2\/comments?post=230"}],"version-history":[{"count":0,"href":"https:\/\/www.blogsoestado.com\/joaquimhaickel\/wp-json\/wp\/v2\/posts\/230\/revisions"}],"wp:attachment":[{"href":"https:\/\/www.blogsoestado.com\/joaquimhaickel\/wp-json\/wp\/v2\/media?parent=230"}],"wp:term":[{"taxonomy":"category","embeddable":true,"href":"https:\/\/www.blogsoestado.com\/joaquimhaickel\/wp-json\/wp\/v2\/categories?post=230"},{"taxonomy":"post_tag","embeddable":true,"href":"https:\/\/www.blogsoestado.com\/joaquimhaickel\/wp-json\/wp\/v2\/tags?post=230"}],"curies":[{"name":"wp","href":"https:\/\/api.w.org\/{rel}","templated":true}]}}