{"id":2307,"date":"2019-12-28T00:36:58","date_gmt":"2019-12-28T03:36:58","guid":{"rendered":"https:\/\/www.blogsoestado.com\/joaquimhaickel\/?p=2307"},"modified":"2019-12-28T00:36:58","modified_gmt":"2019-12-28T03:36:58","slug":"para-2020","status":"publish","type":"post","link":"https:\/\/www.blogsoestado.com\/joaquimhaickel\/2019\/12\/28\/para-2020\/","title":{"rendered":"Para 2020"},"content":{"rendered":"\n<p><\/p>\n\n\n\n<figure class=\"wp-block-image size-large\"><img fetchpriority=\"high\" decoding=\"async\" width=\"500\" height=\"450\" src=\"https:\/\/www.blogsoestado.com\/joaquimhaickel\/wp-content\/uploads\/sites\/6\/2019\/12\/38ed7f74e2-1.jpg\" alt=\"\" class=\"wp-image-2308\" srcset=\"https:\/\/www.blogsoestado.com\/joaquimhaickel\/wp-content\/uploads\/sites\/6\/2019\/12\/38ed7f74e2-1.jpg 500w, https:\/\/www.blogsoestado.com\/joaquimhaickel\/wp-content\/uploads\/sites\/6\/2019\/12\/38ed7f74e2-1-300x270.jpg 300w\" sizes=\"(max-width: 500px) 100vw, 500px\" \/><\/figure>\n\n\n\n<p>Finalmente\ncompletei&nbsp;60&nbsp;anos e conquistei alguns privil\u00e9gios muito bem-vindos,\nalguns indesejados e outros at\u00e9 rejeitados.<\/p>\n\n\n\n<p>Ter\nprefer\u00eancia de acesso e de estacionamento \u00e9 maravilhoso, ocorre que a\nquantidade de pessoas na mesma condi\u00e7\u00e3o, deixa essa vantagem quase sendo uma\ndesvantagem!&#8230; N\u00e3o mais poder sentar nas poltronas que ficam junto \u00e0s portas\nde emerg\u00eancia dos avi\u00f5es, \u00e9 algo que vou odiar! Ser tido como pessoa idosa e\nsentir nas juntas o peso do tempo, mesmo tendo diminu\u00eddo o peso do corpo, \u00e9\nalgo doloroso, que n\u00e3o \u00e9 compensado nem com o fato de agora em diante pagar\nmeia entrada&#8230;<\/p>\n\n\n\n<p>O ano\nde 2020 ser\u00e1 o primeiro que viverei com o privil\u00e9gio et\u00e1rio de poder ser\nrabugento, de reclamar de tudo e de todos, mesmo que n\u00e3o seja muito do meu\nfeitio reclamar, assim, pura e simplesmente. Meu h\u00e1bito de reclamar vem de\nlonge, mas sempre envolto no que chamo de \u201cobserva\u00e7\u00f5es e an\u00e1lises\u201d, j\u00e1 que a\npalavra cr\u00edtica ganhou um significado pejorativo, quase nunca sendo usada ou\nentendida como simplesmente a&nbsp;capacidade ou a habilidade de\njulgar, de estabelecer um ju\u00edzo avaliativo, ou por extens\u00e3o, a atividade\nde examinar e discorrer, minuciosamente, sobre o objeto enfocado, seja uma\nprodu\u00e7\u00e3o art\u00edstica ou cient\u00edfica, bem como costumes e comportamentos, al\u00e9m de\ncen\u00e1rios e a\u00e7\u00f5es pol\u00edticas.<\/p>\n\n\n\n<p>Ao\nme tornar um sexagen\u00e1rio, passei a ter o privil\u00e9gio do tempo, da experi\u00eancia\nadquirida pela antiguidade, isso quando o sujeito n\u00e3o a tiver conquistado pela\ndedica\u00e7\u00e3o, estudo e m\u00e9rito, o que espero seja o meu caso.<\/p>\n\n\n\n<p>Em\n2020, espero n\u00e3o reclamar tanto dos governantes, nos tr\u00eas n\u00edveis\ndo&nbsp;Poder&nbsp;Executivo, nos tr\u00eas n\u00edveis do&nbsp;Legislativo e em todos os\nquatro ou cinco, ou seja l\u00e1 quantos forem os n\u00edveis que tenha o\nnosso&nbsp;Judici\u00e1rio.<\/p>\n\n\n\n<p>Uma\ncoisa que eu gostaria muito que acontecesse em 2020, era que Chico, Gil e\nCaetano, produzissem m\u00fasicas que n\u00f3s, pessoas de bom gosto, pud\u00e9ssemos apreciar\ne nos deliciar. Elas podem ser m\u00fasicas engajadas, politizadas, mas precisam ser\nde boa qualidade, como as que eles produziam quando no Brasil havia um regime\nde exce\u00e7\u00e3o, uma tal dita dura!&#8230; Quero poder analisar essa seca pela qual\npassam t\u00e3o grandes vultos de nossa m\u00fasica.<\/p>\n\n\n\n<p>Logo\nno comecinho do ano vou tentar analisar a mais rasa, v\u00e9rmina, ign\u00f3bil e torpe\nmanifesta\u00e7\u00e3o da cultura cinematogr\u00e1fica humor\u00edstica nacional. A engembrada e\nmal enjorcada produ\u00e7\u00e3o levada a cabo, sem nenhuma ten\u00eancia, pelos talentosos,\nmas n\u00e3o inocentes membros do Porta dos Fundos, sobre a vida de Jesus. Uns\nespertalh\u00f5es bob\u00f5es que se travestem de corretos para encherem os bolsos de grana.<\/p>\n\n\n\n<p>Certamente\nanalisarei os fatos que v\u00e3o culminar com as elei\u00e7\u00f5es municipais de outubro, que\nse n\u00e3o forem definitivas, ser\u00e3o certamente indicativas do resultado das\nelei\u00e7\u00f5es estaduais de 2022, com fortes reflexos tamb\u00e9m na elei\u00e7\u00e3o de\npresidente.<\/p>\n\n\n\n<p>No\nano que vem vou ter que decidir definitivamente se continuo levando adiante a\nbandeira da preserva\u00e7\u00e3o de nossa mem\u00f3ria atrav\u00e9s de suportes audiovisuais,\ntrabalho herc\u00faleo que insisto em desenvolver mesmo s\u00f3 contando com o apoio de\nvolunt\u00e1rios que se disp\u00f5em em emprestar seu tempo no af\u00e3 de ver um filme de 50\nanos, ou uma fotografia de 100, restaurada, digitalizada, publicada e\ndisponibilizada, para que todos possam conhecer a nossa hist\u00f3ria, como\naconteceu no belo filme de Arturo Saboia, sobre a Associa\u00e7\u00e3o Comercial do\nMaranh\u00e3o.<\/p>\n\n\n\n<p>2020\nser\u00e1 um ano de grandes realiza\u00e7\u00e3o para n\u00f3s da Guarnic\u00ea Produ\u00e7\u00f5es, do Polo de\nCinema do Maranh\u00e3o e do MAVAM.<\/p>\n\n\n\n<p>Lan\u00e7aremos\ntr\u00eas s\u00e9ries para TV: \u201c<em>A Pedra e a Palavra\u201d<\/em>, sobre a vida e a obra do\npadre Antonio Vieira; \u201c<em>Manufatura Fashion\u201d<\/em>, sobre moda alternativa; \u201c<em>Raja\nna Rota das Emo\u00e7\u00f5es\u201d<\/em>, uma aventura da Banda de Reggae, Raja, entre Santo\nAmaro e Jericoacoara.<\/p>\n\n\n\n<p>Teremos\ntamb\u00e9m os esperados lan\u00e7amentos de quatro coprodu\u00e7\u00f5es de longas-metragens: \u201c<em>O\npai da Rita\u201d<\/em>, \u201c<em>As \u00d3rbitas da \u00c1gua\u201d, \u201cCurrupira, o dem\u00f4nio da floresta\u201d<\/em>&nbsp;e\n\u201c<em>Chorando se Foi\u201d<\/em>. Al\u00e9m das produ\u00e7\u00f5es da s\u00e9rie \u201c<em>As Mina Pira\u201d,<\/em>&nbsp;que\nser\u00e1 roteirizado e dirigido por Mavi Sim\u00e3o, e a coprodu\u00e7\u00e3o internacional do\nlonga metragem \u201c<em>Tr\u00f3pico\u201d,<\/em>&nbsp;dirigido por Giada Colagrande, estrelado\npor Willem Dafoe e grande elenco.<\/p>\n\n\n\n<p>O\nano de 2020 promete. Esperemos que ele se cumpra.<\/p>\n","protected":false},"excerpt":{"rendered":"<p>Finalmente completei&nbsp;60&nbsp;anos e conquistei alguns privil\u00e9gios muito bem-vindos, alguns indesejados e outros at\u00e9 rejeitados. Ter prefer\u00eancia de acesso e de [&hellip;]<\/p>\n","protected":false},"author":7,"featured_media":0,"comment_status":"open","ping_status":"open","sticky":false,"template":"","format":"standard","meta":{"site-sidebar-layout":"default","site-content-layout":"","ast-site-content-layout":"default","site-content-style":"default","site-sidebar-style":"default","ast-global-header-display":"","ast-banner-title-visibility":"","ast-main-header-display":"","ast-hfb-above-header-display":"","ast-hfb-below-header-display":"","ast-hfb-mobile-header-display":"","site-post-title":"","ast-breadcrumbs-content":"","ast-featured-img":"","footer-sml-layout":"","ast-disable-related-posts":"","theme-transparent-header-meta":"","adv-header-id-meta":"","stick-header-meta":"","header-above-stick-meta":"","header-main-stick-meta":"","header-below-stick-meta":"","astra-migrate-meta-layouts":"default","ast-page-background-enabled":"default","ast-page-background-meta":{"desktop":{"background-color":"var(--ast-global-color-5)","background-image":"","background-repeat":"repeat","background-position":"center center","background-size":"auto","background-attachment":"scroll","background-type":"","background-media":"","overlay-type":"","overlay-color":"","overlay-opacity":"","overlay-gradient":""},"tablet":{"background-color":"","background-image":"","background-repeat":"repeat","background-position":"center center","background-size":"auto","background-attachment":"scroll","background-type":"","background-media":"","overlay-type":"","overlay-color":"","overlay-opacity":"","overlay-gradient":""},"mobile":{"background-color":"","background-image":"","background-repeat":"repeat","background-position":"center center","background-size":"auto","background-attachment":"scroll","background-type":"","background-media":"","overlay-type":"","overlay-color":"","overlay-opacity":"","overlay-gradient":""}},"ast-content-background-meta":{"desktop":{"background-color":"var(--ast-global-color-4)","background-image":"","background-repeat":"repeat","background-position":"center center","background-size":"auto","background-attachment":"scroll","background-type":"","background-media":"","overlay-type":"","overlay-color":"","overlay-opacity":"","overlay-gradient":""},"tablet":{"background-color":"var(--ast-global-color-4)","background-image":"","background-repeat":"repeat","background-position":"center center","background-size":"auto","background-attachment":"scroll","background-type":"","background-media":"","overlay-type":"","overlay-color":"","overlay-opacity":"","overlay-gradient":""},"mobile":{"background-color":"var(--ast-global-color-4)","background-image":"","background-repeat":"repeat","background-position":"center center","background-size":"auto","background-attachment":"scroll","background-type":"","background-media":"","overlay-type":"","overlay-color":"","overlay-opacity":"","overlay-gradient":""}},"footnotes":""},"categories":[1],"tags":[],"class_list":["post-2307","post","type-post","status-publish","format-standard","hentry","category-sem-categoria"],"yoast_head":"<!-- This site is optimized with the Yoast SEO plugin v26.6 - https:\/\/yoast.com\/wordpress\/plugins\/seo\/ -->\n<title>Para 2020 - Joaquim Haickel<\/title>\n<meta name=\"robots\" content=\"index, follow, max-snippet:-1, max-image-preview:large, max-video-preview:-1\" \/>\n<link rel=\"canonical\" href=\"https:\/\/www.blogsoestado.com\/joaquimhaickel\/2019\/12\/28\/para-2020\/\" \/>\n<meta property=\"og:locale\" content=\"pt_BR\" \/>\n<meta property=\"og:type\" content=\"article\" \/>\n<meta property=\"og:title\" content=\"Para 2020 - Joaquim Haickel\" \/>\n<meta property=\"og:description\" content=\"Finalmente completei&nbsp;60&nbsp;anos e conquistei alguns privil\u00e9gios muito bem-vindos, alguns indesejados e outros at\u00e9 rejeitados. Ter prefer\u00eancia de acesso e de [&hellip;]\" \/>\n<meta property=\"og:url\" content=\"https:\/\/www.blogsoestado.com\/joaquimhaickel\/2019\/12\/28\/para-2020\/\" \/>\n<meta property=\"og:site_name\" content=\"Joaquim Haickel\" \/>\n<meta property=\"article:published_time\" content=\"2019-12-28T03:36:58+00:00\" \/>\n<meta property=\"og:image\" content=\"https:\/\/www.blogsoestado.com\/joaquimhaickel\/wp-content\/uploads\/sites\/6\/2019\/12\/38ed7f74e2-1.jpg\" \/>\n<meta name=\"author\" content=\"Joaquim Haickel\" \/>\n<meta name=\"twitter:card\" content=\"summary_large_image\" \/>\n<meta name=\"twitter:label1\" content=\"Escrito por\" \/>\n\t<meta name=\"twitter:data1\" content=\"Joaquim Haickel\" \/>\n\t<meta name=\"twitter:label2\" content=\"Est. tempo de leitura\" \/>\n\t<meta name=\"twitter:data2\" content=\"4 minutos\" \/>\n<script type=\"application\/ld+json\" class=\"yoast-schema-graph\">{\"@context\":\"https:\/\/schema.org\",\"@graph\":[{\"@type\":\"WebPage\",\"@id\":\"https:\/\/www.blogsoestado.com\/joaquimhaickel\/2019\/12\/28\/para-2020\/\",\"url\":\"https:\/\/www.blogsoestado.com\/joaquimhaickel\/2019\/12\/28\/para-2020\/\",\"name\":\"Para 2020 - Joaquim Haickel\",\"isPartOf\":{\"@id\":\"https:\/\/www.blogsoestado.com\/joaquimhaickel\/#website\"},\"primaryImageOfPage\":{\"@id\":\"https:\/\/www.blogsoestado.com\/joaquimhaickel\/2019\/12\/28\/para-2020\/#primaryimage\"},\"image\":{\"@id\":\"https:\/\/www.blogsoestado.com\/joaquimhaickel\/2019\/12\/28\/para-2020\/#primaryimage\"},\"thumbnailUrl\":\"https:\/\/www.blogsoestado.com\/joaquimhaickel\/wp-content\/uploads\/sites\/6\/2019\/12\/38ed7f74e2-1.jpg\",\"datePublished\":\"2019-12-28T03:36:58+00:00\",\"author\":{\"@id\":\"https:\/\/www.blogsoestado.com\/joaquimhaickel\/#\/schema\/person\/4a711644aff28245c6c2c3452d66d325\"},\"breadcrumb\":{\"@id\":\"https:\/\/www.blogsoestado.com\/joaquimhaickel\/2019\/12\/28\/para-2020\/#breadcrumb\"},\"inLanguage\":\"pt-BR\",\"potentialAction\":[{\"@type\":\"ReadAction\",\"target\":[\"https:\/\/www.blogsoestado.com\/joaquimhaickel\/2019\/12\/28\/para-2020\/\"]}]},{\"@type\":\"ImageObject\",\"inLanguage\":\"pt-BR\",\"@id\":\"https:\/\/www.blogsoestado.com\/joaquimhaickel\/2019\/12\/28\/para-2020\/#primaryimage\",\"url\":\"https:\/\/www.blogsoestado.com\/joaquimhaickel\/wp-content\/uploads\/sites\/6\/2019\/12\/38ed7f74e2-1.jpg\",\"contentUrl\":\"https:\/\/www.blogsoestado.com\/joaquimhaickel\/wp-content\/uploads\/sites\/6\/2019\/12\/38ed7f74e2-1.jpg\",\"width\":500,\"height\":450},{\"@type\":\"BreadcrumbList\",\"@id\":\"https:\/\/www.blogsoestado.com\/joaquimhaickel\/2019\/12\/28\/para-2020\/#breadcrumb\",\"itemListElement\":[{\"@type\":\"ListItem\",\"position\":1,\"name\":\"In\u00edcio\",\"item\":\"https:\/\/www.blogsoestado.com\/joaquimhaickel\/\"},{\"@type\":\"ListItem\",\"position\":2,\"name\":\"Para 2020\"}]},{\"@type\":\"WebSite\",\"@id\":\"https:\/\/www.blogsoestado.com\/joaquimhaickel\/#website\",\"url\":\"https:\/\/www.blogsoestado.com\/joaquimhaickel\/\",\"name\":\"Joaquim Haickel\",\"description\":\"\",\"potentialAction\":[{\"@type\":\"SearchAction\",\"target\":{\"@type\":\"EntryPoint\",\"urlTemplate\":\"https:\/\/www.blogsoestado.com\/joaquimhaickel\/?s={search_term_string}\"},\"query-input\":{\"@type\":\"PropertyValueSpecification\",\"valueRequired\":true,\"valueName\":\"search_term_string\"}}],\"inLanguage\":\"pt-BR\"},{\"@type\":\"Person\",\"@id\":\"https:\/\/www.blogsoestado.com\/joaquimhaickel\/#\/schema\/person\/4a711644aff28245c6c2c3452d66d325\",\"name\":\"Joaquim Haickel\",\"image\":{\"@type\":\"ImageObject\",\"inLanguage\":\"pt-BR\",\"@id\":\"https:\/\/www.blogsoestado.com\/joaquimhaickel\/#\/schema\/person\/image\/\",\"url\":\"https:\/\/secure.gravatar.com\/avatar\/473d89339b9f8ec089adb8d5778363eb5a2ba2319956bcf0298bfd8cca04684a?s=96&d=mm&r=g\",\"contentUrl\":\"https:\/\/secure.gravatar.com\/avatar\/473d89339b9f8ec089adb8d5778363eb5a2ba2319956bcf0298bfd8cca04684a?s=96&d=mm&r=g\",\"caption\":\"Joaquim Haickel\"},\"url\":\"https:\/\/www.blogsoestado.com\/joaquimhaickel\/author\/joaquimhaickel\/\"}]}<\/script>\n<!-- \/ Yoast SEO plugin. -->","yoast_head_json":{"title":"Para 2020 - Joaquim Haickel","robots":{"index":"index","follow":"follow","max-snippet":"max-snippet:-1","max-image-preview":"max-image-preview:large","max-video-preview":"max-video-preview:-1"},"canonical":"https:\/\/www.blogsoestado.com\/joaquimhaickel\/2019\/12\/28\/para-2020\/","og_locale":"pt_BR","og_type":"article","og_title":"Para 2020 - Joaquim Haickel","og_description":"Finalmente completei&nbsp;60&nbsp;anos e conquistei alguns privil\u00e9gios muito bem-vindos, alguns indesejados e outros at\u00e9 rejeitados. Ter prefer\u00eancia de acesso e de [&hellip;]","og_url":"https:\/\/www.blogsoestado.com\/joaquimhaickel\/2019\/12\/28\/para-2020\/","og_site_name":"Joaquim Haickel","article_published_time":"2019-12-28T03:36:58+00:00","og_image":[{"url":"https:\/\/www.blogsoestado.com\/joaquimhaickel\/wp-content\/uploads\/sites\/6\/2019\/12\/38ed7f74e2-1.jpg","type":"","width":"","height":""}],"author":"Joaquim Haickel","twitter_card":"summary_large_image","twitter_misc":{"Escrito por":"Joaquim Haickel","Est. tempo de leitura":"4 minutos"},"schema":{"@context":"https:\/\/schema.org","@graph":[{"@type":"WebPage","@id":"https:\/\/www.blogsoestado.com\/joaquimhaickel\/2019\/12\/28\/para-2020\/","url":"https:\/\/www.blogsoestado.com\/joaquimhaickel\/2019\/12\/28\/para-2020\/","name":"Para 2020 - Joaquim Haickel","isPartOf":{"@id":"https:\/\/www.blogsoestado.com\/joaquimhaickel\/#website"},"primaryImageOfPage":{"@id":"https:\/\/www.blogsoestado.com\/joaquimhaickel\/2019\/12\/28\/para-2020\/#primaryimage"},"image":{"@id":"https:\/\/www.blogsoestado.com\/joaquimhaickel\/2019\/12\/28\/para-2020\/#primaryimage"},"thumbnailUrl":"https:\/\/www.blogsoestado.com\/joaquimhaickel\/wp-content\/uploads\/sites\/6\/2019\/12\/38ed7f74e2-1.jpg","datePublished":"2019-12-28T03:36:58+00:00","author":{"@id":"https:\/\/www.blogsoestado.com\/joaquimhaickel\/#\/schema\/person\/4a711644aff28245c6c2c3452d66d325"},"breadcrumb":{"@id":"https:\/\/www.blogsoestado.com\/joaquimhaickel\/2019\/12\/28\/para-2020\/#breadcrumb"},"inLanguage":"pt-BR","potentialAction":[{"@type":"ReadAction","target":["https:\/\/www.blogsoestado.com\/joaquimhaickel\/2019\/12\/28\/para-2020\/"]}]},{"@type":"ImageObject","inLanguage":"pt-BR","@id":"https:\/\/www.blogsoestado.com\/joaquimhaickel\/2019\/12\/28\/para-2020\/#primaryimage","url":"https:\/\/www.blogsoestado.com\/joaquimhaickel\/wp-content\/uploads\/sites\/6\/2019\/12\/38ed7f74e2-1.jpg","contentUrl":"https:\/\/www.blogsoestado.com\/joaquimhaickel\/wp-content\/uploads\/sites\/6\/2019\/12\/38ed7f74e2-1.jpg","width":500,"height":450},{"@type":"BreadcrumbList","@id":"https:\/\/www.blogsoestado.com\/joaquimhaickel\/2019\/12\/28\/para-2020\/#breadcrumb","itemListElement":[{"@type":"ListItem","position":1,"name":"In\u00edcio","item":"https:\/\/www.blogsoestado.com\/joaquimhaickel\/"},{"@type":"ListItem","position":2,"name":"Para 2020"}]},{"@type":"WebSite","@id":"https:\/\/www.blogsoestado.com\/joaquimhaickel\/#website","url":"https:\/\/www.blogsoestado.com\/joaquimhaickel\/","name":"Joaquim Haickel","description":"","potentialAction":[{"@type":"SearchAction","target":{"@type":"EntryPoint","urlTemplate":"https:\/\/www.blogsoestado.com\/joaquimhaickel\/?s={search_term_string}"},"query-input":{"@type":"PropertyValueSpecification","valueRequired":true,"valueName":"search_term_string"}}],"inLanguage":"pt-BR"},{"@type":"Person","@id":"https:\/\/www.blogsoestado.com\/joaquimhaickel\/#\/schema\/person\/4a711644aff28245c6c2c3452d66d325","name":"Joaquim Haickel","image":{"@type":"ImageObject","inLanguage":"pt-BR","@id":"https:\/\/www.blogsoestado.com\/joaquimhaickel\/#\/schema\/person\/image\/","url":"https:\/\/secure.gravatar.com\/avatar\/473d89339b9f8ec089adb8d5778363eb5a2ba2319956bcf0298bfd8cca04684a?s=96&d=mm&r=g","contentUrl":"https:\/\/secure.gravatar.com\/avatar\/473d89339b9f8ec089adb8d5778363eb5a2ba2319956bcf0298bfd8cca04684a?s=96&d=mm&r=g","caption":"Joaquim Haickel"},"url":"https:\/\/www.blogsoestado.com\/joaquimhaickel\/author\/joaquimhaickel\/"}]}},"jetpack_featured_media_url":"","_links":{"self":[{"href":"https:\/\/www.blogsoestado.com\/joaquimhaickel\/wp-json\/wp\/v2\/posts\/2307","targetHints":{"allow":["GET"]}}],"collection":[{"href":"https:\/\/www.blogsoestado.com\/joaquimhaickel\/wp-json\/wp\/v2\/posts"}],"about":[{"href":"https:\/\/www.blogsoestado.com\/joaquimhaickel\/wp-json\/wp\/v2\/types\/post"}],"author":[{"embeddable":true,"href":"https:\/\/www.blogsoestado.com\/joaquimhaickel\/wp-json\/wp\/v2\/users\/7"}],"replies":[{"embeddable":true,"href":"https:\/\/www.blogsoestado.com\/joaquimhaickel\/wp-json\/wp\/v2\/comments?post=2307"}],"version-history":[{"count":0,"href":"https:\/\/www.blogsoestado.com\/joaquimhaickel\/wp-json\/wp\/v2\/posts\/2307\/revisions"}],"wp:attachment":[{"href":"https:\/\/www.blogsoestado.com\/joaquimhaickel\/wp-json\/wp\/v2\/media?parent=2307"}],"wp:term":[{"taxonomy":"category","embeddable":true,"href":"https:\/\/www.blogsoestado.com\/joaquimhaickel\/wp-json\/wp\/v2\/categories?post=2307"},{"taxonomy":"post_tag","embeddable":true,"href":"https:\/\/www.blogsoestado.com\/joaquimhaickel\/wp-json\/wp\/v2\/tags?post=2307"}],"curies":[{"name":"wp","href":"https:\/\/api.w.org\/{rel}","templated":true}]}}