{"id":2322,"date":"2020-01-18T06:55:21","date_gmt":"2020-01-18T09:55:21","guid":{"rendered":"https:\/\/www.blogsoestado.com\/joaquimhaickel\/?p=2322"},"modified":"2020-01-18T06:55:21","modified_gmt":"2020-01-18T09:55:21","slug":"a-porta-dos-fundilhos","status":"publish","type":"post","link":"https:\/\/www.blogsoestado.com\/joaquimhaickel\/2020\/01\/18\/a-porta-dos-fundilhos\/","title":{"rendered":"A Porta dos Fundilhos"},"content":{"rendered":"\n<figure class=\"wp-block-image size-large\"><img fetchpriority=\"high\" decoding=\"async\" width=\"225\" height=\"225\" src=\"https:\/\/www.blogsoestado.com\/joaquimhaickel\/wp-content\/uploads\/sites\/6\/2020\/01\/imag-rryahyyhes-1.png\" alt=\"\" class=\"wp-image-2323\" srcset=\"https:\/\/www.blogsoestado.com\/joaquimhaickel\/wp-content\/uploads\/sites\/6\/2020\/01\/imag-rryahyyhes-1.png 225w, https:\/\/www.blogsoestado.com\/joaquimhaickel\/wp-content\/uploads\/sites\/6\/2020\/01\/imag-rryahyyhes-1-150x150.png 150w\" sizes=\"(max-width: 225px) 100vw, 225px\" \/><\/figure>\n\n\n\n<p><\/p>\n\n\n\n<p>Em meu \u00faltimo texto de 2019 disse que logo no\ncomecinho do ano de 2020, eu iria \u201ctentar analisar a mais rasa, v\u00e9rmina,\nign\u00f3bil e torpe manifesta\u00e7\u00e3o da cultura cinematogr\u00e1fica humor\u00edstica nacional. A\nengembrada e mal enjorcada produ\u00e7\u00e3o levada a cabo, sem nenhuma tend\u00eancia, pelos\ntalentosos, mas n\u00e3o inocentes membros do grupo humor\u00edstico Porta dos Fundos,\nsobre a vida de Jesus. Uns espertalh\u00f5es que se travestem de corretos para\nencherem os bolsos de grana\u201d.<\/p>\n\n\n\n<p>Farei isso, em que pese o interesse sobre este\nassunto ter se arrefecido. O assunto do momento \u00e9 a indica\u00e7\u00e3o de \u201c<em>Democracia\nem Vertigem\u201d<\/em>, para concorrer ao Oscar de melhor document\u00e1rio, categoria que\ntal filme n\u00e3o consegue alcan\u00e7ar, pois \u00e9 no m\u00e1ximo um longo e faccioso filme de\npropaganda partid\u00e1ria e ideol\u00f3gica.<\/p>\n\n\n\n<p>Mas vamos ver os fundilhudos!&#8230;<\/p>\n\n\n\n<p>\u00c9 bom que antes de mais nada, voc\u00ea que me l\u00ea agora,\nsaiba que gosto de pensar que sou agn\u00f3stico, que n\u00e3o tenho uma religi\u00e3o, em que\npese gostar de estudar todas, para tentar entender o que nos leva a buscar\ntanto uma explica\u00e7\u00e3o teol\u00f3gica sobre nossa origem e tudo que nos cerca.<\/p>\n\n\n\n<p>O pessoal do Porta dos Fundos escolheu como tema de\nseu especial de&nbsp;Natal, uma vers\u00e3o bem ao seu modo, irreverente e\nescrachada, da vida de um personagem hist\u00f3rico, que n\u00e3o por acaso \u00e9 a pedra\nfundamental de todas as denomina\u00e7\u00f5es religiosas que formam a f\u00e9 crist\u00e3, que\ncongrega cerca de 35% da popula\u00e7\u00e3o mundial.<\/p>\n\n\n\n<p>Em segundo lugar, pouco importa se voc\u00ea viu ou n\u00e3o\nviu essa repugnante montagem! Para que voc\u00ea possa entender de forma realmente\ncorreta, qualquer coisa sobre o assunto Jesus Cristo, do ponto de vista do\ncinema, \u00e9 indispens\u00e1vel que veja alguns filmes, pois com o puro e simples\nconhecimento dessas obras voc\u00ea poder\u00e1 saber como \u00e9 ign\u00f3bil, torpe, despropositado,\nde mau&nbsp;gosto, coisa de quem n\u00e3o quer pendurar uma melancia no pesco\u00e7o para\naparecer, nem enfiar um espanador no rabo e sair na banda de Ipanema fantasiado\nde Papa-L\u00e9guas&#8230;<\/p>\n\n\n\n<p>Assistam ao po\u00e9tico \u201c<em>O evang\u00e9lio segundo S\u00e3o\nMateus\u201d<\/em>, de Pier Paolo Pasolini (homossexual assumido);&nbsp;ao minucioso \u201c<em>Rei\ndos Reis\u201d<\/em>, de Nicholas Ray (narrado por Orson Wells);&nbsp;ao maravilhoso \u201c<em>Jesus\nde Nazar\u00e9\u201d<\/em>, de Franco Zefirelli (preste aten\u00e7\u00e3o em seu elenco\nestrelar);&nbsp;assista ao violento \u201c<em>A Paix\u00e3o de Cristo\u201d<\/em>, de Mel Gibson.<\/p>\n\n\n\n<p>Depois disso, assista ao fenomenal \u201c<em>A \u00daltima\ntenta\u00e7\u00e3o de Cristo\u201d<\/em>, profundo mergulho de Martin Scorcese em busca de um\nJesus veross\u00edmil e real, em que pese o diretor ter fraquejado ao usar o\nestere\u00f3tipo louro e de olhos azuis para um judeu da Galileia, de 2000 anos\natr\u00e1s, protagonizado pelo impec\u00e1vel Willem Dafoe.<\/p>\n\n\n\n<p>S\u00f3 ent\u00e3o assista ao extraordin\u00e1rio \u201c<em>A Vida de\nBrain\u201d<\/em>, de Terry Jones, que juntamente com sua trupe do Monty Python, d\u00e3o\nvida a Brain Cohen e a personagens contempor\u00e2neos de Jesus, construindo um\ncen\u00e1rio paralelo ao do messias, sempre de forma criativa e bem humorada, de\nforma c\u00f4mica, mas sem faltar com respeito de forma inaceit\u00e1vel para com as\ncren\u00e7as de quem quer que seja.<\/p>\n\n\n\n<p>Se voc\u00ea n\u00e3o quiser assistir todas as obras citadas,\nassista pelo menos as duas \u00faltimas, pois s\u00e3o nelas que residem a tosca\njustificativa do Porta dos Fundos realizarem seu filme escatol\u00f3gico, no sentido\ngrego da palavra.<\/p>\n\n\n\n<p>Usaram o tema do filme de Scorcese e a licen\u00e7a humor\u00edstica do filme de\nJones para montar um&nbsp;Frankenstein\ndegenerado onde Jesus \u00e9 um homossexual (Duvivier), seduzido por um Satan\u00e1s de\ncabelos de Rick Wakemam (Porchat), Deus \u00e9 um babaca arrogante e prepotente,\nMaria n\u00e3o tem nada de santa, trai o marido e fuma maconha&#8230;<\/p>\n\n\n\n<p>O\nfilme foi feito com o intuito \u00fanico e exclusivo de causar pol\u00eamica e ganhar\ndinheiro. Nada tem de humor e muito menos de arte, ainda mais vindo de pessoas\ninteligentes e talentosas, como s\u00e3o os autores e protagonistas. Uma porcaria\nproduzida sob os ausp\u00edcios do artigo quinto da&nbsp;Constitui\u00e7\u00e3o&nbsp;Federal\nque permite que qualquer cidad\u00e3o, at\u00e9 os imbecis, digam o que bem entendam.<\/p>\n\n\n\n<p>Viva\no estado democr\u00e1tico de direito e a plena democracia brasileira, que alguns\ndizem estar em vertigem!&#8230;<\/p>\n\n\n\n<p>Por fim, gostaria de dizer que at\u00e9 para brincar,\nprincipalmente com assuntos t\u00e3o s\u00e9rios e controversos como religi\u00e3o, o\nbrincalh\u00e3o tem que ter capacidade de entender como faz\u00ea-lo e estar preparado\npara suportar as consequ\u00eancias, pois insulto, cal\u00fania, injuria e difama\u00e7\u00e3o s\u00e3o\nt\u00e3o crimes quanto agress\u00e3o, viol\u00eancia e terrorismo!&#8230;<\/p>\n","protected":false},"excerpt":{"rendered":"<p>Em meu \u00faltimo texto de 2019 disse que logo no comecinho do ano de 2020, eu iria \u201ctentar analisar a [&hellip;]<\/p>\n","protected":false},"author":7,"featured_media":0,"comment_status":"open","ping_status":"open","sticky":false,"template":"","format":"standard","meta":{"site-sidebar-layout":"default","site-content-layout":"","ast-site-content-layout":"default","site-content-style":"default","site-sidebar-style":"default","ast-global-header-display":"","ast-banner-title-visibility":"","ast-main-header-display":"","ast-hfb-above-header-display":"","ast-hfb-below-header-display":"","ast-hfb-mobile-header-display":"","site-post-title":"","ast-breadcrumbs-content":"","ast-featured-img":"","footer-sml-layout":"","ast-disable-related-posts":"","theme-transparent-header-meta":"","adv-header-id-meta":"","stick-header-meta":"","header-above-stick-meta":"","header-main-stick-meta":"","header-below-stick-meta":"","astra-migrate-meta-layouts":"default","ast-page-background-enabled":"default","ast-page-background-meta":{"desktop":{"background-color":"var(--ast-global-color-5)","background-image":"","background-repeat":"repeat","background-position":"center center","background-size":"auto","background-attachment":"scroll","background-type":"","background-media":"","overlay-type":"","overlay-color":"","overlay-opacity":"","overlay-gradient":""},"tablet":{"background-color":"","background-image":"","background-repeat":"repeat","background-position":"center center","background-size":"auto","background-attachment":"scroll","background-type":"","background-media":"","overlay-type":"","overlay-color":"","overlay-opacity":"","overlay-gradient":""},"mobile":{"background-color":"","background-image":"","background-repeat":"repeat","background-position":"center center","background-size":"auto","background-attachment":"scroll","background-type":"","background-media":"","overlay-type":"","overlay-color":"","overlay-opacity":"","overlay-gradient":""}},"ast-content-background-meta":{"desktop":{"background-color":"var(--ast-global-color-4)","background-image":"","background-repeat":"repeat","background-position":"center center","background-size":"auto","background-attachment":"scroll","background-type":"","background-media":"","overlay-type":"","overlay-color":"","overlay-opacity":"","overlay-gradient":""},"tablet":{"background-color":"var(--ast-global-color-4)","background-image":"","background-repeat":"repeat","background-position":"center center","background-size":"auto","background-attachment":"scroll","background-type":"","background-media":"","overlay-type":"","overlay-color":"","overlay-opacity":"","overlay-gradient":""},"mobile":{"background-color":"var(--ast-global-color-4)","background-image":"","background-repeat":"repeat","background-position":"center center","background-size":"auto","background-attachment":"scroll","background-type":"","background-media":"","overlay-type":"","overlay-color":"","overlay-opacity":"","overlay-gradient":""}},"footnotes":""},"categories":[1],"tags":[],"class_list":["post-2322","post","type-post","status-publish","format-standard","hentry","category-sem-categoria"],"yoast_head":"<!-- This site is optimized with the Yoast SEO plugin v26.6 - https:\/\/yoast.com\/wordpress\/plugins\/seo\/ -->\n<title>A Porta dos Fundilhos - Joaquim Haickel<\/title>\n<meta name=\"robots\" content=\"index, follow, max-snippet:-1, max-image-preview:large, max-video-preview:-1\" \/>\n<link rel=\"canonical\" href=\"https:\/\/www.blogsoestado.com\/joaquimhaickel\/2020\/01\/18\/a-porta-dos-fundilhos\/\" \/>\n<meta property=\"og:locale\" content=\"pt_BR\" \/>\n<meta property=\"og:type\" content=\"article\" \/>\n<meta property=\"og:title\" content=\"A Porta dos Fundilhos - Joaquim Haickel\" \/>\n<meta property=\"og:description\" content=\"Em meu \u00faltimo texto de 2019 disse que logo no comecinho do ano de 2020, eu iria \u201ctentar analisar a [&hellip;]\" \/>\n<meta property=\"og:url\" content=\"https:\/\/www.blogsoestado.com\/joaquimhaickel\/2020\/01\/18\/a-porta-dos-fundilhos\/\" \/>\n<meta property=\"og:site_name\" content=\"Joaquim Haickel\" \/>\n<meta property=\"article:published_time\" content=\"2020-01-18T09:55:21+00:00\" \/>\n<meta property=\"og:image\" content=\"https:\/\/www.blogsoestado.com\/joaquimhaickel\/wp-content\/uploads\/sites\/6\/2020\/01\/imag-rryahyyhes-1.png\" \/>\n<meta name=\"author\" content=\"Joaquim Haickel\" \/>\n<meta name=\"twitter:card\" content=\"summary_large_image\" \/>\n<meta name=\"twitter:label1\" content=\"Escrito por\" \/>\n\t<meta name=\"twitter:data1\" content=\"Joaquim Haickel\" \/>\n\t<meta name=\"twitter:label2\" content=\"Est. tempo de leitura\" \/>\n\t<meta name=\"twitter:data2\" content=\"4 minutos\" \/>\n<script type=\"application\/ld+json\" class=\"yoast-schema-graph\">{\"@context\":\"https:\/\/schema.org\",\"@graph\":[{\"@type\":\"WebPage\",\"@id\":\"https:\/\/www.blogsoestado.com\/joaquimhaickel\/2020\/01\/18\/a-porta-dos-fundilhos\/\",\"url\":\"https:\/\/www.blogsoestado.com\/joaquimhaickel\/2020\/01\/18\/a-porta-dos-fundilhos\/\",\"name\":\"A Porta dos Fundilhos - Joaquim Haickel\",\"isPartOf\":{\"@id\":\"https:\/\/www.blogsoestado.com\/joaquimhaickel\/#website\"},\"primaryImageOfPage\":{\"@id\":\"https:\/\/www.blogsoestado.com\/joaquimhaickel\/2020\/01\/18\/a-porta-dos-fundilhos\/#primaryimage\"},\"image\":{\"@id\":\"https:\/\/www.blogsoestado.com\/joaquimhaickel\/2020\/01\/18\/a-porta-dos-fundilhos\/#primaryimage\"},\"thumbnailUrl\":\"https:\/\/www.blogsoestado.com\/joaquimhaickel\/wp-content\/uploads\/sites\/6\/2020\/01\/imag-rryahyyhes-1.png\",\"datePublished\":\"2020-01-18T09:55:21+00:00\",\"author\":{\"@id\":\"https:\/\/www.blogsoestado.com\/joaquimhaickel\/#\/schema\/person\/4a711644aff28245c6c2c3452d66d325\"},\"breadcrumb\":{\"@id\":\"https:\/\/www.blogsoestado.com\/joaquimhaickel\/2020\/01\/18\/a-porta-dos-fundilhos\/#breadcrumb\"},\"inLanguage\":\"pt-BR\",\"potentialAction\":[{\"@type\":\"ReadAction\",\"target\":[\"https:\/\/www.blogsoestado.com\/joaquimhaickel\/2020\/01\/18\/a-porta-dos-fundilhos\/\"]}]},{\"@type\":\"ImageObject\",\"inLanguage\":\"pt-BR\",\"@id\":\"https:\/\/www.blogsoestado.com\/joaquimhaickel\/2020\/01\/18\/a-porta-dos-fundilhos\/#primaryimage\",\"url\":\"https:\/\/www.blogsoestado.com\/joaquimhaickel\/wp-content\/uploads\/sites\/6\/2020\/01\/imag-rryahyyhes-1.png\",\"contentUrl\":\"https:\/\/www.blogsoestado.com\/joaquimhaickel\/wp-content\/uploads\/sites\/6\/2020\/01\/imag-rryahyyhes-1.png\",\"width\":225,\"height\":225},{\"@type\":\"BreadcrumbList\",\"@id\":\"https:\/\/www.blogsoestado.com\/joaquimhaickel\/2020\/01\/18\/a-porta-dos-fundilhos\/#breadcrumb\",\"itemListElement\":[{\"@type\":\"ListItem\",\"position\":1,\"name\":\"In\u00edcio\",\"item\":\"https:\/\/www.blogsoestado.com\/joaquimhaickel\/\"},{\"@type\":\"ListItem\",\"position\":2,\"name\":\"A Porta dos Fundilhos\"}]},{\"@type\":\"WebSite\",\"@id\":\"https:\/\/www.blogsoestado.com\/joaquimhaickel\/#website\",\"url\":\"https:\/\/www.blogsoestado.com\/joaquimhaickel\/\",\"name\":\"Joaquim Haickel\",\"description\":\"\",\"potentialAction\":[{\"@type\":\"SearchAction\",\"target\":{\"@type\":\"EntryPoint\",\"urlTemplate\":\"https:\/\/www.blogsoestado.com\/joaquimhaickel\/?s={search_term_string}\"},\"query-input\":{\"@type\":\"PropertyValueSpecification\",\"valueRequired\":true,\"valueName\":\"search_term_string\"}}],\"inLanguage\":\"pt-BR\"},{\"@type\":\"Person\",\"@id\":\"https:\/\/www.blogsoestado.com\/joaquimhaickel\/#\/schema\/person\/4a711644aff28245c6c2c3452d66d325\",\"name\":\"Joaquim Haickel\",\"image\":{\"@type\":\"ImageObject\",\"inLanguage\":\"pt-BR\",\"@id\":\"https:\/\/www.blogsoestado.com\/joaquimhaickel\/#\/schema\/person\/image\/\",\"url\":\"https:\/\/secure.gravatar.com\/avatar\/473d89339b9f8ec089adb8d5778363eb5a2ba2319956bcf0298bfd8cca04684a?s=96&d=mm&r=g\",\"contentUrl\":\"https:\/\/secure.gravatar.com\/avatar\/473d89339b9f8ec089adb8d5778363eb5a2ba2319956bcf0298bfd8cca04684a?s=96&d=mm&r=g\",\"caption\":\"Joaquim Haickel\"},\"url\":\"https:\/\/www.blogsoestado.com\/joaquimhaickel\/author\/joaquimhaickel\/\"}]}<\/script>\n<!-- \/ Yoast SEO plugin. -->","yoast_head_json":{"title":"A Porta dos Fundilhos - Joaquim Haickel","robots":{"index":"index","follow":"follow","max-snippet":"max-snippet:-1","max-image-preview":"max-image-preview:large","max-video-preview":"max-video-preview:-1"},"canonical":"https:\/\/www.blogsoestado.com\/joaquimhaickel\/2020\/01\/18\/a-porta-dos-fundilhos\/","og_locale":"pt_BR","og_type":"article","og_title":"A Porta dos Fundilhos - Joaquim Haickel","og_description":"Em meu \u00faltimo texto de 2019 disse que logo no comecinho do ano de 2020, eu iria \u201ctentar analisar a [&hellip;]","og_url":"https:\/\/www.blogsoestado.com\/joaquimhaickel\/2020\/01\/18\/a-porta-dos-fundilhos\/","og_site_name":"Joaquim Haickel","article_published_time":"2020-01-18T09:55:21+00:00","og_image":[{"url":"https:\/\/www.blogsoestado.com\/joaquimhaickel\/wp-content\/uploads\/sites\/6\/2020\/01\/imag-rryahyyhes-1.png","type":"","width":"","height":""}],"author":"Joaquim Haickel","twitter_card":"summary_large_image","twitter_misc":{"Escrito por":"Joaquim Haickel","Est. tempo de leitura":"4 minutos"},"schema":{"@context":"https:\/\/schema.org","@graph":[{"@type":"WebPage","@id":"https:\/\/www.blogsoestado.com\/joaquimhaickel\/2020\/01\/18\/a-porta-dos-fundilhos\/","url":"https:\/\/www.blogsoestado.com\/joaquimhaickel\/2020\/01\/18\/a-porta-dos-fundilhos\/","name":"A Porta dos Fundilhos - Joaquim Haickel","isPartOf":{"@id":"https:\/\/www.blogsoestado.com\/joaquimhaickel\/#website"},"primaryImageOfPage":{"@id":"https:\/\/www.blogsoestado.com\/joaquimhaickel\/2020\/01\/18\/a-porta-dos-fundilhos\/#primaryimage"},"image":{"@id":"https:\/\/www.blogsoestado.com\/joaquimhaickel\/2020\/01\/18\/a-porta-dos-fundilhos\/#primaryimage"},"thumbnailUrl":"https:\/\/www.blogsoestado.com\/joaquimhaickel\/wp-content\/uploads\/sites\/6\/2020\/01\/imag-rryahyyhes-1.png","datePublished":"2020-01-18T09:55:21+00:00","author":{"@id":"https:\/\/www.blogsoestado.com\/joaquimhaickel\/#\/schema\/person\/4a711644aff28245c6c2c3452d66d325"},"breadcrumb":{"@id":"https:\/\/www.blogsoestado.com\/joaquimhaickel\/2020\/01\/18\/a-porta-dos-fundilhos\/#breadcrumb"},"inLanguage":"pt-BR","potentialAction":[{"@type":"ReadAction","target":["https:\/\/www.blogsoestado.com\/joaquimhaickel\/2020\/01\/18\/a-porta-dos-fundilhos\/"]}]},{"@type":"ImageObject","inLanguage":"pt-BR","@id":"https:\/\/www.blogsoestado.com\/joaquimhaickel\/2020\/01\/18\/a-porta-dos-fundilhos\/#primaryimage","url":"https:\/\/www.blogsoestado.com\/joaquimhaickel\/wp-content\/uploads\/sites\/6\/2020\/01\/imag-rryahyyhes-1.png","contentUrl":"https:\/\/www.blogsoestado.com\/joaquimhaickel\/wp-content\/uploads\/sites\/6\/2020\/01\/imag-rryahyyhes-1.png","width":225,"height":225},{"@type":"BreadcrumbList","@id":"https:\/\/www.blogsoestado.com\/joaquimhaickel\/2020\/01\/18\/a-porta-dos-fundilhos\/#breadcrumb","itemListElement":[{"@type":"ListItem","position":1,"name":"In\u00edcio","item":"https:\/\/www.blogsoestado.com\/joaquimhaickel\/"},{"@type":"ListItem","position":2,"name":"A Porta dos Fundilhos"}]},{"@type":"WebSite","@id":"https:\/\/www.blogsoestado.com\/joaquimhaickel\/#website","url":"https:\/\/www.blogsoestado.com\/joaquimhaickel\/","name":"Joaquim Haickel","description":"","potentialAction":[{"@type":"SearchAction","target":{"@type":"EntryPoint","urlTemplate":"https:\/\/www.blogsoestado.com\/joaquimhaickel\/?s={search_term_string}"},"query-input":{"@type":"PropertyValueSpecification","valueRequired":true,"valueName":"search_term_string"}}],"inLanguage":"pt-BR"},{"@type":"Person","@id":"https:\/\/www.blogsoestado.com\/joaquimhaickel\/#\/schema\/person\/4a711644aff28245c6c2c3452d66d325","name":"Joaquim Haickel","image":{"@type":"ImageObject","inLanguage":"pt-BR","@id":"https:\/\/www.blogsoestado.com\/joaquimhaickel\/#\/schema\/person\/image\/","url":"https:\/\/secure.gravatar.com\/avatar\/473d89339b9f8ec089adb8d5778363eb5a2ba2319956bcf0298bfd8cca04684a?s=96&d=mm&r=g","contentUrl":"https:\/\/secure.gravatar.com\/avatar\/473d89339b9f8ec089adb8d5778363eb5a2ba2319956bcf0298bfd8cca04684a?s=96&d=mm&r=g","caption":"Joaquim Haickel"},"url":"https:\/\/www.blogsoestado.com\/joaquimhaickel\/author\/joaquimhaickel\/"}]}},"jetpack_featured_media_url":"","_links":{"self":[{"href":"https:\/\/www.blogsoestado.com\/joaquimhaickel\/wp-json\/wp\/v2\/posts\/2322","targetHints":{"allow":["GET"]}}],"collection":[{"href":"https:\/\/www.blogsoestado.com\/joaquimhaickel\/wp-json\/wp\/v2\/posts"}],"about":[{"href":"https:\/\/www.blogsoestado.com\/joaquimhaickel\/wp-json\/wp\/v2\/types\/post"}],"author":[{"embeddable":true,"href":"https:\/\/www.blogsoestado.com\/joaquimhaickel\/wp-json\/wp\/v2\/users\/7"}],"replies":[{"embeddable":true,"href":"https:\/\/www.blogsoestado.com\/joaquimhaickel\/wp-json\/wp\/v2\/comments?post=2322"}],"version-history":[{"count":0,"href":"https:\/\/www.blogsoestado.com\/joaquimhaickel\/wp-json\/wp\/v2\/posts\/2322\/revisions"}],"wp:attachment":[{"href":"https:\/\/www.blogsoestado.com\/joaquimhaickel\/wp-json\/wp\/v2\/media?parent=2322"}],"wp:term":[{"taxonomy":"category","embeddable":true,"href":"https:\/\/www.blogsoestado.com\/joaquimhaickel\/wp-json\/wp\/v2\/categories?post=2322"},{"taxonomy":"post_tag","embeddable":true,"href":"https:\/\/www.blogsoestado.com\/joaquimhaickel\/wp-json\/wp\/v2\/tags?post=2322"}],"curies":[{"name":"wp","href":"https:\/\/api.w.org\/{rel}","templated":true}]}}