{"id":2327,"date":"2020-01-25T09:17:36","date_gmt":"2020-01-25T12:17:36","guid":{"rendered":"https:\/\/www.blogsoestado.com\/joaquimhaickel\/?p=2327"},"modified":"2020-01-25T09:17:36","modified_gmt":"2020-01-25T12:17:36","slug":"goebbels-bohr-e-pirandello","status":"publish","type":"post","link":"https:\/\/www.blogsoestado.com\/joaquimhaickel\/2020\/01\/25\/goebbels-bohr-e-pirandello\/","title":{"rendered":"Goebbels, Bohr e Pirandello"},"content":{"rendered":"\n<p><\/p>\n\n\n\n<figure class=\"wp-block-image size-large\"><img fetchpriority=\"high\" decoding=\"async\" width=\"586\" height=\"382\" src=\"https:\/\/www.blogsoestado.com\/joaquimhaickel\/wp-content\/uploads\/sites\/6\/2020\/01\/LIT-a-Arvore-Com-Raizes-No-Alto-COM-MOLD.png\" alt=\"\" class=\"wp-image-2328\" srcset=\"https:\/\/www.blogsoestado.com\/joaquimhaickel\/wp-content\/uploads\/sites\/6\/2020\/01\/LIT-a-Arvore-Com-Raizes-No-Alto-COM-MOLD.png 586w, https:\/\/www.blogsoestado.com\/joaquimhaickel\/wp-content\/uploads\/sites\/6\/2020\/01\/LIT-a-Arvore-Com-Raizes-No-Alto-COM-MOLD-300x196.png 300w\" sizes=\"(max-width: 586px) 100vw, 586px\" \/><\/figure>\n\n\n\n<p>Credita-se a Joseph Goebbels, ministro da propaganda da Alemanha nazista\nde Adolf Hitler, a frase \u201cuma mentira repetida mil vezes torna-se uma verdade\u201d.\nTem gente por a\u00ed que faz muito isso, mesmo que jure que n\u00e3o.<\/p>\n\n\n\n<p>Abraham Lincoln, presidente dos Estados Unidos da Am\u00e9rica, disse que:\n\u201cPode-se enganar todos durante algum tempo, pode-se enganar alguns durante todo\ntempo, mas n\u00e3o se pode enganar a todos por todo o tempo\u201d.<\/p>\n\n\n\n<p>Em sua genialidade, o autor de 1984 e Revolu\u00e7\u00e3o dos Bichos, o ingl\u00eas\nGeorge Orwell, disse que: &#8220;Em tempos de fraude universal, dizer a verdade\nse torna um ato revolucion\u00e1rio\u201d.<\/p>\n\n\n\n<p>Certa vez Jesus tentou mostrar a seus disc\u00edpulos o que era realmente\nverdade: &#8220;Digo-lhes a verdade: n\u00e3o foi Mois\u00e9s quem lhes deu o p\u00e3o do c\u00e9u,\nmas \u00e9 meu Pai quem lhes d\u00e1 o verdadeiro p\u00e3o do c\u00e9u\u201d.<\/p>\n\n\n\n<p>O parab\u00f3lico e metaf\u00f3rico nazareno queria simplesmente dizer que o\nadorado deve ser o detentor do poder e da gl\u00f3ria, n\u00e3o seu agente, n\u00e3o seu\nobreiro.<\/p>\n\n\n\n<p>Quando esse mesmo Jesus disse que ele era o \u201ccaminho, a verdade e a\nvida\u201d, quis dizer mais do que entendemos em suas palavras traduzidas do\nhebraico ou do aramaico. Ele, em verdade, nos dizia que s\u00f3 se ter\u00e1 reden\u00e7\u00e3o, s\u00f3\nse chegar\u00e1 na gl\u00f3ria divina sendo como ele, sendo minimamente bom em tudo em\nnossas vidas, tendo em n\u00f3s mais as boas qualidades do que as m\u00e1s. Mas afinal de\ncontas o que \u00e9 mesmo verdade?<\/p>\n\n\n\n<p>O pouco lembrado Niels Bohr, um dois g\u00eanios da humanidade, explica\nfilosoficamente n\u00e3o apenas a mec\u00e2nica dos elementos, e por analogia, a mec\u00e2nica\nda vida. Disse ele que existem verdades triviais e grandes verdades. Disse\ntamb\u00e9m que o contr\u00e1rio das verdades triviais \u00e9 claramente falso, mas que no\ncaso de uma grande verdade, seu contr\u00e1rio \u00e9 tamb\u00e9m verdadeiro. Essa afirma\u00e7\u00e3o\nbagun\u00e7ou minha cabe\u00e7a. Passei muito tempo digerindo o que disse Bohr, que antes\ns\u00f3 conhecia das aulas de f\u00edsica e de qu\u00edmica.<\/p>\n\n\n\n<p>Havia ent\u00e3o duas constata\u00e7\u00f5es a levar em conta. A primeira \u00e9 que,\nobrigatoriamente, um cientista, antes de tudo, teria que ser um humanista, um\nfil\u00f3sofo. A segunda, se for realmente verdade o que disse Bohr, teria que\nreformular minha opini\u00e3o sobre o dem\u00f4nio, o satan\u00e1s. Para mim ele n\u00e3o existe. \u00c9\nt\u00e3o insignificante perto de Deus, onipotente, onipresente e onisciente, que nem\ncogito sua exist\u00eancia. Em minha concep\u00e7\u00e3o, o que h\u00e1 \u00e9 o livre arb\u00edtrio humano,\nque na maioria das vezes, quando posto em pr\u00e1tica, assemelha-se muito ao\ntrabalho do coisa ruim.<\/p>\n\n\n\n<p>Pois bem, sendo Deus uma grande verdade, satan\u00e1s, segundo Bohr, tamb\u00e9m o\n\u00e9. Confesso que n\u00e3o gosto dessa ideia, ela d\u00e1 margem para muita especula\u00e7\u00e3o.<\/p>\n\n\n\n<p>Em meu socorro aparece Nietzsche, mas acaba por bagun\u00e7ar ainda mais\nminhas ideias, afirmando que toda verdade \u00e9 simples.<\/p>\n\n\n\n<p>Meu pai, que n\u00e3o era nem cientista nem poeta, dizia que algumas verdades\neram t\u00e3o preciosas que precisavam ser garantidas por uma s\u00e9rie de mentirinhas.\nEle dizia umas coisas bem interessantes para um homem de pouco estudo. Uma vez,\nfalamos sobre isso em uma de nossas viagens pelo interior desse Maranh\u00e3o. Foi\nno intervalo do ensaio do discurso que iria proferir naquele dia e a eterna\ntransmiss\u00e3o de um jogo de futebol entre Arsenal e Manchester, que ele ouvira\npelo r\u00e1dio, quando eu ainda nem era nascido.<\/p>\n\n\n\n<p>Falou sobre como agir na pol\u00edtica, como dever\u00edamos nos portar enquanto\npol\u00edticos, fez uma compara\u00e7\u00e3o entre o mundo do com\u00e9rcio e o da pol\u00edtica, mundos\nonde ele habitava. Disse ele que \u201ca verdade \u00e9 uma mercadoria complicada de se\ntransportar e mais ainda de se negociar\u201d. Disse que ela \u201ctem que ser dita de\ntal maneira \u201cacredit\u00e1vel\u201d, se assim n\u00e3o for, parecer\u00e1 simplesmente mais uma\nmentira\u201d.<\/p>\n\n\n\n<p>Foi com ele que aprendi que \u00e9 infinitamente melhor se dizer a verdade,\npois d\u00e1 menos trabalho, \u00e9 menos cansativo e mais prazeroso. Que s\u00f3 se deve\nlan\u00e7ar m\u00e3o da mentira quando for imposs\u00edvel usar a verdade. E ele mesmo\ncompletou: \u201cO dif\u00edcil \u00e9 sabermos quando\u201d.<\/p>\n\n\n\n<p>Comecei a escrever esse texto porque\nestava me indagando sobre minhas verdades, fato que me trouxe at\u00e9 aqui, a esse\nbeco sem sa\u00edda. S\u00f3 me resta lan\u00e7ar m\u00e3o de um grande amigo meu, um m\u00e1gico das\npalavras, grande conhecedor do pensamento e da alma humana, Luigi Pirandello,\nque parece ter solucionado esse dilema com uma frase: \u201cAssim \u00e9, se lhe parece\u201d.<\/p>\n","protected":false},"excerpt":{"rendered":"<p>Credita-se a Joseph Goebbels, ministro da propaganda da Alemanha nazista de Adolf Hitler, a frase \u201cuma mentira repetida mil vezes [&hellip;]<\/p>\n","protected":false},"author":7,"featured_media":0,"comment_status":"open","ping_status":"open","sticky":false,"template":"","format":"standard","meta":{"site-sidebar-layout":"default","site-content-layout":"","ast-site-content-layout":"default","site-content-style":"default","site-sidebar-style":"default","ast-global-header-display":"","ast-banner-title-visibility":"","ast-main-header-display":"","ast-hfb-above-header-display":"","ast-hfb-below-header-display":"","ast-hfb-mobile-header-display":"","site-post-title":"","ast-breadcrumbs-content":"","ast-featured-img":"","footer-sml-layout":"","ast-disable-related-posts":"","theme-transparent-header-meta":"","adv-header-id-meta":"","stick-header-meta":"","header-above-stick-meta":"","header-main-stick-meta":"","header-below-stick-meta":"","astra-migrate-meta-layouts":"default","ast-page-background-enabled":"default","ast-page-background-meta":{"desktop":{"background-color":"var(--ast-global-color-5)","background-image":"","background-repeat":"repeat","background-position":"center center","background-size":"auto","background-attachment":"scroll","background-type":"","background-media":"","overlay-type":"","overlay-color":"","overlay-opacity":"","overlay-gradient":""},"tablet":{"background-color":"","background-image":"","background-repeat":"repeat","background-position":"center center","background-size":"auto","background-attachment":"scroll","background-type":"","background-media":"","overlay-type":"","overlay-color":"","overlay-opacity":"","overlay-gradient":""},"mobile":{"background-color":"","background-image":"","background-repeat":"repeat","background-position":"center center","background-size":"auto","background-attachment":"scroll","background-type":"","background-media":"","overlay-type":"","overlay-color":"","overlay-opacity":"","overlay-gradient":""}},"ast-content-background-meta":{"desktop":{"background-color":"var(--ast-global-color-4)","background-image":"","background-repeat":"repeat","background-position":"center center","background-size":"auto","background-attachment":"scroll","background-type":"","background-media":"","overlay-type":"","overlay-color":"","overlay-opacity":"","overlay-gradient":""},"tablet":{"background-color":"var(--ast-global-color-4)","background-image":"","background-repeat":"repeat","background-position":"center center","background-size":"auto","background-attachment":"scroll","background-type":"","background-media":"","overlay-type":"","overlay-color":"","overlay-opacity":"","overlay-gradient":""},"mobile":{"background-color":"var(--ast-global-color-4)","background-image":"","background-repeat":"repeat","background-position":"center center","background-size":"auto","background-attachment":"scroll","background-type":"","background-media":"","overlay-type":"","overlay-color":"","overlay-opacity":"","overlay-gradient":""}},"footnotes":""},"categories":[1],"tags":[],"class_list":["post-2327","post","type-post","status-publish","format-standard","hentry","category-sem-categoria"],"yoast_head":"<!-- This site is optimized with the Yoast SEO plugin v26.6 - https:\/\/yoast.com\/wordpress\/plugins\/seo\/ -->\n<title>Goebbels, Bohr e Pirandello - Joaquim Haickel<\/title>\n<meta name=\"robots\" content=\"index, follow, max-snippet:-1, max-image-preview:large, max-video-preview:-1\" \/>\n<link rel=\"canonical\" href=\"https:\/\/www.blogsoestado.com\/joaquimhaickel\/2020\/01\/25\/goebbels-bohr-e-pirandello\/\" \/>\n<meta property=\"og:locale\" content=\"pt_BR\" \/>\n<meta property=\"og:type\" content=\"article\" \/>\n<meta property=\"og:title\" content=\"Goebbels, Bohr e Pirandello - Joaquim Haickel\" \/>\n<meta property=\"og:description\" content=\"Credita-se a Joseph Goebbels, ministro da propaganda da Alemanha nazista de Adolf Hitler, a frase \u201cuma mentira repetida mil vezes [&hellip;]\" \/>\n<meta property=\"og:url\" content=\"https:\/\/www.blogsoestado.com\/joaquimhaickel\/2020\/01\/25\/goebbels-bohr-e-pirandello\/\" \/>\n<meta property=\"og:site_name\" content=\"Joaquim Haickel\" \/>\n<meta property=\"article:published_time\" content=\"2020-01-25T12:17:36+00:00\" \/>\n<meta property=\"og:image\" content=\"https:\/\/www.blogsoestado.com\/joaquimhaickel\/wp-content\/uploads\/sites\/6\/2020\/01\/LIT-a-Arvore-Com-Raizes-No-Alto-COM-MOLD.png\" \/>\n<meta name=\"author\" content=\"Joaquim Haickel\" \/>\n<meta name=\"twitter:card\" content=\"summary_large_image\" \/>\n<meta name=\"twitter:label1\" content=\"Escrito por\" \/>\n\t<meta name=\"twitter:data1\" content=\"Joaquim Haickel\" \/>\n\t<meta name=\"twitter:label2\" content=\"Est. tempo de leitura\" \/>\n\t<meta name=\"twitter:data2\" content=\"4 minutos\" \/>\n<script type=\"application\/ld+json\" class=\"yoast-schema-graph\">{\"@context\":\"https:\/\/schema.org\",\"@graph\":[{\"@type\":\"WebPage\",\"@id\":\"https:\/\/www.blogsoestado.com\/joaquimhaickel\/2020\/01\/25\/goebbels-bohr-e-pirandello\/\",\"url\":\"https:\/\/www.blogsoestado.com\/joaquimhaickel\/2020\/01\/25\/goebbels-bohr-e-pirandello\/\",\"name\":\"Goebbels, Bohr e Pirandello - Joaquim Haickel\",\"isPartOf\":{\"@id\":\"https:\/\/www.blogsoestado.com\/joaquimhaickel\/#website\"},\"primaryImageOfPage\":{\"@id\":\"https:\/\/www.blogsoestado.com\/joaquimhaickel\/2020\/01\/25\/goebbels-bohr-e-pirandello\/#primaryimage\"},\"image\":{\"@id\":\"https:\/\/www.blogsoestado.com\/joaquimhaickel\/2020\/01\/25\/goebbels-bohr-e-pirandello\/#primaryimage\"},\"thumbnailUrl\":\"https:\/\/www.blogsoestado.com\/joaquimhaickel\/wp-content\/uploads\/sites\/6\/2020\/01\/LIT-a-Arvore-Com-Raizes-No-Alto-COM-MOLD.png\",\"datePublished\":\"2020-01-25T12:17:36+00:00\",\"author\":{\"@id\":\"https:\/\/www.blogsoestado.com\/joaquimhaickel\/#\/schema\/person\/4a711644aff28245c6c2c3452d66d325\"},\"breadcrumb\":{\"@id\":\"https:\/\/www.blogsoestado.com\/joaquimhaickel\/2020\/01\/25\/goebbels-bohr-e-pirandello\/#breadcrumb\"},\"inLanguage\":\"pt-BR\",\"potentialAction\":[{\"@type\":\"ReadAction\",\"target\":[\"https:\/\/www.blogsoestado.com\/joaquimhaickel\/2020\/01\/25\/goebbels-bohr-e-pirandello\/\"]}]},{\"@type\":\"ImageObject\",\"inLanguage\":\"pt-BR\",\"@id\":\"https:\/\/www.blogsoestado.com\/joaquimhaickel\/2020\/01\/25\/goebbels-bohr-e-pirandello\/#primaryimage\",\"url\":\"https:\/\/www.blogsoestado.com\/joaquimhaickel\/wp-content\/uploads\/sites\/6\/2020\/01\/LIT-a-Arvore-Com-Raizes-No-Alto-COM-MOLD.png\",\"contentUrl\":\"https:\/\/www.blogsoestado.com\/joaquimhaickel\/wp-content\/uploads\/sites\/6\/2020\/01\/LIT-a-Arvore-Com-Raizes-No-Alto-COM-MOLD.png\",\"width\":586,\"height\":382},{\"@type\":\"BreadcrumbList\",\"@id\":\"https:\/\/www.blogsoestado.com\/joaquimhaickel\/2020\/01\/25\/goebbels-bohr-e-pirandello\/#breadcrumb\",\"itemListElement\":[{\"@type\":\"ListItem\",\"position\":1,\"name\":\"In\u00edcio\",\"item\":\"https:\/\/www.blogsoestado.com\/joaquimhaickel\/\"},{\"@type\":\"ListItem\",\"position\":2,\"name\":\"Goebbels, Bohr e Pirandello\"}]},{\"@type\":\"WebSite\",\"@id\":\"https:\/\/www.blogsoestado.com\/joaquimhaickel\/#website\",\"url\":\"https:\/\/www.blogsoestado.com\/joaquimhaickel\/\",\"name\":\"Joaquim Haickel\",\"description\":\"\",\"potentialAction\":[{\"@type\":\"SearchAction\",\"target\":{\"@type\":\"EntryPoint\",\"urlTemplate\":\"https:\/\/www.blogsoestado.com\/joaquimhaickel\/?s={search_term_string}\"},\"query-input\":{\"@type\":\"PropertyValueSpecification\",\"valueRequired\":true,\"valueName\":\"search_term_string\"}}],\"inLanguage\":\"pt-BR\"},{\"@type\":\"Person\",\"@id\":\"https:\/\/www.blogsoestado.com\/joaquimhaickel\/#\/schema\/person\/4a711644aff28245c6c2c3452d66d325\",\"name\":\"Joaquim Haickel\",\"image\":{\"@type\":\"ImageObject\",\"inLanguage\":\"pt-BR\",\"@id\":\"https:\/\/www.blogsoestado.com\/joaquimhaickel\/#\/schema\/person\/image\/\",\"url\":\"https:\/\/secure.gravatar.com\/avatar\/473d89339b9f8ec089adb8d5778363eb5a2ba2319956bcf0298bfd8cca04684a?s=96&d=mm&r=g\",\"contentUrl\":\"https:\/\/secure.gravatar.com\/avatar\/473d89339b9f8ec089adb8d5778363eb5a2ba2319956bcf0298bfd8cca04684a?s=96&d=mm&r=g\",\"caption\":\"Joaquim Haickel\"},\"url\":\"https:\/\/www.blogsoestado.com\/joaquimhaickel\/author\/joaquimhaickel\/\"}]}<\/script>\n<!-- \/ Yoast SEO plugin. -->","yoast_head_json":{"title":"Goebbels, Bohr e Pirandello - Joaquim Haickel","robots":{"index":"index","follow":"follow","max-snippet":"max-snippet:-1","max-image-preview":"max-image-preview:large","max-video-preview":"max-video-preview:-1"},"canonical":"https:\/\/www.blogsoestado.com\/joaquimhaickel\/2020\/01\/25\/goebbels-bohr-e-pirandello\/","og_locale":"pt_BR","og_type":"article","og_title":"Goebbels, Bohr e Pirandello - Joaquim Haickel","og_description":"Credita-se a Joseph Goebbels, ministro da propaganda da Alemanha nazista de Adolf Hitler, a frase \u201cuma mentira repetida mil vezes [&hellip;]","og_url":"https:\/\/www.blogsoestado.com\/joaquimhaickel\/2020\/01\/25\/goebbels-bohr-e-pirandello\/","og_site_name":"Joaquim Haickel","article_published_time":"2020-01-25T12:17:36+00:00","og_image":[{"url":"https:\/\/www.blogsoestado.com\/joaquimhaickel\/wp-content\/uploads\/sites\/6\/2020\/01\/LIT-a-Arvore-Com-Raizes-No-Alto-COM-MOLD.png","type":"","width":"","height":""}],"author":"Joaquim Haickel","twitter_card":"summary_large_image","twitter_misc":{"Escrito por":"Joaquim Haickel","Est. tempo de leitura":"4 minutos"},"schema":{"@context":"https:\/\/schema.org","@graph":[{"@type":"WebPage","@id":"https:\/\/www.blogsoestado.com\/joaquimhaickel\/2020\/01\/25\/goebbels-bohr-e-pirandello\/","url":"https:\/\/www.blogsoestado.com\/joaquimhaickel\/2020\/01\/25\/goebbels-bohr-e-pirandello\/","name":"Goebbels, Bohr e Pirandello - Joaquim Haickel","isPartOf":{"@id":"https:\/\/www.blogsoestado.com\/joaquimhaickel\/#website"},"primaryImageOfPage":{"@id":"https:\/\/www.blogsoestado.com\/joaquimhaickel\/2020\/01\/25\/goebbels-bohr-e-pirandello\/#primaryimage"},"image":{"@id":"https:\/\/www.blogsoestado.com\/joaquimhaickel\/2020\/01\/25\/goebbels-bohr-e-pirandello\/#primaryimage"},"thumbnailUrl":"https:\/\/www.blogsoestado.com\/joaquimhaickel\/wp-content\/uploads\/sites\/6\/2020\/01\/LIT-a-Arvore-Com-Raizes-No-Alto-COM-MOLD.png","datePublished":"2020-01-25T12:17:36+00:00","author":{"@id":"https:\/\/www.blogsoestado.com\/joaquimhaickel\/#\/schema\/person\/4a711644aff28245c6c2c3452d66d325"},"breadcrumb":{"@id":"https:\/\/www.blogsoestado.com\/joaquimhaickel\/2020\/01\/25\/goebbels-bohr-e-pirandello\/#breadcrumb"},"inLanguage":"pt-BR","potentialAction":[{"@type":"ReadAction","target":["https:\/\/www.blogsoestado.com\/joaquimhaickel\/2020\/01\/25\/goebbels-bohr-e-pirandello\/"]}]},{"@type":"ImageObject","inLanguage":"pt-BR","@id":"https:\/\/www.blogsoestado.com\/joaquimhaickel\/2020\/01\/25\/goebbels-bohr-e-pirandello\/#primaryimage","url":"https:\/\/www.blogsoestado.com\/joaquimhaickel\/wp-content\/uploads\/sites\/6\/2020\/01\/LIT-a-Arvore-Com-Raizes-No-Alto-COM-MOLD.png","contentUrl":"https:\/\/www.blogsoestado.com\/joaquimhaickel\/wp-content\/uploads\/sites\/6\/2020\/01\/LIT-a-Arvore-Com-Raizes-No-Alto-COM-MOLD.png","width":586,"height":382},{"@type":"BreadcrumbList","@id":"https:\/\/www.blogsoestado.com\/joaquimhaickel\/2020\/01\/25\/goebbels-bohr-e-pirandello\/#breadcrumb","itemListElement":[{"@type":"ListItem","position":1,"name":"In\u00edcio","item":"https:\/\/www.blogsoestado.com\/joaquimhaickel\/"},{"@type":"ListItem","position":2,"name":"Goebbels, Bohr e Pirandello"}]},{"@type":"WebSite","@id":"https:\/\/www.blogsoestado.com\/joaquimhaickel\/#website","url":"https:\/\/www.blogsoestado.com\/joaquimhaickel\/","name":"Joaquim Haickel","description":"","potentialAction":[{"@type":"SearchAction","target":{"@type":"EntryPoint","urlTemplate":"https:\/\/www.blogsoestado.com\/joaquimhaickel\/?s={search_term_string}"},"query-input":{"@type":"PropertyValueSpecification","valueRequired":true,"valueName":"search_term_string"}}],"inLanguage":"pt-BR"},{"@type":"Person","@id":"https:\/\/www.blogsoestado.com\/joaquimhaickel\/#\/schema\/person\/4a711644aff28245c6c2c3452d66d325","name":"Joaquim Haickel","image":{"@type":"ImageObject","inLanguage":"pt-BR","@id":"https:\/\/www.blogsoestado.com\/joaquimhaickel\/#\/schema\/person\/image\/","url":"https:\/\/secure.gravatar.com\/avatar\/473d89339b9f8ec089adb8d5778363eb5a2ba2319956bcf0298bfd8cca04684a?s=96&d=mm&r=g","contentUrl":"https:\/\/secure.gravatar.com\/avatar\/473d89339b9f8ec089adb8d5778363eb5a2ba2319956bcf0298bfd8cca04684a?s=96&d=mm&r=g","caption":"Joaquim Haickel"},"url":"https:\/\/www.blogsoestado.com\/joaquimhaickel\/author\/joaquimhaickel\/"}]}},"jetpack_featured_media_url":"","_links":{"self":[{"href":"https:\/\/www.blogsoestado.com\/joaquimhaickel\/wp-json\/wp\/v2\/posts\/2327","targetHints":{"allow":["GET"]}}],"collection":[{"href":"https:\/\/www.blogsoestado.com\/joaquimhaickel\/wp-json\/wp\/v2\/posts"}],"about":[{"href":"https:\/\/www.blogsoestado.com\/joaquimhaickel\/wp-json\/wp\/v2\/types\/post"}],"author":[{"embeddable":true,"href":"https:\/\/www.blogsoestado.com\/joaquimhaickel\/wp-json\/wp\/v2\/users\/7"}],"replies":[{"embeddable":true,"href":"https:\/\/www.blogsoestado.com\/joaquimhaickel\/wp-json\/wp\/v2\/comments?post=2327"}],"version-history":[{"count":0,"href":"https:\/\/www.blogsoestado.com\/joaquimhaickel\/wp-json\/wp\/v2\/posts\/2327\/revisions"}],"wp:attachment":[{"href":"https:\/\/www.blogsoestado.com\/joaquimhaickel\/wp-json\/wp\/v2\/media?parent=2327"}],"wp:term":[{"taxonomy":"category","embeddable":true,"href":"https:\/\/www.blogsoestado.com\/joaquimhaickel\/wp-json\/wp\/v2\/categories?post=2327"},{"taxonomy":"post_tag","embeddable":true,"href":"https:\/\/www.blogsoestado.com\/joaquimhaickel\/wp-json\/wp\/v2\/tags?post=2327"}],"curies":[{"name":"wp","href":"https:\/\/api.w.org\/{rel}","templated":true}]}}