{"id":235,"date":"2008-02-24T00:00:00","date_gmt":"2008-02-24T00:00:00","guid":{"rendered":"https:\/\/www.blogsoestado.com\/joaquimhaickel\/2008\/02\/24\/o-que-e-de-cesar\/"},"modified":"2008-02-24T00:00:00","modified_gmt":"2008-02-24T00:00:00","slug":"o-que-e-de-cesar","status":"publish","type":"post","link":"https:\/\/www.blogsoestado.com\/joaquimhaickel\/2008\/02\/24\/o-que-e-de-cesar\/","title":{"rendered":"&#8230; O que \u00e9 de C\u00e9sar."},"content":{"rendered":"<p><b><font size=\"4\"><\/font><\/b><\/p>\n<p><font size=\"3\">Quando h\u00e1 algumas semanas escrevi \u0093V\u00edcios, emo\u00e7\u00e3o e sentidos\u0094 meu amigo e editor do Jornal \u0093O Estado do Maranh\u00e3o\u0094, Ademir Santos comentou comigo que acreditava que pelo fato da cr\u00f4nica ser escrita na primeira pessoa, poderia ser que algu\u00e9m a achasse um tanto pretensiosa ou esnobe. N\u00e3o foi o que aconteceu. Todos os que leram e comentaram comigo, pessoalmente ou pelo blog, gostaram t\u00e3o ou mais de sua forma que de seu conte\u00fado. Por isso vou arriscar e falar de um outro fato que aconteceu comigo na tentativa de refletir o que possa j\u00e1 ter ocorrido com outras pessoas.<\/p>\n<p>Acho o orkut, bem como outros sites de relacionamentos, um \u00f3timo meio de, no agitado mundo de hoje, se encontrar e principalmente reencontrar as pessoas. Mas outro dia, ao acessar minha pagina naquele site me deparei com os dois recados abaixo e minha primeira rea\u00e7\u00e3o foi de apagar os dois, pois sou daqueles que acha que n\u00e3o se deve permitir que o orkut seja um lugar de \u0093muita\u0094 exposi\u00e7\u00e3o ou de exposi\u00e7\u00e3o indevida. Depois pensei melhor e resolvi deix\u00e1-los exatamente l\u00e1 onde estavam. Fiz isso muito menos para que os outros vissem os recados e muito mais para que eu mesmo pudesse v\u00ea-los e constatasse que \u00e9 imposs\u00edvel agradar a todos sempre. Para que eu pudesse ter a certeza de que a falibilidade \u00e9 ao mesmo tempo consolo e reafirma\u00e7\u00e3o da minha, da nossa pobre humanidade. <\/p>\n<p><b>Recado 1) Joaquim, lembro de um amigo da ALCOA que na maior press\u00e3o sempre tinha tempo para o menor ao maior e nunca se esquivou de &#8220;ouvir&#8221;e mais, de &#8220;realizar&#8221;. O nome dele \u00e9 Ant\u00f4nio Carlos Vieira da Silva, um mestre na arte de conquistas e de formar aliados. Tem uma paci\u00eancia incr\u00edvel e a arte de mostrar caminhos. No momento do sufoco ele sempre foi presente e importante, pois muitas vezes as pessoas s\u00f3 queriam conversar. Sabe aquelas coisas de momento, onde quem entende que a vida \u00e9 uma roda gigante, vez em cima, vez em baixo, torna-se maior. Farei um poema sobre a ang\u00fastia, a esperan\u00e7a, o dia de s\u00e1bado(n\u00e3o gosto desse dia), a descren\u00e7a, a cren\u00e7a e o que significa de verdade a import\u00e2ncia da &#8220;aten\u00e7\u00e3o&#8221;, o tal feedback que os americanos adotaram. O T\u00edtulo vou montar: &#8220;\u00c9 sublime&#8230;&#8221;, abra\u00e7o seja feliz a\u00ed na sua trajet\u00f3ria, sauda\u00e7\u00f5es&#8230;  A. N.<\/p>\n<p>Recado 2) Querido Joaquim, desculpa por ter demorado tanto tempo para dar not\u00edcias, \u00e9 que passei pelo vale da sombra da morte como voc\u00ea bem sabe, mas, quando se atravessa esse vale com Jesus tudo se resolve \u00e0 seu tempo. A minha filha C&#8230; que sofreu aquela parada c\u00e1rdiorespirat\u00f3ria quando saiu do coma, depois de 20 dias, n\u00e3o andava nem falava, mas Jesus tem cumprido sua promessa e restaurado minha filha. Todos os m\u00e9dicos que viram a C&#8230; aqui e no Rio, onde fiquei cinco meses com ela fazendo exames para tentar descobrir o que aconteceu, diziam a mesma coisa: que ela n\u00e3o mais andaria nem falaria. Ah! Querido n\u00e3o d\u00e1 pra falar tudo que passei, mas a verdade \u00e9 que pra honra e gl\u00f3ria de Jesus minha filha est\u00e1 andando e creio que muito mais Deus far\u00e1. Te agrade\u00e7o muito por ter nos ajudado naquele momento t\u00e3o dif\u00edcil. Que Jesus aben\u00e7oe voc\u00ea e toda sua fam\u00edlia. Beijos  amigo! Saudades&#8230; G.<\/b><\/p>\n<p>\u00c0s vezes as pessoas n\u00e3o conseguem entender as limita\u00e7\u00f5es das outras e eu tenho as minhas e s\u00e3o muitas, mas s\u00e3o reconhecidas e assumidas.  <\/p>\n<p>N\u00e3o tenho compromisso com o acerto, tenho compromisso inarred\u00e1vel com a honesta, incans\u00e1vel e verdadeira a\u00e7\u00e3o de tentar acertar. <\/p>\n<p>O que depender unicamente de mim, \u00e9 responsabilidade unicamente minha. Assumo todos os \u00f4nus. No que depender de outras pessoas por meu interm\u00e9dio, minha responsabilidade restringi-se a intermedia\u00e7\u00e3o. Nesses casos sou apenas o envelope, o selo da missiva. Mas infelizmente muita gente n\u00e3o v\u00ea nem entende dessa forma. <\/p>\n<p>Gostaria muito de poder resolver os problemas de todos que me procuram, que procuram minha ajuda ou minha orienta\u00e7\u00e3o. Mas quanto a n\u00e3o ter sido atencioso, n\u00e3o ter dado uma resposta, um feedback como dizem os americanos, isso \u00e9 imperdo\u00e1vel, erro grave do qual quero me desculpar publicamente. Contudo quanto ao pleito do qual, como j\u00e1 disse fui apenas envelope e selo, pelo insucesso deste, n\u00e3o posso ser responsabilizado. <\/p>\n<p><b>PS: Dias depois, a pessoa que redigiu o recado de numero 1, o apagou. At\u00e9 hoje n\u00e3o falei com essa pessoa, mas preciso falar e me desculpar pessoalmente. <\/b>  <\/font><\/p>\n","protected":false},"excerpt":{"rendered":"<p>Quando h\u00e1 algumas semanas escrevi \u0093V\u00edcios, emo\u00e7\u00e3o e sentidos\u0094 meu amigo e editor do Jornal \u0093O Estado do Maranh\u00e3o\u0094, Ademir [&hellip;]<\/p>\n","protected":false},"author":7,"featured_media":0,"comment_status":"open","ping_status":"open","sticky":false,"template":"","format":"standard","meta":{"site-sidebar-layout":"default","site-content-layout":"","ast-site-content-layout":"default","site-content-style":"default","site-sidebar-style":"default","ast-global-header-display":"","ast-banner-title-visibility":"","ast-main-header-display":"","ast-hfb-above-header-display":"","ast-hfb-below-header-display":"","ast-hfb-mobile-header-display":"","site-post-title":"","ast-breadcrumbs-content":"","ast-featured-img":"","footer-sml-layout":"","ast-disable-related-posts":"","theme-transparent-header-meta":"","adv-header-id-meta":"","stick-header-meta":"","header-above-stick-meta":"","header-main-stick-meta":"","header-below-stick-meta":"","astra-migrate-meta-layouts":"default","ast-page-background-enabled":"default","ast-page-background-meta":{"desktop":{"background-color":"var(--ast-global-color-5)","background-image":"","background-repeat":"repeat","background-position":"center center","background-size":"auto","background-attachment":"scroll","background-type":"","background-media":"","overlay-type":"","overlay-color":"","overlay-opacity":"","overlay-gradient":""},"tablet":{"background-color":"","background-image":"","background-repeat":"repeat","background-position":"center center","background-size":"auto","background-attachment":"scroll","background-type":"","background-media":"","overlay-type":"","overlay-color":"","overlay-opacity":"","overlay-gradient":""},"mobile":{"background-color":"","background-image":"","background-repeat":"repeat","background-position":"center center","background-size":"auto","background-attachment":"scroll","background-type":"","background-media":"","overlay-type":"","overlay-color":"","overlay-opacity":"","overlay-gradient":""}},"ast-content-background-meta":{"desktop":{"background-color":"var(--ast-global-color-4)","background-image":"","background-repeat":"repeat","background-position":"center center","background-size":"auto","background-attachment":"scroll","background-type":"","background-media":"","overlay-type":"","overlay-color":"","overlay-opacity":"","overlay-gradient":""},"tablet":{"background-color":"var(--ast-global-color-4)","background-image":"","background-repeat":"repeat","background-position":"center center","background-size":"auto","background-attachment":"scroll","background-type":"","background-media":"","overlay-type":"","overlay-color":"","overlay-opacity":"","overlay-gradient":""},"mobile":{"background-color":"var(--ast-global-color-4)","background-image":"","background-repeat":"repeat","background-position":"center center","background-size":"auto","background-attachment":"scroll","background-type":"","background-media":"","overlay-type":"","overlay-color":"","overlay-opacity":"","overlay-gradient":""}},"footnotes":""},"categories":[3],"tags":[],"class_list":["post-235","post","type-post","status-publish","format-standard","hentry","category-geral"],"yoast_head":"<!-- This site is optimized with the Yoast SEO plugin v26.6 - https:\/\/yoast.com\/wordpress\/plugins\/seo\/ -->\n<title>... O que \u00e9 de C\u00e9sar. - Joaquim Haickel<\/title>\n<meta name=\"robots\" content=\"index, follow, max-snippet:-1, max-image-preview:large, max-video-preview:-1\" \/>\n<link rel=\"canonical\" href=\"https:\/\/www.blogsoestado.com\/joaquimhaickel\/2008\/02\/24\/o-que-e-de-cesar\/\" \/>\n<meta property=\"og:locale\" content=\"pt_BR\" \/>\n<meta property=\"og:type\" content=\"article\" \/>\n<meta property=\"og:title\" content=\"... O que \u00e9 de C\u00e9sar. - Joaquim Haickel\" \/>\n<meta property=\"og:description\" content=\"Quando h\u00e1 algumas semanas escrevi \u0093V\u00edcios, emo\u00e7\u00e3o e sentidos\u0094 meu amigo e editor do Jornal \u0093O Estado do Maranh\u00e3o\u0094, Ademir [&hellip;]\" \/>\n<meta property=\"og:url\" content=\"https:\/\/www.blogsoestado.com\/joaquimhaickel\/2008\/02\/24\/o-que-e-de-cesar\/\" \/>\n<meta property=\"og:site_name\" content=\"Joaquim Haickel\" \/>\n<meta property=\"article:published_time\" content=\"2008-02-24T00:00:00+00:00\" \/>\n<meta name=\"author\" content=\"Joaquim Haickel\" \/>\n<meta name=\"twitter:card\" content=\"summary_large_image\" \/>\n<meta name=\"twitter:label1\" content=\"Escrito por\" \/>\n\t<meta name=\"twitter:data1\" content=\"Joaquim Haickel\" \/>\n\t<meta name=\"twitter:label2\" content=\"Est. tempo de leitura\" \/>\n\t<meta name=\"twitter:data2\" content=\"4 minutos\" \/>\n<script type=\"application\/ld+json\" class=\"yoast-schema-graph\">{\"@context\":\"https:\/\/schema.org\",\"@graph\":[{\"@type\":\"WebPage\",\"@id\":\"https:\/\/www.blogsoestado.com\/joaquimhaickel\/2008\/02\/24\/o-que-e-de-cesar\/\",\"url\":\"https:\/\/www.blogsoestado.com\/joaquimhaickel\/2008\/02\/24\/o-que-e-de-cesar\/\",\"name\":\"... O que \u00e9 de C\u00e9sar. - Joaquim Haickel\",\"isPartOf\":{\"@id\":\"https:\/\/www.blogsoestado.com\/joaquimhaickel\/#website\"},\"datePublished\":\"2008-02-24T00:00:00+00:00\",\"author\":{\"@id\":\"https:\/\/www.blogsoestado.com\/joaquimhaickel\/#\/schema\/person\/4a711644aff28245c6c2c3452d66d325\"},\"breadcrumb\":{\"@id\":\"https:\/\/www.blogsoestado.com\/joaquimhaickel\/2008\/02\/24\/o-que-e-de-cesar\/#breadcrumb\"},\"inLanguage\":\"pt-BR\",\"potentialAction\":[{\"@type\":\"ReadAction\",\"target\":[\"https:\/\/www.blogsoestado.com\/joaquimhaickel\/2008\/02\/24\/o-que-e-de-cesar\/\"]}]},{\"@type\":\"BreadcrumbList\",\"@id\":\"https:\/\/www.blogsoestado.com\/joaquimhaickel\/2008\/02\/24\/o-que-e-de-cesar\/#breadcrumb\",\"itemListElement\":[{\"@type\":\"ListItem\",\"position\":1,\"name\":\"In\u00edcio\",\"item\":\"https:\/\/www.blogsoestado.com\/joaquimhaickel\/\"},{\"@type\":\"ListItem\",\"position\":2,\"name\":\"&#8230; O que \u00e9 de C\u00e9sar.\"}]},{\"@type\":\"WebSite\",\"@id\":\"https:\/\/www.blogsoestado.com\/joaquimhaickel\/#website\",\"url\":\"https:\/\/www.blogsoestado.com\/joaquimhaickel\/\",\"name\":\"Joaquim Haickel\",\"description\":\"\",\"potentialAction\":[{\"@type\":\"SearchAction\",\"target\":{\"@type\":\"EntryPoint\",\"urlTemplate\":\"https:\/\/www.blogsoestado.com\/joaquimhaickel\/?s={search_term_string}\"},\"query-input\":{\"@type\":\"PropertyValueSpecification\",\"valueRequired\":true,\"valueName\":\"search_term_string\"}}],\"inLanguage\":\"pt-BR\"},{\"@type\":\"Person\",\"@id\":\"https:\/\/www.blogsoestado.com\/joaquimhaickel\/#\/schema\/person\/4a711644aff28245c6c2c3452d66d325\",\"name\":\"Joaquim Haickel\",\"image\":{\"@type\":\"ImageObject\",\"inLanguage\":\"pt-BR\",\"@id\":\"https:\/\/www.blogsoestado.com\/joaquimhaickel\/#\/schema\/person\/image\/\",\"url\":\"https:\/\/secure.gravatar.com\/avatar\/473d89339b9f8ec089adb8d5778363eb5a2ba2319956bcf0298bfd8cca04684a?s=96&d=mm&r=g\",\"contentUrl\":\"https:\/\/secure.gravatar.com\/avatar\/473d89339b9f8ec089adb8d5778363eb5a2ba2319956bcf0298bfd8cca04684a?s=96&d=mm&r=g\",\"caption\":\"Joaquim Haickel\"},\"url\":\"https:\/\/www.blogsoestado.com\/joaquimhaickel\/author\/joaquimhaickel\/\"}]}<\/script>\n<!-- \/ Yoast SEO plugin. -->","yoast_head_json":{"title":"... O que \u00e9 de C\u00e9sar. - Joaquim Haickel","robots":{"index":"index","follow":"follow","max-snippet":"max-snippet:-1","max-image-preview":"max-image-preview:large","max-video-preview":"max-video-preview:-1"},"canonical":"https:\/\/www.blogsoestado.com\/joaquimhaickel\/2008\/02\/24\/o-que-e-de-cesar\/","og_locale":"pt_BR","og_type":"article","og_title":"... O que \u00e9 de C\u00e9sar. - Joaquim Haickel","og_description":"Quando h\u00e1 algumas semanas escrevi \u0093V\u00edcios, emo\u00e7\u00e3o e sentidos\u0094 meu amigo e editor do Jornal \u0093O Estado do Maranh\u00e3o\u0094, Ademir [&hellip;]","og_url":"https:\/\/www.blogsoestado.com\/joaquimhaickel\/2008\/02\/24\/o-que-e-de-cesar\/","og_site_name":"Joaquim Haickel","article_published_time":"2008-02-24T00:00:00+00:00","author":"Joaquim Haickel","twitter_card":"summary_large_image","twitter_misc":{"Escrito por":"Joaquim Haickel","Est. tempo de leitura":"4 minutos"},"schema":{"@context":"https:\/\/schema.org","@graph":[{"@type":"WebPage","@id":"https:\/\/www.blogsoestado.com\/joaquimhaickel\/2008\/02\/24\/o-que-e-de-cesar\/","url":"https:\/\/www.blogsoestado.com\/joaquimhaickel\/2008\/02\/24\/o-que-e-de-cesar\/","name":"... O que \u00e9 de C\u00e9sar. - Joaquim Haickel","isPartOf":{"@id":"https:\/\/www.blogsoestado.com\/joaquimhaickel\/#website"},"datePublished":"2008-02-24T00:00:00+00:00","author":{"@id":"https:\/\/www.blogsoestado.com\/joaquimhaickel\/#\/schema\/person\/4a711644aff28245c6c2c3452d66d325"},"breadcrumb":{"@id":"https:\/\/www.blogsoestado.com\/joaquimhaickel\/2008\/02\/24\/o-que-e-de-cesar\/#breadcrumb"},"inLanguage":"pt-BR","potentialAction":[{"@type":"ReadAction","target":["https:\/\/www.blogsoestado.com\/joaquimhaickel\/2008\/02\/24\/o-que-e-de-cesar\/"]}]},{"@type":"BreadcrumbList","@id":"https:\/\/www.blogsoestado.com\/joaquimhaickel\/2008\/02\/24\/o-que-e-de-cesar\/#breadcrumb","itemListElement":[{"@type":"ListItem","position":1,"name":"In\u00edcio","item":"https:\/\/www.blogsoestado.com\/joaquimhaickel\/"},{"@type":"ListItem","position":2,"name":"&#8230; O que \u00e9 de C\u00e9sar."}]},{"@type":"WebSite","@id":"https:\/\/www.blogsoestado.com\/joaquimhaickel\/#website","url":"https:\/\/www.blogsoestado.com\/joaquimhaickel\/","name":"Joaquim Haickel","description":"","potentialAction":[{"@type":"SearchAction","target":{"@type":"EntryPoint","urlTemplate":"https:\/\/www.blogsoestado.com\/joaquimhaickel\/?s={search_term_string}"},"query-input":{"@type":"PropertyValueSpecification","valueRequired":true,"valueName":"search_term_string"}}],"inLanguage":"pt-BR"},{"@type":"Person","@id":"https:\/\/www.blogsoestado.com\/joaquimhaickel\/#\/schema\/person\/4a711644aff28245c6c2c3452d66d325","name":"Joaquim Haickel","image":{"@type":"ImageObject","inLanguage":"pt-BR","@id":"https:\/\/www.blogsoestado.com\/joaquimhaickel\/#\/schema\/person\/image\/","url":"https:\/\/secure.gravatar.com\/avatar\/473d89339b9f8ec089adb8d5778363eb5a2ba2319956bcf0298bfd8cca04684a?s=96&d=mm&r=g","contentUrl":"https:\/\/secure.gravatar.com\/avatar\/473d89339b9f8ec089adb8d5778363eb5a2ba2319956bcf0298bfd8cca04684a?s=96&d=mm&r=g","caption":"Joaquim Haickel"},"url":"https:\/\/www.blogsoestado.com\/joaquimhaickel\/author\/joaquimhaickel\/"}]}},"jetpack_featured_media_url":"","_links":{"self":[{"href":"https:\/\/www.blogsoestado.com\/joaquimhaickel\/wp-json\/wp\/v2\/posts\/235","targetHints":{"allow":["GET"]}}],"collection":[{"href":"https:\/\/www.blogsoestado.com\/joaquimhaickel\/wp-json\/wp\/v2\/posts"}],"about":[{"href":"https:\/\/www.blogsoestado.com\/joaquimhaickel\/wp-json\/wp\/v2\/types\/post"}],"author":[{"embeddable":true,"href":"https:\/\/www.blogsoestado.com\/joaquimhaickel\/wp-json\/wp\/v2\/users\/7"}],"replies":[{"embeddable":true,"href":"https:\/\/www.blogsoestado.com\/joaquimhaickel\/wp-json\/wp\/v2\/comments?post=235"}],"version-history":[{"count":0,"href":"https:\/\/www.blogsoestado.com\/joaquimhaickel\/wp-json\/wp\/v2\/posts\/235\/revisions"}],"wp:attachment":[{"href":"https:\/\/www.blogsoestado.com\/joaquimhaickel\/wp-json\/wp\/v2\/media?parent=235"}],"wp:term":[{"taxonomy":"category","embeddable":true,"href":"https:\/\/www.blogsoestado.com\/joaquimhaickel\/wp-json\/wp\/v2\/categories?post=235"},{"taxonomy":"post_tag","embeddable":true,"href":"https:\/\/www.blogsoestado.com\/joaquimhaickel\/wp-json\/wp\/v2\/tags?post=235"}],"curies":[{"name":"wp","href":"https:\/\/api.w.org\/{rel}","templated":true}]}}