{"id":237,"date":"2008-02-10T00:00:00","date_gmt":"2008-02-10T00:00:00","guid":{"rendered":"https:\/\/www.blogsoestado.com\/joaquimhaickel\/2008\/02\/10\/vicios-emocao-e-sentidos\/"},"modified":"2008-02-10T00:00:00","modified_gmt":"2008-02-10T00:00:00","slug":"vicios-emocao-e-sentidos","status":"publish","type":"post","link":"https:\/\/www.blogsoestado.com\/joaquimhaickel\/2008\/02\/10\/vicios-emocao-e-sentidos\/","title":{"rendered":"V\u00edcios, emo\u00e7\u00e3o e sentidos."},"content":{"rendered":"<p><b><font size=\"4\"><\/font><\/b><\/p>\n<p><font size=\"3\">Todos n\u00f3s, de uma forma ou de outra, somos uns viciados. <\/p>\n<p>Voc\u00ea que me l\u00ea agora certamente \u00e9 viciado em algo. Seja l\u00e1 o que for, h\u00e1 algo que voc\u00ea faz, consciente ou inconscientemente, que se caracteriza como um v\u00edcio. <\/p>\n<p> Meus amigos sabem que sou um viciado. Reconhecida e potencialmente um viciado. Mas sou viciado unicamente em emo\u00e7\u00e3o, e \u00e9 da arvore das emo\u00e7\u00f5es que todos os meus v\u00edcios, e eles n\u00e3o s\u00e3o poucos, se ramificam. <\/p>\n<p>Comigo acontece mais ou menos igual a todo mundo. Ocorre que n\u00e3o sou viciado em drogas, \u00e1lcool, tampouco em tabaco. Meus v\u00edcios s\u00e3o mais l\u00fadicos, mesmo que n\u00e3o sejam menos viciantes, menos nocivos. S\u00e3o v\u00edcios e como tal causam depend\u00eancia e trazem alguma esp\u00e9cie de incomodo e transtorno.<\/p>\n<p>Para todo viciado, afastar-se de seu v\u00edcio \u00e9 algo muito dif\u00edcil, e para mim n\u00e3o \u00e9 diferente. Preciso me tratar, pois os v\u00edcios, cedo ou tarde, cobram seu pre\u00e7o, e cada tipo de v\u00edcio tem um determinado pre\u00e7o a ser pago.<\/p>\n<p>N\u00e3o consigo ficar longe das emo\u00e7\u00f5es, sejam elas fortes ou fracas, minhas ou de outras pessoas. Pra mim emo\u00e7\u00e3o \u00e9 outro nome que se d\u00e1 para humanidade, \u00e9 o cord\u00e3o umbilical que nos liga com a m\u00e3e natureza. <\/p>\n<p>A capacidade que n\u00f3s temos em nos emocionar \u00e9 diretamente proporcional a nossa evolu\u00e7\u00e3o. N\u00e3o estou falando aqui de emo\u00e7\u00f5es piegas, sentimentalismos de folhetim. Falo de emo\u00e7\u00e3o como a capacidade de entender os mecanismos dos relacionamentos naturais, antropol\u00f3gicos, sociais, culturais. Nada do tipo \u0093&#8230; S\u00e3o tantas emo\u00e7\u00f5es!!!&#8230;\u0094<\/p>\n<p>Ser viciado em emo\u00e7\u00e3o pode parecer grave, e eu at\u00e9 acho que seja mesmo, desde que esse v\u00edcio n\u00e3o seja consciente e que n\u00e3o se tenha nenhum tipo de sublima\u00e7\u00e3o ou controle sobre ele, o que na maioria das vezes \u00e9 o que acontece mesmo.<\/p>\n<p>Para mim emo\u00e7\u00e3o abrange tudo, mas suas subdivis\u00f5es, suas faixas, suas raias, est\u00e3o bastante claras. <\/p>\n<p>No card\u00e1pio dos meus v\u00edcios de emo\u00e7\u00f5es poderia citar alguns com quadro cl\u00ednico bastante importante e delineado. <\/p>\n<p>Sou um viciado compulsivo nos cinco sentidos, nessa ordem: ouvir, ver, sentir o paladar, tocar(pegar, apalpar) e cheirar(aromas).<\/p>\n<p>O v\u00edcio de ouvir e de ver me levaram \u00e0s artes, principalmente ao cinema, \u00e0 literatura, \u00e0s artes pl\u00e1sticas, \u00e0 m\u00fasica&#8230; Esse v\u00edcio me fez dependente dessas coisas sem as quais eu n\u00e3o consigo mais viver.<\/p>\n<p>O v\u00edcio de sentir sabor me transformou num glut\u00e3o. Depois, por influencia dos outros sentidos, dos outros v\u00edcios de um procedimento cir\u00fargico, tornei-me um gourmet, mas continuo totalmente dependente dessa loucura que \u00e9 comer. <\/p>\n<p>O vicio de tocar, de pegar, apalpar me tornou uma pessoa mais afetuosa e carinhosa. Quanto ao olfato, ele j\u00e1 me tirou de muit\u00edssimas encrencas e me colocou em outras tantas.<\/p>\n<p>Minha compuls\u00e3o por arte me toma muito tempo, aten\u00e7\u00e3o e me faz at\u00e9 esquecer outras coisas importantes que eu tenho a fazer. \u00c9 ai que o v\u00edcio come\u00e7a a atrapalhar. <\/p>\n<p>Imagino que o cinema aja em mim da mesma forma que as drogas agem em quem as usa. O mesmo acontece, com menos intensidade, com a literatura, com as artes pl\u00e1sticas&#8230; O cinema me faz \u0093viajar\u0094 como se tivesse usando LSD.   <\/p>\n<p>Em outra esfera, n\u00e3o passo sem uma boa comida. E olha que tive que reduzir meu estomago, pois ainda n\u00e3o inventaram uma opera\u00e7\u00e3o para reduzir o c\u00e9rebro, que continua gordo. Para mim, de comil\u00e3o a degustador foi uma grande evolu\u00e7\u00e3o.<\/p>\n<p>O tato e a capacidade de sentir o cheiro das coisas fazem com que eu me sinta parte do todo, da natureza, do mundo. Abra\u00e7ar um amigo, tocar o pesco\u00e7o de uma mulher ou sentir as a textura e a temperatura de um muro que seja, sentir o cheiro do p\u00e3o saindo do forno, o perfume da mo\u00e7a na fila do cinema ou o cheiro que a chuva faz brotar do ch\u00e3o, s\u00e3o v\u00edcios dos quais n\u00e3o abro m\u00e3o.<\/p>\n<p>\u00c9 bem verdade que tenho outros v\u00edcios menos nobres que estes, mas n\u00e3o vou tratar deles aqui com voc\u00eas, n\u00e9!? Vou \u00e9 procurar um bom analista ou ver um filme que me ajude a entender melhor como funciono ou quem sabe, como n\u00e3o funciono.  <\/p>\n<p><b>PS: Tentei mandar esse texto para uns amigos psic\u00f3logos, mas n\u00e3o consegui fazer contato. Espero n\u00e3o ter falado nenhuma heresia clinica ou t\u00e9cnica, no mais \u00e9 assim que eu sinto meus v\u00edcios, minha emo\u00e7\u00e3o e para isso que servem os meus sentidos.<\/b>  <\/font><\/p>\n","protected":false},"excerpt":{"rendered":"<p>Todos n\u00f3s, de uma forma ou de outra, somos uns viciados. Voc\u00ea que me l\u00ea agora certamente \u00e9 viciado em [&hellip;]<\/p>\n","protected":false},"author":7,"featured_media":0,"comment_status":"open","ping_status":"open","sticky":false,"template":"","format":"standard","meta":{"site-sidebar-layout":"default","site-content-layout":"","ast-site-content-layout":"default","site-content-style":"default","site-sidebar-style":"default","ast-global-header-display":"","ast-banner-title-visibility":"","ast-main-header-display":"","ast-hfb-above-header-display":"","ast-hfb-below-header-display":"","ast-hfb-mobile-header-display":"","site-post-title":"","ast-breadcrumbs-content":"","ast-featured-img":"","footer-sml-layout":"","ast-disable-related-posts":"","theme-transparent-header-meta":"","adv-header-id-meta":"","stick-header-meta":"","header-above-stick-meta":"","header-main-stick-meta":"","header-below-stick-meta":"","astra-migrate-meta-layouts":"default","ast-page-background-enabled":"default","ast-page-background-meta":{"desktop":{"background-color":"var(--ast-global-color-5)","background-image":"","background-repeat":"repeat","background-position":"center center","background-size":"auto","background-attachment":"scroll","background-type":"","background-media":"","overlay-type":"","overlay-color":"","overlay-opacity":"","overlay-gradient":""},"tablet":{"background-color":"","background-image":"","background-repeat":"repeat","background-position":"center center","background-size":"auto","background-attachment":"scroll","background-type":"","background-media":"","overlay-type":"","overlay-color":"","overlay-opacity":"","overlay-gradient":""},"mobile":{"background-color":"","background-image":"","background-repeat":"repeat","background-position":"center center","background-size":"auto","background-attachment":"scroll","background-type":"","background-media":"","overlay-type":"","overlay-color":"","overlay-opacity":"","overlay-gradient":""}},"ast-content-background-meta":{"desktop":{"background-color":"var(--ast-global-color-4)","background-image":"","background-repeat":"repeat","background-position":"center center","background-size":"auto","background-attachment":"scroll","background-type":"","background-media":"","overlay-type":"","overlay-color":"","overlay-opacity":"","overlay-gradient":""},"tablet":{"background-color":"var(--ast-global-color-4)","background-image":"","background-repeat":"repeat","background-position":"center center","background-size":"auto","background-attachment":"scroll","background-type":"","background-media":"","overlay-type":"","overlay-color":"","overlay-opacity":"","overlay-gradient":""},"mobile":{"background-color":"var(--ast-global-color-4)","background-image":"","background-repeat":"repeat","background-position":"center center","background-size":"auto","background-attachment":"scroll","background-type":"","background-media":"","overlay-type":"","overlay-color":"","overlay-opacity":"","overlay-gradient":""}},"footnotes":""},"categories":[3],"tags":[],"class_list":["post-237","post","type-post","status-publish","format-standard","hentry","category-geral"],"yoast_head":"<!-- This site is optimized with the Yoast SEO plugin v26.6 - https:\/\/yoast.com\/wordpress\/plugins\/seo\/ -->\n<title>V\u00edcios, emo\u00e7\u00e3o e sentidos. - Joaquim Haickel<\/title>\n<meta name=\"robots\" content=\"index, follow, max-snippet:-1, max-image-preview:large, max-video-preview:-1\" \/>\n<link rel=\"canonical\" href=\"https:\/\/www.blogsoestado.com\/joaquimhaickel\/2008\/02\/10\/vicios-emocao-e-sentidos\/\" \/>\n<meta property=\"og:locale\" content=\"pt_BR\" \/>\n<meta property=\"og:type\" content=\"article\" \/>\n<meta property=\"og:title\" content=\"V\u00edcios, emo\u00e7\u00e3o e sentidos. - Joaquim Haickel\" \/>\n<meta property=\"og:description\" content=\"Todos n\u00f3s, de uma forma ou de outra, somos uns viciados. Voc\u00ea que me l\u00ea agora certamente \u00e9 viciado em [&hellip;]\" \/>\n<meta property=\"og:url\" content=\"https:\/\/www.blogsoestado.com\/joaquimhaickel\/2008\/02\/10\/vicios-emocao-e-sentidos\/\" \/>\n<meta property=\"og:site_name\" content=\"Joaquim Haickel\" \/>\n<meta property=\"article:published_time\" content=\"2008-02-10T00:00:00+00:00\" \/>\n<meta name=\"author\" content=\"Joaquim Haickel\" \/>\n<meta name=\"twitter:card\" content=\"summary_large_image\" \/>\n<meta name=\"twitter:label1\" content=\"Escrito por\" \/>\n\t<meta name=\"twitter:data1\" content=\"Joaquim Haickel\" \/>\n\t<meta name=\"twitter:label2\" content=\"Est. tempo de leitura\" \/>\n\t<meta name=\"twitter:data2\" content=\"4 minutos\" \/>\n<script type=\"application\/ld+json\" class=\"yoast-schema-graph\">{\"@context\":\"https:\/\/schema.org\",\"@graph\":[{\"@type\":\"WebPage\",\"@id\":\"https:\/\/www.blogsoestado.com\/joaquimhaickel\/2008\/02\/10\/vicios-emocao-e-sentidos\/\",\"url\":\"https:\/\/www.blogsoestado.com\/joaquimhaickel\/2008\/02\/10\/vicios-emocao-e-sentidos\/\",\"name\":\"V\u00edcios, emo\u00e7\u00e3o e sentidos. - Joaquim Haickel\",\"isPartOf\":{\"@id\":\"https:\/\/www.blogsoestado.com\/joaquimhaickel\/#website\"},\"datePublished\":\"2008-02-10T00:00:00+00:00\",\"author\":{\"@id\":\"https:\/\/www.blogsoestado.com\/joaquimhaickel\/#\/schema\/person\/4a711644aff28245c6c2c3452d66d325\"},\"breadcrumb\":{\"@id\":\"https:\/\/www.blogsoestado.com\/joaquimhaickel\/2008\/02\/10\/vicios-emocao-e-sentidos\/#breadcrumb\"},\"inLanguage\":\"pt-BR\",\"potentialAction\":[{\"@type\":\"ReadAction\",\"target\":[\"https:\/\/www.blogsoestado.com\/joaquimhaickel\/2008\/02\/10\/vicios-emocao-e-sentidos\/\"]}]},{\"@type\":\"BreadcrumbList\",\"@id\":\"https:\/\/www.blogsoestado.com\/joaquimhaickel\/2008\/02\/10\/vicios-emocao-e-sentidos\/#breadcrumb\",\"itemListElement\":[{\"@type\":\"ListItem\",\"position\":1,\"name\":\"In\u00edcio\",\"item\":\"https:\/\/www.blogsoestado.com\/joaquimhaickel\/\"},{\"@type\":\"ListItem\",\"position\":2,\"name\":\"V\u00edcios, emo\u00e7\u00e3o e sentidos.\"}]},{\"@type\":\"WebSite\",\"@id\":\"https:\/\/www.blogsoestado.com\/joaquimhaickel\/#website\",\"url\":\"https:\/\/www.blogsoestado.com\/joaquimhaickel\/\",\"name\":\"Joaquim Haickel\",\"description\":\"\",\"potentialAction\":[{\"@type\":\"SearchAction\",\"target\":{\"@type\":\"EntryPoint\",\"urlTemplate\":\"https:\/\/www.blogsoestado.com\/joaquimhaickel\/?s={search_term_string}\"},\"query-input\":{\"@type\":\"PropertyValueSpecification\",\"valueRequired\":true,\"valueName\":\"search_term_string\"}}],\"inLanguage\":\"pt-BR\"},{\"@type\":\"Person\",\"@id\":\"https:\/\/www.blogsoestado.com\/joaquimhaickel\/#\/schema\/person\/4a711644aff28245c6c2c3452d66d325\",\"name\":\"Joaquim Haickel\",\"image\":{\"@type\":\"ImageObject\",\"inLanguage\":\"pt-BR\",\"@id\":\"https:\/\/www.blogsoestado.com\/joaquimhaickel\/#\/schema\/person\/image\/\",\"url\":\"https:\/\/secure.gravatar.com\/avatar\/473d89339b9f8ec089adb8d5778363eb5a2ba2319956bcf0298bfd8cca04684a?s=96&d=mm&r=g\",\"contentUrl\":\"https:\/\/secure.gravatar.com\/avatar\/473d89339b9f8ec089adb8d5778363eb5a2ba2319956bcf0298bfd8cca04684a?s=96&d=mm&r=g\",\"caption\":\"Joaquim Haickel\"},\"url\":\"https:\/\/www.blogsoestado.com\/joaquimhaickel\/author\/joaquimhaickel\/\"}]}<\/script>\n<!-- \/ Yoast SEO plugin. -->","yoast_head_json":{"title":"V\u00edcios, emo\u00e7\u00e3o e sentidos. - Joaquim Haickel","robots":{"index":"index","follow":"follow","max-snippet":"max-snippet:-1","max-image-preview":"max-image-preview:large","max-video-preview":"max-video-preview:-1"},"canonical":"https:\/\/www.blogsoestado.com\/joaquimhaickel\/2008\/02\/10\/vicios-emocao-e-sentidos\/","og_locale":"pt_BR","og_type":"article","og_title":"V\u00edcios, emo\u00e7\u00e3o e sentidos. - Joaquim Haickel","og_description":"Todos n\u00f3s, de uma forma ou de outra, somos uns viciados. Voc\u00ea que me l\u00ea agora certamente \u00e9 viciado em [&hellip;]","og_url":"https:\/\/www.blogsoestado.com\/joaquimhaickel\/2008\/02\/10\/vicios-emocao-e-sentidos\/","og_site_name":"Joaquim Haickel","article_published_time":"2008-02-10T00:00:00+00:00","author":"Joaquim Haickel","twitter_card":"summary_large_image","twitter_misc":{"Escrito por":"Joaquim Haickel","Est. tempo de leitura":"4 minutos"},"schema":{"@context":"https:\/\/schema.org","@graph":[{"@type":"WebPage","@id":"https:\/\/www.blogsoestado.com\/joaquimhaickel\/2008\/02\/10\/vicios-emocao-e-sentidos\/","url":"https:\/\/www.blogsoestado.com\/joaquimhaickel\/2008\/02\/10\/vicios-emocao-e-sentidos\/","name":"V\u00edcios, emo\u00e7\u00e3o e sentidos. - Joaquim Haickel","isPartOf":{"@id":"https:\/\/www.blogsoestado.com\/joaquimhaickel\/#website"},"datePublished":"2008-02-10T00:00:00+00:00","author":{"@id":"https:\/\/www.blogsoestado.com\/joaquimhaickel\/#\/schema\/person\/4a711644aff28245c6c2c3452d66d325"},"breadcrumb":{"@id":"https:\/\/www.blogsoestado.com\/joaquimhaickel\/2008\/02\/10\/vicios-emocao-e-sentidos\/#breadcrumb"},"inLanguage":"pt-BR","potentialAction":[{"@type":"ReadAction","target":["https:\/\/www.blogsoestado.com\/joaquimhaickel\/2008\/02\/10\/vicios-emocao-e-sentidos\/"]}]},{"@type":"BreadcrumbList","@id":"https:\/\/www.blogsoestado.com\/joaquimhaickel\/2008\/02\/10\/vicios-emocao-e-sentidos\/#breadcrumb","itemListElement":[{"@type":"ListItem","position":1,"name":"In\u00edcio","item":"https:\/\/www.blogsoestado.com\/joaquimhaickel\/"},{"@type":"ListItem","position":2,"name":"V\u00edcios, emo\u00e7\u00e3o e sentidos."}]},{"@type":"WebSite","@id":"https:\/\/www.blogsoestado.com\/joaquimhaickel\/#website","url":"https:\/\/www.blogsoestado.com\/joaquimhaickel\/","name":"Joaquim Haickel","description":"","potentialAction":[{"@type":"SearchAction","target":{"@type":"EntryPoint","urlTemplate":"https:\/\/www.blogsoestado.com\/joaquimhaickel\/?s={search_term_string}"},"query-input":{"@type":"PropertyValueSpecification","valueRequired":true,"valueName":"search_term_string"}}],"inLanguage":"pt-BR"},{"@type":"Person","@id":"https:\/\/www.blogsoestado.com\/joaquimhaickel\/#\/schema\/person\/4a711644aff28245c6c2c3452d66d325","name":"Joaquim Haickel","image":{"@type":"ImageObject","inLanguage":"pt-BR","@id":"https:\/\/www.blogsoestado.com\/joaquimhaickel\/#\/schema\/person\/image\/","url":"https:\/\/secure.gravatar.com\/avatar\/473d89339b9f8ec089adb8d5778363eb5a2ba2319956bcf0298bfd8cca04684a?s=96&d=mm&r=g","contentUrl":"https:\/\/secure.gravatar.com\/avatar\/473d89339b9f8ec089adb8d5778363eb5a2ba2319956bcf0298bfd8cca04684a?s=96&d=mm&r=g","caption":"Joaquim Haickel"},"url":"https:\/\/www.blogsoestado.com\/joaquimhaickel\/author\/joaquimhaickel\/"}]}},"jetpack_featured_media_url":"","_links":{"self":[{"href":"https:\/\/www.blogsoestado.com\/joaquimhaickel\/wp-json\/wp\/v2\/posts\/237","targetHints":{"allow":["GET"]}}],"collection":[{"href":"https:\/\/www.blogsoestado.com\/joaquimhaickel\/wp-json\/wp\/v2\/posts"}],"about":[{"href":"https:\/\/www.blogsoestado.com\/joaquimhaickel\/wp-json\/wp\/v2\/types\/post"}],"author":[{"embeddable":true,"href":"https:\/\/www.blogsoestado.com\/joaquimhaickel\/wp-json\/wp\/v2\/users\/7"}],"replies":[{"embeddable":true,"href":"https:\/\/www.blogsoestado.com\/joaquimhaickel\/wp-json\/wp\/v2\/comments?post=237"}],"version-history":[{"count":0,"href":"https:\/\/www.blogsoestado.com\/joaquimhaickel\/wp-json\/wp\/v2\/posts\/237\/revisions"}],"wp:attachment":[{"href":"https:\/\/www.blogsoestado.com\/joaquimhaickel\/wp-json\/wp\/v2\/media?parent=237"}],"wp:term":[{"taxonomy":"category","embeddable":true,"href":"https:\/\/www.blogsoestado.com\/joaquimhaickel\/wp-json\/wp\/v2\/categories?post=237"},{"taxonomy":"post_tag","embeddable":true,"href":"https:\/\/www.blogsoestado.com\/joaquimhaickel\/wp-json\/wp\/v2\/tags?post=237"}],"curies":[{"name":"wp","href":"https:\/\/api.w.org\/{rel}","templated":true}]}}