{"id":240,"date":"2008-02-17T00:00:00","date_gmt":"2008-02-17T00:00:00","guid":{"rendered":"https:\/\/www.blogsoestado.com\/joaquimhaickel\/2008\/02\/17\/paz\/"},"modified":"2008-02-17T00:00:00","modified_gmt":"2008-02-17T00:00:00","slug":"paz","status":"publish","type":"post","link":"https:\/\/www.blogsoestado.com\/joaquimhaickel\/2008\/02\/17\/paz\/","title":{"rendered":"Paz!"},"content":{"rendered":"<p><b><font size=\"4\"><\/font><\/b><\/p>\n<p><font size=\"3\">No final do ano passado tomei a decis\u00e3o de me afastar por quatro meses do cen\u00e1rio pol\u00edtico, pois precisava fazer algumas coisas pessoais que me exigiriam dedica\u00e7\u00e3o exclusiva, como tentar amenizar meu recorrente problema de estomago.<\/p>\n<p>Para todo viciado, afastar-se de seu v\u00edcio \u00e9 algo dif\u00edcil, e para mim n\u00e3o \u00e9 diferente. Sou viciado em pol\u00edtica, n\u00e3o consigo ficar muito tempo longe dela. De uma forma ou de outra, apesar de licenciado da ALM, longe do plen\u00e1rio, dos trabalhos das comiss\u00f5es, vira e mexe, estava no meio da pol\u00edtica, fosse em reuni\u00f5es, bate-papos com amigos ou mesmo mergulhado em meus pensamentos.<\/p>\n<p>2008 \u00e9 ano eleitoral e muito tem que ser planejado e feito. Preciso me preparar para tr\u00eas meses de batalhas nos munic\u00edpios onde sou votado. <\/p>\n<p>Nos munic\u00edpios cujos prefeitos s\u00e3o ligados a mim, a luta ser\u00e1 a de ajud\u00e1-los a se reelegerem, ou os candidatos apoiado pelo grupo. Onde n\u00e3o contar com o prefeito, a peleja ser\u00e1 convencer a popula\u00e7\u00e3o que os nossos candidatos podem fazer mais e melhor pelo munic\u00edpio. Nos dois casos, apoiarei a candidatura de aproximadamente 1000 vereadores, uma media de 25 em cada um dos quase 40 munic\u00edpios em que trabalho. <\/p>\n<p>Precisamos urgentemente de uma reforma pol\u00edtica que acabe com essa loucura de elei\u00e7\u00f5es de 2 em 2 anos. O pa\u00eds n\u00e3o ag\u00fcenta mais isso, a economia n\u00e3o ag\u00fcenta mais isso, n\u00f3s n\u00e3o ag\u00fcentamos mais isso. \u00c9 desgastante em todos os sentidos. Al\u00e9m do que, feito dessa forma, arraiga e perpetua deforma\u00e7\u00f5es dif\u00edceis de serem saneadas. <\/p>\n<p>Bem, mas essa abordagem fica para outra oportunidade, pois hoje quero tratar especificamente de uma \u00fanica elei\u00e7\u00e3o. A elei\u00e7\u00e3o da cidade onde eu nasci, cidade que amo de forma ampla, incondicional e irrestrita, n\u00e3o importando quem seja o seu mandat\u00e1rio, \u0093Mayor\u0094, \u0093Alcaide\u0094 ou \u0093Prefeito\u0094, independentemente de quem seja seus \u0093Councilman\u0094, \u0093Representantes Del Pueblo\u0094 ou \u0093Vereadores\u0094. S\u00e3o Luis!<\/p>\n<p>Imagino que todos saibam que sou filiado ao PMDB, que fa\u00e7o parte do grupo pol\u00edtico liderado pelo ex-presidente Jos\u00e9 Sarney, que tem hoje na pessoa de sua filha, a reconhecidamente carism\u00e1tica e popular senadora Roseana Sarney, nossa maior lideran\u00e7a eleitoral, e na discreta figura do senador e atual ministro das minas e energia, Edison Lob\u00e3o, nossas maiores, para n\u00e3o dizer \u00fanicas lideran\u00e7as. <\/p>\n<p>Acredito que todos saibam das minhas posi\u00e7\u00f5es e dos meus posicionamentos de independ\u00eancia. Sou leal, sou companheiro, sou solid\u00e1rio, mas jamais ao ponto de ser subserviente, lamber botas ou balan\u00e7ar a cabe\u00e7a como vaca de pres\u00e9pio.<\/p>\n<p>Tem uma frase que devido a minha forma esquisita de dislexia nunca consegui decorar, mas seu sentido \u00e9 mais ou menos este: Ao meu rei ofere\u00e7o tudo que \u00e9 meu, at\u00e9 mesmo o sacrif\u00edcio de minha pr\u00f3pria vida. S\u00f3 n\u00e3o coloco a servi\u00e7o de meu rei a minha consci\u00eancia e a minha honra, essas pertencem unicamente a mim. <\/p>\n<p>Dito isso quero ressaltar que o nosso grupo pol\u00edtico n\u00e3o tem nenhum nome que possa concorrer verdadeiramente na disputa pelo pal\u00e1cio La Ravardiere. Que fique bem claro, \u0093concorrer\u0094, porque para exercer a administra\u00e7\u00e3o da cidade ou do estado, no nosso grupo est\u00e3o alguns dos melhores quadros. Nomes como os dos deputados Gast\u00e3o Vieira, Pedro Fernandes e at\u00e9 mesmo Raimundo Cutrim que j\u00e1 pode provar isso quando passou pela secretaria de seguran\u00e7a. E apesar de n\u00e3o serem de nosso grupo, n\u00e3o posso deixar de citar como tamb\u00e9m sendo capazes de bem dirigir nossa cidade, o ex-deputado Clodomir Paz, o deputado Flavio Dino e o ex-governador Jo\u00e3o Castelo.<\/p>\n<p>Mas uma coisa pra mim est\u00e1 muito clara e sempre o foi, tanto que j\u00e1 comentei isso com diversas pessoas antes. Se o prefeito Tadeu Pal\u00e1cio e o governador Jackson Lago apoiarem o mesmo candidato, desde que o nome deste n\u00e3o cause muitos estragos internos no PDT e em seus aliados, n\u00e3o haver\u00e1 segundo turno nas pr\u00f3ximas elei\u00e7\u00f5es(Graaannnddeeee novidade!!!). <\/p>\n<p>O melhor que nosso grupo pode fazer \u00e9 concentrar nossos esfor\u00e7os em vencer as elei\u00e7\u00f5es onde realmente temos chances. Esse neg\u00f3cio de disputar pra marcar posi\u00e7\u00e3o \u00e9 coisa de amador. Se eu n\u00e3o tenho chance de ganhar, eu n\u00e3o jogo e pronto. Vou treinar e me preparar melhor, pra quando eu realmente puder competir com reais chances de vencer.<\/p>\n<p>Em minha opini\u00e3o, o ex-deputado Clodomir Paz, se integralmente apoiado pelo PDT, sem boicotes de quem quer que seja, \u00e9 quem tem as melhores chances de vencer as elei\u00e7\u00f5es de S\u00e3o Luis em outubro, no primeiro turno. Isso se o ex- governador Jo\u00e3o Castelo, o pr\u00e9-candidato mais bem posicionado nas pesquisas permanecer, como eu acredito que o far\u00e1, na dire\u00e7\u00e3o da EMAP, empresa que dirige o Porto do Itaqui. Caso Castelo dispute a prefeitura pelo PSDB, certamente teremos segundo turno e quem decidir\u00e1 qual ser\u00e1 o pr\u00f3ximo mandat\u00e1rio de nossa capital ser\u00e1 o grupo do qual fa\u00e7o parte, que n\u00e3o tem chance de eleger seu candidato, mas tem tudo para decidir, dentre os advers\u00e1rios, quem vencer\u00e1 as elei\u00e7\u00f5es.<\/p>\n<p>Isso, essa arquitetura, essa engenharia, esse jogo, \u00e9 o que eu mais gosto na pol\u00edtica. Esse \u00e9 mais um de meus v\u00edcios, para o qual tamb\u00e9m n\u00e3o busco tratamento.  <\/font><\/p>\n","protected":false},"excerpt":{"rendered":"<p>No final do ano passado tomei a decis\u00e3o de me afastar por quatro meses do cen\u00e1rio pol\u00edtico, pois precisava fazer [&hellip;]<\/p>\n","protected":false},"author":7,"featured_media":0,"comment_status":"open","ping_status":"open","sticky":false,"template":"","format":"standard","meta":{"site-sidebar-layout":"default","site-content-layout":"","ast-site-content-layout":"default","site-content-style":"default","site-sidebar-style":"default","ast-global-header-display":"","ast-banner-title-visibility":"","ast-main-header-display":"","ast-hfb-above-header-display":"","ast-hfb-below-header-display":"","ast-hfb-mobile-header-display":"","site-post-title":"","ast-breadcrumbs-content":"","ast-featured-img":"","footer-sml-layout":"","ast-disable-related-posts":"","theme-transparent-header-meta":"","adv-header-id-meta":"","stick-header-meta":"","header-above-stick-meta":"","header-main-stick-meta":"","header-below-stick-meta":"","astra-migrate-meta-layouts":"default","ast-page-background-enabled":"default","ast-page-background-meta":{"desktop":{"background-color":"var(--ast-global-color-5)","background-image":"","background-repeat":"repeat","background-position":"center center","background-size":"auto","background-attachment":"scroll","background-type":"","background-media":"","overlay-type":"","overlay-color":"","overlay-opacity":"","overlay-gradient":""},"tablet":{"background-color":"","background-image":"","background-repeat":"repeat","background-position":"center center","background-size":"auto","background-attachment":"scroll","background-type":"","background-media":"","overlay-type":"","overlay-color":"","overlay-opacity":"","overlay-gradient":""},"mobile":{"background-color":"","background-image":"","background-repeat":"repeat","background-position":"center center","background-size":"auto","background-attachment":"scroll","background-type":"","background-media":"","overlay-type":"","overlay-color":"","overlay-opacity":"","overlay-gradient":""}},"ast-content-background-meta":{"desktop":{"background-color":"var(--ast-global-color-4)","background-image":"","background-repeat":"repeat","background-position":"center center","background-size":"auto","background-attachment":"scroll","background-type":"","background-media":"","overlay-type":"","overlay-color":"","overlay-opacity":"","overlay-gradient":""},"tablet":{"background-color":"var(--ast-global-color-4)","background-image":"","background-repeat":"repeat","background-position":"center center","background-size":"auto","background-attachment":"scroll","background-type":"","background-media":"","overlay-type":"","overlay-color":"","overlay-opacity":"","overlay-gradient":""},"mobile":{"background-color":"var(--ast-global-color-4)","background-image":"","background-repeat":"repeat","background-position":"center center","background-size":"auto","background-attachment":"scroll","background-type":"","background-media":"","overlay-type":"","overlay-color":"","overlay-opacity":"","overlay-gradient":""}},"footnotes":""},"categories":[3],"tags":[],"class_list":["post-240","post","type-post","status-publish","format-standard","hentry","category-geral"],"yoast_head":"<!-- This site is optimized with the Yoast SEO plugin v26.6 - https:\/\/yoast.com\/wordpress\/plugins\/seo\/ -->\n<title>Paz! - Joaquim Haickel<\/title>\n<meta name=\"robots\" content=\"index, follow, max-snippet:-1, max-image-preview:large, max-video-preview:-1\" \/>\n<link rel=\"canonical\" href=\"https:\/\/www.blogsoestado.com\/joaquimhaickel\/2008\/02\/17\/paz\/\" \/>\n<meta property=\"og:locale\" content=\"pt_BR\" \/>\n<meta property=\"og:type\" content=\"article\" \/>\n<meta property=\"og:title\" content=\"Paz! - Joaquim Haickel\" \/>\n<meta property=\"og:description\" content=\"No final do ano passado tomei a decis\u00e3o de me afastar por quatro meses do cen\u00e1rio pol\u00edtico, pois precisava fazer [&hellip;]\" \/>\n<meta property=\"og:url\" content=\"https:\/\/www.blogsoestado.com\/joaquimhaickel\/2008\/02\/17\/paz\/\" \/>\n<meta property=\"og:site_name\" content=\"Joaquim Haickel\" \/>\n<meta property=\"article:published_time\" content=\"2008-02-17T00:00:00+00:00\" \/>\n<meta name=\"author\" content=\"Joaquim Haickel\" \/>\n<meta name=\"twitter:card\" content=\"summary_large_image\" \/>\n<meta name=\"twitter:label1\" content=\"Escrito por\" \/>\n\t<meta name=\"twitter:data1\" content=\"Joaquim Haickel\" \/>\n\t<meta name=\"twitter:label2\" content=\"Est. tempo de leitura\" \/>\n\t<meta name=\"twitter:data2\" content=\"5 minutos\" \/>\n<script type=\"application\/ld+json\" class=\"yoast-schema-graph\">{\"@context\":\"https:\/\/schema.org\",\"@graph\":[{\"@type\":\"WebPage\",\"@id\":\"https:\/\/www.blogsoestado.com\/joaquimhaickel\/2008\/02\/17\/paz\/\",\"url\":\"https:\/\/www.blogsoestado.com\/joaquimhaickel\/2008\/02\/17\/paz\/\",\"name\":\"Paz! - Joaquim Haickel\",\"isPartOf\":{\"@id\":\"https:\/\/www.blogsoestado.com\/joaquimhaickel\/#website\"},\"datePublished\":\"2008-02-17T00:00:00+00:00\",\"author\":{\"@id\":\"https:\/\/www.blogsoestado.com\/joaquimhaickel\/#\/schema\/person\/4a711644aff28245c6c2c3452d66d325\"},\"breadcrumb\":{\"@id\":\"https:\/\/www.blogsoestado.com\/joaquimhaickel\/2008\/02\/17\/paz\/#breadcrumb\"},\"inLanguage\":\"pt-BR\",\"potentialAction\":[{\"@type\":\"ReadAction\",\"target\":[\"https:\/\/www.blogsoestado.com\/joaquimhaickel\/2008\/02\/17\/paz\/\"]}]},{\"@type\":\"BreadcrumbList\",\"@id\":\"https:\/\/www.blogsoestado.com\/joaquimhaickel\/2008\/02\/17\/paz\/#breadcrumb\",\"itemListElement\":[{\"@type\":\"ListItem\",\"position\":1,\"name\":\"In\u00edcio\",\"item\":\"https:\/\/www.blogsoestado.com\/joaquimhaickel\/\"},{\"@type\":\"ListItem\",\"position\":2,\"name\":\"Paz!\"}]},{\"@type\":\"WebSite\",\"@id\":\"https:\/\/www.blogsoestado.com\/joaquimhaickel\/#website\",\"url\":\"https:\/\/www.blogsoestado.com\/joaquimhaickel\/\",\"name\":\"Joaquim Haickel\",\"description\":\"\",\"potentialAction\":[{\"@type\":\"SearchAction\",\"target\":{\"@type\":\"EntryPoint\",\"urlTemplate\":\"https:\/\/www.blogsoestado.com\/joaquimhaickel\/?s={search_term_string}\"},\"query-input\":{\"@type\":\"PropertyValueSpecification\",\"valueRequired\":true,\"valueName\":\"search_term_string\"}}],\"inLanguage\":\"pt-BR\"},{\"@type\":\"Person\",\"@id\":\"https:\/\/www.blogsoestado.com\/joaquimhaickel\/#\/schema\/person\/4a711644aff28245c6c2c3452d66d325\",\"name\":\"Joaquim Haickel\",\"image\":{\"@type\":\"ImageObject\",\"inLanguage\":\"pt-BR\",\"@id\":\"https:\/\/www.blogsoestado.com\/joaquimhaickel\/#\/schema\/person\/image\/\",\"url\":\"https:\/\/secure.gravatar.com\/avatar\/473d89339b9f8ec089adb8d5778363eb5a2ba2319956bcf0298bfd8cca04684a?s=96&d=mm&r=g\",\"contentUrl\":\"https:\/\/secure.gravatar.com\/avatar\/473d89339b9f8ec089adb8d5778363eb5a2ba2319956bcf0298bfd8cca04684a?s=96&d=mm&r=g\",\"caption\":\"Joaquim Haickel\"},\"url\":\"https:\/\/www.blogsoestado.com\/joaquimhaickel\/author\/joaquimhaickel\/\"}]}<\/script>\n<!-- \/ Yoast SEO plugin. -->","yoast_head_json":{"title":"Paz! - Joaquim Haickel","robots":{"index":"index","follow":"follow","max-snippet":"max-snippet:-1","max-image-preview":"max-image-preview:large","max-video-preview":"max-video-preview:-1"},"canonical":"https:\/\/www.blogsoestado.com\/joaquimhaickel\/2008\/02\/17\/paz\/","og_locale":"pt_BR","og_type":"article","og_title":"Paz! - Joaquim Haickel","og_description":"No final do ano passado tomei a decis\u00e3o de me afastar por quatro meses do cen\u00e1rio pol\u00edtico, pois precisava fazer [&hellip;]","og_url":"https:\/\/www.blogsoestado.com\/joaquimhaickel\/2008\/02\/17\/paz\/","og_site_name":"Joaquim Haickel","article_published_time":"2008-02-17T00:00:00+00:00","author":"Joaquim Haickel","twitter_card":"summary_large_image","twitter_misc":{"Escrito por":"Joaquim Haickel","Est. tempo de leitura":"5 minutos"},"schema":{"@context":"https:\/\/schema.org","@graph":[{"@type":"WebPage","@id":"https:\/\/www.blogsoestado.com\/joaquimhaickel\/2008\/02\/17\/paz\/","url":"https:\/\/www.blogsoestado.com\/joaquimhaickel\/2008\/02\/17\/paz\/","name":"Paz! - Joaquim Haickel","isPartOf":{"@id":"https:\/\/www.blogsoestado.com\/joaquimhaickel\/#website"},"datePublished":"2008-02-17T00:00:00+00:00","author":{"@id":"https:\/\/www.blogsoestado.com\/joaquimhaickel\/#\/schema\/person\/4a711644aff28245c6c2c3452d66d325"},"breadcrumb":{"@id":"https:\/\/www.blogsoestado.com\/joaquimhaickel\/2008\/02\/17\/paz\/#breadcrumb"},"inLanguage":"pt-BR","potentialAction":[{"@type":"ReadAction","target":["https:\/\/www.blogsoestado.com\/joaquimhaickel\/2008\/02\/17\/paz\/"]}]},{"@type":"BreadcrumbList","@id":"https:\/\/www.blogsoestado.com\/joaquimhaickel\/2008\/02\/17\/paz\/#breadcrumb","itemListElement":[{"@type":"ListItem","position":1,"name":"In\u00edcio","item":"https:\/\/www.blogsoestado.com\/joaquimhaickel\/"},{"@type":"ListItem","position":2,"name":"Paz!"}]},{"@type":"WebSite","@id":"https:\/\/www.blogsoestado.com\/joaquimhaickel\/#website","url":"https:\/\/www.blogsoestado.com\/joaquimhaickel\/","name":"Joaquim Haickel","description":"","potentialAction":[{"@type":"SearchAction","target":{"@type":"EntryPoint","urlTemplate":"https:\/\/www.blogsoestado.com\/joaquimhaickel\/?s={search_term_string}"},"query-input":{"@type":"PropertyValueSpecification","valueRequired":true,"valueName":"search_term_string"}}],"inLanguage":"pt-BR"},{"@type":"Person","@id":"https:\/\/www.blogsoestado.com\/joaquimhaickel\/#\/schema\/person\/4a711644aff28245c6c2c3452d66d325","name":"Joaquim Haickel","image":{"@type":"ImageObject","inLanguage":"pt-BR","@id":"https:\/\/www.blogsoestado.com\/joaquimhaickel\/#\/schema\/person\/image\/","url":"https:\/\/secure.gravatar.com\/avatar\/473d89339b9f8ec089adb8d5778363eb5a2ba2319956bcf0298bfd8cca04684a?s=96&d=mm&r=g","contentUrl":"https:\/\/secure.gravatar.com\/avatar\/473d89339b9f8ec089adb8d5778363eb5a2ba2319956bcf0298bfd8cca04684a?s=96&d=mm&r=g","caption":"Joaquim Haickel"},"url":"https:\/\/www.blogsoestado.com\/joaquimhaickel\/author\/joaquimhaickel\/"}]}},"jetpack_featured_media_url":"","_links":{"self":[{"href":"https:\/\/www.blogsoestado.com\/joaquimhaickel\/wp-json\/wp\/v2\/posts\/240","targetHints":{"allow":["GET"]}}],"collection":[{"href":"https:\/\/www.blogsoestado.com\/joaquimhaickel\/wp-json\/wp\/v2\/posts"}],"about":[{"href":"https:\/\/www.blogsoestado.com\/joaquimhaickel\/wp-json\/wp\/v2\/types\/post"}],"author":[{"embeddable":true,"href":"https:\/\/www.blogsoestado.com\/joaquimhaickel\/wp-json\/wp\/v2\/users\/7"}],"replies":[{"embeddable":true,"href":"https:\/\/www.blogsoestado.com\/joaquimhaickel\/wp-json\/wp\/v2\/comments?post=240"}],"version-history":[{"count":0,"href":"https:\/\/www.blogsoestado.com\/joaquimhaickel\/wp-json\/wp\/v2\/posts\/240\/revisions"}],"wp:attachment":[{"href":"https:\/\/www.blogsoestado.com\/joaquimhaickel\/wp-json\/wp\/v2\/media?parent=240"}],"wp:term":[{"taxonomy":"category","embeddable":true,"href":"https:\/\/www.blogsoestado.com\/joaquimhaickel\/wp-json\/wp\/v2\/categories?post=240"},{"taxonomy":"post_tag","embeddable":true,"href":"https:\/\/www.blogsoestado.com\/joaquimhaickel\/wp-json\/wp\/v2\/tags?post=240"}],"curies":[{"name":"wp","href":"https:\/\/api.w.org\/{rel}","templated":true}]}}